{"id":4523,"date":"2010-07-07T14:45:47","date_gmt":"2010-07-07T12:45:47","guid":{"rendered":"http:\/\/www.altercampagne.net\/?p=4523"},"modified":"2016-04-23T14:51:28","modified_gmt":"2016-04-23T12:51:28","slug":"ile-de-france-un-tour-contre-le-dopage","status":"publish","type":"post","link":"https:\/\/www.altercampagne.net\/?p=4523","title":{"rendered":"Ile-de-France &#8211; Un Tour contre le dopage"},"content":{"rendered":"<p><strong>Parti dimanche dernier du d\u00e9partement d\u2019Ile-Saint-Denis, l\u2019AlterTour sillonnait hier les routes de l\u2019Essonne.<\/strong><\/p>\n<p>A l\u2019oppos\u00e9 de la petite reine, l\u2019AlterTour ne pr\u00f4ne en rien la performance sportive. Bien au contraire, ce projet men\u00e9 par l\u2019association coll\u00e9giale AlterCampagne ferait m\u00eame l\u2019\u00e9loge de la lenteur. De passage hier \u00e0 Forges-les-Bains (Essonne), le groupe profitait d\u2019un bel apr\u00e8s-midi ensoleill\u00e9 pour se restaurer\u00a0: \u00ab\u00a0<em>Nous allons parcourir 2.000 kilom\u00e8tres et six semaines. Soit un parcours deux fois plus court que le Tour de France, et en deux fois plus de temps. C\u2019est bien normal car aucun de nous n\u2019est dop\u00e9. D\u2019ailleurs, ce n\u2019est pas un hasard si les \u00e9tapes ont la forme d\u2019un escargot\u00a0!<\/em>\u00a0\u00bb, s\u2019amuse Dominique B\u00e9roule, initiateur de la manifestation.<\/p>\n<p><strong>Troisi\u00e8me \u00e9dition<\/strong><\/p>\n<p>Pour la troisi\u00e8me ann\u00e9e cons\u00e9cutive, l\u2019AlterTour part donc en croisade contre toutes les formes de dopage. \u00ab\u00a0<em>Le dopage n\u2019est pas seulement sportif, on le retrouve \u00e9galement dans l\u2019agriculture ou dans les syst\u00e8mes bancaires car il a pour seul et unique but d\u2019am\u00e9liorer artificiellement les performances. Le probl\u00e8me, c\u2019est qu\u2019il rend d\u00e9pendant et d\u00e9grade durablement<\/em>\u00a0\u00bb, ajoute-t-il. Ouvert \u00e0 tous, l\u2019AlterTour fonctionne sur un syst\u00e8me de relais. \u00ab\u00a0<em>Nous ne roulons pas en peloton, chacun avance \u00e0 son rythme, est libre de passer le v\u00e9lo quand il le souhaite. En moyenne, sur les 200 inscrits, 70 personnes participent \u00e0 chaque \u00e9tape. Ce qui nous int\u00e9resse, c\u2019est surtout que notre passage soit l\u2019occasion de se rencontrer et d\u2019\u00e9changer sur le sujet. Nous avons pour cela organis\u00e9 plusieurs conf\u00e9rences et spectacles lors des \u00e9tapes<\/em>\u00a0\u00bb, pr\u00e9cise ce membre de l\u2019\u00e9quipe organisatrice. L\u2019AlterTour se poursuivra jusqu\u2019au 14 ao\u00fbt et, au final, aura travers\u00e9 l\u2019Ile-de-France, la r\u00e9gion Centre, les Pays de la Loire, la Bretagne, le Poitou-Charentes et le Limousin.<\/p>\n<p style=\"text-align: right;\"><strong>Florian Garcia, France-Soir<\/strong><\/p>\n","protected":false},"excerpt":{"rendered":"<p>Parti dimanche dernier du d\u00e9partement d\u2019Ile-Saint-Denis, l\u2019AlterTour sillonnait hier les routes de l\u2019Essonne. A l\u2019oppos\u00e9 de la petite reine, l\u2019AlterTour ne pr\u00f4ne en rien la performance sportive. Bien au contraire, ce projet men\u00e9 par l\u2019association coll\u00e9giale AlterCampagne ferait m\u00eame l\u2019\u00e9loge de la lenteur. De passage hier \u00e0 Forges-les-Bains (Essonne), le &#8230; <\/p>\n<div><a href=\"https:\/\/www.altercampagne.net\/?p=4523\" class=\"more-link\">Read More<\/a><\/div>\n","protected":false},"author":214,"featured_media":0,"comment_status":"closed","ping_status":"closed","sticky":false,"template":"","format":"standard","meta":{"footnotes":""},"categories":[239],"tags":[55,1490,2095,2108,2127,2128],"class_list":["post-4523","post","type-post","status-publish","format-standard","hentry","category-revue-de-presse","tag-accueil-altertour","tag-ile-de-france","tag-2095","tag-ile-saint-denis","tag-essonne","tag-forges-les-bains","no-post-thumbnail"],"yoast_head":"<!-- This site is optimized with the Yoast SEO plugin v27.3 - https:\/\/yoast.com\/product\/yoast-seo-wordpress\/ -->\n<title>Ile-de-France - Un Tour contre le dopage - AlterTour<\/title>\n<meta name=\"robots\" content=\"index, follow, max-snippet:-1, max-image-preview:large, max-video-preview:-1\" \/>\n<link rel=\"canonical\" href=\"https:\/\/www.altercampagne.net\/?p=4523\" \/>\n<meta property=\"og:locale\" content=\"fr_FR\" \/>\n<meta property=\"og:type\" content=\"article\" \/>\n<meta property=\"og:title\" content=\"Ile-de-France - Un Tour contre le dopage - AlterTour\" \/>\n<meta property=\"og:description\" content=\"Parti dimanche dernier du d\u00e9partement d\u2019Ile-Saint-Denis, l\u2019AlterTour sillonnait hier les routes de l\u2019Essonne. A l\u2019oppos\u00e9 de la petite reine, l\u2019AlterTour ne pr\u00f4ne en rien la performance sportive. Bien au contraire, ce projet men\u00e9 par l\u2019association coll\u00e9giale AlterCampagne ferait m\u00eame l\u2019\u00e9loge de la lenteur. De passage hier \u00e0 Forges-les-Bains (Essonne), le ... Read More\" \/>\n<meta property=\"og:url\" content=\"https:\/\/www.altercampagne.net\/?p=4523\" \/>\n<meta property=\"og:site_name\" content=\"AlterTour\" \/>\n<meta property=\"article:published_time\" content=\"2010-07-07T12:45:47+00:00\" \/>\n<meta property=\"article:modified_time\" content=\"2016-04-23T12:51:28+00:00\" \/>\n<meta name=\"author\" content=\"Mathieu\" \/>\n<meta name=\"twitter:card\" content=\"summary_large_image\" \/>\n<meta name=\"twitter:label1\" content=\"\u00c9crit par\" \/>\n\t<meta name=\"twitter:data1\" content=\"Mathieu\" \/>\n\t<meta name=\"twitter:label2\" content=\"Dur\u00e9e de lecture estim\u00e9e\" \/>\n\t<meta name=\"twitter:data2\" content=\"2 minutes\" \/>\n<script type=\"application\/ld+json\" class=\"yoast-schema-graph\">{\"@context\":\"https:\\\/\\\/schema.org\",\"@graph\":[{\"@type\":\"Article\",\"@id\":\"https:\\\/\\\/www.altercampagne.net\\\/?p=4523#article\",\"isPartOf\":{\"@id\":\"https:\\\/\\\/www.altercampagne.net\\\/?p=4523\"},\"author\":{\"name\":\"Mathieu\",\"@id\":\"https:\\\/\\\/www.altercampagne.net\\\/#\\\/schema\\\/person\\\/0f261460c09e430caa0f9bcffa319109\"},\"headline\":\"Ile-de-France &#8211; Un Tour contre le dopage\",\"datePublished\":\"2010-07-07T12:45:47+00:00\",\"dateModified\":\"2016-04-23T12:51:28+00:00\",\"mainEntityOfPage\":{\"@id\":\"https:\\\/\\\/www.altercampagne.net\\\/?p=4523\"},\"wordCount\":333,\"keywords\":[\"accueil AlterTour\",\"ile-de-france\",\"2010\",\"Ile-Saint-Denis\",\"Essonne\",\"Forges-les-Bains\"],\"articleSection\":[\"Revue de presse\"],\"inLanguage\":\"fr-FR\"},{\"@type\":\"WebPage\",\"@id\":\"https:\\\/\\\/www.altercampagne.net\\\/?p=4523\",\"url\":\"https:\\\/\\\/www.altercampagne.net\\\/?p=4523\",\"name\":\"Ile-de-France - Un Tour contre le dopage - AlterTour\",\"isPartOf\":{\"@id\":\"https:\\\/\\\/www.altercampagne.net\\\/#website\"},\"datePublished\":\"2010-07-07T12:45:47+00:00\",\"dateModified\":\"2016-04-23T12:51:28+00:00\",\"author\":{\"@id\":\"https:\\\/\\\/www.altercampagne.net\\\/#\\\/schema\\\/person\\\/0f261460c09e430caa0f9bcffa319109\"},\"breadcrumb\":{\"@id\":\"https:\\\/\\\/www.altercampagne.net\\\/?p=4523#breadcrumb\"},\"inLanguage\":\"fr-FR\",\"potentialAction\":[{\"@type\":\"ReadAction\",\"target\":[\"https:\\\/\\\/www.altercampagne.net\\\/?p=4523\"]}]},{\"@type\":\"BreadcrumbList\",\"@id\":\"https:\\\/\\\/www.altercampagne.net\\\/?p=4523#breadcrumb\",\"itemListElement\":[{\"@type\":\"ListItem\",\"position\":1,\"name\":\"Accueil\",\"item\":\"https:\\\/\\\/www.altercampagne.net\\\/\"},{\"@type\":\"ListItem\",\"position\":2,\"name\":\"Ile-de-France &#8211; Un Tour contre le dopage\"}]},{\"@type\":\"WebSite\",\"@id\":\"https:\\\/\\\/www.altercampagne.net\\\/#website\",\"url\":\"https:\\\/\\\/www.altercampagne.net\\\/\",\"name\":\"AlterTour\",\"description\":\"Reliez les Alternatives \u00e0 v\u00e9lo\",\"potentialAction\":[{\"@type\":\"SearchAction\",\"target\":{\"@type\":\"EntryPoint\",\"urlTemplate\":\"https:\\\/\\\/www.altercampagne.net\\\/?s={search_term_string}\"},\"query-input\":{\"@type\":\"PropertyValueSpecification\",\"valueRequired\":true,\"valueName\":\"search_term_string\"}}],\"inLanguage\":\"fr-FR\"},{\"@type\":\"Person\",\"@id\":\"https:\\\/\\\/www.altercampagne.net\\\/#\\\/schema\\\/person\\\/0f261460c09e430caa0f9bcffa319109\",\"name\":\"Mathieu\",\"image\":{\"@type\":\"ImageObject\",\"inLanguage\":\"fr-FR\",\"@id\":\"https:\\\/\\\/secure.gravatar.com\\\/avatar\\\/aa9d3d24c83f2141e5e2709d0f63d09a99f6be6bb7a50abc4915838d9f54501a?s=96&d=mm&r=g\",\"url\":\"https:\\\/\\\/secure.gravatar.com\\\/avatar\\\/aa9d3d24c83f2141e5e2709d0f63d09a99f6be6bb7a50abc4915838d9f54501a?s=96&d=mm&r=g\",\"contentUrl\":\"https:\\\/\\\/secure.gravatar.com\\\/avatar\\\/aa9d3d24c83f2141e5e2709d0f63d09a99f6be6bb7a50abc4915838d9f54501a?s=96&d=mm&r=g\",\"caption\":\"Mathieu\"},\"url\":\"https:\\\/\\\/www.altercampagne.net\\\/?author=214\"}]}<\/script>\n<!-- \/ Yoast SEO plugin. -->","yoast_head_json":{"title":"Ile-de-France - Un Tour contre le dopage - AlterTour","robots":{"index":"index","follow":"follow","max-snippet":"max-snippet:-1","max-image-preview":"max-image-preview:large","max-video-preview":"max-video-preview:-1"},"canonical":"https:\/\/www.altercampagne.net\/?p=4523","og_locale":"fr_FR","og_type":"article","og_title":"Ile-de-France - Un Tour contre le dopage - AlterTour","og_description":"Parti dimanche dernier du d\u00e9partement d\u2019Ile-Saint-Denis, l\u2019AlterTour sillonnait hier les routes de l\u2019Essonne. A l\u2019oppos\u00e9 de la petite reine, l\u2019AlterTour ne pr\u00f4ne en rien la performance sportive. Bien au contraire, ce projet men\u00e9 par l\u2019association coll\u00e9giale AlterCampagne ferait m\u00eame l\u2019\u00e9loge de la lenteur. De passage hier \u00e0 Forges-les-Bains (Essonne), le ... Read More","og_url":"https:\/\/www.altercampagne.net\/?p=4523","og_site_name":"AlterTour","article_published_time":"2010-07-07T12:45:47+00:00","article_modified_time":"2016-04-23T12:51:28+00:00","author":"Mathieu","twitter_card":"summary_large_image","twitter_misc":{"\u00c9crit par":"Mathieu","Dur\u00e9e de lecture estim\u00e9e":"2 minutes"},"schema":{"@context":"https:\/\/schema.org","@graph":[{"@type":"Article","@id":"https:\/\/www.altercampagne.net\/?p=4523#article","isPartOf":{"@id":"https:\/\/www.altercampagne.net\/?p=4523"},"author":{"name":"Mathieu","@id":"https:\/\/www.altercampagne.net\/#\/schema\/person\/0f261460c09e430caa0f9bcffa319109"},"headline":"Ile-de-France &#8211; Un Tour contre le dopage","datePublished":"2010-07-07T12:45:47+00:00","dateModified":"2016-04-23T12:51:28+00:00","mainEntityOfPage":{"@id":"https:\/\/www.altercampagne.net\/?p=4523"},"wordCount":333,"keywords":["accueil AlterTour","ile-de-france","2010","Ile-Saint-Denis","Essonne","Forges-les-Bains"],"articleSection":["Revue de presse"],"inLanguage":"fr-FR"},{"@type":"WebPage","@id":"https:\/\/www.altercampagne.net\/?p=4523","url":"https:\/\/www.altercampagne.net\/?p=4523","name":"Ile-de-France - Un Tour contre le dopage - AlterTour","isPartOf":{"@id":"https:\/\/www.altercampagne.net\/#website"},"datePublished":"2010-07-07T12:45:47+00:00","dateModified":"2016-04-23T12:51:28+00:00","author":{"@id":"https:\/\/www.altercampagne.net\/#\/schema\/person\/0f261460c09e430caa0f9bcffa319109"},"breadcrumb":{"@id":"https:\/\/www.altercampagne.net\/?p=4523#breadcrumb"},"inLanguage":"fr-FR","potentialAction":[{"@type":"ReadAction","target":["https:\/\/www.altercampagne.net\/?p=4523"]}]},{"@type":"BreadcrumbList","@id":"https:\/\/www.altercampagne.net\/?p=4523#breadcrumb","itemListElement":[{"@type":"ListItem","position":1,"name":"Accueil","item":"https:\/\/www.altercampagne.net\/"},{"@type":"ListItem","position":2,"name":"Ile-de-France &#8211; Un Tour contre le dopage"}]},{"@type":"WebSite","@id":"https:\/\/www.altercampagne.net\/#website","url":"https:\/\/www.altercampagne.net\/","name":"AlterTour","description":"Reliez les Alternatives \u00e0 v\u00e9lo","potentialAction":[{"@type":"SearchAction","target":{"@type":"EntryPoint","urlTemplate":"https:\/\/www.altercampagne.net\/?s={search_term_string}"},"query-input":{"@type":"PropertyValueSpecification","valueRequired":true,"valueName":"search_term_string"}}],"inLanguage":"fr-FR"},{"@type":"Person","@id":"https:\/\/www.altercampagne.net\/#\/schema\/person\/0f261460c09e430caa0f9bcffa319109","name":"Mathieu","image":{"@type":"ImageObject","inLanguage":"fr-FR","@id":"https:\/\/secure.gravatar.com\/avatar\/aa9d3d24c83f2141e5e2709d0f63d09a99f6be6bb7a50abc4915838d9f54501a?s=96&d=mm&r=g","url":"https:\/\/secure.gravatar.com\/avatar\/aa9d3d24c83f2141e5e2709d0f63d09a99f6be6bb7a50abc4915838d9f54501a?s=96&d=mm&r=g","contentUrl":"https:\/\/secure.gravatar.com\/avatar\/aa9d3d24c83f2141e5e2709d0f63d09a99f6be6bb7a50abc4915838d9f54501a?s=96&d=mm&r=g","caption":"Mathieu"},"url":"https:\/\/www.altercampagne.net\/?author=214"}]}},"_links":{"self":[{"href":"https:\/\/www.altercampagne.net\/index.php?rest_route=\/wp\/v2\/posts\/4523","targetHints":{"allow":["GET"]}}],"collection":[{"href":"https:\/\/www.altercampagne.net\/index.php?rest_route=\/wp\/v2\/posts"}],"about":[{"href":"https:\/\/www.altercampagne.net\/index.php?rest_route=\/wp\/v2\/types\/post"}],"author":[{"embeddable":true,"href":"https:\/\/www.altercampagne.net\/index.php?rest_route=\/wp\/v2\/users\/214"}],"replies":[{"embeddable":true,"href":"https:\/\/www.altercampagne.net\/index.php?rest_route=%2Fwp%2Fv2%2Fcomments&post=4523"}],"version-history":[{"count":0,"href":"https:\/\/www.altercampagne.net\/index.php?rest_route=\/wp\/v2\/posts\/4523\/revisions"}],"wp:attachment":[{"href":"https:\/\/www.altercampagne.net\/index.php?rest_route=%2Fwp%2Fv2%2Fmedia&parent=4523"}],"wp:term":[{"taxonomy":"category","embeddable":true,"href":"https:\/\/www.altercampagne.net\/index.php?rest_route=%2Fwp%2Fv2%2Fcategories&post=4523"},{"taxonomy":"post_tag","embeddable":true,"href":"https:\/\/www.altercampagne.net\/index.php?rest_route=%2Fwp%2Fv2%2Ftags&post=4523"}],"curies":[{"name":"wp","href":"https:\/\/api.w.org\/{rel}","templated":true}]}}