{"id":4525,"date":"2010-07-10T14:51:40","date_gmt":"2010-07-10T12:51:40","guid":{"rendered":"http:\/\/www.altercampagne.net\/?p=4525"},"modified":"2016-04-23T14:55:34","modified_gmt":"2016-04-23T12:55:34","slug":"laltertour-a-velo-fait-escale-a-jean-carmet-mardi-13-juillet-murs-erigne","status":"publish","type":"post","link":"https:\/\/www.altercampagne.net\/?p=4525","title":{"rendered":"L&rsquo;AlterTour \u00e0 v\u00e9lo fait escale \u00e0 Jean-Carmet mardi 13 juillet &#8211; M\u00fbrs-Erign\u00e9"},"content":{"rendered":"<p>Pourquoi ? Comment ?<\/p>\n<p>Alter Tour, c&rsquo;est quoi ?<\/p>\n<p>Alter Tour est un autre Tour de France \u00e0 v\u00e9lo qui milite pour une plan\u00e8te sans dopage agricole, \u00e9conomique, sportif. Il fait \u00e9tape pr\u00e8s du centre Jean-Carmet, mardi 13 juillet. Les associations alternatives locales veulent saisir cette occasion pour parler de la r\u00e9gion qu&rsquo;il va traverser.<\/p>\n<p>Quel sera le programme ?<\/p>\n<p>D\u00e8s 17 h, face au centre culturel, sur le terrain municipal qu&rsquo;ils ont ensemenc\u00e9, les Semeurs volontaires proc\u00e9deront \u00e0 la r\u00e9colte de leurs semences ill\u00e9gales. Parmi les autres associations alternatives ou soutiens annonc\u00e9s qui interviendront \u00e0 partir de 18 h 30, citons l&rsquo;association Place aux v\u00e9los dont le but est de promouvoir l&rsquo;usage de la bicyclette comme moyen de d\u00e9placement urbain et d&rsquo;am\u00e9liorer les conditions d&rsquo;utilisation de la bicyclette en ville.<\/p>\n<p>Qui seront les autres participants ?<\/p>\n<p>L&rsquo;Embarquement, la plateforme de cr\u00e9ation artistique qui vient d&rsquo;installer ses yourtes sur la rive du Louet pour proposer des \u0153uvres paysag\u00e8res collectives et de la restauration, militera \u00e9galement.<\/p>\n<p>Le Gabb Anjou qui d\u00e9fend et veut d\u00e9velopper l&rsquo;agriculture biologique soutiendra les agrobiologistes. Son objectif est d&rsquo;accompagner l&rsquo;introduction du bio dans la restauration collective et d&rsquo;agir en faveur de l&rsquo;am\u00e9lioration de la qualit\u00e9 de l&rsquo;eau. Il souhaite aussi mieux organiser la vente des produits bio.<\/p>\n<p>Quel est le r\u00f4le de la municipalit\u00e9 dans l&rsquo;organisation de cet \u00e9v\u00e9nement ?<\/p>\n<p>La mairie de M\u00fbrs-\u00c9rign\u00e9 soutient la manifestation. Son maire Philippe Bodard, qui a autoris\u00e9 les Semeurs volontaires \u00e0 cultiver gracieusement une parcelle, veut promouvoir la biodiversit\u00e9.<\/p>\n<p>Il pr\u00e9side aussi Alternatives citoyennes et fraternelles 49. Cette association a pour objectif d&rsquo;inventer une soci\u00e9t\u00e9 nouvelle plus humaine. Jugeant le mod\u00e8le de soci\u00e9t\u00e9 actuel,<strong> \u00ab porteur d&rsquo;injustice, d&rsquo;in\u00e9galit\u00e9, de brutalit\u00e9&#8230; \u00bb<\/strong>, elle le combat et entend bien passer des id\u00e9es aux actes.<\/p>\n<p>Apr\u00e8s avoir manifest\u00e9 sur le plateau des Gli\u00e8res contre la venue du pr\u00e9sident de la R\u00e9publique, les adh\u00e9rents veulent cr\u00e9er une monnaie locale, un cin\u00e9ma d\u00e9bat et un caf\u00e9 citoyen. Les ateliers de r\u00e9flexion et de discussion pour se d\u00e9faire du syst\u00e8me capitaliste fonctionnent d\u00e9j\u00e0.<\/p>\n<p style=\"text-align: right;\"><strong>Ouest-France<\/strong><\/p>\n","protected":false},"excerpt":{"rendered":"<p>Pourquoi ? Comment ? Alter Tour, c&rsquo;est quoi ? Alter Tour est un autre Tour de France \u00e0 v\u00e9lo qui milite pour une plan\u00e8te sans dopage agricole, \u00e9conomique, sportif. Il fait \u00e9tape pr\u00e8s du centre Jean-Carmet, mardi 13 juillet. Les associations alternatives locales veulent saisir cette occasion pour parler de &#8230; <\/p>\n<div><a href=\"https:\/\/www.altercampagne.net\/?p=4525\" class=\"more-link\">Read More<\/a><\/div>\n","protected":false},"author":214,"featured_media":0,"comment_status":"closed","ping_status":"closed","sticky":false,"template":"","format":"standard","meta":{"footnotes":""},"categories":[239],"tags":[894,1301,2095,2129,2130,2131,2132,2133,2134,2135,2136],"class_list":["post-4525","post","type-post","status-publish","format-standard","hentry","category-revue-de-presse","tag-pays-de-la-loire","tag-altertour-2010","tag-2095","tag-murs-erigne","tag-jean-carmet","tag-semeurs-volontaires","tag-embarquement","tag-gabb-anjou","tag-philippe-bodard","tag-alternatives-citoyennes-et-fraternelles-49","tag-maine-et-loire","no-post-thumbnail"],"yoast_head":"<!-- This site is optimized with the Yoast SEO plugin v27.3 - https:\/\/yoast.com\/product\/yoast-seo-wordpress\/ -->\n<title>L&#039;AlterTour \u00e0 v\u00e9lo fait escale \u00e0 Jean-Carmet mardi 13 juillet - M\u00fbrs-Erign\u00e9 - AlterTour<\/title>\n<meta name=\"robots\" content=\"index, follow, max-snippet:-1, max-image-preview:large, max-video-preview:-1\" \/>\n<link rel=\"canonical\" href=\"https:\/\/www.altercampagne.net\/?p=4525\" \/>\n<meta property=\"og:locale\" content=\"fr_FR\" \/>\n<meta property=\"og:type\" content=\"article\" \/>\n<meta property=\"og:title\" content=\"L&#039;AlterTour \u00e0 v\u00e9lo fait escale \u00e0 Jean-Carmet mardi 13 juillet - M\u00fbrs-Erign\u00e9 - AlterTour\" \/>\n<meta property=\"og:description\" content=\"Pourquoi ? Comment ? Alter Tour, c&rsquo;est quoi ? Alter Tour est un autre Tour de France \u00e0 v\u00e9lo qui milite pour une plan\u00e8te sans dopage agricole, \u00e9conomique, sportif. Il fait \u00e9tape pr\u00e8s du centre Jean-Carmet, mardi 13 juillet. Les associations alternatives locales veulent saisir cette occasion pour parler de ... Read More\" \/>\n<meta property=\"og:url\" content=\"https:\/\/www.altercampagne.net\/?p=4525\" \/>\n<meta property=\"og:site_name\" content=\"AlterTour\" \/>\n<meta property=\"article:published_time\" content=\"2010-07-10T12:51:40+00:00\" \/>\n<meta property=\"article:modified_time\" content=\"2016-04-23T12:55:34+00:00\" \/>\n<meta name=\"author\" content=\"Mathieu\" \/>\n<meta name=\"twitter:card\" content=\"summary_large_image\" \/>\n<meta name=\"twitter:label1\" content=\"\u00c9crit par\" \/>\n\t<meta name=\"twitter:data1\" content=\"Mathieu\" \/>\n\t<meta name=\"twitter:label2\" content=\"Dur\u00e9e de lecture estim\u00e9e\" \/>\n\t<meta name=\"twitter:data2\" content=\"2 minutes\" \/>\n<script type=\"application\/ld+json\" class=\"yoast-schema-graph\">{\"@context\":\"https:\\\/\\\/schema.org\",\"@graph\":[{\"@type\":\"Article\",\"@id\":\"https:\\\/\\\/www.altercampagne.net\\\/?p=4525#article\",\"isPartOf\":{\"@id\":\"https:\\\/\\\/www.altercampagne.net\\\/?p=4525\"},\"author\":{\"name\":\"Mathieu\",\"@id\":\"https:\\\/\\\/www.altercampagne.net\\\/#\\\/schema\\\/person\\\/0f261460c09e430caa0f9bcffa319109\"},\"headline\":\"L&rsquo;AlterTour \u00e0 v\u00e9lo fait escale \u00e0 Jean-Carmet mardi 13 juillet &#8211; M\u00fbrs-Erign\u00e9\",\"datePublished\":\"2010-07-10T12:51:40+00:00\",\"dateModified\":\"2016-04-23T12:55:34+00:00\",\"mainEntityOfPage\":{\"@id\":\"https:\\\/\\\/www.altercampagne.net\\\/?p=4525\"},\"wordCount\":391,\"keywords\":[\"Pays de la Loire\",\"AlterTour 2010\",\"2010\",\"M\u00fbrs-Erign\u00e9\",\"Jean-Carmet\",\"Semeurs volontaires\",\"Embarquement\",\"Gabb Anjou\",\"Philippe Bodard\",\"Alternatives citoyennes et fraternelles 49\",\"Maine-et-Loire\"],\"articleSection\":[\"Revue de presse\"],\"inLanguage\":\"fr-FR\"},{\"@type\":\"WebPage\",\"@id\":\"https:\\\/\\\/www.altercampagne.net\\\/?p=4525\",\"url\":\"https:\\\/\\\/www.altercampagne.net\\\/?p=4525\",\"name\":\"L'AlterTour \u00e0 v\u00e9lo fait escale \u00e0 Jean-Carmet mardi 13 juillet - M\u00fbrs-Erign\u00e9 - AlterTour\",\"isPartOf\":{\"@id\":\"https:\\\/\\\/www.altercampagne.net\\\/#website\"},\"datePublished\":\"2010-07-10T12:51:40+00:00\",\"dateModified\":\"2016-04-23T12:55:34+00:00\",\"author\":{\"@id\":\"https:\\\/\\\/www.altercampagne.net\\\/#\\\/schema\\\/person\\\/0f261460c09e430caa0f9bcffa319109\"},\"breadcrumb\":{\"@id\":\"https:\\\/\\\/www.altercampagne.net\\\/?p=4525#breadcrumb\"},\"inLanguage\":\"fr-FR\",\"potentialAction\":[{\"@type\":\"ReadAction\",\"target\":[\"https:\\\/\\\/www.altercampagne.net\\\/?p=4525\"]}]},{\"@type\":\"BreadcrumbList\",\"@id\":\"https:\\\/\\\/www.altercampagne.net\\\/?p=4525#breadcrumb\",\"itemListElement\":[{\"@type\":\"ListItem\",\"position\":1,\"name\":\"Accueil\",\"item\":\"https:\\\/\\\/www.altercampagne.net\\\/\"},{\"@type\":\"ListItem\",\"position\":2,\"name\":\"L&rsquo;AlterTour \u00e0 v\u00e9lo fait escale \u00e0 Jean-Carmet mardi 13 juillet &#8211; M\u00fbrs-Erign\u00e9\"}]},{\"@type\":\"WebSite\",\"@id\":\"https:\\\/\\\/www.altercampagne.net\\\/#website\",\"url\":\"https:\\\/\\\/www.altercampagne.net\\\/\",\"name\":\"AlterTour\",\"description\":\"Reliez les Alternatives \u00e0 v\u00e9lo\",\"potentialAction\":[{\"@type\":\"SearchAction\",\"target\":{\"@type\":\"EntryPoint\",\"urlTemplate\":\"https:\\\/\\\/www.altercampagne.net\\\/?s={search_term_string}\"},\"query-input\":{\"@type\":\"PropertyValueSpecification\",\"valueRequired\":true,\"valueName\":\"search_term_string\"}}],\"inLanguage\":\"fr-FR\"},{\"@type\":\"Person\",\"@id\":\"https:\\\/\\\/www.altercampagne.net\\\/#\\\/schema\\\/person\\\/0f261460c09e430caa0f9bcffa319109\",\"name\":\"Mathieu\",\"image\":{\"@type\":\"ImageObject\",\"inLanguage\":\"fr-FR\",\"@id\":\"https:\\\/\\\/secure.gravatar.com\\\/avatar\\\/aa9d3d24c83f2141e5e2709d0f63d09a99f6be6bb7a50abc4915838d9f54501a?s=96&d=mm&r=g\",\"url\":\"https:\\\/\\\/secure.gravatar.com\\\/avatar\\\/aa9d3d24c83f2141e5e2709d0f63d09a99f6be6bb7a50abc4915838d9f54501a?s=96&d=mm&r=g\",\"contentUrl\":\"https:\\\/\\\/secure.gravatar.com\\\/avatar\\\/aa9d3d24c83f2141e5e2709d0f63d09a99f6be6bb7a50abc4915838d9f54501a?s=96&d=mm&r=g\",\"caption\":\"Mathieu\"},\"url\":\"https:\\\/\\\/www.altercampagne.net\\\/?author=214\"}]}<\/script>\n<!-- \/ Yoast SEO plugin. -->","yoast_head_json":{"title":"L'AlterTour \u00e0 v\u00e9lo fait escale \u00e0 Jean-Carmet mardi 13 juillet - M\u00fbrs-Erign\u00e9 - AlterTour","robots":{"index":"index","follow":"follow","max-snippet":"max-snippet:-1","max-image-preview":"max-image-preview:large","max-video-preview":"max-video-preview:-1"},"canonical":"https:\/\/www.altercampagne.net\/?p=4525","og_locale":"fr_FR","og_type":"article","og_title":"L'AlterTour \u00e0 v\u00e9lo fait escale \u00e0 Jean-Carmet mardi 13 juillet - M\u00fbrs-Erign\u00e9 - AlterTour","og_description":"Pourquoi ? Comment ? Alter Tour, c&rsquo;est quoi ? Alter Tour est un autre Tour de France \u00e0 v\u00e9lo qui milite pour une plan\u00e8te sans dopage agricole, \u00e9conomique, sportif. Il fait \u00e9tape pr\u00e8s du centre Jean-Carmet, mardi 13 juillet. Les associations alternatives locales veulent saisir cette occasion pour parler de ... Read More","og_url":"https:\/\/www.altercampagne.net\/?p=4525","og_site_name":"AlterTour","article_published_time":"2010-07-10T12:51:40+00:00","article_modified_time":"2016-04-23T12:55:34+00:00","author":"Mathieu","twitter_card":"summary_large_image","twitter_misc":{"\u00c9crit par":"Mathieu","Dur\u00e9e de lecture estim\u00e9e":"2 minutes"},"schema":{"@context":"https:\/\/schema.org","@graph":[{"@type":"Article","@id":"https:\/\/www.altercampagne.net\/?p=4525#article","isPartOf":{"@id":"https:\/\/www.altercampagne.net\/?p=4525"},"author":{"name":"Mathieu","@id":"https:\/\/www.altercampagne.net\/#\/schema\/person\/0f261460c09e430caa0f9bcffa319109"},"headline":"L&rsquo;AlterTour \u00e0 v\u00e9lo fait escale \u00e0 Jean-Carmet mardi 13 juillet &#8211; M\u00fbrs-Erign\u00e9","datePublished":"2010-07-10T12:51:40+00:00","dateModified":"2016-04-23T12:55:34+00:00","mainEntityOfPage":{"@id":"https:\/\/www.altercampagne.net\/?p=4525"},"wordCount":391,"keywords":["Pays de la Loire","AlterTour 2010","2010","M\u00fbrs-Erign\u00e9","Jean-Carmet","Semeurs volontaires","Embarquement","Gabb Anjou","Philippe Bodard","Alternatives citoyennes et fraternelles 49","Maine-et-Loire"],"articleSection":["Revue de presse"],"inLanguage":"fr-FR"},{"@type":"WebPage","@id":"https:\/\/www.altercampagne.net\/?p=4525","url":"https:\/\/www.altercampagne.net\/?p=4525","name":"L'AlterTour \u00e0 v\u00e9lo fait escale \u00e0 Jean-Carmet mardi 13 juillet - M\u00fbrs-Erign\u00e9 - AlterTour","isPartOf":{"@id":"https:\/\/www.altercampagne.net\/#website"},"datePublished":"2010-07-10T12:51:40+00:00","dateModified":"2016-04-23T12:55:34+00:00","author":{"@id":"https:\/\/www.altercampagne.net\/#\/schema\/person\/0f261460c09e430caa0f9bcffa319109"},"breadcrumb":{"@id":"https:\/\/www.altercampagne.net\/?p=4525#breadcrumb"},"inLanguage":"fr-FR","potentialAction":[{"@type":"ReadAction","target":["https:\/\/www.altercampagne.net\/?p=4525"]}]},{"@type":"BreadcrumbList","@id":"https:\/\/www.altercampagne.net\/?p=4525#breadcrumb","itemListElement":[{"@type":"ListItem","position":1,"name":"Accueil","item":"https:\/\/www.altercampagne.net\/"},{"@type":"ListItem","position":2,"name":"L&rsquo;AlterTour \u00e0 v\u00e9lo fait escale \u00e0 Jean-Carmet mardi 13 juillet &#8211; M\u00fbrs-Erign\u00e9"}]},{"@type":"WebSite","@id":"https:\/\/www.altercampagne.net\/#website","url":"https:\/\/www.altercampagne.net\/","name":"AlterTour","description":"Reliez les Alternatives \u00e0 v\u00e9lo","potentialAction":[{"@type":"SearchAction","target":{"@type":"EntryPoint","urlTemplate":"https:\/\/www.altercampagne.net\/?s={search_term_string}"},"query-input":{"@type":"PropertyValueSpecification","valueRequired":true,"valueName":"search_term_string"}}],"inLanguage":"fr-FR"},{"@type":"Person","@id":"https:\/\/www.altercampagne.net\/#\/schema\/person\/0f261460c09e430caa0f9bcffa319109","name":"Mathieu","image":{"@type":"ImageObject","inLanguage":"fr-FR","@id":"https:\/\/secure.gravatar.com\/avatar\/aa9d3d24c83f2141e5e2709d0f63d09a99f6be6bb7a50abc4915838d9f54501a?s=96&d=mm&r=g","url":"https:\/\/secure.gravatar.com\/avatar\/aa9d3d24c83f2141e5e2709d0f63d09a99f6be6bb7a50abc4915838d9f54501a?s=96&d=mm&r=g","contentUrl":"https:\/\/secure.gravatar.com\/avatar\/aa9d3d24c83f2141e5e2709d0f63d09a99f6be6bb7a50abc4915838d9f54501a?s=96&d=mm&r=g","caption":"Mathieu"},"url":"https:\/\/www.altercampagne.net\/?author=214"}]}},"_links":{"self":[{"href":"https:\/\/www.altercampagne.net\/index.php?rest_route=\/wp\/v2\/posts\/4525","targetHints":{"allow":["GET"]}}],"collection":[{"href":"https:\/\/www.altercampagne.net\/index.php?rest_route=\/wp\/v2\/posts"}],"about":[{"href":"https:\/\/www.altercampagne.net\/index.php?rest_route=\/wp\/v2\/types\/post"}],"author":[{"embeddable":true,"href":"https:\/\/www.altercampagne.net\/index.php?rest_route=\/wp\/v2\/users\/214"}],"replies":[{"embeddable":true,"href":"https:\/\/www.altercampagne.net\/index.php?rest_route=%2Fwp%2Fv2%2Fcomments&post=4525"}],"version-history":[{"count":0,"href":"https:\/\/www.altercampagne.net\/index.php?rest_route=\/wp\/v2\/posts\/4525\/revisions"}],"wp:attachment":[{"href":"https:\/\/www.altercampagne.net\/index.php?rest_route=%2Fwp%2Fv2%2Fmedia&parent=4525"}],"wp:term":[{"taxonomy":"category","embeddable":true,"href":"https:\/\/www.altercampagne.net\/index.php?rest_route=%2Fwp%2Fv2%2Fcategories&post=4525"},{"taxonomy":"post_tag","embeddable":true,"href":"https:\/\/www.altercampagne.net\/index.php?rest_route=%2Fwp%2Fv2%2Ftags&post=4525"}],"curies":[{"name":"wp","href":"https:\/\/api.w.org\/{rel}","templated":true}]}}