{"id":4529,"date":"2010-07-13T15:24:45","date_gmt":"2010-07-13T13:24:45","guid":{"rendered":"http:\/\/www.altercampagne.net\/?p=4529"},"modified":"2016-04-24T16:57:16","modified_gmt":"2016-04-24T14:57:16","slug":"une-escale-a-tours-pour-laltertour","status":"publish","type":"post","link":"https:\/\/www.altercampagne.net\/?p=4529","title":{"rendered":"Une escale \u00e0 Tours pour l&rsquo;AlterTour"},"content":{"rendered":"<p><img loading=\"lazy\" decoding=\"async\" class=\" alignright\" src=\"http:\/\/altercampagne.free.fr\/pages\/2008\/AlterTour\/pic\/Association-Arial_Tours_12-07-10.jpg\" alt=\"\" width=\"421\" height=\"336\" \/>Ajoutez au Tour de France une dimension \u00e9cologique et vous obtiendrez l&rsquo;AlterTour, cr\u00e9\u00e9 en 2008. Son slogan est simple : <em>\u00ab Pour une plan\u00e8te sans dopage \u00bb<\/em>.<\/p>\n<p>Ce tour de France cycliste solidaire am\u00e8ne \u00e0 chacune de ses \u00e9tapes des mod\u00e8les agricoles, \u00e9conomiques et sociaux respectueux de l&rsquo;homme et de l&rsquo;environnement. Pendant six semaines, 200 cyclistes amateurs vont effectuer 2.500 km de course, allant de la Bretagne au Poitou-Charentes.<\/p>\n<p>Les 12 et 13 juillet, c&rsquo;est \u00e0 Tours qu&rsquo;ils ont fait escale. Ils se sont retrouv\u00e9s rue de la Morinerie \u00e0 Saint-Pierre-des-Corps afin d&rsquo;encourager l&rsquo;association Arial \u00e0 installer un jardin mara\u00eecher biologique sur le terrain communal, le tout dans le cadre d&rsquo;une association pour le maintien de l&rsquo;agriculture paysanne (Amap). Une vingtaine de familles attendent d\u00e9j\u00e0 la r\u00e9colte. L&rsquo;association Arial veut d\u00e9montrer que l&rsquo;agriculture en zone p\u00e9riurbaine est possible.<\/p>\n<p>Deux grands principes fondamentaux se d\u00e9tachent : d\u00e9noncer et proposer. AlterTour d\u00e9nonce <em>\u00ab les formes du dopage dans les activit\u00e9s humaines \u00bb<\/em> (sport, agriculture intensive, crise \u00e9conomique). Le dopage n&rsquo;est qu&rsquo;un <em>\u00ab moyen d&rsquo;am\u00e9liorer les performances \u00e0 court terme \u00bb<\/em>. Il faut <em>\u00ab changer ce syst\u00e8me de comp\u00e9tition \u00bb<\/em>. Des alternatives sont propos\u00e9es : agriculture biologique, \u00e9conomie sociale et solidaire&#8230; AlterTour est un moyen de sensibiliser et d&rsquo;\u00e9duquer la population \u00e0 la biodiversit\u00e9. La cl\u00e9 se trouve dans l&rsquo;investissement du citoyen.<br \/>\nPlus d&rsquo;informations sur www.altertour.net<\/p>\n<p style=\"text-align: right;\"><strong>Aurore Grosclaude, La Nouvelle R\u00e9publique<br \/>\n<\/strong><\/p>\n","protected":false},"excerpt":{"rendered":"<p>Ajoutez au Tour de France une dimension \u00e9cologique et vous obtiendrez l&rsquo;AlterTour, cr\u00e9\u00e9 en 2008. Son slogan est simple : \u00ab Pour une plan\u00e8te sans dopage \u00bb. Ce tour de France cycliste solidaire am\u00e8ne \u00e0 chacune de ses \u00e9tapes des mod\u00e8les agricoles, \u00e9conomiques et sociaux respectueux de l&rsquo;homme et de &#8230; <\/p>\n<div><a href=\"https:\/\/www.altercampagne.net\/?p=4529\" class=\"more-link\">Read More<\/a><\/div>\n","protected":false},"author":214,"featured_media":0,"comment_status":"closed","ping_status":"closed","sticky":false,"template":"","format":"standard","meta":{"footnotes":""},"categories":[239],"tags":[1301,1794,2095,2141,2142,2143,2144,2145],"class_list":["post-4529","post","type-post","status-publish","format-standard","hentry","category-revue-de-presse","tag-altertour-2010","tag-centre-val-de-loire","tag-2095","tag-tours","tag-morinerie","tag-saint-pierre-des-corps","tag-association-arial","tag-loire-et-du-cher","no-post-thumbnail"],"yoast_head":"<!-- This site is optimized with the Yoast SEO plugin v27.3 - https:\/\/yoast.com\/product\/yoast-seo-wordpress\/ -->\n<title>Une escale \u00e0 Tours pour l&#039;AlterTour - AlterTour<\/title>\n<meta name=\"robots\" content=\"index, follow, max-snippet:-1, max-image-preview:large, max-video-preview:-1\" \/>\n<link rel=\"canonical\" href=\"https:\/\/www.altercampagne.net\/?p=4529\" \/>\n<meta property=\"og:locale\" content=\"fr_FR\" \/>\n<meta property=\"og:type\" content=\"article\" \/>\n<meta property=\"og:title\" content=\"Une escale \u00e0 Tours pour l&#039;AlterTour - AlterTour\" \/>\n<meta property=\"og:description\" content=\"Ajoutez au Tour de France une dimension \u00e9cologique et vous obtiendrez l&rsquo;AlterTour, cr\u00e9\u00e9 en 2008. Son slogan est simple : \u00ab Pour une plan\u00e8te sans dopage \u00bb. Ce tour de France cycliste solidaire am\u00e8ne \u00e0 chacune de ses \u00e9tapes des mod\u00e8les agricoles, \u00e9conomiques et sociaux respectueux de l&rsquo;homme et de ... Read More\" \/>\n<meta property=\"og:url\" content=\"https:\/\/www.altercampagne.net\/?p=4529\" \/>\n<meta property=\"og:site_name\" content=\"AlterTour\" \/>\n<meta property=\"article:published_time\" content=\"2010-07-13T13:24:45+00:00\" \/>\n<meta property=\"article:modified_time\" content=\"2016-04-24T14:57:16+00:00\" \/>\n<meta property=\"og:image\" content=\"http:\/\/altercampagne.free.fr\/pages\/2008\/AlterTour\/pic\/Association-Arial_Tours_12-07-10.jpg\" \/>\n<meta name=\"author\" content=\"Mathieu\" \/>\n<meta name=\"twitter:card\" content=\"summary_large_image\" \/>\n<meta name=\"twitter:label1\" content=\"\u00c9crit par\" \/>\n\t<meta name=\"twitter:data1\" content=\"Mathieu\" \/>\n\t<meta name=\"twitter:label2\" content=\"Dur\u00e9e de lecture estim\u00e9e\" \/>\n\t<meta name=\"twitter:data2\" content=\"1 minute\" \/>\n<script type=\"application\/ld+json\" class=\"yoast-schema-graph\">{\"@context\":\"https:\\\/\\\/schema.org\",\"@graph\":[{\"@type\":\"Article\",\"@id\":\"https:\\\/\\\/www.altercampagne.net\\\/?p=4529#article\",\"isPartOf\":{\"@id\":\"https:\\\/\\\/www.altercampagne.net\\\/?p=4529\"},\"author\":{\"name\":\"Mathieu\",\"@id\":\"https:\\\/\\\/www.altercampagne.net\\\/#\\\/schema\\\/person\\\/0f261460c09e430caa0f9bcffa319109\"},\"headline\":\"Une escale \u00e0 Tours pour l&rsquo;AlterTour\",\"datePublished\":\"2010-07-13T13:24:45+00:00\",\"dateModified\":\"2016-04-24T14:57:16+00:00\",\"mainEntityOfPage\":{\"@id\":\"https:\\\/\\\/www.altercampagne.net\\\/?p=4529\"},\"wordCount\":249,\"image\":{\"@id\":\"https:\\\/\\\/www.altercampagne.net\\\/?p=4529#primaryimage\"},\"thumbnailUrl\":\"http:\\\/\\\/altercampagne.free.fr\\\/pages\\\/2008\\\/AlterTour\\\/pic\\\/Association-Arial_Tours_12-07-10.jpg\",\"keywords\":[\"AlterTour 2010\",\"Centre-Val de Loire\",\"2010\",\"Tours\",\"Morinerie\",\"Saint-Pierre-des-Corps\",\"association Arial\",\"Loire et du Cher\"],\"articleSection\":[\"Revue de presse\"],\"inLanguage\":\"fr-FR\"},{\"@type\":\"WebPage\",\"@id\":\"https:\\\/\\\/www.altercampagne.net\\\/?p=4529\",\"url\":\"https:\\\/\\\/www.altercampagne.net\\\/?p=4529\",\"name\":\"Une escale \u00e0 Tours pour l'AlterTour - AlterTour\",\"isPartOf\":{\"@id\":\"https:\\\/\\\/www.altercampagne.net\\\/#website\"},\"primaryImageOfPage\":{\"@id\":\"https:\\\/\\\/www.altercampagne.net\\\/?p=4529#primaryimage\"},\"image\":{\"@id\":\"https:\\\/\\\/www.altercampagne.net\\\/?p=4529#primaryimage\"},\"thumbnailUrl\":\"http:\\\/\\\/altercampagne.free.fr\\\/pages\\\/2008\\\/AlterTour\\\/pic\\\/Association-Arial_Tours_12-07-10.jpg\",\"datePublished\":\"2010-07-13T13:24:45+00:00\",\"dateModified\":\"2016-04-24T14:57:16+00:00\",\"author\":{\"@id\":\"https:\\\/\\\/www.altercampagne.net\\\/#\\\/schema\\\/person\\\/0f261460c09e430caa0f9bcffa319109\"},\"breadcrumb\":{\"@id\":\"https:\\\/\\\/www.altercampagne.net\\\/?p=4529#breadcrumb\"},\"inLanguage\":\"fr-FR\",\"potentialAction\":[{\"@type\":\"ReadAction\",\"target\":[\"https:\\\/\\\/www.altercampagne.net\\\/?p=4529\"]}]},{\"@type\":\"ImageObject\",\"inLanguage\":\"fr-FR\",\"@id\":\"https:\\\/\\\/www.altercampagne.net\\\/?p=4529#primaryimage\",\"url\":\"http:\\\/\\\/altercampagne.free.fr\\\/pages\\\/2008\\\/AlterTour\\\/pic\\\/Association-Arial_Tours_12-07-10.jpg\",\"contentUrl\":\"http:\\\/\\\/altercampagne.free.fr\\\/pages\\\/2008\\\/AlterTour\\\/pic\\\/Association-Arial_Tours_12-07-10.jpg\"},{\"@type\":\"BreadcrumbList\",\"@id\":\"https:\\\/\\\/www.altercampagne.net\\\/?p=4529#breadcrumb\",\"itemListElement\":[{\"@type\":\"ListItem\",\"position\":1,\"name\":\"Accueil\",\"item\":\"https:\\\/\\\/www.altercampagne.net\\\/\"},{\"@type\":\"ListItem\",\"position\":2,\"name\":\"Une escale \u00e0 Tours pour l&rsquo;AlterTour\"}]},{\"@type\":\"WebSite\",\"@id\":\"https:\\\/\\\/www.altercampagne.net\\\/#website\",\"url\":\"https:\\\/\\\/www.altercampagne.net\\\/\",\"name\":\"AlterTour\",\"description\":\"Reliez les Alternatives \u00e0 v\u00e9lo\",\"potentialAction\":[{\"@type\":\"SearchAction\",\"target\":{\"@type\":\"EntryPoint\",\"urlTemplate\":\"https:\\\/\\\/www.altercampagne.net\\\/?s={search_term_string}\"},\"query-input\":{\"@type\":\"PropertyValueSpecification\",\"valueRequired\":true,\"valueName\":\"search_term_string\"}}],\"inLanguage\":\"fr-FR\"},{\"@type\":\"Person\",\"@id\":\"https:\\\/\\\/www.altercampagne.net\\\/#\\\/schema\\\/person\\\/0f261460c09e430caa0f9bcffa319109\",\"name\":\"Mathieu\",\"image\":{\"@type\":\"ImageObject\",\"inLanguage\":\"fr-FR\",\"@id\":\"https:\\\/\\\/secure.gravatar.com\\\/avatar\\\/aa9d3d24c83f2141e5e2709d0f63d09a99f6be6bb7a50abc4915838d9f54501a?s=96&d=mm&r=g\",\"url\":\"https:\\\/\\\/secure.gravatar.com\\\/avatar\\\/aa9d3d24c83f2141e5e2709d0f63d09a99f6be6bb7a50abc4915838d9f54501a?s=96&d=mm&r=g\",\"contentUrl\":\"https:\\\/\\\/secure.gravatar.com\\\/avatar\\\/aa9d3d24c83f2141e5e2709d0f63d09a99f6be6bb7a50abc4915838d9f54501a?s=96&d=mm&r=g\",\"caption\":\"Mathieu\"},\"url\":\"https:\\\/\\\/www.altercampagne.net\\\/?author=214\"}]}<\/script>\n<!-- \/ Yoast SEO plugin. -->","yoast_head_json":{"title":"Une escale \u00e0 Tours pour l'AlterTour - AlterTour","robots":{"index":"index","follow":"follow","max-snippet":"max-snippet:-1","max-image-preview":"max-image-preview:large","max-video-preview":"max-video-preview:-1"},"canonical":"https:\/\/www.altercampagne.net\/?p=4529","og_locale":"fr_FR","og_type":"article","og_title":"Une escale \u00e0 Tours pour l'AlterTour - AlterTour","og_description":"Ajoutez au Tour de France une dimension \u00e9cologique et vous obtiendrez l&rsquo;AlterTour, cr\u00e9\u00e9 en 2008. Son slogan est simple : \u00ab Pour une plan\u00e8te sans dopage \u00bb. Ce tour de France cycliste solidaire am\u00e8ne \u00e0 chacune de ses \u00e9tapes des mod\u00e8les agricoles, \u00e9conomiques et sociaux respectueux de l&rsquo;homme et de ... Read More","og_url":"https:\/\/www.altercampagne.net\/?p=4529","og_site_name":"AlterTour","article_published_time":"2010-07-13T13:24:45+00:00","article_modified_time":"2016-04-24T14:57:16+00:00","og_image":[{"url":"http:\/\/altercampagne.free.fr\/pages\/2008\/AlterTour\/pic\/Association-Arial_Tours_12-07-10.jpg","type":"","width":"","height":""}],"author":"Mathieu","twitter_card":"summary_large_image","twitter_misc":{"\u00c9crit par":"Mathieu","Dur\u00e9e de lecture estim\u00e9e":"1 minute"},"schema":{"@context":"https:\/\/schema.org","@graph":[{"@type":"Article","@id":"https:\/\/www.altercampagne.net\/?p=4529#article","isPartOf":{"@id":"https:\/\/www.altercampagne.net\/?p=4529"},"author":{"name":"Mathieu","@id":"https:\/\/www.altercampagne.net\/#\/schema\/person\/0f261460c09e430caa0f9bcffa319109"},"headline":"Une escale \u00e0 Tours pour l&rsquo;AlterTour","datePublished":"2010-07-13T13:24:45+00:00","dateModified":"2016-04-24T14:57:16+00:00","mainEntityOfPage":{"@id":"https:\/\/www.altercampagne.net\/?p=4529"},"wordCount":249,"image":{"@id":"https:\/\/www.altercampagne.net\/?p=4529#primaryimage"},"thumbnailUrl":"http:\/\/altercampagne.free.fr\/pages\/2008\/AlterTour\/pic\/Association-Arial_Tours_12-07-10.jpg","keywords":["AlterTour 2010","Centre-Val de Loire","2010","Tours","Morinerie","Saint-Pierre-des-Corps","association Arial","Loire et du Cher"],"articleSection":["Revue de presse"],"inLanguage":"fr-FR"},{"@type":"WebPage","@id":"https:\/\/www.altercampagne.net\/?p=4529","url":"https:\/\/www.altercampagne.net\/?p=4529","name":"Une escale \u00e0 Tours pour l'AlterTour - AlterTour","isPartOf":{"@id":"https:\/\/www.altercampagne.net\/#website"},"primaryImageOfPage":{"@id":"https:\/\/www.altercampagne.net\/?p=4529#primaryimage"},"image":{"@id":"https:\/\/www.altercampagne.net\/?p=4529#primaryimage"},"thumbnailUrl":"http:\/\/altercampagne.free.fr\/pages\/2008\/AlterTour\/pic\/Association-Arial_Tours_12-07-10.jpg","datePublished":"2010-07-13T13:24:45+00:00","dateModified":"2016-04-24T14:57:16+00:00","author":{"@id":"https:\/\/www.altercampagne.net\/#\/schema\/person\/0f261460c09e430caa0f9bcffa319109"},"breadcrumb":{"@id":"https:\/\/www.altercampagne.net\/?p=4529#breadcrumb"},"inLanguage":"fr-FR","potentialAction":[{"@type":"ReadAction","target":["https:\/\/www.altercampagne.net\/?p=4529"]}]},{"@type":"ImageObject","inLanguage":"fr-FR","@id":"https:\/\/www.altercampagne.net\/?p=4529#primaryimage","url":"http:\/\/altercampagne.free.fr\/pages\/2008\/AlterTour\/pic\/Association-Arial_Tours_12-07-10.jpg","contentUrl":"http:\/\/altercampagne.free.fr\/pages\/2008\/AlterTour\/pic\/Association-Arial_Tours_12-07-10.jpg"},{"@type":"BreadcrumbList","@id":"https:\/\/www.altercampagne.net\/?p=4529#breadcrumb","itemListElement":[{"@type":"ListItem","position":1,"name":"Accueil","item":"https:\/\/www.altercampagne.net\/"},{"@type":"ListItem","position":2,"name":"Une escale \u00e0 Tours pour l&rsquo;AlterTour"}]},{"@type":"WebSite","@id":"https:\/\/www.altercampagne.net\/#website","url":"https:\/\/www.altercampagne.net\/","name":"AlterTour","description":"Reliez les Alternatives \u00e0 v\u00e9lo","potentialAction":[{"@type":"SearchAction","target":{"@type":"EntryPoint","urlTemplate":"https:\/\/www.altercampagne.net\/?s={search_term_string}"},"query-input":{"@type":"PropertyValueSpecification","valueRequired":true,"valueName":"search_term_string"}}],"inLanguage":"fr-FR"},{"@type":"Person","@id":"https:\/\/www.altercampagne.net\/#\/schema\/person\/0f261460c09e430caa0f9bcffa319109","name":"Mathieu","image":{"@type":"ImageObject","inLanguage":"fr-FR","@id":"https:\/\/secure.gravatar.com\/avatar\/aa9d3d24c83f2141e5e2709d0f63d09a99f6be6bb7a50abc4915838d9f54501a?s=96&d=mm&r=g","url":"https:\/\/secure.gravatar.com\/avatar\/aa9d3d24c83f2141e5e2709d0f63d09a99f6be6bb7a50abc4915838d9f54501a?s=96&d=mm&r=g","contentUrl":"https:\/\/secure.gravatar.com\/avatar\/aa9d3d24c83f2141e5e2709d0f63d09a99f6be6bb7a50abc4915838d9f54501a?s=96&d=mm&r=g","caption":"Mathieu"},"url":"https:\/\/www.altercampagne.net\/?author=214"}]}},"_links":{"self":[{"href":"https:\/\/www.altercampagne.net\/index.php?rest_route=\/wp\/v2\/posts\/4529","targetHints":{"allow":["GET"]}}],"collection":[{"href":"https:\/\/www.altercampagne.net\/index.php?rest_route=\/wp\/v2\/posts"}],"about":[{"href":"https:\/\/www.altercampagne.net\/index.php?rest_route=\/wp\/v2\/types\/post"}],"author":[{"embeddable":true,"href":"https:\/\/www.altercampagne.net\/index.php?rest_route=\/wp\/v2\/users\/214"}],"replies":[{"embeddable":true,"href":"https:\/\/www.altercampagne.net\/index.php?rest_route=%2Fwp%2Fv2%2Fcomments&post=4529"}],"version-history":[{"count":0,"href":"https:\/\/www.altercampagne.net\/index.php?rest_route=\/wp\/v2\/posts\/4529\/revisions"}],"wp:attachment":[{"href":"https:\/\/www.altercampagne.net\/index.php?rest_route=%2Fwp%2Fv2%2Fmedia&parent=4529"}],"wp:term":[{"taxonomy":"category","embeddable":true,"href":"https:\/\/www.altercampagne.net\/index.php?rest_route=%2Fwp%2Fv2%2Fcategories&post=4529"},{"taxonomy":"post_tag","embeddable":true,"href":"https:\/\/www.altercampagne.net\/index.php?rest_route=%2Fwp%2Fv2%2Ftags&post=4529"}],"curies":[{"name":"wp","href":"https:\/\/api.w.org\/{rel}","templated":true}]}}