{"id":4531,"date":"2010-07-14T15:30:04","date_gmt":"2010-07-14T13:30:04","guid":{"rendered":"http:\/\/www.altercampagne.net\/?p=4531"},"modified":"2016-04-24T16:56:16","modified_gmt":"2016-04-24T14:56:16","slug":"un-autre-tour-de-france-cycliste","status":"publish","type":"post","link":"https:\/\/www.altercampagne.net\/?p=4531","title":{"rendered":"Un \u00ab autre Tour de France \u00bb cycliste"},"content":{"rendered":"<p><strong>\u00c9tonnant peloton que celui qui vient de s\u2019arr\u00eater \u00e0 M\u00fbrs-Erign\u00e9, non loin d&rsquo;Angers, le temps d\u2019une \u00e9tape au bord de l\u2019eau. Un peu moins m\u00e9diatique &#8211; et m\u00eame beaucoup &#8211; que le vrai Tour de France des for\u00e7ats de la route, l\u2019Alter Tour effectue un p\u00e9riple cycliste national en sillonnant les routes secondaires de l\u2019hexagone. <\/strong><\/p>\n<p><img loading=\"lazy\" decoding=\"async\" class=\" alignright\" src=\"http:\/\/altercampagne.free.fr\/pages\/2008\/AlterTour\/pic\/Alterbus_Murs-Erigne_%20angersmaginfo.jpg\" alt=\"\" width=\"520\" height=\"350\" \/>Deux fois moins de kilom\u00e8tres (2000 contre 4000) mais deux fois plus de temps pour le parcourir (6 semaines) : les cyclistes de <a href=\"http:\/\/www.altertour.net\/\">l\u2019Alter Tour <\/a>n\u2019ont pas la pr\u00e9tention de rivaliser avec les coureurs du gratin professionnel international. D\u2019ailleurs, ils revendiquent d\u00e9lib\u00e9r\u00e9ment un \u00e9loge de la lenteur : <em>\u00ab Pourquoi sommes-nous si m\u00e9diocres ? Parce que le dopage n\u2019existe pas chez nous <\/em>\u00bb, affirmaient-ils au terme de l\u2019\u00e9tape \u00e9rim\u00fbroise.<\/p>\n<p>Mais diantre, pourquoi \u00e9voquait-on ce f\u00e2cheux terme dans ce singulier peloton qui n\u2019a pas pour but d\u2019alimenter la pol\u00e9mique extra-sportive et pr\u00e9f\u00e8re la laisser aux autres. De fait, l\u2019Alter Tour se pr\u00e9sente comme un \u00ab autre tour de France \u00bb dont la seule raison est de militer pour une plan\u00e8te sans dopage \u00e9conomique et agricole, respectueuse des hommes et de la nature. Pour porter le message, le collectif a donc imagin\u00e9 une \u00e9preuve cycliste en forme d\u2019escargot pour bien symboliser sa diff\u00e9rence avec la Grande Boucle.<\/p>\n<p>Partie de Paris le 3 juillet, l\u2019\u00e9preuve s\u2019ach\u00e8vera \u00e0 Jarnages (Creuse) en passant par Orl\u00e9ans, Tours, Saint-Malo, Jersey, Crozon, Lorient, Limoges, via un parcours qui ignore les grands axes en lui pr\u00e9f\u00e9rant les itin\u00e9raires du terroir. Ainsi, la caravane se rend \u00e0 la d\u00e9couverte des acteurs locaux, des associations alternatives, du grand public, tout en participant \u00e0 des conf\u00e9rences, des actions, des expos mais \u00e9galement \u00e0 des visites touristiques, des soir\u00e9es festives.<\/p>\n<p>Pour autant, le groupe n\u2019engendre pas la m\u00e9lancolie et se veut ouvert. Les participants viennent indiff\u00e9remment de Besan\u00e7on, Lyon, Blois, Tours, Paris, Marseille, Avranches, d\u2019un peu partout en France. Ils ont choisi de rejoindre le convoi pour une journ\u00e9e, plusieurs jours, quelques semaines, dans sa totalit\u00e9, toujours \u00e0 leur seul gr\u00e9. Militants engag\u00e9s pour beaucoup, d\u2019autres avouaient qu\u2019ils avaient seulement envie de participer \u00e0 une belle aventure faite de rencontres ou d\u2019envies touristiques dans une ambiance particuli\u00e8rement conviviale.<\/p>\n<p><img loading=\"lazy\" decoding=\"async\" class=\" alignleft\" src=\"http:\/\/altercampagne.free.fr\/pages\/2008\/AlterTour\/pic\/Soiree-fete_Murs-Erigne_angersmaginfo.jpg\" alt=\"\" width=\"520\" height=\"350\" \/>Il y avait ces p\u00e9daleurs solitaires qui ont int\u00e9gr\u00e9 le groupe pour vivre une exp\u00e9rience, il y avait cette m\u00e8re et sa fille de Marseille qui avaient choisi de se rapprocher dans l\u2019\u00e9preuve, il y avait ces groupes d\u2019amis, ces couples, ces jeunes, ces anciens. Il y avait m\u00eame Jennifer, cette \u00e9cologiste de San Francisco qui prolonge son s\u00e9jour en France. Journaliste, professeur \u00e0 l\u2019universit\u00e9, la belle Am\u00e9ricaine revenait pour la seconde fois \u00e0 l\u2019Alter Tour apr\u00e8s une premi\u00e8re participation en 2009.<\/p>\n<p>\u00c9videmment, on roule \u00e0 la \u00ab carte \u00bb sur un parcours compos\u00e9 de 45 \u00e9tapes, en se relayant, mais parfois de bout en bout pour les plus sportifs, et on prend du r\u00e9pit \u00e0 bord d\u2019un bus accompagnateur en attendant son relai. Le soir, on rejoint un h\u00e9bergement dans un camping, un gymnase, \u00e0 la ferme et on participe \u00e0 des soir\u00e9es festives. A M\u00fbrs-Erign\u00e9, apr\u00e8s avoir soutenu les Semeurs volontaires dans leur r\u00e9colte, les randonneurs \u00e9taient invit\u00e9s \u00e0 l\u2019inauguration de l\u2019Embarquement, sur les rives du Louet, en pr\u00e9sence du maire, d\u2019\u00e9lus et de repr\u00e9sentants d\u2019associations locales (Place au v\u00e9lo, Alternatives citoyennes, Collectif semeurs volontaires, Gabbanjou).<\/p>\n<p style=\"text-align: right;\"><strong>Michel Barini, Angers Mag Info<\/strong><\/p>\n","protected":false},"excerpt":{"rendered":"<p>\u00c9tonnant peloton que celui qui vient de s\u2019arr\u00eater \u00e0 M\u00fbrs-Erign\u00e9, non loin d&rsquo;Angers, le temps d\u2019une \u00e9tape au bord de l\u2019eau. Un peu moins m\u00e9diatique &#8211; et m\u00eame beaucoup &#8211; que le vrai Tour de France des for\u00e7ats de la route, l\u2019Alter Tour effectue un p\u00e9riple cycliste national en sillonnant &#8230; <\/p>\n<div><a href=\"https:\/\/www.altercampagne.net\/?p=4531\" class=\"more-link\">Read More<\/a><\/div>\n","protected":false},"author":214,"featured_media":0,"comment_status":"closed","ping_status":"closed","sticky":false,"template":"","format":"standard","meta":{"footnotes":""},"categories":[239],"tags":[894,1301,2095,2129,2131,2132,2136,2146,2147,2148,2149,2150],"class_list":["post-4531","post","type-post","status-publish","format-standard","hentry","category-revue-de-presse","tag-pays-de-la-loire","tag-altertour-2010","tag-2095","tag-murs-erigne","tag-semeurs-volontaires","tag-embarquement","tag-maine-et-loire","tag-angers","tag-place-au-velo","tag-alternatives-citoyennes","tag-collectif-semeurs-volontaires","tag-gabbanjou","no-post-thumbnail"],"yoast_head":"<!-- This site is optimized with the Yoast SEO plugin v27.3 - https:\/\/yoast.com\/product\/yoast-seo-wordpress\/ -->\n<title>Un \u00ab autre Tour de France \u00bb cycliste - AlterTour<\/title>\n<meta name=\"robots\" content=\"index, follow, max-snippet:-1, max-image-preview:large, max-video-preview:-1\" \/>\n<link rel=\"canonical\" href=\"https:\/\/www.altercampagne.net\/?p=4531\" \/>\n<meta property=\"og:locale\" content=\"fr_FR\" \/>\n<meta property=\"og:type\" content=\"article\" \/>\n<meta property=\"og:title\" content=\"Un \u00ab autre Tour de France \u00bb cycliste - AlterTour\" \/>\n<meta property=\"og:description\" content=\"\u00c9tonnant peloton que celui qui vient de s\u2019arr\u00eater \u00e0 M\u00fbrs-Erign\u00e9, non loin d&rsquo;Angers, le temps d\u2019une \u00e9tape au bord de l\u2019eau. Un peu moins m\u00e9diatique &#8211; et m\u00eame beaucoup &#8211; que le vrai Tour de France des for\u00e7ats de la route, l\u2019Alter Tour effectue un p\u00e9riple cycliste national en sillonnant ... Read More\" \/>\n<meta property=\"og:url\" content=\"https:\/\/www.altercampagne.net\/?p=4531\" \/>\n<meta property=\"og:site_name\" content=\"AlterTour\" \/>\n<meta property=\"article:published_time\" content=\"2010-07-14T13:30:04+00:00\" \/>\n<meta property=\"article:modified_time\" content=\"2016-04-24T14:56:16+00:00\" \/>\n<meta property=\"og:image\" content=\"http:\/\/altercampagne.free.fr\/pages\/2008\/AlterTour\/pic\/Alterbus_Murs-Erigne_%20angersmaginfo.jpg\" \/>\n<meta name=\"author\" content=\"Mathieu\" \/>\n<meta name=\"twitter:card\" content=\"summary_large_image\" \/>\n<meta name=\"twitter:label1\" content=\"\u00c9crit par\" \/>\n\t<meta name=\"twitter:data1\" content=\"Mathieu\" \/>\n\t<meta name=\"twitter:label2\" content=\"Dur\u00e9e de lecture estim\u00e9e\" \/>\n\t<meta name=\"twitter:data2\" content=\"3 minutes\" \/>\n<script type=\"application\/ld+json\" class=\"yoast-schema-graph\">{\"@context\":\"https:\\\/\\\/schema.org\",\"@graph\":[{\"@type\":\"Article\",\"@id\":\"https:\\\/\\\/www.altercampagne.net\\\/?p=4531#article\",\"isPartOf\":{\"@id\":\"https:\\\/\\\/www.altercampagne.net\\\/?p=4531\"},\"author\":{\"name\":\"Mathieu\",\"@id\":\"https:\\\/\\\/www.altercampagne.net\\\/#\\\/schema\\\/person\\\/0f261460c09e430caa0f9bcffa319109\"},\"headline\":\"Un \u00ab autre Tour de France \u00bb cycliste\",\"datePublished\":\"2010-07-14T13:30:04+00:00\",\"dateModified\":\"2016-04-24T14:56:16+00:00\",\"mainEntityOfPage\":{\"@id\":\"https:\\\/\\\/www.altercampagne.net\\\/?p=4531\"},\"wordCount\":614,\"image\":{\"@id\":\"https:\\\/\\\/www.altercampagne.net\\\/?p=4531#primaryimage\"},\"thumbnailUrl\":\"http:\\\/\\\/altercampagne.free.fr\\\/pages\\\/2008\\\/AlterTour\\\/pic\\\/Alterbus_Murs-Erigne_%20angersmaginfo.jpg\",\"keywords\":[\"Pays de la Loire\",\"AlterTour 2010\",\"2010\",\"M\u00fbrs-Erign\u00e9\",\"Semeurs volontaires\",\"Embarquement\",\"Maine-et-Loire\",\"Angers\",\"Place au v\u00e9lo\",\"Alternatives citoyennes\",\"Collectif semeurs volontaires\",\"Gabbanjou\"],\"articleSection\":[\"Revue de presse\"],\"inLanguage\":\"fr-FR\"},{\"@type\":\"WebPage\",\"@id\":\"https:\\\/\\\/www.altercampagne.net\\\/?p=4531\",\"url\":\"https:\\\/\\\/www.altercampagne.net\\\/?p=4531\",\"name\":\"Un \u00ab autre Tour de France \u00bb cycliste - AlterTour\",\"isPartOf\":{\"@id\":\"https:\\\/\\\/www.altercampagne.net\\\/#website\"},\"primaryImageOfPage\":{\"@id\":\"https:\\\/\\\/www.altercampagne.net\\\/?p=4531#primaryimage\"},\"image\":{\"@id\":\"https:\\\/\\\/www.altercampagne.net\\\/?p=4531#primaryimage\"},\"thumbnailUrl\":\"http:\\\/\\\/altercampagne.free.fr\\\/pages\\\/2008\\\/AlterTour\\\/pic\\\/Alterbus_Murs-Erigne_%20angersmaginfo.jpg\",\"datePublished\":\"2010-07-14T13:30:04+00:00\",\"dateModified\":\"2016-04-24T14:56:16+00:00\",\"author\":{\"@id\":\"https:\\\/\\\/www.altercampagne.net\\\/#\\\/schema\\\/person\\\/0f261460c09e430caa0f9bcffa319109\"},\"breadcrumb\":{\"@id\":\"https:\\\/\\\/www.altercampagne.net\\\/?p=4531#breadcrumb\"},\"inLanguage\":\"fr-FR\",\"potentialAction\":[{\"@type\":\"ReadAction\",\"target\":[\"https:\\\/\\\/www.altercampagne.net\\\/?p=4531\"]}]},{\"@type\":\"ImageObject\",\"inLanguage\":\"fr-FR\",\"@id\":\"https:\\\/\\\/www.altercampagne.net\\\/?p=4531#primaryimage\",\"url\":\"http:\\\/\\\/altercampagne.free.fr\\\/pages\\\/2008\\\/AlterTour\\\/pic\\\/Alterbus_Murs-Erigne_%20angersmaginfo.jpg\",\"contentUrl\":\"http:\\\/\\\/altercampagne.free.fr\\\/pages\\\/2008\\\/AlterTour\\\/pic\\\/Alterbus_Murs-Erigne_%20angersmaginfo.jpg\"},{\"@type\":\"BreadcrumbList\",\"@id\":\"https:\\\/\\\/www.altercampagne.net\\\/?p=4531#breadcrumb\",\"itemListElement\":[{\"@type\":\"ListItem\",\"position\":1,\"name\":\"Accueil\",\"item\":\"https:\\\/\\\/www.altercampagne.net\\\/\"},{\"@type\":\"ListItem\",\"position\":2,\"name\":\"Un \u00ab autre Tour de France \u00bb cycliste\"}]},{\"@type\":\"WebSite\",\"@id\":\"https:\\\/\\\/www.altercampagne.net\\\/#website\",\"url\":\"https:\\\/\\\/www.altercampagne.net\\\/\",\"name\":\"AlterTour\",\"description\":\"Reliez les Alternatives \u00e0 v\u00e9lo\",\"potentialAction\":[{\"@type\":\"SearchAction\",\"target\":{\"@type\":\"EntryPoint\",\"urlTemplate\":\"https:\\\/\\\/www.altercampagne.net\\\/?s={search_term_string}\"},\"query-input\":{\"@type\":\"PropertyValueSpecification\",\"valueRequired\":true,\"valueName\":\"search_term_string\"}}],\"inLanguage\":\"fr-FR\"},{\"@type\":\"Person\",\"@id\":\"https:\\\/\\\/www.altercampagne.net\\\/#\\\/schema\\\/person\\\/0f261460c09e430caa0f9bcffa319109\",\"name\":\"Mathieu\",\"image\":{\"@type\":\"ImageObject\",\"inLanguage\":\"fr-FR\",\"@id\":\"https:\\\/\\\/secure.gravatar.com\\\/avatar\\\/aa9d3d24c83f2141e5e2709d0f63d09a99f6be6bb7a50abc4915838d9f54501a?s=96&d=mm&r=g\",\"url\":\"https:\\\/\\\/secure.gravatar.com\\\/avatar\\\/aa9d3d24c83f2141e5e2709d0f63d09a99f6be6bb7a50abc4915838d9f54501a?s=96&d=mm&r=g\",\"contentUrl\":\"https:\\\/\\\/secure.gravatar.com\\\/avatar\\\/aa9d3d24c83f2141e5e2709d0f63d09a99f6be6bb7a50abc4915838d9f54501a?s=96&d=mm&r=g\",\"caption\":\"Mathieu\"},\"url\":\"https:\\\/\\\/www.altercampagne.net\\\/?author=214\"}]}<\/script>\n<!-- \/ Yoast SEO plugin. -->","yoast_head_json":{"title":"Un \u00ab autre Tour de France \u00bb cycliste - AlterTour","robots":{"index":"index","follow":"follow","max-snippet":"max-snippet:-1","max-image-preview":"max-image-preview:large","max-video-preview":"max-video-preview:-1"},"canonical":"https:\/\/www.altercampagne.net\/?p=4531","og_locale":"fr_FR","og_type":"article","og_title":"Un \u00ab autre Tour de France \u00bb cycliste - AlterTour","og_description":"\u00c9tonnant peloton que celui qui vient de s\u2019arr\u00eater \u00e0 M\u00fbrs-Erign\u00e9, non loin d&rsquo;Angers, le temps d\u2019une \u00e9tape au bord de l\u2019eau. Un peu moins m\u00e9diatique &#8211; et m\u00eame beaucoup &#8211; que le vrai Tour de France des for\u00e7ats de la route, l\u2019Alter Tour effectue un p\u00e9riple cycliste national en sillonnant ... Read More","og_url":"https:\/\/www.altercampagne.net\/?p=4531","og_site_name":"AlterTour","article_published_time":"2010-07-14T13:30:04+00:00","article_modified_time":"2016-04-24T14:56:16+00:00","og_image":[{"url":"http:\/\/altercampagne.free.fr\/pages\/2008\/AlterTour\/pic\/Alterbus_Murs-Erigne_%20angersmaginfo.jpg","type":"","width":"","height":""}],"author":"Mathieu","twitter_card":"summary_large_image","twitter_misc":{"\u00c9crit par":"Mathieu","Dur\u00e9e de lecture estim\u00e9e":"3 minutes"},"schema":{"@context":"https:\/\/schema.org","@graph":[{"@type":"Article","@id":"https:\/\/www.altercampagne.net\/?p=4531#article","isPartOf":{"@id":"https:\/\/www.altercampagne.net\/?p=4531"},"author":{"name":"Mathieu","@id":"https:\/\/www.altercampagne.net\/#\/schema\/person\/0f261460c09e430caa0f9bcffa319109"},"headline":"Un \u00ab autre Tour de France \u00bb cycliste","datePublished":"2010-07-14T13:30:04+00:00","dateModified":"2016-04-24T14:56:16+00:00","mainEntityOfPage":{"@id":"https:\/\/www.altercampagne.net\/?p=4531"},"wordCount":614,"image":{"@id":"https:\/\/www.altercampagne.net\/?p=4531#primaryimage"},"thumbnailUrl":"http:\/\/altercampagne.free.fr\/pages\/2008\/AlterTour\/pic\/Alterbus_Murs-Erigne_%20angersmaginfo.jpg","keywords":["Pays de la Loire","AlterTour 2010","2010","M\u00fbrs-Erign\u00e9","Semeurs volontaires","Embarquement","Maine-et-Loire","Angers","Place au v\u00e9lo","Alternatives citoyennes","Collectif semeurs volontaires","Gabbanjou"],"articleSection":["Revue de presse"],"inLanguage":"fr-FR"},{"@type":"WebPage","@id":"https:\/\/www.altercampagne.net\/?p=4531","url":"https:\/\/www.altercampagne.net\/?p=4531","name":"Un \u00ab autre Tour de France \u00bb cycliste - AlterTour","isPartOf":{"@id":"https:\/\/www.altercampagne.net\/#website"},"primaryImageOfPage":{"@id":"https:\/\/www.altercampagne.net\/?p=4531#primaryimage"},"image":{"@id":"https:\/\/www.altercampagne.net\/?p=4531#primaryimage"},"thumbnailUrl":"http:\/\/altercampagne.free.fr\/pages\/2008\/AlterTour\/pic\/Alterbus_Murs-Erigne_%20angersmaginfo.jpg","datePublished":"2010-07-14T13:30:04+00:00","dateModified":"2016-04-24T14:56:16+00:00","author":{"@id":"https:\/\/www.altercampagne.net\/#\/schema\/person\/0f261460c09e430caa0f9bcffa319109"},"breadcrumb":{"@id":"https:\/\/www.altercampagne.net\/?p=4531#breadcrumb"},"inLanguage":"fr-FR","potentialAction":[{"@type":"ReadAction","target":["https:\/\/www.altercampagne.net\/?p=4531"]}]},{"@type":"ImageObject","inLanguage":"fr-FR","@id":"https:\/\/www.altercampagne.net\/?p=4531#primaryimage","url":"http:\/\/altercampagne.free.fr\/pages\/2008\/AlterTour\/pic\/Alterbus_Murs-Erigne_%20angersmaginfo.jpg","contentUrl":"http:\/\/altercampagne.free.fr\/pages\/2008\/AlterTour\/pic\/Alterbus_Murs-Erigne_%20angersmaginfo.jpg"},{"@type":"BreadcrumbList","@id":"https:\/\/www.altercampagne.net\/?p=4531#breadcrumb","itemListElement":[{"@type":"ListItem","position":1,"name":"Accueil","item":"https:\/\/www.altercampagne.net\/"},{"@type":"ListItem","position":2,"name":"Un \u00ab autre Tour de France \u00bb cycliste"}]},{"@type":"WebSite","@id":"https:\/\/www.altercampagne.net\/#website","url":"https:\/\/www.altercampagne.net\/","name":"AlterTour","description":"Reliez les Alternatives \u00e0 v\u00e9lo","potentialAction":[{"@type":"SearchAction","target":{"@type":"EntryPoint","urlTemplate":"https:\/\/www.altercampagne.net\/?s={search_term_string}"},"query-input":{"@type":"PropertyValueSpecification","valueRequired":true,"valueName":"search_term_string"}}],"inLanguage":"fr-FR"},{"@type":"Person","@id":"https:\/\/www.altercampagne.net\/#\/schema\/person\/0f261460c09e430caa0f9bcffa319109","name":"Mathieu","image":{"@type":"ImageObject","inLanguage":"fr-FR","@id":"https:\/\/secure.gravatar.com\/avatar\/aa9d3d24c83f2141e5e2709d0f63d09a99f6be6bb7a50abc4915838d9f54501a?s=96&d=mm&r=g","url":"https:\/\/secure.gravatar.com\/avatar\/aa9d3d24c83f2141e5e2709d0f63d09a99f6be6bb7a50abc4915838d9f54501a?s=96&d=mm&r=g","contentUrl":"https:\/\/secure.gravatar.com\/avatar\/aa9d3d24c83f2141e5e2709d0f63d09a99f6be6bb7a50abc4915838d9f54501a?s=96&d=mm&r=g","caption":"Mathieu"},"url":"https:\/\/www.altercampagne.net\/?author=214"}]}},"_links":{"self":[{"href":"https:\/\/www.altercampagne.net\/index.php?rest_route=\/wp\/v2\/posts\/4531","targetHints":{"allow":["GET"]}}],"collection":[{"href":"https:\/\/www.altercampagne.net\/index.php?rest_route=\/wp\/v2\/posts"}],"about":[{"href":"https:\/\/www.altercampagne.net\/index.php?rest_route=\/wp\/v2\/types\/post"}],"author":[{"embeddable":true,"href":"https:\/\/www.altercampagne.net\/index.php?rest_route=\/wp\/v2\/users\/214"}],"replies":[{"embeddable":true,"href":"https:\/\/www.altercampagne.net\/index.php?rest_route=%2Fwp%2Fv2%2Fcomments&post=4531"}],"version-history":[{"count":0,"href":"https:\/\/www.altercampagne.net\/index.php?rest_route=\/wp\/v2\/posts\/4531\/revisions"}],"wp:attachment":[{"href":"https:\/\/www.altercampagne.net\/index.php?rest_route=%2Fwp%2Fv2%2Fmedia&parent=4531"}],"wp:term":[{"taxonomy":"category","embeddable":true,"href":"https:\/\/www.altercampagne.net\/index.php?rest_route=%2Fwp%2Fv2%2Fcategories&post=4531"},{"taxonomy":"post_tag","embeddable":true,"href":"https:\/\/www.altercampagne.net\/index.php?rest_route=%2Fwp%2Fv2%2Ftags&post=4531"}],"curies":[{"name":"wp","href":"https:\/\/api.w.org\/{rel}","templated":true}]}}