{"id":4539,"date":"2010-07-16T15:42:08","date_gmt":"2010-07-16T13:42:08","guid":{"rendered":"http:\/\/www.altercampagne.net\/?p=4539"},"modified":"2016-04-24T16:53:20","modified_gmt":"2016-04-24T14:53:20","slug":"lalter-tour-a-fait-etape-dans-la-commune-murs-erigne","status":"publish","type":"post","link":"https:\/\/www.altercampagne.net\/?p=4539","title":{"rendered":"L&rsquo;Alter tour a fait \u00e9tape dans la commune &#8211; M\u00fbrs-Erign\u00e9"},"content":{"rendered":"<p><img loading=\"lazy\" decoding=\"async\" class=\" alignright\" src=\"http:\/\/altercampagne.free.fr\/pages\/2008\/AlterTour\/pic\/Murs-Erigne.jpg\" alt=\"\" width=\"470\" height=\"352\" \/>L&rsquo;Alter tour, le tour qui milite contre le dopage dans le sport, dans l&rsquo;agriculture industrielle ou dans l&rsquo;\u00e9conomie de march\u00e9 a fait \u00e9tape mardi soir pr\u00e8s du centre Jean-Carmet.<\/p>\n<p>La\u00a0 trentaine de concurrents partis de Tours le matin est arriv\u00e9e vers 18 h 30 \u00e0 M\u00fbrs-Erign\u00e9, avec pour seule caravane publicitaire, un v\u00e9hicule \u00e9quip\u00e9 d&rsquo;une remorque \u00e0 v\u00e9los et un autocar dont l&#8217;embrayage donne des signes d&rsquo;inqui\u00e9tude.<\/p>\n<p>Le groupe s&rsquo;est scind\u00e9 en deux pour effectuer le trajet : 60 kilom\u00e8tres \u00e0 v\u00e9lo, autant en car. \u00c0 l&rsquo;arriv\u00e9e, les concurrents ont rejoint les Semeurs volontaires qui terminaient les moissons. Ils militent pour une plan\u00e8te <strong>\u00ab non dop\u00e9e \u00bb<\/strong> mais, comme l&rsquo;affirme, St\u00e9phane, un enseignant du Havre dont c&rsquo;est la 3 e participation,<strong> \u00ab l&rsquo;objectif consiste \u00e9galement \u00e0 faire des rencontres avec les alternatives locales et \u00e0 les relier \u00bb<\/strong>. De plus, il adore l&rsquo;ambiance amicale qui pr\u00e9vaut : <strong>\u00ab Ici, les gens sont simples, l&rsquo;ambiance sympa. \u00bb<\/strong><\/p>\n<p>Il a d\u00e9cid\u00e9 de suivre le tour jusqu&rsquo;au 28 juillet&#8230; En effet, les participants restent le temps qu&rsquo;ils veulent. Ils peuvent faire les 2 000 km de l&rsquo;\u00e9preuve en six semaines ou bien une seule \u00e9tape, s&rsquo;ils le souhaitent. Les soir\u00e9es sont g\u00e9n\u00e9ralement agr\u00e9ment\u00e9es par des d\u00e9bats. Mardi soir, ils ont d\u00e9livr\u00e9 leur message \u00e0 l&rsquo;Embarquement avant de repartir mercredi pour Martign\u00e9-Ferchaud. Alter tour se termine le 14 ao\u00fbt pr\u00e8s de Gu\u00e9ret.<\/p>\n<p style=\"text-align: right;\"><strong>Ouest France<\/strong><\/p>\n","protected":false},"excerpt":{"rendered":"<p>L&rsquo;Alter tour, le tour qui milite contre le dopage dans le sport, dans l&rsquo;agriculture industrielle ou dans l&rsquo;\u00e9conomie de march\u00e9 a fait \u00e9tape mardi soir pr\u00e8s du centre Jean-Carmet. La\u00a0 trentaine de concurrents partis de Tours le matin est arriv\u00e9e vers 18 h 30 \u00e0 M\u00fbrs-Erign\u00e9, avec pour seule caravane &#8230; <\/p>\n<div><a href=\"https:\/\/www.altercampagne.net\/?p=4539\" class=\"more-link\">Read More<\/a><\/div>\n","protected":false},"author":214,"featured_media":0,"comment_status":"closed","ping_status":"closed","sticky":false,"template":"","format":"standard","meta":{"footnotes":""},"categories":[239],"tags":[894,1301,2095,2129,2132,2136,2159],"class_list":["post-4539","post","type-post","status-publish","format-standard","hentry","category-revue-de-presse","tag-pays-de-la-loire","tag-altertour-2010","tag-2095","tag-murs-erigne","tag-embarquement","tag-maine-et-loire","tag-centre-jean-carmet","no-post-thumbnail"],"yoast_head":"<!-- This site is optimized with the Yoast SEO plugin v27.3 - https:\/\/yoast.com\/product\/yoast-seo-wordpress\/ -->\n<title>L&#039;Alter tour a fait \u00e9tape dans la commune - M\u00fbrs-Erign\u00e9 - AlterTour<\/title>\n<meta name=\"robots\" content=\"index, follow, max-snippet:-1, max-image-preview:large, max-video-preview:-1\" \/>\n<link rel=\"canonical\" href=\"https:\/\/www.altercampagne.net\/?p=4539\" \/>\n<meta property=\"og:locale\" content=\"fr_FR\" \/>\n<meta property=\"og:type\" content=\"article\" \/>\n<meta property=\"og:title\" content=\"L&#039;Alter tour a fait \u00e9tape dans la commune - M\u00fbrs-Erign\u00e9 - AlterTour\" \/>\n<meta property=\"og:description\" content=\"L&rsquo;Alter tour, le tour qui milite contre le dopage dans le sport, dans l&rsquo;agriculture industrielle ou dans l&rsquo;\u00e9conomie de march\u00e9 a fait \u00e9tape mardi soir pr\u00e8s du centre Jean-Carmet. La\u00a0 trentaine de concurrents partis de Tours le matin est arriv\u00e9e vers 18 h 30 \u00e0 M\u00fbrs-Erign\u00e9, avec pour seule caravane ... Read More\" \/>\n<meta property=\"og:url\" content=\"https:\/\/www.altercampagne.net\/?p=4539\" \/>\n<meta property=\"og:site_name\" content=\"AlterTour\" \/>\n<meta property=\"article:published_time\" content=\"2010-07-16T13:42:08+00:00\" \/>\n<meta property=\"article:modified_time\" content=\"2016-04-24T14:53:20+00:00\" \/>\n<meta property=\"og:image\" content=\"http:\/\/altercampagne.free.fr\/pages\/2008\/AlterTour\/pic\/Murs-Erigne.jpg\" \/>\n<meta name=\"author\" content=\"Mathieu\" \/>\n<meta name=\"twitter:card\" content=\"summary_large_image\" \/>\n<meta name=\"twitter:label1\" content=\"\u00c9crit par\" \/>\n\t<meta name=\"twitter:data1\" content=\"Mathieu\" \/>\n\t<meta name=\"twitter:label2\" content=\"Dur\u00e9e de lecture estim\u00e9e\" \/>\n\t<meta name=\"twitter:data2\" content=\"1 minute\" \/>\n<script type=\"application\/ld+json\" class=\"yoast-schema-graph\">{\"@context\":\"https:\\\/\\\/schema.org\",\"@graph\":[{\"@type\":\"Article\",\"@id\":\"https:\\\/\\\/www.altercampagne.net\\\/?p=4539#article\",\"isPartOf\":{\"@id\":\"https:\\\/\\\/www.altercampagne.net\\\/?p=4539\"},\"author\":{\"name\":\"Mathieu\",\"@id\":\"https:\\\/\\\/www.altercampagne.net\\\/#\\\/schema\\\/person\\\/0f261460c09e430caa0f9bcffa319109\"},\"headline\":\"L&rsquo;Alter tour a fait \u00e9tape dans la commune &#8211; M\u00fbrs-Erign\u00e9\",\"datePublished\":\"2010-07-16T13:42:08+00:00\",\"dateModified\":\"2016-04-24T14:53:20+00:00\",\"mainEntityOfPage\":{\"@id\":\"https:\\\/\\\/www.altercampagne.net\\\/?p=4539\"},\"wordCount\":262,\"image\":{\"@id\":\"https:\\\/\\\/www.altercampagne.net\\\/?p=4539#primaryimage\"},\"thumbnailUrl\":\"http:\\\/\\\/altercampagne.free.fr\\\/pages\\\/2008\\\/AlterTour\\\/pic\\\/Murs-Erigne.jpg\",\"keywords\":[\"Pays de la Loire\",\"AlterTour 2010\",\"2010\",\"M\u00fbrs-Erign\u00e9\",\"Embarquement\",\"Maine-et-Loire\",\"centre Jean-Carmet\"],\"articleSection\":[\"Revue de presse\"],\"inLanguage\":\"fr-FR\"},{\"@type\":\"WebPage\",\"@id\":\"https:\\\/\\\/www.altercampagne.net\\\/?p=4539\",\"url\":\"https:\\\/\\\/www.altercampagne.net\\\/?p=4539\",\"name\":\"L'Alter tour a fait \u00e9tape dans la commune - M\u00fbrs-Erign\u00e9 - AlterTour\",\"isPartOf\":{\"@id\":\"https:\\\/\\\/www.altercampagne.net\\\/#website\"},\"primaryImageOfPage\":{\"@id\":\"https:\\\/\\\/www.altercampagne.net\\\/?p=4539#primaryimage\"},\"image\":{\"@id\":\"https:\\\/\\\/www.altercampagne.net\\\/?p=4539#primaryimage\"},\"thumbnailUrl\":\"http:\\\/\\\/altercampagne.free.fr\\\/pages\\\/2008\\\/AlterTour\\\/pic\\\/Murs-Erigne.jpg\",\"datePublished\":\"2010-07-16T13:42:08+00:00\",\"dateModified\":\"2016-04-24T14:53:20+00:00\",\"author\":{\"@id\":\"https:\\\/\\\/www.altercampagne.net\\\/#\\\/schema\\\/person\\\/0f261460c09e430caa0f9bcffa319109\"},\"breadcrumb\":{\"@id\":\"https:\\\/\\\/www.altercampagne.net\\\/?p=4539#breadcrumb\"},\"inLanguage\":\"fr-FR\",\"potentialAction\":[{\"@type\":\"ReadAction\",\"target\":[\"https:\\\/\\\/www.altercampagne.net\\\/?p=4539\"]}]},{\"@type\":\"ImageObject\",\"inLanguage\":\"fr-FR\",\"@id\":\"https:\\\/\\\/www.altercampagne.net\\\/?p=4539#primaryimage\",\"url\":\"http:\\\/\\\/altercampagne.free.fr\\\/pages\\\/2008\\\/AlterTour\\\/pic\\\/Murs-Erigne.jpg\",\"contentUrl\":\"http:\\\/\\\/altercampagne.free.fr\\\/pages\\\/2008\\\/AlterTour\\\/pic\\\/Murs-Erigne.jpg\"},{\"@type\":\"BreadcrumbList\",\"@id\":\"https:\\\/\\\/www.altercampagne.net\\\/?p=4539#breadcrumb\",\"itemListElement\":[{\"@type\":\"ListItem\",\"position\":1,\"name\":\"Accueil\",\"item\":\"https:\\\/\\\/www.altercampagne.net\\\/\"},{\"@type\":\"ListItem\",\"position\":2,\"name\":\"L&rsquo;Alter tour a fait \u00e9tape dans la commune &#8211; M\u00fbrs-Erign\u00e9\"}]},{\"@type\":\"WebSite\",\"@id\":\"https:\\\/\\\/www.altercampagne.net\\\/#website\",\"url\":\"https:\\\/\\\/www.altercampagne.net\\\/\",\"name\":\"AlterTour\",\"description\":\"Reliez les Alternatives \u00e0 v\u00e9lo\",\"potentialAction\":[{\"@type\":\"SearchAction\",\"target\":{\"@type\":\"EntryPoint\",\"urlTemplate\":\"https:\\\/\\\/www.altercampagne.net\\\/?s={search_term_string}\"},\"query-input\":{\"@type\":\"PropertyValueSpecification\",\"valueRequired\":true,\"valueName\":\"search_term_string\"}}],\"inLanguage\":\"fr-FR\"},{\"@type\":\"Person\",\"@id\":\"https:\\\/\\\/www.altercampagne.net\\\/#\\\/schema\\\/person\\\/0f261460c09e430caa0f9bcffa319109\",\"name\":\"Mathieu\",\"image\":{\"@type\":\"ImageObject\",\"inLanguage\":\"fr-FR\",\"@id\":\"https:\\\/\\\/secure.gravatar.com\\\/avatar\\\/aa9d3d24c83f2141e5e2709d0f63d09a99f6be6bb7a50abc4915838d9f54501a?s=96&d=mm&r=g\",\"url\":\"https:\\\/\\\/secure.gravatar.com\\\/avatar\\\/aa9d3d24c83f2141e5e2709d0f63d09a99f6be6bb7a50abc4915838d9f54501a?s=96&d=mm&r=g\",\"contentUrl\":\"https:\\\/\\\/secure.gravatar.com\\\/avatar\\\/aa9d3d24c83f2141e5e2709d0f63d09a99f6be6bb7a50abc4915838d9f54501a?s=96&d=mm&r=g\",\"caption\":\"Mathieu\"},\"url\":\"https:\\\/\\\/www.altercampagne.net\\\/?author=214\"}]}<\/script>\n<!-- \/ Yoast SEO plugin. -->","yoast_head_json":{"title":"L'Alter tour a fait \u00e9tape dans la commune - M\u00fbrs-Erign\u00e9 - AlterTour","robots":{"index":"index","follow":"follow","max-snippet":"max-snippet:-1","max-image-preview":"max-image-preview:large","max-video-preview":"max-video-preview:-1"},"canonical":"https:\/\/www.altercampagne.net\/?p=4539","og_locale":"fr_FR","og_type":"article","og_title":"L'Alter tour a fait \u00e9tape dans la commune - M\u00fbrs-Erign\u00e9 - AlterTour","og_description":"L&rsquo;Alter tour, le tour qui milite contre le dopage dans le sport, dans l&rsquo;agriculture industrielle ou dans l&rsquo;\u00e9conomie de march\u00e9 a fait \u00e9tape mardi soir pr\u00e8s du centre Jean-Carmet. La\u00a0 trentaine de concurrents partis de Tours le matin est arriv\u00e9e vers 18 h 30 \u00e0 M\u00fbrs-Erign\u00e9, avec pour seule caravane ... Read More","og_url":"https:\/\/www.altercampagne.net\/?p=4539","og_site_name":"AlterTour","article_published_time":"2010-07-16T13:42:08+00:00","article_modified_time":"2016-04-24T14:53:20+00:00","og_image":[{"url":"http:\/\/altercampagne.free.fr\/pages\/2008\/AlterTour\/pic\/Murs-Erigne.jpg","type":"","width":"","height":""}],"author":"Mathieu","twitter_card":"summary_large_image","twitter_misc":{"\u00c9crit par":"Mathieu","Dur\u00e9e de lecture estim\u00e9e":"1 minute"},"schema":{"@context":"https:\/\/schema.org","@graph":[{"@type":"Article","@id":"https:\/\/www.altercampagne.net\/?p=4539#article","isPartOf":{"@id":"https:\/\/www.altercampagne.net\/?p=4539"},"author":{"name":"Mathieu","@id":"https:\/\/www.altercampagne.net\/#\/schema\/person\/0f261460c09e430caa0f9bcffa319109"},"headline":"L&rsquo;Alter tour a fait \u00e9tape dans la commune &#8211; M\u00fbrs-Erign\u00e9","datePublished":"2010-07-16T13:42:08+00:00","dateModified":"2016-04-24T14:53:20+00:00","mainEntityOfPage":{"@id":"https:\/\/www.altercampagne.net\/?p=4539"},"wordCount":262,"image":{"@id":"https:\/\/www.altercampagne.net\/?p=4539#primaryimage"},"thumbnailUrl":"http:\/\/altercampagne.free.fr\/pages\/2008\/AlterTour\/pic\/Murs-Erigne.jpg","keywords":["Pays de la Loire","AlterTour 2010","2010","M\u00fbrs-Erign\u00e9","Embarquement","Maine-et-Loire","centre Jean-Carmet"],"articleSection":["Revue de presse"],"inLanguage":"fr-FR"},{"@type":"WebPage","@id":"https:\/\/www.altercampagne.net\/?p=4539","url":"https:\/\/www.altercampagne.net\/?p=4539","name":"L'Alter tour a fait \u00e9tape dans la commune - M\u00fbrs-Erign\u00e9 - AlterTour","isPartOf":{"@id":"https:\/\/www.altercampagne.net\/#website"},"primaryImageOfPage":{"@id":"https:\/\/www.altercampagne.net\/?p=4539#primaryimage"},"image":{"@id":"https:\/\/www.altercampagne.net\/?p=4539#primaryimage"},"thumbnailUrl":"http:\/\/altercampagne.free.fr\/pages\/2008\/AlterTour\/pic\/Murs-Erigne.jpg","datePublished":"2010-07-16T13:42:08+00:00","dateModified":"2016-04-24T14:53:20+00:00","author":{"@id":"https:\/\/www.altercampagne.net\/#\/schema\/person\/0f261460c09e430caa0f9bcffa319109"},"breadcrumb":{"@id":"https:\/\/www.altercampagne.net\/?p=4539#breadcrumb"},"inLanguage":"fr-FR","potentialAction":[{"@type":"ReadAction","target":["https:\/\/www.altercampagne.net\/?p=4539"]}]},{"@type":"ImageObject","inLanguage":"fr-FR","@id":"https:\/\/www.altercampagne.net\/?p=4539#primaryimage","url":"http:\/\/altercampagne.free.fr\/pages\/2008\/AlterTour\/pic\/Murs-Erigne.jpg","contentUrl":"http:\/\/altercampagne.free.fr\/pages\/2008\/AlterTour\/pic\/Murs-Erigne.jpg"},{"@type":"BreadcrumbList","@id":"https:\/\/www.altercampagne.net\/?p=4539#breadcrumb","itemListElement":[{"@type":"ListItem","position":1,"name":"Accueil","item":"https:\/\/www.altercampagne.net\/"},{"@type":"ListItem","position":2,"name":"L&rsquo;Alter tour a fait \u00e9tape dans la commune &#8211; M\u00fbrs-Erign\u00e9"}]},{"@type":"WebSite","@id":"https:\/\/www.altercampagne.net\/#website","url":"https:\/\/www.altercampagne.net\/","name":"AlterTour","description":"Reliez les Alternatives \u00e0 v\u00e9lo","potentialAction":[{"@type":"SearchAction","target":{"@type":"EntryPoint","urlTemplate":"https:\/\/www.altercampagne.net\/?s={search_term_string}"},"query-input":{"@type":"PropertyValueSpecification","valueRequired":true,"valueName":"search_term_string"}}],"inLanguage":"fr-FR"},{"@type":"Person","@id":"https:\/\/www.altercampagne.net\/#\/schema\/person\/0f261460c09e430caa0f9bcffa319109","name":"Mathieu","image":{"@type":"ImageObject","inLanguage":"fr-FR","@id":"https:\/\/secure.gravatar.com\/avatar\/aa9d3d24c83f2141e5e2709d0f63d09a99f6be6bb7a50abc4915838d9f54501a?s=96&d=mm&r=g","url":"https:\/\/secure.gravatar.com\/avatar\/aa9d3d24c83f2141e5e2709d0f63d09a99f6be6bb7a50abc4915838d9f54501a?s=96&d=mm&r=g","contentUrl":"https:\/\/secure.gravatar.com\/avatar\/aa9d3d24c83f2141e5e2709d0f63d09a99f6be6bb7a50abc4915838d9f54501a?s=96&d=mm&r=g","caption":"Mathieu"},"url":"https:\/\/www.altercampagne.net\/?author=214"}]}},"_links":{"self":[{"href":"https:\/\/www.altercampagne.net\/index.php?rest_route=\/wp\/v2\/posts\/4539","targetHints":{"allow":["GET"]}}],"collection":[{"href":"https:\/\/www.altercampagne.net\/index.php?rest_route=\/wp\/v2\/posts"}],"about":[{"href":"https:\/\/www.altercampagne.net\/index.php?rest_route=\/wp\/v2\/types\/post"}],"author":[{"embeddable":true,"href":"https:\/\/www.altercampagne.net\/index.php?rest_route=\/wp\/v2\/users\/214"}],"replies":[{"embeddable":true,"href":"https:\/\/www.altercampagne.net\/index.php?rest_route=%2Fwp%2Fv2%2Fcomments&post=4539"}],"version-history":[{"count":0,"href":"https:\/\/www.altercampagne.net\/index.php?rest_route=\/wp\/v2\/posts\/4539\/revisions"}],"wp:attachment":[{"href":"https:\/\/www.altercampagne.net\/index.php?rest_route=%2Fwp%2Fv2%2Fmedia&parent=4539"}],"wp:term":[{"taxonomy":"category","embeddable":true,"href":"https:\/\/www.altercampagne.net\/index.php?rest_route=%2Fwp%2Fv2%2Fcategories&post=4539"},{"taxonomy":"post_tag","embeddable":true,"href":"https:\/\/www.altercampagne.net\/index.php?rest_route=%2Fwp%2Fv2%2Ftags&post=4539"}],"curies":[{"name":"wp","href":"https:\/\/api.w.org\/{rel}","templated":true}]}}