{"id":4541,"date":"2010-07-19T15:45:00","date_gmt":"2010-07-19T13:45:00","guid":{"rendered":"http:\/\/www.altercampagne.net\/?p=4541"},"modified":"2016-04-24T16:35:01","modified_gmt":"2016-04-24T14:35:01","slug":"laltertour-un-tour-de-france-loisir-et-pedagogique-servon-sur-vilaine","status":"publish","type":"post","link":"https:\/\/www.altercampagne.net\/?p=4541","title":{"rendered":"L&rsquo;Altertour : un Tour de France loisir et p\u00e9dagogique &#8211; Servon-sur-Vilaine"},"content":{"rendered":"<p><img loading=\"lazy\" decoding=\"async\" class=\" alignright\" src=\"http:\/\/altercampagne.free.fr\/pages\/2008\/AlterTour\/pic\/Servon-sur-Vilaine.jpg\" alt=\"\" width=\"470\" height=\"277\" \/>Trois questions \u00e0 <strong>Sandra Guillemin, <\/strong>Membre du GAEC (Groupement agricole d&rsquo;exploitation en commun) \u00ab \u00e0 3 voix \u00bb de la Ferme d&rsquo;Olivet, et organisatrice de l&rsquo;\u00e9tape de l&rsquo;AlterTour \u00e0 Servon-sur-Vilaine, jeudi 15 juillet.<\/p>\n<p>Parti de Paris le 3 juillet, cet \u00e9trange Tour de France soutenu par la fondation \u00ab Un monde par tous \u00bb se terminera le 14 ao\u00fbt \u00e0 Jarnages, dans la Creuse.<\/p>\n<p><strong>Pouvez expliquer \u00e0 nos lecteurs ce qu&rsquo;est l&rsquo;Altertour ?<\/strong><\/p>\n<p>C&rsquo;est la troisi\u00e8me \u00e9dition d&rsquo;un relais cycliste familial sur 2 000 km, visant \u00e0 valoriser des initiatives citoyennes locales. Pas de dopage, pas de comp\u00e9tition. Le v\u00e9lo est accessible \u00e0 tous, \u00e0 tout \u00e2ge, facilement r\u00e9parable, transportable, pr\u00eatable&#8230; Ce sont plus de 200 cyclistes participants accompagn\u00e9s de l&rsquo;alterbus, une \u00ab caravane \u00bb conviviale, am\u00e9nag\u00e9e pour le transport des cyclistes ayant accompli leur relais. Elle comprend une voiture de t\u00eate avec une remorque pour le fl\u00e9chage et la pr\u00e9paration des repas, et un fourgon balai transportant des bagages et tirant une remorque de v\u00e9los. Les altercyclistes s&rsquo;inscrivent pour la dur\u00e9e qu&rsquo;ils souhaitent et viennent de toute la France pour des relais de taille variable. Les v\u00e9los se transmettent, chacun participe en fonction de ses capacit\u00e9s. Il s&rsquo;agit plus d&rsquo;une action de coordination collective que d&rsquo;une \u00e9preuve de vitesse individuelle.<\/p>\n<p><strong>Quels sont les objectifs de l&rsquo;AlterTour ?<\/strong><\/p>\n<p>D&rsquo;abord, valoriser une pratique sportive saine et non comp\u00e9titive, accessible \u00e0 tous. Ensuite, exp\u00e9rimenter un laboratoire social, car l&rsquo;AlterTour est une r\u00e9elle aventure humaine qui d\u00e9pend de la coop\u00e9ration de tous, de la solidarit\u00e9, de l&rsquo;entraide, du respect et de la convivialit\u00e9. Puis, valoriser des initiatives locales et citoyennes dans l&rsquo;agriculture, l&rsquo;\u00e9conomie, l&rsquo;\u00e9nergie, les transports, l&rsquo;habitat, le travail, et cela au d\u00e9tour des rencontres et des \u00e9tapes. Enfin, susciter des \u00e9v\u00e9nements p\u00e9dagogiques et conviviaux, qui cr\u00e9ent du lien social et favorise l&rsquo;\u00e9ducation populaire.<\/p>\n<p><strong>Comment s&rsquo;est pass\u00e9e l&rsquo;\u00e9tape de Servon ?<\/strong><\/p>\n<p>Ils \u00e9taient pr\u00e8s de 50, et ils seront 200 pr\u00e9vus demain au d\u00e9part de Soulevache (44) vers Chauvign\u00e9 (35). Nous avons d\u00e9jeun\u00e9 ensemble et pr\u00e9sent\u00e9 nos projets de mara\u00eecher sur le magasin, la cr\u00e9ation de l&rsquo;Association pour le maintien de l&rsquo;agriculture paysanne (cr\u00e9ation et livraison de paniers). La pression fonci\u00e8re, l&rsquo;histoire complexe de l&rsquo;exploitation et les nouveaux r\u00e8glements bio europ\u00e9ens ont aussi \u00e9t\u00e9 abord\u00e9s. Et puis, ils sont repartis. L&rsquo;ambiance \u00e9tait \u00e0 la f\u00eate malgr\u00e9 le vent !<\/p>\n<p style=\"text-align: right;\"><strong>Ouest France<\/strong><\/p>\n","protected":false},"excerpt":{"rendered":"<p>Trois questions \u00e0 Sandra Guillemin, Membre du GAEC (Groupement agricole d&rsquo;exploitation en commun) \u00ab \u00e0 3 voix \u00bb de la Ferme d&rsquo;Olivet, et organisatrice de l&rsquo;\u00e9tape de l&rsquo;AlterTour \u00e0 Servon-sur-Vilaine, jeudi 15 juillet. Parti de Paris le 3 juillet, cet \u00e9trange Tour de France soutenu par la fondation \u00ab Un &#8230; <\/p>\n<div><a href=\"https:\/\/www.altercampagne.net\/?p=4541\" class=\"more-link\">Read More<\/a><\/div>\n","protected":false},"author":214,"featured_media":0,"comment_status":"closed","ping_status":"closed","sticky":false,"template":"","format":"standard","meta":{"footnotes":""},"categories":[239],"tags":[20,413,1301,2095,2160,2161,2162,2163,2164],"class_list":["post-4541","post","type-post","status-publish","format-standard","hentry","category-revue-de-presse","tag-bretagne","tag-ille-et-vilaine","tag-altertour-2010","tag-2095","tag-servon-sur-vilaine","tag-ferme-dolivet","tag-gaec-a-3-voix","tag-sandra-guillemin","tag-soulevache","no-post-thumbnail"],"yoast_head":"<!-- This site is optimized with the Yoast SEO plugin v27.3 - https:\/\/yoast.com\/product\/yoast-seo-wordpress\/ -->\n<title>L&#039;Altertour : un Tour de France loisir et p\u00e9dagogique - Servon-sur-Vilaine - AlterTour<\/title>\n<meta name=\"robots\" content=\"index, follow, max-snippet:-1, max-image-preview:large, max-video-preview:-1\" \/>\n<link rel=\"canonical\" href=\"https:\/\/www.altercampagne.net\/?p=4541\" \/>\n<meta property=\"og:locale\" content=\"fr_FR\" \/>\n<meta property=\"og:type\" content=\"article\" \/>\n<meta property=\"og:title\" content=\"L&#039;Altertour : un Tour de France loisir et p\u00e9dagogique - Servon-sur-Vilaine - AlterTour\" \/>\n<meta property=\"og:description\" content=\"Trois questions \u00e0 Sandra Guillemin, Membre du GAEC (Groupement agricole d&rsquo;exploitation en commun) \u00ab \u00e0 3 voix \u00bb de la Ferme d&rsquo;Olivet, et organisatrice de l&rsquo;\u00e9tape de l&rsquo;AlterTour \u00e0 Servon-sur-Vilaine, jeudi 15 juillet. Parti de Paris le 3 juillet, cet \u00e9trange Tour de France soutenu par la fondation \u00ab Un ... Read More\" \/>\n<meta property=\"og:url\" content=\"https:\/\/www.altercampagne.net\/?p=4541\" \/>\n<meta property=\"og:site_name\" content=\"AlterTour\" \/>\n<meta property=\"article:published_time\" content=\"2010-07-19T13:45:00+00:00\" \/>\n<meta property=\"article:modified_time\" content=\"2016-04-24T14:35:01+00:00\" \/>\n<meta property=\"og:image\" content=\"http:\/\/altercampagne.free.fr\/pages\/2008\/AlterTour\/pic\/Servon-sur-Vilaine.jpg\" \/>\n<meta name=\"author\" content=\"Mathieu\" \/>\n<meta name=\"twitter:card\" content=\"summary_large_image\" \/>\n<meta name=\"twitter:label1\" content=\"\u00c9crit par\" \/>\n\t<meta name=\"twitter:data1\" content=\"Mathieu\" \/>\n\t<meta name=\"twitter:label2\" content=\"Dur\u00e9e de lecture estim\u00e9e\" \/>\n\t<meta name=\"twitter:data2\" content=\"2 minutes\" \/>\n<script type=\"application\/ld+json\" class=\"yoast-schema-graph\">{\"@context\":\"https:\\\/\\\/schema.org\",\"@graph\":[{\"@type\":\"Article\",\"@id\":\"https:\\\/\\\/www.altercampagne.net\\\/?p=4541#article\",\"isPartOf\":{\"@id\":\"https:\\\/\\\/www.altercampagne.net\\\/?p=4541\"},\"author\":{\"name\":\"Mathieu\",\"@id\":\"https:\\\/\\\/www.altercampagne.net\\\/#\\\/schema\\\/person\\\/0f261460c09e430caa0f9bcffa319109\"},\"headline\":\"L&rsquo;Altertour : un Tour de France loisir et p\u00e9dagogique &#8211; Servon-sur-Vilaine\",\"datePublished\":\"2010-07-19T13:45:00+00:00\",\"dateModified\":\"2016-04-24T14:35:01+00:00\",\"mainEntityOfPage\":{\"@id\":\"https:\\\/\\\/www.altercampagne.net\\\/?p=4541\"},\"wordCount\":438,\"image\":{\"@id\":\"https:\\\/\\\/www.altercampagne.net\\\/?p=4541#primaryimage\"},\"thumbnailUrl\":\"http:\\\/\\\/altercampagne.free.fr\\\/pages\\\/2008\\\/AlterTour\\\/pic\\\/Servon-sur-Vilaine.jpg\",\"keywords\":[\"bretagne\",\"ille et vilaine\",\"AlterTour 2010\",\"2010\",\"Servon-sur-Vilaine\",\"Ferme d'Olivet\",\"Gaec \u00e0 3 voix\",\"Sandra Guillemin\",\"Soulevache\"],\"articleSection\":[\"Revue de presse\"],\"inLanguage\":\"fr-FR\"},{\"@type\":\"WebPage\",\"@id\":\"https:\\\/\\\/www.altercampagne.net\\\/?p=4541\",\"url\":\"https:\\\/\\\/www.altercampagne.net\\\/?p=4541\",\"name\":\"L'Altertour : un Tour de France loisir et p\u00e9dagogique - Servon-sur-Vilaine - AlterTour\",\"isPartOf\":{\"@id\":\"https:\\\/\\\/www.altercampagne.net\\\/#website\"},\"primaryImageOfPage\":{\"@id\":\"https:\\\/\\\/www.altercampagne.net\\\/?p=4541#primaryimage\"},\"image\":{\"@id\":\"https:\\\/\\\/www.altercampagne.net\\\/?p=4541#primaryimage\"},\"thumbnailUrl\":\"http:\\\/\\\/altercampagne.free.fr\\\/pages\\\/2008\\\/AlterTour\\\/pic\\\/Servon-sur-Vilaine.jpg\",\"datePublished\":\"2010-07-19T13:45:00+00:00\",\"dateModified\":\"2016-04-24T14:35:01+00:00\",\"author\":{\"@id\":\"https:\\\/\\\/www.altercampagne.net\\\/#\\\/schema\\\/person\\\/0f261460c09e430caa0f9bcffa319109\"},\"breadcrumb\":{\"@id\":\"https:\\\/\\\/www.altercampagne.net\\\/?p=4541#breadcrumb\"},\"inLanguage\":\"fr-FR\",\"potentialAction\":[{\"@type\":\"ReadAction\",\"target\":[\"https:\\\/\\\/www.altercampagne.net\\\/?p=4541\"]}]},{\"@type\":\"ImageObject\",\"inLanguage\":\"fr-FR\",\"@id\":\"https:\\\/\\\/www.altercampagne.net\\\/?p=4541#primaryimage\",\"url\":\"http:\\\/\\\/altercampagne.free.fr\\\/pages\\\/2008\\\/AlterTour\\\/pic\\\/Servon-sur-Vilaine.jpg\",\"contentUrl\":\"http:\\\/\\\/altercampagne.free.fr\\\/pages\\\/2008\\\/AlterTour\\\/pic\\\/Servon-sur-Vilaine.jpg\"},{\"@type\":\"BreadcrumbList\",\"@id\":\"https:\\\/\\\/www.altercampagne.net\\\/?p=4541#breadcrumb\",\"itemListElement\":[{\"@type\":\"ListItem\",\"position\":1,\"name\":\"Accueil\",\"item\":\"https:\\\/\\\/www.altercampagne.net\\\/\"},{\"@type\":\"ListItem\",\"position\":2,\"name\":\"L&rsquo;Altertour : un Tour de France loisir et p\u00e9dagogique &#8211; Servon-sur-Vilaine\"}]},{\"@type\":\"WebSite\",\"@id\":\"https:\\\/\\\/www.altercampagne.net\\\/#website\",\"url\":\"https:\\\/\\\/www.altercampagne.net\\\/\",\"name\":\"AlterTour\",\"description\":\"Reliez les Alternatives \u00e0 v\u00e9lo\",\"potentialAction\":[{\"@type\":\"SearchAction\",\"target\":{\"@type\":\"EntryPoint\",\"urlTemplate\":\"https:\\\/\\\/www.altercampagne.net\\\/?s={search_term_string}\"},\"query-input\":{\"@type\":\"PropertyValueSpecification\",\"valueRequired\":true,\"valueName\":\"search_term_string\"}}],\"inLanguage\":\"fr-FR\"},{\"@type\":\"Person\",\"@id\":\"https:\\\/\\\/www.altercampagne.net\\\/#\\\/schema\\\/person\\\/0f261460c09e430caa0f9bcffa319109\",\"name\":\"Mathieu\",\"image\":{\"@type\":\"ImageObject\",\"inLanguage\":\"fr-FR\",\"@id\":\"https:\\\/\\\/secure.gravatar.com\\\/avatar\\\/aa9d3d24c83f2141e5e2709d0f63d09a99f6be6bb7a50abc4915838d9f54501a?s=96&d=mm&r=g\",\"url\":\"https:\\\/\\\/secure.gravatar.com\\\/avatar\\\/aa9d3d24c83f2141e5e2709d0f63d09a99f6be6bb7a50abc4915838d9f54501a?s=96&d=mm&r=g\",\"contentUrl\":\"https:\\\/\\\/secure.gravatar.com\\\/avatar\\\/aa9d3d24c83f2141e5e2709d0f63d09a99f6be6bb7a50abc4915838d9f54501a?s=96&d=mm&r=g\",\"caption\":\"Mathieu\"},\"url\":\"https:\\\/\\\/www.altercampagne.net\\\/?author=214\"}]}<\/script>\n<!-- \/ Yoast SEO plugin. -->","yoast_head_json":{"title":"L'Altertour : un Tour de France loisir et p\u00e9dagogique - Servon-sur-Vilaine - AlterTour","robots":{"index":"index","follow":"follow","max-snippet":"max-snippet:-1","max-image-preview":"max-image-preview:large","max-video-preview":"max-video-preview:-1"},"canonical":"https:\/\/www.altercampagne.net\/?p=4541","og_locale":"fr_FR","og_type":"article","og_title":"L'Altertour : un Tour de France loisir et p\u00e9dagogique - Servon-sur-Vilaine - AlterTour","og_description":"Trois questions \u00e0 Sandra Guillemin, Membre du GAEC (Groupement agricole d&rsquo;exploitation en commun) \u00ab \u00e0 3 voix \u00bb de la Ferme d&rsquo;Olivet, et organisatrice de l&rsquo;\u00e9tape de l&rsquo;AlterTour \u00e0 Servon-sur-Vilaine, jeudi 15 juillet. Parti de Paris le 3 juillet, cet \u00e9trange Tour de France soutenu par la fondation \u00ab Un ... Read More","og_url":"https:\/\/www.altercampagne.net\/?p=4541","og_site_name":"AlterTour","article_published_time":"2010-07-19T13:45:00+00:00","article_modified_time":"2016-04-24T14:35:01+00:00","og_image":[{"url":"http:\/\/altercampagne.free.fr\/pages\/2008\/AlterTour\/pic\/Servon-sur-Vilaine.jpg","type":"","width":"","height":""}],"author":"Mathieu","twitter_card":"summary_large_image","twitter_misc":{"\u00c9crit par":"Mathieu","Dur\u00e9e de lecture estim\u00e9e":"2 minutes"},"schema":{"@context":"https:\/\/schema.org","@graph":[{"@type":"Article","@id":"https:\/\/www.altercampagne.net\/?p=4541#article","isPartOf":{"@id":"https:\/\/www.altercampagne.net\/?p=4541"},"author":{"name":"Mathieu","@id":"https:\/\/www.altercampagne.net\/#\/schema\/person\/0f261460c09e430caa0f9bcffa319109"},"headline":"L&rsquo;Altertour : un Tour de France loisir et p\u00e9dagogique &#8211; Servon-sur-Vilaine","datePublished":"2010-07-19T13:45:00+00:00","dateModified":"2016-04-24T14:35:01+00:00","mainEntityOfPage":{"@id":"https:\/\/www.altercampagne.net\/?p=4541"},"wordCount":438,"image":{"@id":"https:\/\/www.altercampagne.net\/?p=4541#primaryimage"},"thumbnailUrl":"http:\/\/altercampagne.free.fr\/pages\/2008\/AlterTour\/pic\/Servon-sur-Vilaine.jpg","keywords":["bretagne","ille et vilaine","AlterTour 2010","2010","Servon-sur-Vilaine","Ferme d'Olivet","Gaec \u00e0 3 voix","Sandra Guillemin","Soulevache"],"articleSection":["Revue de presse"],"inLanguage":"fr-FR"},{"@type":"WebPage","@id":"https:\/\/www.altercampagne.net\/?p=4541","url":"https:\/\/www.altercampagne.net\/?p=4541","name":"L'Altertour : un Tour de France loisir et p\u00e9dagogique - Servon-sur-Vilaine - AlterTour","isPartOf":{"@id":"https:\/\/www.altercampagne.net\/#website"},"primaryImageOfPage":{"@id":"https:\/\/www.altercampagne.net\/?p=4541#primaryimage"},"image":{"@id":"https:\/\/www.altercampagne.net\/?p=4541#primaryimage"},"thumbnailUrl":"http:\/\/altercampagne.free.fr\/pages\/2008\/AlterTour\/pic\/Servon-sur-Vilaine.jpg","datePublished":"2010-07-19T13:45:00+00:00","dateModified":"2016-04-24T14:35:01+00:00","author":{"@id":"https:\/\/www.altercampagne.net\/#\/schema\/person\/0f261460c09e430caa0f9bcffa319109"},"breadcrumb":{"@id":"https:\/\/www.altercampagne.net\/?p=4541#breadcrumb"},"inLanguage":"fr-FR","potentialAction":[{"@type":"ReadAction","target":["https:\/\/www.altercampagne.net\/?p=4541"]}]},{"@type":"ImageObject","inLanguage":"fr-FR","@id":"https:\/\/www.altercampagne.net\/?p=4541#primaryimage","url":"http:\/\/altercampagne.free.fr\/pages\/2008\/AlterTour\/pic\/Servon-sur-Vilaine.jpg","contentUrl":"http:\/\/altercampagne.free.fr\/pages\/2008\/AlterTour\/pic\/Servon-sur-Vilaine.jpg"},{"@type":"BreadcrumbList","@id":"https:\/\/www.altercampagne.net\/?p=4541#breadcrumb","itemListElement":[{"@type":"ListItem","position":1,"name":"Accueil","item":"https:\/\/www.altercampagne.net\/"},{"@type":"ListItem","position":2,"name":"L&rsquo;Altertour : un Tour de France loisir et p\u00e9dagogique &#8211; Servon-sur-Vilaine"}]},{"@type":"WebSite","@id":"https:\/\/www.altercampagne.net\/#website","url":"https:\/\/www.altercampagne.net\/","name":"AlterTour","description":"Reliez les Alternatives \u00e0 v\u00e9lo","potentialAction":[{"@type":"SearchAction","target":{"@type":"EntryPoint","urlTemplate":"https:\/\/www.altercampagne.net\/?s={search_term_string}"},"query-input":{"@type":"PropertyValueSpecification","valueRequired":true,"valueName":"search_term_string"}}],"inLanguage":"fr-FR"},{"@type":"Person","@id":"https:\/\/www.altercampagne.net\/#\/schema\/person\/0f261460c09e430caa0f9bcffa319109","name":"Mathieu","image":{"@type":"ImageObject","inLanguage":"fr-FR","@id":"https:\/\/secure.gravatar.com\/avatar\/aa9d3d24c83f2141e5e2709d0f63d09a99f6be6bb7a50abc4915838d9f54501a?s=96&d=mm&r=g","url":"https:\/\/secure.gravatar.com\/avatar\/aa9d3d24c83f2141e5e2709d0f63d09a99f6be6bb7a50abc4915838d9f54501a?s=96&d=mm&r=g","contentUrl":"https:\/\/secure.gravatar.com\/avatar\/aa9d3d24c83f2141e5e2709d0f63d09a99f6be6bb7a50abc4915838d9f54501a?s=96&d=mm&r=g","caption":"Mathieu"},"url":"https:\/\/www.altercampagne.net\/?author=214"}]}},"_links":{"self":[{"href":"https:\/\/www.altercampagne.net\/index.php?rest_route=\/wp\/v2\/posts\/4541","targetHints":{"allow":["GET"]}}],"collection":[{"href":"https:\/\/www.altercampagne.net\/index.php?rest_route=\/wp\/v2\/posts"}],"about":[{"href":"https:\/\/www.altercampagne.net\/index.php?rest_route=\/wp\/v2\/types\/post"}],"author":[{"embeddable":true,"href":"https:\/\/www.altercampagne.net\/index.php?rest_route=\/wp\/v2\/users\/214"}],"replies":[{"embeddable":true,"href":"https:\/\/www.altercampagne.net\/index.php?rest_route=%2Fwp%2Fv2%2Fcomments&post=4541"}],"version-history":[{"count":0,"href":"https:\/\/www.altercampagne.net\/index.php?rest_route=\/wp\/v2\/posts\/4541\/revisions"}],"wp:attachment":[{"href":"https:\/\/www.altercampagne.net\/index.php?rest_route=%2Fwp%2Fv2%2Fmedia&parent=4541"}],"wp:term":[{"taxonomy":"category","embeddable":true,"href":"https:\/\/www.altercampagne.net\/index.php?rest_route=%2Fwp%2Fv2%2Fcategories&post=4541"},{"taxonomy":"post_tag","embeddable":true,"href":"https:\/\/www.altercampagne.net\/index.php?rest_route=%2Fwp%2Fv2%2Ftags&post=4541"}],"curies":[{"name":"wp","href":"https:\/\/api.w.org\/{rel}","templated":true}]}}