{"id":4543,"date":"2010-07-21T15:48:38","date_gmt":"2010-07-21T13:48:38","guid":{"rendered":"http:\/\/www.altercampagne.net\/?p=4543"},"modified":"2016-04-24T15:50:30","modified_gmt":"2016-04-24T13:50:30","slug":"lalter-tour-a-fait-une-halte-au-jardin-dherbarius-planguenoual","status":"publish","type":"post","link":"https:\/\/www.altercampagne.net\/?p=4543","title":{"rendered":"L&rsquo;Alter Tour a fait une halte au jardin d&rsquo;Herbarius \u2013 Planguenoual"},"content":{"rendered":"<p><img loading=\"lazy\" decoding=\"async\" class=\" alignleft\" src=\"http:\/\/altercampagne.free.fr\/pages\/2008\/AlterTour\/pic\/Altertour_Planguenoual.jpg\" alt=\"\" width=\"470\" height=\"292\" \/>La troisi\u00e8me \u00e9dition de l&rsquo;Alter Tour est partie d&rsquo;Ile de France le 3 juillet dernier, pour \u00ab <strong>un tour de France alternatif, en v\u00e9lo, mais contre le dopage et pour la biodiversit\u00e9 dans l&rsquo;agriculture<\/strong> \u00bb, expliquent les organisateurs.<br \/>\nPendant six semaines, 70 participants par jour se relayent pour p\u00e9daler sur les \u00e9tapes qui vont les mener sur le plateau des Milles Vaches le 15 ao\u00fbt. \u00ab <strong>C&rsquo;est un rendez-vous militant, convivial et g\u00e9nial<\/strong> \u00bb, lance Sorelle qui y participe pour la troisi\u00e8me fois.<\/p>\n<p>Le groupe et son \u00ab Alterbus \u00bb ont fait \u00e9tape lundi, chez Florence Gouley au jardin m\u00e9di\u00e9val d&rsquo;Herbarius (au lieu-dit le Val). Ils y ont plant\u00e9 les tentes pour passer la nuit. La soir\u00e9e a permis un \u00e9change autour du probl\u00e8me des algues vertes. Elle \u00e9tait anim\u00e9e par le docteur Lesn\u00e9 qui a prouv\u00e9 la toxicit\u00e9 de ces algues et par l&rsquo;association Halte aux mar\u00e9es vertes. Florence leur avait pr\u00e9par\u00e9 un repas \u00e9cologique.<\/p>\n<p>Herbarius propose chaque mardi \u00e0 10 h, une promenade \u00e0 la d\u00e9couverte des plantes sauvages, \u00e0 12 h : repas de plantes, et \u00e0 14 h 30 : visite du jardin m\u00e9di\u00e9val (10 \u20ac l&rsquo;activit\u00e9 et 25 \u20ac la journ\u00e9e compl\u00e8te).<\/p>\n<p style=\"text-align: right;\"><strong>Ouest France<\/strong><\/p>\n","protected":false},"excerpt":{"rendered":"<p>La troisi\u00e8me \u00e9dition de l&rsquo;Alter Tour est partie d&rsquo;Ile de France le 3 juillet dernier, pour \u00ab un tour de France alternatif, en v\u00e9lo, mais contre le dopage et pour la biodiversit\u00e9 dans l&rsquo;agriculture \u00bb, expliquent les organisateurs. Pendant six semaines, 70 participants par jour se relayent pour p\u00e9daler sur &#8230; <\/p>\n<div><a href=\"https:\/\/www.altercampagne.net\/?p=4543\" class=\"more-link\">Read More<\/a><\/div>\n","protected":false},"author":214,"featured_media":0,"comment_status":"closed","ping_status":"closed","sticky":false,"template":"","format":"standard","meta":{"footnotes":""},"categories":[239],"tags":[20,496,1301,1669,2095,2158,2165,2166],"class_list":["post-4543","post","type-post","status-publish","format-standard","hentry","category-revue-de-presse","tag-bretagne","tag-herbarius","tag-altertour-2010","tag-cotes-darmor","tag-2095","tag-planguenoual","tag-florence-gouley","tag-jardin-medieval-dherbarius","no-post-thumbnail"],"yoast_head":"<!-- This site is optimized with the Yoast SEO plugin v27.3 - https:\/\/yoast.com\/product\/yoast-seo-wordpress\/ -->\n<title>L&#039;Alter Tour a fait une halte au jardin d&#039;Herbarius \u2013 Planguenoual - AlterTour<\/title>\n<meta name=\"robots\" content=\"index, follow, max-snippet:-1, max-image-preview:large, max-video-preview:-1\" \/>\n<link rel=\"canonical\" href=\"https:\/\/www.altercampagne.net\/?p=4543\" \/>\n<meta property=\"og:locale\" content=\"fr_FR\" \/>\n<meta property=\"og:type\" content=\"article\" \/>\n<meta property=\"og:title\" content=\"L&#039;Alter Tour a fait une halte au jardin d&#039;Herbarius \u2013 Planguenoual - AlterTour\" \/>\n<meta property=\"og:description\" content=\"La troisi\u00e8me \u00e9dition de l&rsquo;Alter Tour est partie d&rsquo;Ile de France le 3 juillet dernier, pour \u00ab un tour de France alternatif, en v\u00e9lo, mais contre le dopage et pour la biodiversit\u00e9 dans l&rsquo;agriculture \u00bb, expliquent les organisateurs. Pendant six semaines, 70 participants par jour se relayent pour p\u00e9daler sur ... Read More\" \/>\n<meta property=\"og:url\" content=\"https:\/\/www.altercampagne.net\/?p=4543\" \/>\n<meta property=\"og:site_name\" content=\"AlterTour\" \/>\n<meta property=\"article:published_time\" content=\"2010-07-21T13:48:38+00:00\" \/>\n<meta property=\"article:modified_time\" content=\"2016-04-24T13:50:30+00:00\" \/>\n<meta property=\"og:image\" content=\"http:\/\/altercampagne.free.fr\/pages\/2008\/AlterTour\/pic\/Altertour_Planguenoual.jpg\" \/>\n<meta name=\"author\" content=\"Mathieu\" \/>\n<meta name=\"twitter:card\" content=\"summary_large_image\" \/>\n<meta name=\"twitter:label1\" content=\"\u00c9crit par\" \/>\n\t<meta name=\"twitter:data1\" content=\"Mathieu\" \/>\n\t<meta name=\"twitter:label2\" content=\"Dur\u00e9e de lecture estim\u00e9e\" \/>\n\t<meta name=\"twitter:data2\" content=\"1 minute\" \/>\n<script type=\"application\/ld+json\" class=\"yoast-schema-graph\">{\"@context\":\"https:\\\/\\\/schema.org\",\"@graph\":[{\"@type\":\"Article\",\"@id\":\"https:\\\/\\\/www.altercampagne.net\\\/?p=4543#article\",\"isPartOf\":{\"@id\":\"https:\\\/\\\/www.altercampagne.net\\\/?p=4543\"},\"author\":{\"name\":\"Mathieu\",\"@id\":\"https:\\\/\\\/www.altercampagne.net\\\/#\\\/schema\\\/person\\\/0f261460c09e430caa0f9bcffa319109\"},\"headline\":\"L&rsquo;Alter Tour a fait une halte au jardin d&rsquo;Herbarius \u2013 Planguenoual\",\"datePublished\":\"2010-07-21T13:48:38+00:00\",\"dateModified\":\"2016-04-24T13:50:30+00:00\",\"mainEntityOfPage\":{\"@id\":\"https:\\\/\\\/www.altercampagne.net\\\/?p=4543\"},\"wordCount\":213,\"image\":{\"@id\":\"https:\\\/\\\/www.altercampagne.net\\\/?p=4543#primaryimage\"},\"thumbnailUrl\":\"http:\\\/\\\/altercampagne.free.fr\\\/pages\\\/2008\\\/AlterTour\\\/pic\\\/Altertour_Planguenoual.jpg\",\"keywords\":[\"bretagne\",\"herbarius\",\"AlterTour 2010\",\"C\u00f4tes-d'Armor\",\"2010\",\"Planguenoual\",\"Florence Gouley\",\"jardin m\u00e9di\u00e9val d'Herbarius\"],\"articleSection\":[\"Revue de presse\"],\"inLanguage\":\"fr-FR\"},{\"@type\":\"WebPage\",\"@id\":\"https:\\\/\\\/www.altercampagne.net\\\/?p=4543\",\"url\":\"https:\\\/\\\/www.altercampagne.net\\\/?p=4543\",\"name\":\"L'Alter Tour a fait une halte au jardin d'Herbarius \u2013 Planguenoual - AlterTour\",\"isPartOf\":{\"@id\":\"https:\\\/\\\/www.altercampagne.net\\\/#website\"},\"primaryImageOfPage\":{\"@id\":\"https:\\\/\\\/www.altercampagne.net\\\/?p=4543#primaryimage\"},\"image\":{\"@id\":\"https:\\\/\\\/www.altercampagne.net\\\/?p=4543#primaryimage\"},\"thumbnailUrl\":\"http:\\\/\\\/altercampagne.free.fr\\\/pages\\\/2008\\\/AlterTour\\\/pic\\\/Altertour_Planguenoual.jpg\",\"datePublished\":\"2010-07-21T13:48:38+00:00\",\"dateModified\":\"2016-04-24T13:50:30+00:00\",\"author\":{\"@id\":\"https:\\\/\\\/www.altercampagne.net\\\/#\\\/schema\\\/person\\\/0f261460c09e430caa0f9bcffa319109\"},\"breadcrumb\":{\"@id\":\"https:\\\/\\\/www.altercampagne.net\\\/?p=4543#breadcrumb\"},\"inLanguage\":\"fr-FR\",\"potentialAction\":[{\"@type\":\"ReadAction\",\"target\":[\"https:\\\/\\\/www.altercampagne.net\\\/?p=4543\"]}]},{\"@type\":\"ImageObject\",\"inLanguage\":\"fr-FR\",\"@id\":\"https:\\\/\\\/www.altercampagne.net\\\/?p=4543#primaryimage\",\"url\":\"http:\\\/\\\/altercampagne.free.fr\\\/pages\\\/2008\\\/AlterTour\\\/pic\\\/Altertour_Planguenoual.jpg\",\"contentUrl\":\"http:\\\/\\\/altercampagne.free.fr\\\/pages\\\/2008\\\/AlterTour\\\/pic\\\/Altertour_Planguenoual.jpg\"},{\"@type\":\"BreadcrumbList\",\"@id\":\"https:\\\/\\\/www.altercampagne.net\\\/?p=4543#breadcrumb\",\"itemListElement\":[{\"@type\":\"ListItem\",\"position\":1,\"name\":\"Accueil\",\"item\":\"https:\\\/\\\/www.altercampagne.net\\\/\"},{\"@type\":\"ListItem\",\"position\":2,\"name\":\"L&rsquo;Alter Tour a fait une halte au jardin d&rsquo;Herbarius \u2013 Planguenoual\"}]},{\"@type\":\"WebSite\",\"@id\":\"https:\\\/\\\/www.altercampagne.net\\\/#website\",\"url\":\"https:\\\/\\\/www.altercampagne.net\\\/\",\"name\":\"AlterTour\",\"description\":\"Reliez les Alternatives \u00e0 v\u00e9lo\",\"potentialAction\":[{\"@type\":\"SearchAction\",\"target\":{\"@type\":\"EntryPoint\",\"urlTemplate\":\"https:\\\/\\\/www.altercampagne.net\\\/?s={search_term_string}\"},\"query-input\":{\"@type\":\"PropertyValueSpecification\",\"valueRequired\":true,\"valueName\":\"search_term_string\"}}],\"inLanguage\":\"fr-FR\"},{\"@type\":\"Person\",\"@id\":\"https:\\\/\\\/www.altercampagne.net\\\/#\\\/schema\\\/person\\\/0f261460c09e430caa0f9bcffa319109\",\"name\":\"Mathieu\",\"image\":{\"@type\":\"ImageObject\",\"inLanguage\":\"fr-FR\",\"@id\":\"https:\\\/\\\/secure.gravatar.com\\\/avatar\\\/aa9d3d24c83f2141e5e2709d0f63d09a99f6be6bb7a50abc4915838d9f54501a?s=96&d=mm&r=g\",\"url\":\"https:\\\/\\\/secure.gravatar.com\\\/avatar\\\/aa9d3d24c83f2141e5e2709d0f63d09a99f6be6bb7a50abc4915838d9f54501a?s=96&d=mm&r=g\",\"contentUrl\":\"https:\\\/\\\/secure.gravatar.com\\\/avatar\\\/aa9d3d24c83f2141e5e2709d0f63d09a99f6be6bb7a50abc4915838d9f54501a?s=96&d=mm&r=g\",\"caption\":\"Mathieu\"},\"url\":\"https:\\\/\\\/www.altercampagne.net\\\/?author=214\"}]}<\/script>\n<!-- \/ Yoast SEO plugin. -->","yoast_head_json":{"title":"L'Alter Tour a fait une halte au jardin d'Herbarius \u2013 Planguenoual - AlterTour","robots":{"index":"index","follow":"follow","max-snippet":"max-snippet:-1","max-image-preview":"max-image-preview:large","max-video-preview":"max-video-preview:-1"},"canonical":"https:\/\/www.altercampagne.net\/?p=4543","og_locale":"fr_FR","og_type":"article","og_title":"L'Alter Tour a fait une halte au jardin d'Herbarius \u2013 Planguenoual - AlterTour","og_description":"La troisi\u00e8me \u00e9dition de l&rsquo;Alter Tour est partie d&rsquo;Ile de France le 3 juillet dernier, pour \u00ab un tour de France alternatif, en v\u00e9lo, mais contre le dopage et pour la biodiversit\u00e9 dans l&rsquo;agriculture \u00bb, expliquent les organisateurs. Pendant six semaines, 70 participants par jour se relayent pour p\u00e9daler sur ... Read More","og_url":"https:\/\/www.altercampagne.net\/?p=4543","og_site_name":"AlterTour","article_published_time":"2010-07-21T13:48:38+00:00","article_modified_time":"2016-04-24T13:50:30+00:00","og_image":[{"url":"http:\/\/altercampagne.free.fr\/pages\/2008\/AlterTour\/pic\/Altertour_Planguenoual.jpg","type":"","width":"","height":""}],"author":"Mathieu","twitter_card":"summary_large_image","twitter_misc":{"\u00c9crit par":"Mathieu","Dur\u00e9e de lecture estim\u00e9e":"1 minute"},"schema":{"@context":"https:\/\/schema.org","@graph":[{"@type":"Article","@id":"https:\/\/www.altercampagne.net\/?p=4543#article","isPartOf":{"@id":"https:\/\/www.altercampagne.net\/?p=4543"},"author":{"name":"Mathieu","@id":"https:\/\/www.altercampagne.net\/#\/schema\/person\/0f261460c09e430caa0f9bcffa319109"},"headline":"L&rsquo;Alter Tour a fait une halte au jardin d&rsquo;Herbarius \u2013 Planguenoual","datePublished":"2010-07-21T13:48:38+00:00","dateModified":"2016-04-24T13:50:30+00:00","mainEntityOfPage":{"@id":"https:\/\/www.altercampagne.net\/?p=4543"},"wordCount":213,"image":{"@id":"https:\/\/www.altercampagne.net\/?p=4543#primaryimage"},"thumbnailUrl":"http:\/\/altercampagne.free.fr\/pages\/2008\/AlterTour\/pic\/Altertour_Planguenoual.jpg","keywords":["bretagne","herbarius","AlterTour 2010","C\u00f4tes-d'Armor","2010","Planguenoual","Florence Gouley","jardin m\u00e9di\u00e9val d'Herbarius"],"articleSection":["Revue de presse"],"inLanguage":"fr-FR"},{"@type":"WebPage","@id":"https:\/\/www.altercampagne.net\/?p=4543","url":"https:\/\/www.altercampagne.net\/?p=4543","name":"L'Alter Tour a fait une halte au jardin d'Herbarius \u2013 Planguenoual - AlterTour","isPartOf":{"@id":"https:\/\/www.altercampagne.net\/#website"},"primaryImageOfPage":{"@id":"https:\/\/www.altercampagne.net\/?p=4543#primaryimage"},"image":{"@id":"https:\/\/www.altercampagne.net\/?p=4543#primaryimage"},"thumbnailUrl":"http:\/\/altercampagne.free.fr\/pages\/2008\/AlterTour\/pic\/Altertour_Planguenoual.jpg","datePublished":"2010-07-21T13:48:38+00:00","dateModified":"2016-04-24T13:50:30+00:00","author":{"@id":"https:\/\/www.altercampagne.net\/#\/schema\/person\/0f261460c09e430caa0f9bcffa319109"},"breadcrumb":{"@id":"https:\/\/www.altercampagne.net\/?p=4543#breadcrumb"},"inLanguage":"fr-FR","potentialAction":[{"@type":"ReadAction","target":["https:\/\/www.altercampagne.net\/?p=4543"]}]},{"@type":"ImageObject","inLanguage":"fr-FR","@id":"https:\/\/www.altercampagne.net\/?p=4543#primaryimage","url":"http:\/\/altercampagne.free.fr\/pages\/2008\/AlterTour\/pic\/Altertour_Planguenoual.jpg","contentUrl":"http:\/\/altercampagne.free.fr\/pages\/2008\/AlterTour\/pic\/Altertour_Planguenoual.jpg"},{"@type":"BreadcrumbList","@id":"https:\/\/www.altercampagne.net\/?p=4543#breadcrumb","itemListElement":[{"@type":"ListItem","position":1,"name":"Accueil","item":"https:\/\/www.altercampagne.net\/"},{"@type":"ListItem","position":2,"name":"L&rsquo;Alter Tour a fait une halte au jardin d&rsquo;Herbarius \u2013 Planguenoual"}]},{"@type":"WebSite","@id":"https:\/\/www.altercampagne.net\/#website","url":"https:\/\/www.altercampagne.net\/","name":"AlterTour","description":"Reliez les Alternatives \u00e0 v\u00e9lo","potentialAction":[{"@type":"SearchAction","target":{"@type":"EntryPoint","urlTemplate":"https:\/\/www.altercampagne.net\/?s={search_term_string}"},"query-input":{"@type":"PropertyValueSpecification","valueRequired":true,"valueName":"search_term_string"}}],"inLanguage":"fr-FR"},{"@type":"Person","@id":"https:\/\/www.altercampagne.net\/#\/schema\/person\/0f261460c09e430caa0f9bcffa319109","name":"Mathieu","image":{"@type":"ImageObject","inLanguage":"fr-FR","@id":"https:\/\/secure.gravatar.com\/avatar\/aa9d3d24c83f2141e5e2709d0f63d09a99f6be6bb7a50abc4915838d9f54501a?s=96&d=mm&r=g","url":"https:\/\/secure.gravatar.com\/avatar\/aa9d3d24c83f2141e5e2709d0f63d09a99f6be6bb7a50abc4915838d9f54501a?s=96&d=mm&r=g","contentUrl":"https:\/\/secure.gravatar.com\/avatar\/aa9d3d24c83f2141e5e2709d0f63d09a99f6be6bb7a50abc4915838d9f54501a?s=96&d=mm&r=g","caption":"Mathieu"},"url":"https:\/\/www.altercampagne.net\/?author=214"}]}},"_links":{"self":[{"href":"https:\/\/www.altercampagne.net\/index.php?rest_route=\/wp\/v2\/posts\/4543","targetHints":{"allow":["GET"]}}],"collection":[{"href":"https:\/\/www.altercampagne.net\/index.php?rest_route=\/wp\/v2\/posts"}],"about":[{"href":"https:\/\/www.altercampagne.net\/index.php?rest_route=\/wp\/v2\/types\/post"}],"author":[{"embeddable":true,"href":"https:\/\/www.altercampagne.net\/index.php?rest_route=\/wp\/v2\/users\/214"}],"replies":[{"embeddable":true,"href":"https:\/\/www.altercampagne.net\/index.php?rest_route=%2Fwp%2Fv2%2Fcomments&post=4543"}],"version-history":[{"count":0,"href":"https:\/\/www.altercampagne.net\/index.php?rest_route=\/wp\/v2\/posts\/4543\/revisions"}],"wp:attachment":[{"href":"https:\/\/www.altercampagne.net\/index.php?rest_route=%2Fwp%2Fv2%2Fmedia&parent=4543"}],"wp:term":[{"taxonomy":"category","embeddable":true,"href":"https:\/\/www.altercampagne.net\/index.php?rest_route=%2Fwp%2Fv2%2Fcategories&post=4543"},{"taxonomy":"post_tag","embeddable":true,"href":"https:\/\/www.altercampagne.net\/index.php?rest_route=%2Fwp%2Fv2%2Ftags&post=4543"}],"curies":[{"name":"wp","href":"https:\/\/api.w.org\/{rel}","templated":true}]}}