{"id":4547,"date":"2010-07-22T15:54:11","date_gmt":"2010-07-22T13:54:11","guid":{"rendered":"http:\/\/www.altercampagne.net\/?p=4547"},"modified":"2016-04-24T15:45:18","modified_gmt":"2016-04-24T13:45:18","slug":"laltertour-de-coulon-79-a-brigueuil-16-ils-pedalent-autrement","status":"publish","type":"post","link":"https:\/\/www.altercampagne.net\/?p=4547","title":{"rendered":"L&rsquo;AlterTour : de Coulon (79) \u00e0 Brigueuil (16), ils p\u00e9dalent autrement"},"content":{"rendered":"<p><img loading=\"lazy\" decoding=\"async\" class=\" alignright\" src=\"http:\/\/altercampagne.free.fr\/pages\/2008\/AlterTour\/pic\/Altertour_Sud-Ouest.jpg\" alt=\"\" width=\"460\" height=\"306\" \/>L&rsquo;AlterTour part \u00e0 la rencontre des initiatives citoyennes. Il fera \u00e9tape pendant six jours dans la r\u00e9gion<\/p>\n<p>Les organisateurs de l&rsquo;AlterTour au c\u0153ur du prieur\u00e9 Notre-Dame \u00e0 Tusson, o\u00f9 se d\u00e9roulera une des \u00e9tapes. Le d\u00e9jeuner pr\u00e9vu inaugurera la grange du couvent des hommes, tout juste restaur\u00e9. Ce sera la premi\u00e8re activit\u00e9 dans ce lieu.<\/p>\n<p>Pendant que le Tour de France bat son plein et que la comp\u00e9tition sportive et les strat\u00e9gies des coureurs sont \u00e0 leur paroxysme, l&rsquo;AlterTour se veut un \u00ab anti-Tour de France \u00bb. Une excursion pendant laquelle les participants ne cherchent pas l&rsquo;exploit physique mais partent \u00e0 la d\u00e9couverte des initiatives citoyennes alternatives. Une initiative originale mise en place par l&rsquo;association nationale Alter campagne.<\/p>\n<p>Pour cette troisi\u00e8me \u00e9dition qui a commenc\u00e9 le 3 juillet, environ 70 personnes sont parties de la r\u00e9gion parisienne \u00e0 v\u00e9lo, pour rallier la Bretagne, puis le Poitou-Charentes d&rsquo;ici \u00e0 quelques jours. \u00ab Il s&rsquo;agit d&rsquo;un anti-Tour de France sans dopage, en famille et avec des relais \u00bb, explique Aude Labat, l&rsquo;une des organisatrices r\u00e9gionales de l&rsquo;AlterTour. Les cyclistes amateurs ne font g\u00e9n\u00e9ralement pas le tour entier, ils se relaient au cours des \u00e9tapes qui ne font jamais plus de 100 kilom\u00e8tres par jour.<br \/>\nLes visites, qui pars\u00e8ment le circuit, tournent autour de plusieurs th\u00e8mes. Le principal : la biodiversit\u00e9. \u00c0 c\u00f4t\u00e9 de cela, une campagne antidopage est \u00e9galement organis\u00e9e autour du sujet \u00ab Homme, terre et territoire \u00bb. \u00c0 chaque \u00e9tape, les participants \u00e9tudieront l&rsquo;impact de l&rsquo;am\u00e9nagement du territoire sur les terres agricoles et le logement.<\/p>\n<p><strong>Rencontres et discussions<\/strong><\/p>\n<p>Dans le Poitou-Charentes, le p\u00e9riple cycliste part de Coulon, pr\u00e8s de Niort, pour ensuite se diriger vers Brigueuil, en passant par la Charente-Maritime. Six jours juch\u00e9s sur les v\u00e9los pour la cinquantaine de participants inscrits pour les cinq \u00e9tapes dans la r\u00e9gion. \u00ab Nous avons choisi des chemins de halage, des circuits de grande randonn\u00e9e pour les v\u00e9los. On a essay\u00e9 de prendre des voies diff\u00e9rentes et d&rsquo;\u00e9viter au maximum le macadam \u00bb, pr\u00e9cise Aude Labat.<\/p>\n<p>Avec des arr\u00eats pr\u00e9vus sur toute la journ\u00e9e, les cyclistes vont d\u00e9couvrir, au cours de leurs excursions, plusieurs sites du d\u00e9partement : la visite d&rsquo;une centrale hydraulique ou le village gaulois d&rsquo;Esse, entre autres. Les participants d\u00e9battront aussi sur plusieurs sujets, parmi lesquels la LGV ou encore le d\u00e9sarmement nucl\u00e9aire.<br \/>\nLe 5 ao\u00fbt, \u00e0 Chassagne.<\/p>\n<p>Le public est attendu sur certains lieux pour d\u00e9couvrir ce tour de France original. Le jeudi 5 ao\u00fbt, en soir\u00e9e, l&rsquo;AlterTour s&rsquo;arr\u00eatera \u00e0 la ferme de Chassagne o\u00f9 une soir\u00e9e, avec un concert du groupe Des croches et la lune, est organis\u00e9e. Le lendemain midi, un accueil paysan est organis\u00e9 au moulin de Guitry, avec d\u00e9jeuner sur l&rsquo;herbe et rencontre des coureurs pour un moment d&rsquo;\u00e9change et de discussions.<\/p>\n<p>Apr\u00e8s ces escales dans le d\u00e9partement, l&rsquo;AlterTour reprendra la route direction le Limousin.<\/p>\n<p style=\"text-align: right;\">Sud Ouest<\/p>\n","protected":false},"excerpt":{"rendered":"<p>L&rsquo;AlterTour part \u00e0 la rencontre des initiatives citoyennes. Il fera \u00e9tape pendant six jours dans la r\u00e9gion Les organisateurs de l&rsquo;AlterTour au c\u0153ur du prieur\u00e9 Notre-Dame \u00e0 Tusson, o\u00f9 se d\u00e9roulera une des \u00e9tapes. Le d\u00e9jeuner pr\u00e9vu inaugurera la grange du couvent des hommes, tout juste restaur\u00e9. Ce sera la &#8230; <\/p>\n<div><a href=\"https:\/\/www.altercampagne.net\/?p=4547\" class=\"more-link\">Read More<\/a><\/div>\n","protected":false},"author":214,"featured_media":0,"comment_status":"closed","ping_status":"closed","sticky":false,"template":"","format":"standard","meta":{"footnotes":""},"categories":[239],"tags":[55,581,1641,1971,2095,2171,2172,2173,2174,2175,2176,2177],"class_list":["post-4547","post","type-post","status-publish","format-standard","hentry","category-revue-de-presse","tag-accueil-altertour","tag-poitou-charentes","tag-charente-maritime","tag-charente","tag-2095","tag-coulon","tag-brigueuil","tag-notre-dame-a-tusson","tag-aude-labat","tag-chassagne","tag-des-croches-et-la-lune","tag-moulin-de-guitry","no-post-thumbnail"],"yoast_head":"<!-- This site is optimized with the Yoast SEO plugin v27.3 - https:\/\/yoast.com\/product\/yoast-seo-wordpress\/ -->\n<title>L&#039;AlterTour : de Coulon (79) \u00e0 Brigueuil (16), ils p\u00e9dalent autrement - AlterTour<\/title>\n<meta name=\"robots\" content=\"index, follow, max-snippet:-1, max-image-preview:large, max-video-preview:-1\" \/>\n<link rel=\"canonical\" href=\"https:\/\/www.altercampagne.net\/?p=4547\" \/>\n<meta property=\"og:locale\" content=\"fr_FR\" \/>\n<meta property=\"og:type\" content=\"article\" \/>\n<meta property=\"og:title\" content=\"L&#039;AlterTour : de Coulon (79) \u00e0 Brigueuil (16), ils p\u00e9dalent autrement - AlterTour\" \/>\n<meta property=\"og:description\" content=\"L&rsquo;AlterTour part \u00e0 la rencontre des initiatives citoyennes. Il fera \u00e9tape pendant six jours dans la r\u00e9gion Les organisateurs de l&rsquo;AlterTour au c\u0153ur du prieur\u00e9 Notre-Dame \u00e0 Tusson, o\u00f9 se d\u00e9roulera une des \u00e9tapes. Le d\u00e9jeuner pr\u00e9vu inaugurera la grange du couvent des hommes, tout juste restaur\u00e9. Ce sera la ... Read More\" \/>\n<meta property=\"og:url\" content=\"https:\/\/www.altercampagne.net\/?p=4547\" \/>\n<meta property=\"og:site_name\" content=\"AlterTour\" \/>\n<meta property=\"article:published_time\" content=\"2010-07-22T13:54:11+00:00\" \/>\n<meta property=\"article:modified_time\" content=\"2016-04-24T13:45:18+00:00\" \/>\n<meta property=\"og:image\" content=\"http:\/\/altercampagne.free.fr\/pages\/2008\/AlterTour\/pic\/Altertour_Sud-Ouest.jpg\" \/>\n<meta name=\"author\" content=\"Mathieu\" \/>\n<meta name=\"twitter:card\" content=\"summary_large_image\" \/>\n<meta name=\"twitter:label1\" content=\"\u00c9crit par\" \/>\n\t<meta name=\"twitter:data1\" content=\"Mathieu\" \/>\n\t<meta name=\"twitter:label2\" content=\"Dur\u00e9e de lecture estim\u00e9e\" \/>\n\t<meta name=\"twitter:data2\" content=\"2 minutes\" \/>\n<script type=\"application\/ld+json\" class=\"yoast-schema-graph\">{\"@context\":\"https:\\\/\\\/schema.org\",\"@graph\":[{\"@type\":\"Article\",\"@id\":\"https:\\\/\\\/www.altercampagne.net\\\/?p=4547#article\",\"isPartOf\":{\"@id\":\"https:\\\/\\\/www.altercampagne.net\\\/?p=4547\"},\"author\":{\"name\":\"Mathieu\",\"@id\":\"https:\\\/\\\/www.altercampagne.net\\\/#\\\/schema\\\/person\\\/0f261460c09e430caa0f9bcffa319109\"},\"headline\":\"L&rsquo;AlterTour : de Coulon (79) \u00e0 Brigueuil (16), ils p\u00e9dalent autrement\",\"datePublished\":\"2010-07-22T13:54:11+00:00\",\"dateModified\":\"2016-04-24T13:45:18+00:00\",\"mainEntityOfPage\":{\"@id\":\"https:\\\/\\\/www.altercampagne.net\\\/?p=4547\"},\"wordCount\":525,\"image\":{\"@id\":\"https:\\\/\\\/www.altercampagne.net\\\/?p=4547#primaryimage\"},\"thumbnailUrl\":\"http:\\\/\\\/altercampagne.free.fr\\\/pages\\\/2008\\\/AlterTour\\\/pic\\\/Altertour_Sud-Ouest.jpg\",\"keywords\":[\"accueil AlterTour\",\"Poitou-Charentes\",\"Charente-Maritime\",\"charente\",\"2010\",\"Coulon\",\"Brigueuil\",\"Notre-Dame \u00e0 Tusson\",\"Aude Labat\",\"Chassagne\",\"Des croches et la lune\",\"moulin de Guitry\"],\"articleSection\":[\"Revue de presse\"],\"inLanguage\":\"fr-FR\"},{\"@type\":\"WebPage\",\"@id\":\"https:\\\/\\\/www.altercampagne.net\\\/?p=4547\",\"url\":\"https:\\\/\\\/www.altercampagne.net\\\/?p=4547\",\"name\":\"L'AlterTour : de Coulon (79) \u00e0 Brigueuil (16), ils p\u00e9dalent autrement - AlterTour\",\"isPartOf\":{\"@id\":\"https:\\\/\\\/www.altercampagne.net\\\/#website\"},\"primaryImageOfPage\":{\"@id\":\"https:\\\/\\\/www.altercampagne.net\\\/?p=4547#primaryimage\"},\"image\":{\"@id\":\"https:\\\/\\\/www.altercampagne.net\\\/?p=4547#primaryimage\"},\"thumbnailUrl\":\"http:\\\/\\\/altercampagne.free.fr\\\/pages\\\/2008\\\/AlterTour\\\/pic\\\/Altertour_Sud-Ouest.jpg\",\"datePublished\":\"2010-07-22T13:54:11+00:00\",\"dateModified\":\"2016-04-24T13:45:18+00:00\",\"author\":{\"@id\":\"https:\\\/\\\/www.altercampagne.net\\\/#\\\/schema\\\/person\\\/0f261460c09e430caa0f9bcffa319109\"},\"breadcrumb\":{\"@id\":\"https:\\\/\\\/www.altercampagne.net\\\/?p=4547#breadcrumb\"},\"inLanguage\":\"fr-FR\",\"potentialAction\":[{\"@type\":\"ReadAction\",\"target\":[\"https:\\\/\\\/www.altercampagne.net\\\/?p=4547\"]}]},{\"@type\":\"ImageObject\",\"inLanguage\":\"fr-FR\",\"@id\":\"https:\\\/\\\/www.altercampagne.net\\\/?p=4547#primaryimage\",\"url\":\"http:\\\/\\\/altercampagne.free.fr\\\/pages\\\/2008\\\/AlterTour\\\/pic\\\/Altertour_Sud-Ouest.jpg\",\"contentUrl\":\"http:\\\/\\\/altercampagne.free.fr\\\/pages\\\/2008\\\/AlterTour\\\/pic\\\/Altertour_Sud-Ouest.jpg\"},{\"@type\":\"BreadcrumbList\",\"@id\":\"https:\\\/\\\/www.altercampagne.net\\\/?p=4547#breadcrumb\",\"itemListElement\":[{\"@type\":\"ListItem\",\"position\":1,\"name\":\"Accueil\",\"item\":\"https:\\\/\\\/www.altercampagne.net\\\/\"},{\"@type\":\"ListItem\",\"position\":2,\"name\":\"L&rsquo;AlterTour : de Coulon (79) \u00e0 Brigueuil (16), ils p\u00e9dalent autrement\"}]},{\"@type\":\"WebSite\",\"@id\":\"https:\\\/\\\/www.altercampagne.net\\\/#website\",\"url\":\"https:\\\/\\\/www.altercampagne.net\\\/\",\"name\":\"AlterTour\",\"description\":\"Reliez les Alternatives \u00e0 v\u00e9lo\",\"potentialAction\":[{\"@type\":\"SearchAction\",\"target\":{\"@type\":\"EntryPoint\",\"urlTemplate\":\"https:\\\/\\\/www.altercampagne.net\\\/?s={search_term_string}\"},\"query-input\":{\"@type\":\"PropertyValueSpecification\",\"valueRequired\":true,\"valueName\":\"search_term_string\"}}],\"inLanguage\":\"fr-FR\"},{\"@type\":\"Person\",\"@id\":\"https:\\\/\\\/www.altercampagne.net\\\/#\\\/schema\\\/person\\\/0f261460c09e430caa0f9bcffa319109\",\"name\":\"Mathieu\",\"image\":{\"@type\":\"ImageObject\",\"inLanguage\":\"fr-FR\",\"@id\":\"https:\\\/\\\/secure.gravatar.com\\\/avatar\\\/aa9d3d24c83f2141e5e2709d0f63d09a99f6be6bb7a50abc4915838d9f54501a?s=96&d=mm&r=g\",\"url\":\"https:\\\/\\\/secure.gravatar.com\\\/avatar\\\/aa9d3d24c83f2141e5e2709d0f63d09a99f6be6bb7a50abc4915838d9f54501a?s=96&d=mm&r=g\",\"contentUrl\":\"https:\\\/\\\/secure.gravatar.com\\\/avatar\\\/aa9d3d24c83f2141e5e2709d0f63d09a99f6be6bb7a50abc4915838d9f54501a?s=96&d=mm&r=g\",\"caption\":\"Mathieu\"},\"url\":\"https:\\\/\\\/www.altercampagne.net\\\/?author=214\"}]}<\/script>\n<!-- \/ Yoast SEO plugin. -->","yoast_head_json":{"title":"L'AlterTour : de Coulon (79) \u00e0 Brigueuil (16), ils p\u00e9dalent autrement - AlterTour","robots":{"index":"index","follow":"follow","max-snippet":"max-snippet:-1","max-image-preview":"max-image-preview:large","max-video-preview":"max-video-preview:-1"},"canonical":"https:\/\/www.altercampagne.net\/?p=4547","og_locale":"fr_FR","og_type":"article","og_title":"L'AlterTour : de Coulon (79) \u00e0 Brigueuil (16), ils p\u00e9dalent autrement - AlterTour","og_description":"L&rsquo;AlterTour part \u00e0 la rencontre des initiatives citoyennes. Il fera \u00e9tape pendant six jours dans la r\u00e9gion Les organisateurs de l&rsquo;AlterTour au c\u0153ur du prieur\u00e9 Notre-Dame \u00e0 Tusson, o\u00f9 se d\u00e9roulera une des \u00e9tapes. Le d\u00e9jeuner pr\u00e9vu inaugurera la grange du couvent des hommes, tout juste restaur\u00e9. Ce sera la ... Read More","og_url":"https:\/\/www.altercampagne.net\/?p=4547","og_site_name":"AlterTour","article_published_time":"2010-07-22T13:54:11+00:00","article_modified_time":"2016-04-24T13:45:18+00:00","og_image":[{"url":"http:\/\/altercampagne.free.fr\/pages\/2008\/AlterTour\/pic\/Altertour_Sud-Ouest.jpg","type":"","width":"","height":""}],"author":"Mathieu","twitter_card":"summary_large_image","twitter_misc":{"\u00c9crit par":"Mathieu","Dur\u00e9e de lecture estim\u00e9e":"2 minutes"},"schema":{"@context":"https:\/\/schema.org","@graph":[{"@type":"Article","@id":"https:\/\/www.altercampagne.net\/?p=4547#article","isPartOf":{"@id":"https:\/\/www.altercampagne.net\/?p=4547"},"author":{"name":"Mathieu","@id":"https:\/\/www.altercampagne.net\/#\/schema\/person\/0f261460c09e430caa0f9bcffa319109"},"headline":"L&rsquo;AlterTour : de Coulon (79) \u00e0 Brigueuil (16), ils p\u00e9dalent autrement","datePublished":"2010-07-22T13:54:11+00:00","dateModified":"2016-04-24T13:45:18+00:00","mainEntityOfPage":{"@id":"https:\/\/www.altercampagne.net\/?p=4547"},"wordCount":525,"image":{"@id":"https:\/\/www.altercampagne.net\/?p=4547#primaryimage"},"thumbnailUrl":"http:\/\/altercampagne.free.fr\/pages\/2008\/AlterTour\/pic\/Altertour_Sud-Ouest.jpg","keywords":["accueil AlterTour","Poitou-Charentes","Charente-Maritime","charente","2010","Coulon","Brigueuil","Notre-Dame \u00e0 Tusson","Aude Labat","Chassagne","Des croches et la lune","moulin de Guitry"],"articleSection":["Revue de presse"],"inLanguage":"fr-FR"},{"@type":"WebPage","@id":"https:\/\/www.altercampagne.net\/?p=4547","url":"https:\/\/www.altercampagne.net\/?p=4547","name":"L'AlterTour : de Coulon (79) \u00e0 Brigueuil (16), ils p\u00e9dalent autrement - AlterTour","isPartOf":{"@id":"https:\/\/www.altercampagne.net\/#website"},"primaryImageOfPage":{"@id":"https:\/\/www.altercampagne.net\/?p=4547#primaryimage"},"image":{"@id":"https:\/\/www.altercampagne.net\/?p=4547#primaryimage"},"thumbnailUrl":"http:\/\/altercampagne.free.fr\/pages\/2008\/AlterTour\/pic\/Altertour_Sud-Ouest.jpg","datePublished":"2010-07-22T13:54:11+00:00","dateModified":"2016-04-24T13:45:18+00:00","author":{"@id":"https:\/\/www.altercampagne.net\/#\/schema\/person\/0f261460c09e430caa0f9bcffa319109"},"breadcrumb":{"@id":"https:\/\/www.altercampagne.net\/?p=4547#breadcrumb"},"inLanguage":"fr-FR","potentialAction":[{"@type":"ReadAction","target":["https:\/\/www.altercampagne.net\/?p=4547"]}]},{"@type":"ImageObject","inLanguage":"fr-FR","@id":"https:\/\/www.altercampagne.net\/?p=4547#primaryimage","url":"http:\/\/altercampagne.free.fr\/pages\/2008\/AlterTour\/pic\/Altertour_Sud-Ouest.jpg","contentUrl":"http:\/\/altercampagne.free.fr\/pages\/2008\/AlterTour\/pic\/Altertour_Sud-Ouest.jpg"},{"@type":"BreadcrumbList","@id":"https:\/\/www.altercampagne.net\/?p=4547#breadcrumb","itemListElement":[{"@type":"ListItem","position":1,"name":"Accueil","item":"https:\/\/www.altercampagne.net\/"},{"@type":"ListItem","position":2,"name":"L&rsquo;AlterTour : de Coulon (79) \u00e0 Brigueuil (16), ils p\u00e9dalent autrement"}]},{"@type":"WebSite","@id":"https:\/\/www.altercampagne.net\/#website","url":"https:\/\/www.altercampagne.net\/","name":"AlterTour","description":"Reliez les Alternatives \u00e0 v\u00e9lo","potentialAction":[{"@type":"SearchAction","target":{"@type":"EntryPoint","urlTemplate":"https:\/\/www.altercampagne.net\/?s={search_term_string}"},"query-input":{"@type":"PropertyValueSpecification","valueRequired":true,"valueName":"search_term_string"}}],"inLanguage":"fr-FR"},{"@type":"Person","@id":"https:\/\/www.altercampagne.net\/#\/schema\/person\/0f261460c09e430caa0f9bcffa319109","name":"Mathieu","image":{"@type":"ImageObject","inLanguage":"fr-FR","@id":"https:\/\/secure.gravatar.com\/avatar\/aa9d3d24c83f2141e5e2709d0f63d09a99f6be6bb7a50abc4915838d9f54501a?s=96&d=mm&r=g","url":"https:\/\/secure.gravatar.com\/avatar\/aa9d3d24c83f2141e5e2709d0f63d09a99f6be6bb7a50abc4915838d9f54501a?s=96&d=mm&r=g","contentUrl":"https:\/\/secure.gravatar.com\/avatar\/aa9d3d24c83f2141e5e2709d0f63d09a99f6be6bb7a50abc4915838d9f54501a?s=96&d=mm&r=g","caption":"Mathieu"},"url":"https:\/\/www.altercampagne.net\/?author=214"}]}},"_links":{"self":[{"href":"https:\/\/www.altercampagne.net\/index.php?rest_route=\/wp\/v2\/posts\/4547","targetHints":{"allow":["GET"]}}],"collection":[{"href":"https:\/\/www.altercampagne.net\/index.php?rest_route=\/wp\/v2\/posts"}],"about":[{"href":"https:\/\/www.altercampagne.net\/index.php?rest_route=\/wp\/v2\/types\/post"}],"author":[{"embeddable":true,"href":"https:\/\/www.altercampagne.net\/index.php?rest_route=\/wp\/v2\/users\/214"}],"replies":[{"embeddable":true,"href":"https:\/\/www.altercampagne.net\/index.php?rest_route=%2Fwp%2Fv2%2Fcomments&post=4547"}],"version-history":[{"count":0,"href":"https:\/\/www.altercampagne.net\/index.php?rest_route=\/wp\/v2\/posts\/4547\/revisions"}],"wp:attachment":[{"href":"https:\/\/www.altercampagne.net\/index.php?rest_route=%2Fwp%2Fv2%2Fmedia&parent=4547"}],"wp:term":[{"taxonomy":"category","embeddable":true,"href":"https:\/\/www.altercampagne.net\/index.php?rest_route=%2Fwp%2Fv2%2Fcategories&post=4547"},{"taxonomy":"post_tag","embeddable":true,"href":"https:\/\/www.altercampagne.net\/index.php?rest_route=%2Fwp%2Fv2%2Ftags&post=4547"}],"curies":[{"name":"wp","href":"https:\/\/api.w.org\/{rel}","templated":true}]}}