{"id":4553,"date":"2010-07-25T16:06:57","date_gmt":"2010-07-25T14:06:57","guid":{"rendered":"http:\/\/www.altercampagne.net\/?p=4553"},"modified":"2016-04-23T16:15:43","modified_gmt":"2016-04-23T14:15:43","slug":"laltertour-lautre-tour-de-france-2","status":"publish","type":"post","link":"https:\/\/www.altercampagne.net\/?p=4553","title":{"rendered":"L\u2019ALTERTOUR, L&rsquo;AUTRE TOUR DE FRANCE"},"content":{"rendered":"<p>Il s\u2019oppose \u00e0 la comp\u00e9tition dans la soci\u00e9t\u00e9 et dans la pratique physique. Les \u00ab AlterCylistes \u00bb se relaient tous au long du parcours afin de permettre \u00e0 chacun de tenter l\u2019aventure !<br \/>\nCe \u00ab\u00a0<strong>Tour de France alternatif<\/strong>\u00a0\u00bb se d\u00e9roulera du 2 au 26 juillet et notamment du 15 au 26 juillet en Bretagne.<\/p>\n<p><strong><br \/>\n<\/strong><\/p>\n<p><strong>Au programme de cette grande aventure bretonne<\/strong> :<\/p>\n<p><strong>Le 15 juillet<\/strong> : arriv\u00e9e en Bretagne par Rennes, Soir\u00e9e \u00e0 Tint\u00e9niac avec Nicolas Sersiron du CADTM<\/p>\n<p><strong>Le 16 juillet<\/strong> : \u00e0 <em><strong>Saint Malo<\/strong><\/em>, Conf\u00e9rence-D\u00e9bat sur l&rsquo;\u00e9quit\u00e9 fiscale et les paradis fiscaux, avec Eva Joly et John Christensen (R\u00e9seau International Tax Justice)<\/p>\n<p><strong>Le 17 et 18 juillet<\/strong> : \u00e0 <em><strong>Jersey<\/strong><\/em>, Rencontre publique, festive et informative sur le th\u00e8me : \u00ab Semer les graines du futur \u00bb, avec la participation exceptionnelle d&rsquo;Eva Joly et de John Christensen suivi d&rsquo;un Folklore parisien et jersiais, avec Le Zinzin venu de l&rsquo;\u00cele-de-France et des musiciens locaux et d&rsquo;une visite de l&rsquo;\u00eele<\/p>\n<p><strong>Le 19 juillet<\/strong> : \u00e0 <em><strong>Planguenoual<\/strong><\/em>, Agri-environnement et jardin m\u00e9di\u00e9val\u00a0\u00bb, \u00ab\u00a0Halte aux mar\u00e9es vertes\u00a0\u00bb accueil par Florence Goulet d&rsquo; \u00ab Herbarius \u00bb. Animation symbolique, sauvetage d&rsquo;un cheval de fer (un v\u00e9lo) de la noyade en mar\u00e9e verte et pr\u00e9sentation par Michel Guillemot de Stop mar\u00e9e verte.<\/p>\n<p><strong>Le 20 juillet<\/strong> : \u00e0 <em><strong>Saint-Bihy<\/strong><\/em>, rencontre d&rsquo;Andr\u00e9 Pochon, accueil chez Pascal et Pascale Hillion-Pochon<\/p>\n<p><strong>Le 21 juillet<\/strong> : \u00e0 <em><strong>Saint Cadou<\/strong><\/em><em>, Roz Ar C\u2019Hoe<\/em>, accueil par Chantal Kervern et Jakez Peros, \u00e9leveur de brebis laiti\u00e8res et fromag\u00e8res, et militants \u00e0 l&rsquo;origine d&rsquo;un collectif contre l&rsquo;agrandissement \u00e0 outrance des exploitations suivi d&rsquo;un Fest Noz<\/p>\n<p><strong>Le 22 juillet <\/strong>: \u00e0 <em><strong>Argol<\/strong><\/em>, visite de la Maison du cidre de Bretagne de la Ferme de Kermarzin (chez H\u00e9l\u00e8ne Gibiat et Baptiste Rollo) et Soir\u00e9e-conte et Musique sous les pommiers<\/p>\n<p><strong>Le 23 juillet<\/strong> : \u00e0 <em><strong>Beuzec-en-Plomeur<\/strong><\/em>, visite des igloos en terre et r\u00e9alisation du pain autour d&rsquo;un vieux four \u00e0 bois, lieu de r\u00e9union et de partage<\/p>\n<p><strong>Le 24 juillet<\/strong> : \u00e0 <em><strong>R\u00e9n\u00e9d\u00e9<\/strong><\/em>, accueil sur le Site Emma\u00fcs<\/p>\n<p><strong>Le 25 juillet<\/strong> : \u00e0 <em><strong>St Nolff<\/strong><\/em>, intervention sur le Parc Naturel R\u00e9gional du Golfe du Morbihan et sur la question de l&rsquo;artificialisation des sols avec l&rsquo;association bruded (Bretagne Rurale et Rurbaine pour un D\u00e9veloppement Durable) et les r\u00e9seaux de collectivit\u00e9s bretonnes engag\u00e9es dans des r\u00e9alisations concr\u00e8tes (\u00e9co-lotissement, agenda 21&#8230;)<\/p>\n<p><strong>Le 26 juillet<\/strong> : \u00e0 <em><strong>Saint-Etienne-de-Montluc<\/strong><\/em>, passage de la Vilaine sur le pont suspendu de la Roche Bernard, passage \u00e0 proximit\u00e9 de la Bri\u00e8re pour rejoindre l&rsquo;estuaire de la Loire \u00e0 Prinquiau et arriv\u00e9e d&rsquo;\u00e9tape chez Michel Quirion, \u00e9copaysagiste, du collectif \u00ab\u00a0Notre-Dame-des-Landes\u00a0\u00bb.<\/p>\n<p style=\"text-align: right;\"><strong>Bretagne Durable<\/strong><\/p>\n","protected":false},"excerpt":{"rendered":"<p>Il s\u2019oppose \u00e0 la comp\u00e9tition dans la soci\u00e9t\u00e9 et dans la pratique physique. Les \u00ab AlterCylistes \u00bb se relaient tous au long du parcours afin de permettre \u00e0 chacun de tenter l\u2019aventure ! Ce \u00ab\u00a0Tour de France alternatif\u00a0\u00bb se d\u00e9roulera du 2 au 26 juillet et notamment du 15 au &#8230; <\/p>\n<div><a href=\"https:\/\/www.altercampagne.net\/?p=4553\" class=\"more-link\">Read More<\/a><\/div>\n","protected":false},"author":214,"featured_media":0,"comment_status":"closed","ping_status":"closed","sticky":false,"template":"","format":"standard","meta":{"footnotes":""},"categories":[239],"tags":[2197,2211,2210,2209,2208,2207,2206,2205,2204,2203,2202,2201,2200,2199,2198,20,2196,2195,2194,2193,2192,2191,2190,2167,2158,2154,2153,2095,1301,496],"class_list":["post-4553","post","type-post","status-publish","format-standard","hentry","category-revue-de-presse","tag-florence-goulet","tag-michel-quirion","tag-saint-etienne-de-montluc","tag-association-bruded","tag-parc-naturel-regional-du-golfe-du-morbihan","tag-saint-nolff","tag-emmaus","tag-renede","tag-beuzec-en-plomeur","tag-ferme-de-kermarzin","tag-maison-du-cidre-de-bretagne","tag-andre-pochon","tag-saint-bihy","tag-stop-maree-verte","tag-michel-guillemot","tag-bretagne","tag-jardin-medieval","tag-agri-environnement","tag-jersey","tag-saint-malo","tag-reseau-international-tax-justice","tag-john-christensen","tag-tinteniac","tag-argol","tag-planguenoual","tag-cadtm","tag-nicolas-sersiron","tag-2095","tag-altertour-2010","tag-herbarius","no-post-thumbnail"],"yoast_head":"<!-- This site is optimized with the Yoast SEO plugin v27.3 - https:\/\/yoast.com\/product\/yoast-seo-wordpress\/ -->\n<title>L\u2019ALTERTOUR, L&#039;AUTRE TOUR DE FRANCE - AlterTour<\/title>\n<meta name=\"robots\" content=\"index, follow, max-snippet:-1, max-image-preview:large, max-video-preview:-1\" \/>\n<link rel=\"canonical\" href=\"https:\/\/www.altercampagne.net\/?p=4553\" \/>\n<meta property=\"og:locale\" content=\"fr_FR\" \/>\n<meta property=\"og:type\" content=\"article\" \/>\n<meta property=\"og:title\" content=\"L\u2019ALTERTOUR, L&#039;AUTRE TOUR DE FRANCE - AlterTour\" \/>\n<meta property=\"og:description\" content=\"Il s\u2019oppose \u00e0 la comp\u00e9tition dans la soci\u00e9t\u00e9 et dans la pratique physique. Les \u00ab AlterCylistes \u00bb se relaient tous au long du parcours afin de permettre \u00e0 chacun de tenter l\u2019aventure ! Ce \u00ab\u00a0Tour de France alternatif\u00a0\u00bb se d\u00e9roulera du 2 au 26 juillet et notamment du 15 au ... Read More\" \/>\n<meta property=\"og:url\" content=\"https:\/\/www.altercampagne.net\/?p=4553\" \/>\n<meta property=\"og:site_name\" content=\"AlterTour\" \/>\n<meta property=\"article:published_time\" content=\"2010-07-25T14:06:57+00:00\" \/>\n<meta property=\"article:modified_time\" content=\"2016-04-23T14:15:43+00:00\" \/>\n<meta name=\"author\" content=\"Mathieu\" \/>\n<meta name=\"twitter:card\" content=\"summary_large_image\" \/>\n<meta name=\"twitter:label1\" content=\"\u00c9crit par\" \/>\n\t<meta name=\"twitter:data1\" content=\"Mathieu\" \/>\n\t<meta name=\"twitter:label2\" content=\"Dur\u00e9e de lecture estim\u00e9e\" \/>\n\t<meta name=\"twitter:data2\" content=\"2 minutes\" \/>\n<script type=\"application\/ld+json\" class=\"yoast-schema-graph\">{\"@context\":\"https:\\\/\\\/schema.org\",\"@graph\":[{\"@type\":\"Article\",\"@id\":\"https:\\\/\\\/www.altercampagne.net\\\/?p=4553#article\",\"isPartOf\":{\"@id\":\"https:\\\/\\\/www.altercampagne.net\\\/?p=4553\"},\"author\":{\"name\":\"Mathieu\",\"@id\":\"https:\\\/\\\/www.altercampagne.net\\\/#\\\/schema\\\/person\\\/0f261460c09e430caa0f9bcffa319109\"},\"headline\":\"L\u2019ALTERTOUR, L&rsquo;AUTRE TOUR DE FRANCE\",\"datePublished\":\"2010-07-25T14:06:57+00:00\",\"dateModified\":\"2016-04-23T14:15:43+00:00\",\"mainEntityOfPage\":{\"@id\":\"https:\\\/\\\/www.altercampagne.net\\\/?p=4553\"},\"wordCount\":431,\"keywords\":[\"Florence Goulet\",\"Michel Quirion\",\"Saint-Etienne-de-Montluc\",\"association bruded\",\"Parc Naturel R\u00e9gional du Golfe du Morbihan\",\"Saint Nolff\",\"Emma\u00fcs\",\"R\u00e9n\u00e9d\u00e9\",\"Beuzec-en-Plomeur\",\"Ferme de Kermarzin\",\"Maison du cidre de Bretagne\",\"Andr\u00e9 Pochon\",\"Saint-Bihy\",\"Stop mar\u00e9e verte\",\"Michel Guillemot\",\"bretagne\",\"jardin m\u00e9di\u00e9val\",\"Agri-environnement\",\"Jersey\",\"Saint Malo\",\"R\u00e9seau International Tax Justice\",\"John Christensen\",\"Tint\u00e9niac\",\"Argol\",\"Planguenoual\",\"CADTM\",\"Nicolas Sersiron\",\"2010\",\"AlterTour 2010\",\"herbarius\"],\"articleSection\":[\"Revue de presse\"],\"inLanguage\":\"fr-FR\"},{\"@type\":\"WebPage\",\"@id\":\"https:\\\/\\\/www.altercampagne.net\\\/?p=4553\",\"url\":\"https:\\\/\\\/www.altercampagne.net\\\/?p=4553\",\"name\":\"L\u2019ALTERTOUR, L'AUTRE TOUR DE FRANCE - AlterTour\",\"isPartOf\":{\"@id\":\"https:\\\/\\\/www.altercampagne.net\\\/#website\"},\"datePublished\":\"2010-07-25T14:06:57+00:00\",\"dateModified\":\"2016-04-23T14:15:43+00:00\",\"author\":{\"@id\":\"https:\\\/\\\/www.altercampagne.net\\\/#\\\/schema\\\/person\\\/0f261460c09e430caa0f9bcffa319109\"},\"breadcrumb\":{\"@id\":\"https:\\\/\\\/www.altercampagne.net\\\/?p=4553#breadcrumb\"},\"inLanguage\":\"fr-FR\",\"potentialAction\":[{\"@type\":\"ReadAction\",\"target\":[\"https:\\\/\\\/www.altercampagne.net\\\/?p=4553\"]}]},{\"@type\":\"BreadcrumbList\",\"@id\":\"https:\\\/\\\/www.altercampagne.net\\\/?p=4553#breadcrumb\",\"itemListElement\":[{\"@type\":\"ListItem\",\"position\":1,\"name\":\"Accueil\",\"item\":\"https:\\\/\\\/www.altercampagne.net\\\/\"},{\"@type\":\"ListItem\",\"position\":2,\"name\":\"L\u2019ALTERTOUR, L&rsquo;AUTRE TOUR DE FRANCE\"}]},{\"@type\":\"WebSite\",\"@id\":\"https:\\\/\\\/www.altercampagne.net\\\/#website\",\"url\":\"https:\\\/\\\/www.altercampagne.net\\\/\",\"name\":\"AlterTour\",\"description\":\"Reliez les Alternatives \u00e0 v\u00e9lo\",\"potentialAction\":[{\"@type\":\"SearchAction\",\"target\":{\"@type\":\"EntryPoint\",\"urlTemplate\":\"https:\\\/\\\/www.altercampagne.net\\\/?s={search_term_string}\"},\"query-input\":{\"@type\":\"PropertyValueSpecification\",\"valueRequired\":true,\"valueName\":\"search_term_string\"}}],\"inLanguage\":\"fr-FR\"},{\"@type\":\"Person\",\"@id\":\"https:\\\/\\\/www.altercampagne.net\\\/#\\\/schema\\\/person\\\/0f261460c09e430caa0f9bcffa319109\",\"name\":\"Mathieu\",\"image\":{\"@type\":\"ImageObject\",\"inLanguage\":\"fr-FR\",\"@id\":\"https:\\\/\\\/secure.gravatar.com\\\/avatar\\\/aa9d3d24c83f2141e5e2709d0f63d09a99f6be6bb7a50abc4915838d9f54501a?s=96&d=mm&r=g\",\"url\":\"https:\\\/\\\/secure.gravatar.com\\\/avatar\\\/aa9d3d24c83f2141e5e2709d0f63d09a99f6be6bb7a50abc4915838d9f54501a?s=96&d=mm&r=g\",\"contentUrl\":\"https:\\\/\\\/secure.gravatar.com\\\/avatar\\\/aa9d3d24c83f2141e5e2709d0f63d09a99f6be6bb7a50abc4915838d9f54501a?s=96&d=mm&r=g\",\"caption\":\"Mathieu\"},\"url\":\"https:\\\/\\\/www.altercampagne.net\\\/?author=214\"}]}<\/script>\n<!-- \/ Yoast SEO plugin. -->","yoast_head_json":{"title":"L\u2019ALTERTOUR, L'AUTRE TOUR DE FRANCE - AlterTour","robots":{"index":"index","follow":"follow","max-snippet":"max-snippet:-1","max-image-preview":"max-image-preview:large","max-video-preview":"max-video-preview:-1"},"canonical":"https:\/\/www.altercampagne.net\/?p=4553","og_locale":"fr_FR","og_type":"article","og_title":"L\u2019ALTERTOUR, L'AUTRE TOUR DE FRANCE - AlterTour","og_description":"Il s\u2019oppose \u00e0 la comp\u00e9tition dans la soci\u00e9t\u00e9 et dans la pratique physique. Les \u00ab AlterCylistes \u00bb se relaient tous au long du parcours afin de permettre \u00e0 chacun de tenter l\u2019aventure ! Ce \u00ab\u00a0Tour de France alternatif\u00a0\u00bb se d\u00e9roulera du 2 au 26 juillet et notamment du 15 au ... Read More","og_url":"https:\/\/www.altercampagne.net\/?p=4553","og_site_name":"AlterTour","article_published_time":"2010-07-25T14:06:57+00:00","article_modified_time":"2016-04-23T14:15:43+00:00","author":"Mathieu","twitter_card":"summary_large_image","twitter_misc":{"\u00c9crit par":"Mathieu","Dur\u00e9e de lecture estim\u00e9e":"2 minutes"},"schema":{"@context":"https:\/\/schema.org","@graph":[{"@type":"Article","@id":"https:\/\/www.altercampagne.net\/?p=4553#article","isPartOf":{"@id":"https:\/\/www.altercampagne.net\/?p=4553"},"author":{"name":"Mathieu","@id":"https:\/\/www.altercampagne.net\/#\/schema\/person\/0f261460c09e430caa0f9bcffa319109"},"headline":"L\u2019ALTERTOUR, L&rsquo;AUTRE TOUR DE FRANCE","datePublished":"2010-07-25T14:06:57+00:00","dateModified":"2016-04-23T14:15:43+00:00","mainEntityOfPage":{"@id":"https:\/\/www.altercampagne.net\/?p=4553"},"wordCount":431,"keywords":["Florence Goulet","Michel Quirion","Saint-Etienne-de-Montluc","association bruded","Parc Naturel R\u00e9gional du Golfe du Morbihan","Saint Nolff","Emma\u00fcs","R\u00e9n\u00e9d\u00e9","Beuzec-en-Plomeur","Ferme de Kermarzin","Maison du cidre de Bretagne","Andr\u00e9 Pochon","Saint-Bihy","Stop mar\u00e9e verte","Michel Guillemot","bretagne","jardin m\u00e9di\u00e9val","Agri-environnement","Jersey","Saint Malo","R\u00e9seau International Tax Justice","John Christensen","Tint\u00e9niac","Argol","Planguenoual","CADTM","Nicolas Sersiron","2010","AlterTour 2010","herbarius"],"articleSection":["Revue de presse"],"inLanguage":"fr-FR"},{"@type":"WebPage","@id":"https:\/\/www.altercampagne.net\/?p=4553","url":"https:\/\/www.altercampagne.net\/?p=4553","name":"L\u2019ALTERTOUR, L'AUTRE TOUR DE FRANCE - AlterTour","isPartOf":{"@id":"https:\/\/www.altercampagne.net\/#website"},"datePublished":"2010-07-25T14:06:57+00:00","dateModified":"2016-04-23T14:15:43+00:00","author":{"@id":"https:\/\/www.altercampagne.net\/#\/schema\/person\/0f261460c09e430caa0f9bcffa319109"},"breadcrumb":{"@id":"https:\/\/www.altercampagne.net\/?p=4553#breadcrumb"},"inLanguage":"fr-FR","potentialAction":[{"@type":"ReadAction","target":["https:\/\/www.altercampagne.net\/?p=4553"]}]},{"@type":"BreadcrumbList","@id":"https:\/\/www.altercampagne.net\/?p=4553#breadcrumb","itemListElement":[{"@type":"ListItem","position":1,"name":"Accueil","item":"https:\/\/www.altercampagne.net\/"},{"@type":"ListItem","position":2,"name":"L\u2019ALTERTOUR, L&rsquo;AUTRE TOUR DE FRANCE"}]},{"@type":"WebSite","@id":"https:\/\/www.altercampagne.net\/#website","url":"https:\/\/www.altercampagne.net\/","name":"AlterTour","description":"Reliez les Alternatives \u00e0 v\u00e9lo","potentialAction":[{"@type":"SearchAction","target":{"@type":"EntryPoint","urlTemplate":"https:\/\/www.altercampagne.net\/?s={search_term_string}"},"query-input":{"@type":"PropertyValueSpecification","valueRequired":true,"valueName":"search_term_string"}}],"inLanguage":"fr-FR"},{"@type":"Person","@id":"https:\/\/www.altercampagne.net\/#\/schema\/person\/0f261460c09e430caa0f9bcffa319109","name":"Mathieu","image":{"@type":"ImageObject","inLanguage":"fr-FR","@id":"https:\/\/secure.gravatar.com\/avatar\/aa9d3d24c83f2141e5e2709d0f63d09a99f6be6bb7a50abc4915838d9f54501a?s=96&d=mm&r=g","url":"https:\/\/secure.gravatar.com\/avatar\/aa9d3d24c83f2141e5e2709d0f63d09a99f6be6bb7a50abc4915838d9f54501a?s=96&d=mm&r=g","contentUrl":"https:\/\/secure.gravatar.com\/avatar\/aa9d3d24c83f2141e5e2709d0f63d09a99f6be6bb7a50abc4915838d9f54501a?s=96&d=mm&r=g","caption":"Mathieu"},"url":"https:\/\/www.altercampagne.net\/?author=214"}]}},"_links":{"self":[{"href":"https:\/\/www.altercampagne.net\/index.php?rest_route=\/wp\/v2\/posts\/4553","targetHints":{"allow":["GET"]}}],"collection":[{"href":"https:\/\/www.altercampagne.net\/index.php?rest_route=\/wp\/v2\/posts"}],"about":[{"href":"https:\/\/www.altercampagne.net\/index.php?rest_route=\/wp\/v2\/types\/post"}],"author":[{"embeddable":true,"href":"https:\/\/www.altercampagne.net\/index.php?rest_route=\/wp\/v2\/users\/214"}],"replies":[{"embeddable":true,"href":"https:\/\/www.altercampagne.net\/index.php?rest_route=%2Fwp%2Fv2%2Fcomments&post=4553"}],"version-history":[{"count":0,"href":"https:\/\/www.altercampagne.net\/index.php?rest_route=\/wp\/v2\/posts\/4553\/revisions"}],"wp:attachment":[{"href":"https:\/\/www.altercampagne.net\/index.php?rest_route=%2Fwp%2Fv2%2Fmedia&parent=4553"}],"wp:term":[{"taxonomy":"category","embeddable":true,"href":"https:\/\/www.altercampagne.net\/index.php?rest_route=%2Fwp%2Fv2%2Fcategories&post=4553"},{"taxonomy":"post_tag","embeddable":true,"href":"https:\/\/www.altercampagne.net\/index.php?rest_route=%2Fwp%2Fv2%2Ftags&post=4553"}],"curies":[{"name":"wp","href":"https:\/\/api.w.org\/{rel}","templated":true}]}}