{"id":4555,"date":"2010-07-26T16:16:05","date_gmt":"2010-07-26T14:16:05","guid":{"rendered":"http:\/\/www.altercampagne.net\/?p=4555"},"modified":"2016-04-24T13:59:25","modified_gmt":"2016-04-24T11:59:25","slug":"alter-tour-escale-concarnoise-pour-le-peloton","status":"publish","type":"post","link":"https:\/\/www.altercampagne.net\/?p=4555","title":{"rendered":"Alter Tour. Escale concarnoise pour le peloton"},"content":{"rendered":"<p><strong><img loading=\"lazy\" decoding=\"async\" class=\" alignright\" src=\"http:\/\/altercampagne.free.fr\/pages\/2008\/AlterTour\/pic\/Altertour-Concarneau.jpg\" alt=\"\" width=\"539\" height=\"332\" \/>Une grosse soixantaine de coureurs de l&rsquo;Alter Tour a fait escale, samedi, \u00e0 Lanriec, \u00e0 la coop\u00e9rative bio \u00ab<a href=\"http:\/\/annuaire.agencebio.org\/pageDetail.asp,exportateur,default,categorie,1,pk_op,32011,departement,default,specialite,default,producteur,Les%20Plantes%20du%20Moros,page,1,region,default,rechercheavancee,,TypeOperateur,.rwi.html\">Les Plantes du Moros<\/a>\u00bb.<\/strong><\/p>\n<p>L&rsquo;Alter Tour est pass\u00e9, samedi, par Concarneau. Et s&rsquo;y est m\u00eame arr\u00eat\u00e9 \u00e0 l&rsquo;heure du d\u00e9jeuner.<\/p>\n<p><strong>Sensibiliser le public\u00a0<\/strong><\/p>\n<p style=\"text-align: justify;\"><span style=\"font-size: 11.0pt; font-family: 'Calibri','sans-serif';\">La grosse soixantaine de cyclorandonneurs s&rsquo;est arr\u00eat\u00e9e sur l&rsquo;exploitation de V\u00e9ronique et Yves Cocherel \u00ab<a href=\"http:\/\/annuaire.agencebio.org\/pageDetail.asp,exportateur,default,categorie,1,pk_op,32011,departement,default,specialite,default,producteur,Les%20Plantes%20du%20Moros,page,1,region,default,rechercheavancee,,TypeOperateur,.rwi.html\" target=\"_blank\">Les Plantes du Moros<\/a>\u00bb, pr\u00e8s de la r\u00e9serve d&rsquo;eau du Brunec, \u00e0 Lanriec. Partie le matin de Plomeur avec comme objectif la communaut\u00e9 Emma\u00fcs \u00e0 R\u00e9d\u00e9n\u00e9, le peloton de l&rsquo;Alter Tour a rejoint sans accros le point de ralliement. Il faut dire que depuis la fameuse c\u00f4te de Beg-Min\u00e9 jusqu&rsquo;\u00e0 R\u00e9d\u00e9n\u00e9, le parcours avait \u00e9t\u00e9 soigneusement balis\u00e9 par l&rsquo;association concarnoise \u00abPignon sur rue\u00bb. Arriv\u00e9 aux Sables Blancs, le peloton a profit\u00e9 de l&rsquo;am\u00e9nagement propos\u00e9 sur la corniche avant de rejoindre les hauteurs du Moros. Apr\u00e8s cette pause, les \u00abaltercyclistes\u00bb ont pris la direction de R\u00e9d\u00e9n\u00e9. L&rsquo;Alter Tour est n\u00e9 en 2008 pour d\u00e9noncer le dopage dans le sport tout comme dans l&rsquo;agriculture par apport d&rsquo;engrais. Cet autre Tour de France est parti, le 2juillet dernier et prend fin, apr\u00e8s 2.000 kilom\u00e8tres parcourus, le 14 ao\u00fbt. Un tour tout en lenteur, symbolis\u00e9 par un escargot, qui f\u00e9d\u00e8re de nombreuses associations qui souhaitent, par cette action, sensibiliser toujours plus de monde.<\/span><\/p>\n<p style=\"text-align: right;\"><strong>Charente Libre<\/strong><\/p>\n","protected":false},"excerpt":{"rendered":"<p>Une grosse soixantaine de coureurs de l&rsquo;Alter Tour a fait escale, samedi, \u00e0 Lanriec, \u00e0 la coop\u00e9rative bio \u00abLes Plantes du Moros\u00bb. L&rsquo;Alter Tour est pass\u00e9, samedi, par Concarneau. Et s&rsquo;y est m\u00eame arr\u00eat\u00e9 \u00e0 l&rsquo;heure du d\u00e9jeuner. Sensibiliser le public\u00a0 La grosse soixantaine de cyclorandonneurs s&rsquo;est arr\u00eat\u00e9e sur l&rsquo;exploitation &#8230; <\/p>\n<div><a href=\"https:\/\/www.altercampagne.net\/?p=4555\" class=\"more-link\">Read More<\/a><\/div>\n","protected":false},"author":214,"featured_media":0,"comment_status":"closed","ping_status":"closed","sticky":false,"template":"","format":"standard","meta":{"footnotes":""},"categories":[239],"tags":[20,59,410,1301,2095,2186,2188,2206,2212,2213,2214],"class_list":["post-4555","post","type-post","status-publish","format-standard","hentry","category-revue-de-presse","tag-bretagne","tag-pignon-sur-rue","tag-finistere","tag-altertour-2010","tag-2095","tag-concarneau","tag-redene","tag-emmaus","tag-les-plantes-du-moros","tag-lanriec","tag-plomeur","no-post-thumbnail"],"yoast_head":"<!-- This site is optimized with the Yoast SEO plugin v27.3 - https:\/\/yoast.com\/product\/yoast-seo-wordpress\/ -->\n<title>Alter Tour. Escale concarnoise pour le peloton - AlterTour<\/title>\n<meta name=\"robots\" content=\"index, follow, max-snippet:-1, max-image-preview:large, max-video-preview:-1\" \/>\n<link rel=\"canonical\" href=\"https:\/\/www.altercampagne.net\/?p=4555\" \/>\n<meta property=\"og:locale\" content=\"fr_FR\" \/>\n<meta property=\"og:type\" content=\"article\" \/>\n<meta property=\"og:title\" content=\"Alter Tour. Escale concarnoise pour le peloton - AlterTour\" \/>\n<meta property=\"og:description\" content=\"Une grosse soixantaine de coureurs de l&rsquo;Alter Tour a fait escale, samedi, \u00e0 Lanriec, \u00e0 la coop\u00e9rative bio \u00abLes Plantes du Moros\u00bb. L&rsquo;Alter Tour est pass\u00e9, samedi, par Concarneau. Et s&rsquo;y est m\u00eame arr\u00eat\u00e9 \u00e0 l&rsquo;heure du d\u00e9jeuner. Sensibiliser le public\u00a0 La grosse soixantaine de cyclorandonneurs s&rsquo;est arr\u00eat\u00e9e sur l&rsquo;exploitation ... Read More\" \/>\n<meta property=\"og:url\" content=\"https:\/\/www.altercampagne.net\/?p=4555\" \/>\n<meta property=\"og:site_name\" content=\"AlterTour\" \/>\n<meta property=\"article:published_time\" content=\"2010-07-26T14:16:05+00:00\" \/>\n<meta property=\"article:modified_time\" content=\"2016-04-24T11:59:25+00:00\" \/>\n<meta property=\"og:image\" content=\"http:\/\/altercampagne.free.fr\/pages\/2008\/AlterTour\/pic\/Altertour-Concarneau.jpg\" \/>\n<meta name=\"author\" content=\"Mathieu\" \/>\n<meta name=\"twitter:card\" content=\"summary_large_image\" \/>\n<meta name=\"twitter:label1\" content=\"\u00c9crit par\" \/>\n\t<meta name=\"twitter:data1\" content=\"Mathieu\" \/>\n\t<meta name=\"twitter:label2\" content=\"Dur\u00e9e de lecture estim\u00e9e\" \/>\n\t<meta name=\"twitter:data2\" content=\"1 minute\" \/>\n<script type=\"application\/ld+json\" class=\"yoast-schema-graph\">{\"@context\":\"https:\\\/\\\/schema.org\",\"@graph\":[{\"@type\":\"Article\",\"@id\":\"https:\\\/\\\/www.altercampagne.net\\\/?p=4555#article\",\"isPartOf\":{\"@id\":\"https:\\\/\\\/www.altercampagne.net\\\/?p=4555\"},\"author\":{\"name\":\"Mathieu\",\"@id\":\"https:\\\/\\\/www.altercampagne.net\\\/#\\\/schema\\\/person\\\/0f261460c09e430caa0f9bcffa319109\"},\"headline\":\"Alter Tour. Escale concarnoise pour le peloton\",\"datePublished\":\"2010-07-26T14:16:05+00:00\",\"dateModified\":\"2016-04-24T11:59:25+00:00\",\"mainEntityOfPage\":{\"@id\":\"https:\\\/\\\/www.altercampagne.net\\\/?p=4555\"},\"wordCount\":253,\"image\":{\"@id\":\"https:\\\/\\\/www.altercampagne.net\\\/?p=4555#primaryimage\"},\"thumbnailUrl\":\"http:\\\/\\\/altercampagne.free.fr\\\/pages\\\/2008\\\/AlterTour\\\/pic\\\/Altertour-Concarneau.jpg\",\"keywords\":[\"bretagne\",\"pignon sur rue\",\"finist\u00e8re\",\"AlterTour 2010\",\"2010\",\"Concarneau\",\"R\u00e9den\u00e9\",\"Emma\u00fcs\",\"Les Plantes du Moros\",\"Lanriec\",\"Plomeur\"],\"articleSection\":[\"Revue de presse\"],\"inLanguage\":\"fr-FR\"},{\"@type\":\"WebPage\",\"@id\":\"https:\\\/\\\/www.altercampagne.net\\\/?p=4555\",\"url\":\"https:\\\/\\\/www.altercampagne.net\\\/?p=4555\",\"name\":\"Alter Tour. Escale concarnoise pour le peloton - AlterTour\",\"isPartOf\":{\"@id\":\"https:\\\/\\\/www.altercampagne.net\\\/#website\"},\"primaryImageOfPage\":{\"@id\":\"https:\\\/\\\/www.altercampagne.net\\\/?p=4555#primaryimage\"},\"image\":{\"@id\":\"https:\\\/\\\/www.altercampagne.net\\\/?p=4555#primaryimage\"},\"thumbnailUrl\":\"http:\\\/\\\/altercampagne.free.fr\\\/pages\\\/2008\\\/AlterTour\\\/pic\\\/Altertour-Concarneau.jpg\",\"datePublished\":\"2010-07-26T14:16:05+00:00\",\"dateModified\":\"2016-04-24T11:59:25+00:00\",\"author\":{\"@id\":\"https:\\\/\\\/www.altercampagne.net\\\/#\\\/schema\\\/person\\\/0f261460c09e430caa0f9bcffa319109\"},\"breadcrumb\":{\"@id\":\"https:\\\/\\\/www.altercampagne.net\\\/?p=4555#breadcrumb\"},\"inLanguage\":\"fr-FR\",\"potentialAction\":[{\"@type\":\"ReadAction\",\"target\":[\"https:\\\/\\\/www.altercampagne.net\\\/?p=4555\"]}]},{\"@type\":\"ImageObject\",\"inLanguage\":\"fr-FR\",\"@id\":\"https:\\\/\\\/www.altercampagne.net\\\/?p=4555#primaryimage\",\"url\":\"http:\\\/\\\/altercampagne.free.fr\\\/pages\\\/2008\\\/AlterTour\\\/pic\\\/Altertour-Concarneau.jpg\",\"contentUrl\":\"http:\\\/\\\/altercampagne.free.fr\\\/pages\\\/2008\\\/AlterTour\\\/pic\\\/Altertour-Concarneau.jpg\"},{\"@type\":\"BreadcrumbList\",\"@id\":\"https:\\\/\\\/www.altercampagne.net\\\/?p=4555#breadcrumb\",\"itemListElement\":[{\"@type\":\"ListItem\",\"position\":1,\"name\":\"Accueil\",\"item\":\"https:\\\/\\\/www.altercampagne.net\\\/\"},{\"@type\":\"ListItem\",\"position\":2,\"name\":\"Alter Tour. Escale concarnoise pour le peloton\"}]},{\"@type\":\"WebSite\",\"@id\":\"https:\\\/\\\/www.altercampagne.net\\\/#website\",\"url\":\"https:\\\/\\\/www.altercampagne.net\\\/\",\"name\":\"AlterTour\",\"description\":\"Reliez les Alternatives \u00e0 v\u00e9lo\",\"potentialAction\":[{\"@type\":\"SearchAction\",\"target\":{\"@type\":\"EntryPoint\",\"urlTemplate\":\"https:\\\/\\\/www.altercampagne.net\\\/?s={search_term_string}\"},\"query-input\":{\"@type\":\"PropertyValueSpecification\",\"valueRequired\":true,\"valueName\":\"search_term_string\"}}],\"inLanguage\":\"fr-FR\"},{\"@type\":\"Person\",\"@id\":\"https:\\\/\\\/www.altercampagne.net\\\/#\\\/schema\\\/person\\\/0f261460c09e430caa0f9bcffa319109\",\"name\":\"Mathieu\",\"image\":{\"@type\":\"ImageObject\",\"inLanguage\":\"fr-FR\",\"@id\":\"https:\\\/\\\/secure.gravatar.com\\\/avatar\\\/aa9d3d24c83f2141e5e2709d0f63d09a99f6be6bb7a50abc4915838d9f54501a?s=96&d=mm&r=g\",\"url\":\"https:\\\/\\\/secure.gravatar.com\\\/avatar\\\/aa9d3d24c83f2141e5e2709d0f63d09a99f6be6bb7a50abc4915838d9f54501a?s=96&d=mm&r=g\",\"contentUrl\":\"https:\\\/\\\/secure.gravatar.com\\\/avatar\\\/aa9d3d24c83f2141e5e2709d0f63d09a99f6be6bb7a50abc4915838d9f54501a?s=96&d=mm&r=g\",\"caption\":\"Mathieu\"},\"url\":\"https:\\\/\\\/www.altercampagne.net\\\/?author=214\"}]}<\/script>\n<!-- \/ Yoast SEO plugin. -->","yoast_head_json":{"title":"Alter Tour. Escale concarnoise pour le peloton - AlterTour","robots":{"index":"index","follow":"follow","max-snippet":"max-snippet:-1","max-image-preview":"max-image-preview:large","max-video-preview":"max-video-preview:-1"},"canonical":"https:\/\/www.altercampagne.net\/?p=4555","og_locale":"fr_FR","og_type":"article","og_title":"Alter Tour. Escale concarnoise pour le peloton - AlterTour","og_description":"Une grosse soixantaine de coureurs de l&rsquo;Alter Tour a fait escale, samedi, \u00e0 Lanriec, \u00e0 la coop\u00e9rative bio \u00abLes Plantes du Moros\u00bb. L&rsquo;Alter Tour est pass\u00e9, samedi, par Concarneau. Et s&rsquo;y est m\u00eame arr\u00eat\u00e9 \u00e0 l&rsquo;heure du d\u00e9jeuner. Sensibiliser le public\u00a0 La grosse soixantaine de cyclorandonneurs s&rsquo;est arr\u00eat\u00e9e sur l&rsquo;exploitation ... Read More","og_url":"https:\/\/www.altercampagne.net\/?p=4555","og_site_name":"AlterTour","article_published_time":"2010-07-26T14:16:05+00:00","article_modified_time":"2016-04-24T11:59:25+00:00","og_image":[{"url":"http:\/\/altercampagne.free.fr\/pages\/2008\/AlterTour\/pic\/Altertour-Concarneau.jpg","type":"","width":"","height":""}],"author":"Mathieu","twitter_card":"summary_large_image","twitter_misc":{"\u00c9crit par":"Mathieu","Dur\u00e9e de lecture estim\u00e9e":"1 minute"},"schema":{"@context":"https:\/\/schema.org","@graph":[{"@type":"Article","@id":"https:\/\/www.altercampagne.net\/?p=4555#article","isPartOf":{"@id":"https:\/\/www.altercampagne.net\/?p=4555"},"author":{"name":"Mathieu","@id":"https:\/\/www.altercampagne.net\/#\/schema\/person\/0f261460c09e430caa0f9bcffa319109"},"headline":"Alter Tour. Escale concarnoise pour le peloton","datePublished":"2010-07-26T14:16:05+00:00","dateModified":"2016-04-24T11:59:25+00:00","mainEntityOfPage":{"@id":"https:\/\/www.altercampagne.net\/?p=4555"},"wordCount":253,"image":{"@id":"https:\/\/www.altercampagne.net\/?p=4555#primaryimage"},"thumbnailUrl":"http:\/\/altercampagne.free.fr\/pages\/2008\/AlterTour\/pic\/Altertour-Concarneau.jpg","keywords":["bretagne","pignon sur rue","finist\u00e8re","AlterTour 2010","2010","Concarneau","R\u00e9den\u00e9","Emma\u00fcs","Les Plantes du Moros","Lanriec","Plomeur"],"articleSection":["Revue de presse"],"inLanguage":"fr-FR"},{"@type":"WebPage","@id":"https:\/\/www.altercampagne.net\/?p=4555","url":"https:\/\/www.altercampagne.net\/?p=4555","name":"Alter Tour. Escale concarnoise pour le peloton - AlterTour","isPartOf":{"@id":"https:\/\/www.altercampagne.net\/#website"},"primaryImageOfPage":{"@id":"https:\/\/www.altercampagne.net\/?p=4555#primaryimage"},"image":{"@id":"https:\/\/www.altercampagne.net\/?p=4555#primaryimage"},"thumbnailUrl":"http:\/\/altercampagne.free.fr\/pages\/2008\/AlterTour\/pic\/Altertour-Concarneau.jpg","datePublished":"2010-07-26T14:16:05+00:00","dateModified":"2016-04-24T11:59:25+00:00","author":{"@id":"https:\/\/www.altercampagne.net\/#\/schema\/person\/0f261460c09e430caa0f9bcffa319109"},"breadcrumb":{"@id":"https:\/\/www.altercampagne.net\/?p=4555#breadcrumb"},"inLanguage":"fr-FR","potentialAction":[{"@type":"ReadAction","target":["https:\/\/www.altercampagne.net\/?p=4555"]}]},{"@type":"ImageObject","inLanguage":"fr-FR","@id":"https:\/\/www.altercampagne.net\/?p=4555#primaryimage","url":"http:\/\/altercampagne.free.fr\/pages\/2008\/AlterTour\/pic\/Altertour-Concarneau.jpg","contentUrl":"http:\/\/altercampagne.free.fr\/pages\/2008\/AlterTour\/pic\/Altertour-Concarneau.jpg"},{"@type":"BreadcrumbList","@id":"https:\/\/www.altercampagne.net\/?p=4555#breadcrumb","itemListElement":[{"@type":"ListItem","position":1,"name":"Accueil","item":"https:\/\/www.altercampagne.net\/"},{"@type":"ListItem","position":2,"name":"Alter Tour. Escale concarnoise pour le peloton"}]},{"@type":"WebSite","@id":"https:\/\/www.altercampagne.net\/#website","url":"https:\/\/www.altercampagne.net\/","name":"AlterTour","description":"Reliez les Alternatives \u00e0 v\u00e9lo","potentialAction":[{"@type":"SearchAction","target":{"@type":"EntryPoint","urlTemplate":"https:\/\/www.altercampagne.net\/?s={search_term_string}"},"query-input":{"@type":"PropertyValueSpecification","valueRequired":true,"valueName":"search_term_string"}}],"inLanguage":"fr-FR"},{"@type":"Person","@id":"https:\/\/www.altercampagne.net\/#\/schema\/person\/0f261460c09e430caa0f9bcffa319109","name":"Mathieu","image":{"@type":"ImageObject","inLanguage":"fr-FR","@id":"https:\/\/secure.gravatar.com\/avatar\/aa9d3d24c83f2141e5e2709d0f63d09a99f6be6bb7a50abc4915838d9f54501a?s=96&d=mm&r=g","url":"https:\/\/secure.gravatar.com\/avatar\/aa9d3d24c83f2141e5e2709d0f63d09a99f6be6bb7a50abc4915838d9f54501a?s=96&d=mm&r=g","contentUrl":"https:\/\/secure.gravatar.com\/avatar\/aa9d3d24c83f2141e5e2709d0f63d09a99f6be6bb7a50abc4915838d9f54501a?s=96&d=mm&r=g","caption":"Mathieu"},"url":"https:\/\/www.altercampagne.net\/?author=214"}]}},"_links":{"self":[{"href":"https:\/\/www.altercampagne.net\/index.php?rest_route=\/wp\/v2\/posts\/4555","targetHints":{"allow":["GET"]}}],"collection":[{"href":"https:\/\/www.altercampagne.net\/index.php?rest_route=\/wp\/v2\/posts"}],"about":[{"href":"https:\/\/www.altercampagne.net\/index.php?rest_route=\/wp\/v2\/types\/post"}],"author":[{"embeddable":true,"href":"https:\/\/www.altercampagne.net\/index.php?rest_route=\/wp\/v2\/users\/214"}],"replies":[{"embeddable":true,"href":"https:\/\/www.altercampagne.net\/index.php?rest_route=%2Fwp%2Fv2%2Fcomments&post=4555"}],"version-history":[{"count":0,"href":"https:\/\/www.altercampagne.net\/index.php?rest_route=\/wp\/v2\/posts\/4555\/revisions"}],"wp:attachment":[{"href":"https:\/\/www.altercampagne.net\/index.php?rest_route=%2Fwp%2Fv2%2Fmedia&parent=4555"}],"wp:term":[{"taxonomy":"category","embeddable":true,"href":"https:\/\/www.altercampagne.net\/index.php?rest_route=%2Fwp%2Fv2%2Fcategories&post=4555"},{"taxonomy":"post_tag","embeddable":true,"href":"https:\/\/www.altercampagne.net\/index.php?rest_route=%2Fwp%2Fv2%2Ftags&post=4555"}],"curies":[{"name":"wp","href":"https:\/\/api.w.org\/{rel}","templated":true}]}}