{"id":4559,"date":"2010-07-27T16:21:49","date_gmt":"2010-07-27T14:21:49","guid":{"rendered":"http:\/\/www.altercampagne.net\/?p=4559"},"modified":"2024-08-27T17:11:55","modified_gmt":"2024-08-27T15:11:55","slug":"lalter-tour-cycliste-marque-une-etape-a-auray","status":"publish","type":"post","link":"https:\/\/www.altercampagne.net\/?p=4559","title":{"rendered":"L&rsquo;alter-tour cycliste marque une \u00e9tape \u00e0 Auray"},"content":{"rendered":"<p><strong><img loading=\"lazy\" decoding=\"async\" class=\" alignleft\" src=\"http:\/\/altercampagne.free.fr\/pages\/2008\/AlterTour\/pic\/Altertour-Aurey.jpg\" alt=\"\" width=\"470\" height=\"353\" \/>Dimanche en fin de journ\u00e9e, une quarantaine de cyclistes de l&rsquo;alter-tour ont fait \u00e9tape au Bel Air.<br \/>\nC&rsquo;est un relais solidaire pour aller \u00e0 la rencontre d&rsquo;acteurs de vies alternatives.<\/strong><\/p>\n<p>Trois questions \u00e0&#8230;<\/p>\n<p><strong>Mathieu Fromont,<\/strong> coordinateur, originaire de Besan\u00e7on.<\/p>\n<p><strong>Quelle est l&rsquo;origine de l&rsquo;alter-tour\u00a0?<\/strong><\/p>\n<p>Il y a six ans, on \u00e9tait un collectif d&rsquo;associations comme Attac, la conf\u00e9d\u00e9ration paysanne, les Verts&#8230; Qui s&rsquo;opposaient aux OGM. Le m\u00eame jour partout en France, puis l&rsquo;ann\u00e9e suivante dans le monde, des militants se retrouvaient. La troisi\u00e8me ann\u00e9e, on a voulu cr\u00e9er du lien. On a choisi d&rsquo;aller \u00e0 la rencontre des autres, avec comme transport \u00e9vident, le v\u00e9lo. Pour le premier tour, on a parcouru 3\u00a0600\u00a0km en trois semaines. L&rsquo;an dernier, 2\u00a0600\u00a0km en cinq semaines. Pour cette \u00e9dition, on est pass\u00e9 \u00e0 2\u00a0000\u00a0km en six semaines pour que les cyclistes puissent passer plus de temps avec les militants locaux et la population. On est aid\u00e9 par une trentaine de partenaires.<\/p>\n<p><strong>Comment se d\u00e9roule-t-il ?<\/strong><\/p>\n<p>Le d\u00e9part \u00e9tait \u00e0 Paris le 3\u00a0juillet apr\u00e8s une participation \u00e0 la V\u00e9lorution universelle qui a r\u00e9uni 1\u00a0500 cyclistes. Cette ann\u00e9e, notre circuit est en forme d&rsquo;escargot. C&rsquo;est un symbole de biodiversit\u00e9 et de sensibilit\u00e9 \u00e0 l&rsquo;environnement. Le tour passe par la Bretagne et se terminera le 14\u00a0ao\u00fbt dans la Creuse. Les alter cyclistes de l&rsquo;\u00e9dition 2009 se sont investis localement pour l&rsquo;accueil aux \u00e9tapes.<\/p>\n<p>Les participants s&rsquo;inscrivent du 1er\u00a0mai au 15\u00a0juin pour les \u00e9tapes qu&rsquo;ils veulent suivre. C&rsquo;est un parcours \u00e0 la carte. Avec Dominique B\u00e9roule, de Chevreuse, \u00e0 l&rsquo;initiative de cette manifestation, on est les seuls \u00e0 en faire l&rsquo;int\u00e9gralit\u00e9. On se limite \u00e0 70 personnes pour que l&rsquo;organisation ne soit pas trop lourde. On a d\u00e9j\u00e0 une camionnette qui suit pour les bagages, une voiture pour remorquer quelques v\u00e9los et un bus pour accueillir les relayeurs. Mais c&rsquo;est toujours moins que les 160 v\u00e9hicules du tour\u00a0! Les \u00e9tapes font entre 60 et 120\u00a0km. Toutes les unes ou deux heures, les cyclistes peuvent monter dans le bus. On a un jour de pause par semaine.<\/p>\n<p><strong>Quelles rencontres avez-vous faites\u00a0? <\/strong><\/p>\n<p>On d\u00e9couvre plein d&rsquo;acteurs de la vie alternative. Je pense par exemple \u00e0 cette belle rencontre avec Andr\u00e9 Pochon, sur le th\u00e8me des algues vertes. On a v\u00e9cu un fest-noz m\u00e9morable \u00e0 Saint-Bihy. Par hasard, on a crois\u00e9 un ancien coureur cycliste qui a \u00e9voqu\u00e9 la loi du silence autour du dopage. On a visit\u00e9 la chaufferie bois de Lorient avec les membres du r\u00e9seau Coh\u00e9rence. \u00c0 Auray, on voit le film \u00ab\u00a0Terres \u00e0 taire\u00a0\u00bb qui d\u00e9nonce les pratiques des gros cultivateurs paraguayens de soja.<\/p>\n<p style=\"text-align: right;\"><strong>Ouest France<\/strong><\/p>\n","protected":false},"excerpt":{"rendered":"<p>Dimanche en fin de journ\u00e9e, une quarantaine de cyclistes de l&rsquo;alter-tour ont fait \u00e9tape au Bel Air. C&rsquo;est un relais solidaire pour aller \u00e0 la rencontre d&rsquo;acteurs de vies alternatives. Trois questions \u00e0&#8230; Mathieu Fromont, coordinateur, originaire de Besan\u00e7on. Quelle est l&rsquo;origine de l&rsquo;alter-tour\u00a0? Il y a six ans, on &#8230; <\/p>\n<div><a href=\"https:\/\/www.altercampagne.net\/?p=4559\" class=\"more-link\">Read More<\/a><\/div>\n","protected":false},"author":214,"featured_media":0,"comment_status":"closed","ping_status":"closed","sticky":false,"template":"","format":"standard","meta":{"footnotes":""},"categories":[239],"tags":[20,412,1301,1904,2095,2200,2201,2218,2219],"class_list":["post-4559","post","type-post","status-publish","format-standard","hentry","category-revue-de-presse","tag-bretagne","tag-morbihan","tag-altertour-2010","tag-bel-air","tag-2095","tag-saint-bihy","tag-andre-pochon","tag-auray","tag-reseau-coherence","no-post-thumbnail"],"yoast_head":"<!-- This site is optimized with the Yoast SEO plugin v27.3 - https:\/\/yoast.com\/product\/yoast-seo-wordpress\/ -->\n<title>L&#039;alter-tour cycliste marque une \u00e9tape \u00e0 Auray - AlterTour<\/title>\n<meta name=\"robots\" content=\"index, follow, max-snippet:-1, max-image-preview:large, max-video-preview:-1\" \/>\n<link rel=\"canonical\" href=\"https:\/\/www.altercampagne.net\/?p=4559\" \/>\n<meta property=\"og:locale\" content=\"fr_FR\" \/>\n<meta property=\"og:type\" content=\"article\" \/>\n<meta property=\"og:title\" content=\"L&#039;alter-tour cycliste marque une \u00e9tape \u00e0 Auray - AlterTour\" \/>\n<meta property=\"og:description\" content=\"Dimanche en fin de journ\u00e9e, une quarantaine de cyclistes de l&rsquo;alter-tour ont fait \u00e9tape au Bel Air. C&rsquo;est un relais solidaire pour aller \u00e0 la rencontre d&rsquo;acteurs de vies alternatives. Trois questions \u00e0&#8230; Mathieu Fromont, coordinateur, originaire de Besan\u00e7on. Quelle est l&rsquo;origine de l&rsquo;alter-tour\u00a0? Il y a six ans, on ... Read More\" \/>\n<meta property=\"og:url\" content=\"https:\/\/www.altercampagne.net\/?p=4559\" \/>\n<meta property=\"og:site_name\" content=\"AlterTour\" \/>\n<meta property=\"article:published_time\" content=\"2010-07-27T14:21:49+00:00\" \/>\n<meta property=\"article:modified_time\" content=\"2024-08-27T15:11:55+00:00\" \/>\n<meta property=\"og:image\" content=\"http:\/\/altercampagne.free.fr\/pages\/2008\/AlterTour\/pic\/Altertour-Aurey.jpg\" \/>\n<meta name=\"author\" content=\"Mathieu\" \/>\n<meta name=\"twitter:card\" content=\"summary_large_image\" \/>\n<meta name=\"twitter:label1\" content=\"\u00c9crit par\" \/>\n\t<meta name=\"twitter:data1\" content=\"Mathieu\" \/>\n\t<meta name=\"twitter:label2\" content=\"Dur\u00e9e de lecture estim\u00e9e\" \/>\n\t<meta name=\"twitter:data2\" content=\"3 minutes\" \/>\n<script type=\"application\/ld+json\" class=\"yoast-schema-graph\">{\"@context\":\"https:\\\/\\\/schema.org\",\"@graph\":[{\"@type\":\"Article\",\"@id\":\"https:\\\/\\\/www.altercampagne.net\\\/?p=4559#article\",\"isPartOf\":{\"@id\":\"https:\\\/\\\/www.altercampagne.net\\\/?p=4559\"},\"author\":{\"name\":\"Mathieu\",\"@id\":\"https:\\\/\\\/www.altercampagne.net\\\/#\\\/schema\\\/person\\\/0f261460c09e430caa0f9bcffa319109\"},\"headline\":\"L&rsquo;alter-tour cycliste marque une \u00e9tape \u00e0 Auray\",\"datePublished\":\"2010-07-27T14:21:49+00:00\",\"dateModified\":\"2024-08-27T15:11:55+00:00\",\"mainEntityOfPage\":{\"@id\":\"https:\\\/\\\/www.altercampagne.net\\\/?p=4559\"},\"wordCount\":468,\"image\":{\"@id\":\"https:\\\/\\\/www.altercampagne.net\\\/?p=4559#primaryimage\"},\"thumbnailUrl\":\"http:\\\/\\\/altercampagne.free.fr\\\/pages\\\/2008\\\/AlterTour\\\/pic\\\/Altertour-Aurey.jpg\",\"keywords\":[\"bretagne\",\"morbihan\",\"AlterTour 2010\",\"Bel Air\",\"2010\",\"Saint-Bihy\",\"Andr\u00e9 Pochon\",\"Auray\",\"r\u00e9seau Coh\u00e9rence\"],\"articleSection\":[\"Revue de presse\"],\"inLanguage\":\"fr-FR\"},{\"@type\":\"WebPage\",\"@id\":\"https:\\\/\\\/www.altercampagne.net\\\/?p=4559\",\"url\":\"https:\\\/\\\/www.altercampagne.net\\\/?p=4559\",\"name\":\"L'alter-tour cycliste marque une \u00e9tape \u00e0 Auray - AlterTour\",\"isPartOf\":{\"@id\":\"https:\\\/\\\/www.altercampagne.net\\\/#website\"},\"primaryImageOfPage\":{\"@id\":\"https:\\\/\\\/www.altercampagne.net\\\/?p=4559#primaryimage\"},\"image\":{\"@id\":\"https:\\\/\\\/www.altercampagne.net\\\/?p=4559#primaryimage\"},\"thumbnailUrl\":\"http:\\\/\\\/altercampagne.free.fr\\\/pages\\\/2008\\\/AlterTour\\\/pic\\\/Altertour-Aurey.jpg\",\"datePublished\":\"2010-07-27T14:21:49+00:00\",\"dateModified\":\"2024-08-27T15:11:55+00:00\",\"author\":{\"@id\":\"https:\\\/\\\/www.altercampagne.net\\\/#\\\/schema\\\/person\\\/0f261460c09e430caa0f9bcffa319109\"},\"breadcrumb\":{\"@id\":\"https:\\\/\\\/www.altercampagne.net\\\/?p=4559#breadcrumb\"},\"inLanguage\":\"fr-FR\",\"potentialAction\":[{\"@type\":\"ReadAction\",\"target\":[\"https:\\\/\\\/www.altercampagne.net\\\/?p=4559\"]}]},{\"@type\":\"ImageObject\",\"inLanguage\":\"fr-FR\",\"@id\":\"https:\\\/\\\/www.altercampagne.net\\\/?p=4559#primaryimage\",\"url\":\"http:\\\/\\\/altercampagne.free.fr\\\/pages\\\/2008\\\/AlterTour\\\/pic\\\/Altertour-Aurey.jpg\",\"contentUrl\":\"http:\\\/\\\/altercampagne.free.fr\\\/pages\\\/2008\\\/AlterTour\\\/pic\\\/Altertour-Aurey.jpg\"},{\"@type\":\"BreadcrumbList\",\"@id\":\"https:\\\/\\\/www.altercampagne.net\\\/?p=4559#breadcrumb\",\"itemListElement\":[{\"@type\":\"ListItem\",\"position\":1,\"name\":\"Accueil\",\"item\":\"https:\\\/\\\/www.altercampagne.net\\\/\"},{\"@type\":\"ListItem\",\"position\":2,\"name\":\"L&rsquo;alter-tour cycliste marque une \u00e9tape \u00e0 Auray\"}]},{\"@type\":\"WebSite\",\"@id\":\"https:\\\/\\\/www.altercampagne.net\\\/#website\",\"url\":\"https:\\\/\\\/www.altercampagne.net\\\/\",\"name\":\"AlterTour\",\"description\":\"Reliez les Alternatives \u00e0 v\u00e9lo\",\"potentialAction\":[{\"@type\":\"SearchAction\",\"target\":{\"@type\":\"EntryPoint\",\"urlTemplate\":\"https:\\\/\\\/www.altercampagne.net\\\/?s={search_term_string}\"},\"query-input\":{\"@type\":\"PropertyValueSpecification\",\"valueRequired\":true,\"valueName\":\"search_term_string\"}}],\"inLanguage\":\"fr-FR\"},{\"@type\":\"Person\",\"@id\":\"https:\\\/\\\/www.altercampagne.net\\\/#\\\/schema\\\/person\\\/0f261460c09e430caa0f9bcffa319109\",\"name\":\"Mathieu\",\"image\":{\"@type\":\"ImageObject\",\"inLanguage\":\"fr-FR\",\"@id\":\"https:\\\/\\\/secure.gravatar.com\\\/avatar\\\/aa9d3d24c83f2141e5e2709d0f63d09a99f6be6bb7a50abc4915838d9f54501a?s=96&d=mm&r=g\",\"url\":\"https:\\\/\\\/secure.gravatar.com\\\/avatar\\\/aa9d3d24c83f2141e5e2709d0f63d09a99f6be6bb7a50abc4915838d9f54501a?s=96&d=mm&r=g\",\"contentUrl\":\"https:\\\/\\\/secure.gravatar.com\\\/avatar\\\/aa9d3d24c83f2141e5e2709d0f63d09a99f6be6bb7a50abc4915838d9f54501a?s=96&d=mm&r=g\",\"caption\":\"Mathieu\"},\"url\":\"https:\\\/\\\/www.altercampagne.net\\\/?author=214\"}]}<\/script>\n<!-- \/ Yoast SEO plugin. -->","yoast_head_json":{"title":"L'alter-tour cycliste marque une \u00e9tape \u00e0 Auray - AlterTour","robots":{"index":"index","follow":"follow","max-snippet":"max-snippet:-1","max-image-preview":"max-image-preview:large","max-video-preview":"max-video-preview:-1"},"canonical":"https:\/\/www.altercampagne.net\/?p=4559","og_locale":"fr_FR","og_type":"article","og_title":"L'alter-tour cycliste marque une \u00e9tape \u00e0 Auray - AlterTour","og_description":"Dimanche en fin de journ\u00e9e, une quarantaine de cyclistes de l&rsquo;alter-tour ont fait \u00e9tape au Bel Air. C&rsquo;est un relais solidaire pour aller \u00e0 la rencontre d&rsquo;acteurs de vies alternatives. Trois questions \u00e0&#8230; Mathieu Fromont, coordinateur, originaire de Besan\u00e7on. Quelle est l&rsquo;origine de l&rsquo;alter-tour\u00a0? Il y a six ans, on ... Read More","og_url":"https:\/\/www.altercampagne.net\/?p=4559","og_site_name":"AlterTour","article_published_time":"2010-07-27T14:21:49+00:00","article_modified_time":"2024-08-27T15:11:55+00:00","og_image":[{"url":"http:\/\/altercampagne.free.fr\/pages\/2008\/AlterTour\/pic\/Altertour-Aurey.jpg","type":"","width":"","height":""}],"author":"Mathieu","twitter_card":"summary_large_image","twitter_misc":{"\u00c9crit par":"Mathieu","Dur\u00e9e de lecture estim\u00e9e":"3 minutes"},"schema":{"@context":"https:\/\/schema.org","@graph":[{"@type":"Article","@id":"https:\/\/www.altercampagne.net\/?p=4559#article","isPartOf":{"@id":"https:\/\/www.altercampagne.net\/?p=4559"},"author":{"name":"Mathieu","@id":"https:\/\/www.altercampagne.net\/#\/schema\/person\/0f261460c09e430caa0f9bcffa319109"},"headline":"L&rsquo;alter-tour cycliste marque une \u00e9tape \u00e0 Auray","datePublished":"2010-07-27T14:21:49+00:00","dateModified":"2024-08-27T15:11:55+00:00","mainEntityOfPage":{"@id":"https:\/\/www.altercampagne.net\/?p=4559"},"wordCount":468,"image":{"@id":"https:\/\/www.altercampagne.net\/?p=4559#primaryimage"},"thumbnailUrl":"http:\/\/altercampagne.free.fr\/pages\/2008\/AlterTour\/pic\/Altertour-Aurey.jpg","keywords":["bretagne","morbihan","AlterTour 2010","Bel Air","2010","Saint-Bihy","Andr\u00e9 Pochon","Auray","r\u00e9seau Coh\u00e9rence"],"articleSection":["Revue de presse"],"inLanguage":"fr-FR"},{"@type":"WebPage","@id":"https:\/\/www.altercampagne.net\/?p=4559","url":"https:\/\/www.altercampagne.net\/?p=4559","name":"L'alter-tour cycliste marque une \u00e9tape \u00e0 Auray - AlterTour","isPartOf":{"@id":"https:\/\/www.altercampagne.net\/#website"},"primaryImageOfPage":{"@id":"https:\/\/www.altercampagne.net\/?p=4559#primaryimage"},"image":{"@id":"https:\/\/www.altercampagne.net\/?p=4559#primaryimage"},"thumbnailUrl":"http:\/\/altercampagne.free.fr\/pages\/2008\/AlterTour\/pic\/Altertour-Aurey.jpg","datePublished":"2010-07-27T14:21:49+00:00","dateModified":"2024-08-27T15:11:55+00:00","author":{"@id":"https:\/\/www.altercampagne.net\/#\/schema\/person\/0f261460c09e430caa0f9bcffa319109"},"breadcrumb":{"@id":"https:\/\/www.altercampagne.net\/?p=4559#breadcrumb"},"inLanguage":"fr-FR","potentialAction":[{"@type":"ReadAction","target":["https:\/\/www.altercampagne.net\/?p=4559"]}]},{"@type":"ImageObject","inLanguage":"fr-FR","@id":"https:\/\/www.altercampagne.net\/?p=4559#primaryimage","url":"http:\/\/altercampagne.free.fr\/pages\/2008\/AlterTour\/pic\/Altertour-Aurey.jpg","contentUrl":"http:\/\/altercampagne.free.fr\/pages\/2008\/AlterTour\/pic\/Altertour-Aurey.jpg"},{"@type":"BreadcrumbList","@id":"https:\/\/www.altercampagne.net\/?p=4559#breadcrumb","itemListElement":[{"@type":"ListItem","position":1,"name":"Accueil","item":"https:\/\/www.altercampagne.net\/"},{"@type":"ListItem","position":2,"name":"L&rsquo;alter-tour cycliste marque une \u00e9tape \u00e0 Auray"}]},{"@type":"WebSite","@id":"https:\/\/www.altercampagne.net\/#website","url":"https:\/\/www.altercampagne.net\/","name":"AlterTour","description":"Reliez les Alternatives \u00e0 v\u00e9lo","potentialAction":[{"@type":"SearchAction","target":{"@type":"EntryPoint","urlTemplate":"https:\/\/www.altercampagne.net\/?s={search_term_string}"},"query-input":{"@type":"PropertyValueSpecification","valueRequired":true,"valueName":"search_term_string"}}],"inLanguage":"fr-FR"},{"@type":"Person","@id":"https:\/\/www.altercampagne.net\/#\/schema\/person\/0f261460c09e430caa0f9bcffa319109","name":"Mathieu","image":{"@type":"ImageObject","inLanguage":"fr-FR","@id":"https:\/\/secure.gravatar.com\/avatar\/aa9d3d24c83f2141e5e2709d0f63d09a99f6be6bb7a50abc4915838d9f54501a?s=96&d=mm&r=g","url":"https:\/\/secure.gravatar.com\/avatar\/aa9d3d24c83f2141e5e2709d0f63d09a99f6be6bb7a50abc4915838d9f54501a?s=96&d=mm&r=g","contentUrl":"https:\/\/secure.gravatar.com\/avatar\/aa9d3d24c83f2141e5e2709d0f63d09a99f6be6bb7a50abc4915838d9f54501a?s=96&d=mm&r=g","caption":"Mathieu"},"url":"https:\/\/www.altercampagne.net\/?author=214"}]}},"_links":{"self":[{"href":"https:\/\/www.altercampagne.net\/index.php?rest_route=\/wp\/v2\/posts\/4559","targetHints":{"allow":["GET"]}}],"collection":[{"href":"https:\/\/www.altercampagne.net\/index.php?rest_route=\/wp\/v2\/posts"}],"about":[{"href":"https:\/\/www.altercampagne.net\/index.php?rest_route=\/wp\/v2\/types\/post"}],"author":[{"embeddable":true,"href":"https:\/\/www.altercampagne.net\/index.php?rest_route=\/wp\/v2\/users\/214"}],"replies":[{"embeddable":true,"href":"https:\/\/www.altercampagne.net\/index.php?rest_route=%2Fwp%2Fv2%2Fcomments&post=4559"}],"version-history":[{"count":1,"href":"https:\/\/www.altercampagne.net\/index.php?rest_route=\/wp\/v2\/posts\/4559\/revisions"}],"predecessor-version":[{"id":28644,"href":"https:\/\/www.altercampagne.net\/index.php?rest_route=\/wp\/v2\/posts\/4559\/revisions\/28644"}],"wp:attachment":[{"href":"https:\/\/www.altercampagne.net\/index.php?rest_route=%2Fwp%2Fv2%2Fmedia&parent=4559"}],"wp:term":[{"taxonomy":"category","embeddable":true,"href":"https:\/\/www.altercampagne.net\/index.php?rest_route=%2Fwp%2Fv2%2Fcategories&post=4559"},{"taxonomy":"post_tag","embeddable":true,"href":"https:\/\/www.altercampagne.net\/index.php?rest_route=%2Fwp%2Fv2%2Ftags&post=4559"}],"curies":[{"name":"wp","href":"https:\/\/api.w.org\/{rel}","templated":true}]}}