{"id":4562,"date":"2010-07-27T16:27:25","date_gmt":"2010-07-27T14:27:25","guid":{"rendered":"http:\/\/www.altercampagne.net\/?p=4562"},"modified":"2016-04-24T13:50:03","modified_gmt":"2016-04-24T11:50:03","slug":"lalter-tour-fait-etape-au-brunec","status":"publish","type":"post","link":"https:\/\/www.altercampagne.net\/?p=4562","title":{"rendered":"L&rsquo;Alter tour fait \u00e9tape au Brunec"},"content":{"rendered":"<p><img loading=\"lazy\" decoding=\"async\" class=\" alignright\" src=\"http:\/\/altercampagne.free.fr\/pages\/2008\/AlterTour\/pic\/Altertour-Brunec.jpg\" alt=\"\" width=\"470\" height=\"352\" \/>La 3<sup>e<\/sup> \u00e9dition de l&rsquo;Alter tour pour une plan\u00e8te sans dopages, qui s&rsquo;est \u00e9lanc\u00e9e de Paris en m\u00eame temps que le Tour de France, a fait \u00e9tape samedi midi \u00e0 la plantation bio du Brunec. V\u00e9ronique et Yves Cocherel, les propri\u00e9taires, ont accueilli les 70 cyclistes partis le matin de Ploemeur, en Bigoud\u00e9nie.<\/p>\n<p><strong>\u00c9loge de la lenteur<\/strong><\/p>\n<p>Chaque participant emprunte une des altercyclette partag\u00e9es, accomplit un cha\u00eenon de quelques kilom\u00e8tres, puis transmet le relais et sa bicyclette \u00e0 un partenaire qui parcourt le cha\u00eenon suivant, et ainsi de suite tout le long d&rsquo;un grand circuit. Sans esprit de comp\u00e9tition, chacun des 200 inscrits \u00e0 ce tour en forme d&rsquo;escargot, symbole de la biodiversit\u00e9, accomplit son p\u00e9riple \u00e0 la carte.<\/p>\n<p><strong>\u00ab\u00a0Ce tour est l&rsquo;\u00e9loge de la lenteur. Parti le 3\u00a0juillet, l&rsquo;Alter tour prend fin trois semaines apr\u00e8s l&rsquo;arriv\u00e9e \u00e0 Paris. L&rsquo;important c&rsquo;est de permettre \u00e0 notre cha\u00eenon, un sac rempli de graines de vari\u00e9t\u00e9s de bl\u00e9 anciennes, d&rsquo;arriver le 15\u00a0ao\u00fbt \u00e0 Gu\u00e9ret, dans la Creuse. C&rsquo;est un effort collectif sans esprit de comp\u00e9tition dont on mesure les d\u00e9g\u00e2ts aujourd&rsquo;hui sur notre soci\u00e9t\u00e9\u00a0\u00bb,<\/strong> explique un responsable.<\/p>\n<p>Soixante-dix cyclistes font le tour de France \u00e0 leur mani\u00e8re, sans esprit de comp\u00e9tition et pour pr\u00e9server la plan\u00e8te.<\/p>\n","protected":false},"excerpt":{"rendered":"<p>La 3e \u00e9dition de l&rsquo;Alter tour pour une plan\u00e8te sans dopages, qui s&rsquo;est \u00e9lanc\u00e9e de Paris en m\u00eame temps que le Tour de France, a fait \u00e9tape samedi midi \u00e0 la plantation bio du Brunec. V\u00e9ronique et Yves Cocherel, les propri\u00e9taires, ont accueilli les 70 cyclistes partis le matin de &#8230; <\/p>\n<div><a href=\"https:\/\/www.altercampagne.net\/?p=4562\" class=\"more-link\">Read More<\/a><\/div>\n","protected":false},"author":214,"featured_media":0,"comment_status":"closed","ping_status":"closed","sticky":false,"template":"","format":"standard","meta":{"footnotes":""},"categories":[239],"tags":[1301,2095,2220,2221,2222,2223],"class_list":["post-4562","post","type-post","status-publish","format-standard","hentry","category-revue-de-presse","tag-altertour-2010","tag-2095","tag-brunec","tag-ploemeur","tag-veronique-cocherel","tag-yves-cocherel","no-post-thumbnail"],"yoast_head":"<!-- This site is optimized with the Yoast SEO plugin v27.3 - https:\/\/yoast.com\/product\/yoast-seo-wordpress\/ -->\n<title>L&#039;Alter tour fait \u00e9tape au Brunec - AlterTour<\/title>\n<meta name=\"robots\" content=\"index, follow, max-snippet:-1, max-image-preview:large, max-video-preview:-1\" \/>\n<link rel=\"canonical\" href=\"https:\/\/www.altercampagne.net\/?p=4562\" \/>\n<meta property=\"og:locale\" content=\"fr_FR\" \/>\n<meta property=\"og:type\" content=\"article\" \/>\n<meta property=\"og:title\" content=\"L&#039;Alter tour fait \u00e9tape au Brunec - AlterTour\" \/>\n<meta property=\"og:description\" content=\"La 3e \u00e9dition de l&rsquo;Alter tour pour une plan\u00e8te sans dopages, qui s&rsquo;est \u00e9lanc\u00e9e de Paris en m\u00eame temps que le Tour de France, a fait \u00e9tape samedi midi \u00e0 la plantation bio du Brunec. V\u00e9ronique et Yves Cocherel, les propri\u00e9taires, ont accueilli les 70 cyclistes partis le matin de ... Read More\" \/>\n<meta property=\"og:url\" content=\"https:\/\/www.altercampagne.net\/?p=4562\" \/>\n<meta property=\"og:site_name\" content=\"AlterTour\" \/>\n<meta property=\"article:published_time\" content=\"2010-07-27T14:27:25+00:00\" \/>\n<meta property=\"article:modified_time\" content=\"2016-04-24T11:50:03+00:00\" \/>\n<meta property=\"og:image\" content=\"http:\/\/altercampagne.free.fr\/pages\/2008\/AlterTour\/pic\/Altertour-Brunec.jpg\" \/>\n<meta name=\"author\" content=\"Mathieu\" \/>\n<meta name=\"twitter:card\" content=\"summary_large_image\" \/>\n<meta name=\"twitter:label1\" content=\"\u00c9crit par\" \/>\n\t<meta name=\"twitter:data1\" content=\"Mathieu\" \/>\n\t<meta name=\"twitter:label2\" content=\"Dur\u00e9e de lecture estim\u00e9e\" \/>\n\t<meta name=\"twitter:data2\" content=\"1 minute\" \/>\n<script type=\"application\/ld+json\" class=\"yoast-schema-graph\">{\"@context\":\"https:\\\/\\\/schema.org\",\"@graph\":[{\"@type\":\"Article\",\"@id\":\"https:\\\/\\\/www.altercampagne.net\\\/?p=4562#article\",\"isPartOf\":{\"@id\":\"https:\\\/\\\/www.altercampagne.net\\\/?p=4562\"},\"author\":{\"name\":\"Mathieu\",\"@id\":\"https:\\\/\\\/www.altercampagne.net\\\/#\\\/schema\\\/person\\\/0f261460c09e430caa0f9bcffa319109\"},\"headline\":\"L&rsquo;Alter tour fait \u00e9tape au Brunec\",\"datePublished\":\"2010-07-27T14:27:25+00:00\",\"dateModified\":\"2016-04-24T11:50:03+00:00\",\"mainEntityOfPage\":{\"@id\":\"https:\\\/\\\/www.altercampagne.net\\\/?p=4562\"},\"wordCount\":239,\"image\":{\"@id\":\"https:\\\/\\\/www.altercampagne.net\\\/?p=4562#primaryimage\"},\"thumbnailUrl\":\"http:\\\/\\\/altercampagne.free.fr\\\/pages\\\/2008\\\/AlterTour\\\/pic\\\/Altertour-Brunec.jpg\",\"keywords\":[\"AlterTour 2010\",\"2010\",\"Brunec\",\"Ploemeur\",\"V\u00e9ronique Cocherel\",\"Yves Cocherel\"],\"articleSection\":[\"Revue de presse\"],\"inLanguage\":\"fr-FR\"},{\"@type\":\"WebPage\",\"@id\":\"https:\\\/\\\/www.altercampagne.net\\\/?p=4562\",\"url\":\"https:\\\/\\\/www.altercampagne.net\\\/?p=4562\",\"name\":\"L'Alter tour fait \u00e9tape au Brunec - AlterTour\",\"isPartOf\":{\"@id\":\"https:\\\/\\\/www.altercampagne.net\\\/#website\"},\"primaryImageOfPage\":{\"@id\":\"https:\\\/\\\/www.altercampagne.net\\\/?p=4562#primaryimage\"},\"image\":{\"@id\":\"https:\\\/\\\/www.altercampagne.net\\\/?p=4562#primaryimage\"},\"thumbnailUrl\":\"http:\\\/\\\/altercampagne.free.fr\\\/pages\\\/2008\\\/AlterTour\\\/pic\\\/Altertour-Brunec.jpg\",\"datePublished\":\"2010-07-27T14:27:25+00:00\",\"dateModified\":\"2016-04-24T11:50:03+00:00\",\"author\":{\"@id\":\"https:\\\/\\\/www.altercampagne.net\\\/#\\\/schema\\\/person\\\/0f261460c09e430caa0f9bcffa319109\"},\"breadcrumb\":{\"@id\":\"https:\\\/\\\/www.altercampagne.net\\\/?p=4562#breadcrumb\"},\"inLanguage\":\"fr-FR\",\"potentialAction\":[{\"@type\":\"ReadAction\",\"target\":[\"https:\\\/\\\/www.altercampagne.net\\\/?p=4562\"]}]},{\"@type\":\"ImageObject\",\"inLanguage\":\"fr-FR\",\"@id\":\"https:\\\/\\\/www.altercampagne.net\\\/?p=4562#primaryimage\",\"url\":\"http:\\\/\\\/altercampagne.free.fr\\\/pages\\\/2008\\\/AlterTour\\\/pic\\\/Altertour-Brunec.jpg\",\"contentUrl\":\"http:\\\/\\\/altercampagne.free.fr\\\/pages\\\/2008\\\/AlterTour\\\/pic\\\/Altertour-Brunec.jpg\"},{\"@type\":\"BreadcrumbList\",\"@id\":\"https:\\\/\\\/www.altercampagne.net\\\/?p=4562#breadcrumb\",\"itemListElement\":[{\"@type\":\"ListItem\",\"position\":1,\"name\":\"Accueil\",\"item\":\"https:\\\/\\\/www.altercampagne.net\\\/\"},{\"@type\":\"ListItem\",\"position\":2,\"name\":\"L&rsquo;Alter tour fait \u00e9tape au Brunec\"}]},{\"@type\":\"WebSite\",\"@id\":\"https:\\\/\\\/www.altercampagne.net\\\/#website\",\"url\":\"https:\\\/\\\/www.altercampagne.net\\\/\",\"name\":\"AlterTour\",\"description\":\"Reliez les Alternatives \u00e0 v\u00e9lo\",\"potentialAction\":[{\"@type\":\"SearchAction\",\"target\":{\"@type\":\"EntryPoint\",\"urlTemplate\":\"https:\\\/\\\/www.altercampagne.net\\\/?s={search_term_string}\"},\"query-input\":{\"@type\":\"PropertyValueSpecification\",\"valueRequired\":true,\"valueName\":\"search_term_string\"}}],\"inLanguage\":\"fr-FR\"},{\"@type\":\"Person\",\"@id\":\"https:\\\/\\\/www.altercampagne.net\\\/#\\\/schema\\\/person\\\/0f261460c09e430caa0f9bcffa319109\",\"name\":\"Mathieu\",\"image\":{\"@type\":\"ImageObject\",\"inLanguage\":\"fr-FR\",\"@id\":\"https:\\\/\\\/secure.gravatar.com\\\/avatar\\\/aa9d3d24c83f2141e5e2709d0f63d09a99f6be6bb7a50abc4915838d9f54501a?s=96&d=mm&r=g\",\"url\":\"https:\\\/\\\/secure.gravatar.com\\\/avatar\\\/aa9d3d24c83f2141e5e2709d0f63d09a99f6be6bb7a50abc4915838d9f54501a?s=96&d=mm&r=g\",\"contentUrl\":\"https:\\\/\\\/secure.gravatar.com\\\/avatar\\\/aa9d3d24c83f2141e5e2709d0f63d09a99f6be6bb7a50abc4915838d9f54501a?s=96&d=mm&r=g\",\"caption\":\"Mathieu\"},\"url\":\"https:\\\/\\\/www.altercampagne.net\\\/?author=214\"}]}<\/script>\n<!-- \/ Yoast SEO plugin. -->","yoast_head_json":{"title":"L'Alter tour fait \u00e9tape au Brunec - AlterTour","robots":{"index":"index","follow":"follow","max-snippet":"max-snippet:-1","max-image-preview":"max-image-preview:large","max-video-preview":"max-video-preview:-1"},"canonical":"https:\/\/www.altercampagne.net\/?p=4562","og_locale":"fr_FR","og_type":"article","og_title":"L'Alter tour fait \u00e9tape au Brunec - AlterTour","og_description":"La 3e \u00e9dition de l&rsquo;Alter tour pour une plan\u00e8te sans dopages, qui s&rsquo;est \u00e9lanc\u00e9e de Paris en m\u00eame temps que le Tour de France, a fait \u00e9tape samedi midi \u00e0 la plantation bio du Brunec. V\u00e9ronique et Yves Cocherel, les propri\u00e9taires, ont accueilli les 70 cyclistes partis le matin de ... Read More","og_url":"https:\/\/www.altercampagne.net\/?p=4562","og_site_name":"AlterTour","article_published_time":"2010-07-27T14:27:25+00:00","article_modified_time":"2016-04-24T11:50:03+00:00","og_image":[{"url":"http:\/\/altercampagne.free.fr\/pages\/2008\/AlterTour\/pic\/Altertour-Brunec.jpg","type":"","width":"","height":""}],"author":"Mathieu","twitter_card":"summary_large_image","twitter_misc":{"\u00c9crit par":"Mathieu","Dur\u00e9e de lecture estim\u00e9e":"1 minute"},"schema":{"@context":"https:\/\/schema.org","@graph":[{"@type":"Article","@id":"https:\/\/www.altercampagne.net\/?p=4562#article","isPartOf":{"@id":"https:\/\/www.altercampagne.net\/?p=4562"},"author":{"name":"Mathieu","@id":"https:\/\/www.altercampagne.net\/#\/schema\/person\/0f261460c09e430caa0f9bcffa319109"},"headline":"L&rsquo;Alter tour fait \u00e9tape au Brunec","datePublished":"2010-07-27T14:27:25+00:00","dateModified":"2016-04-24T11:50:03+00:00","mainEntityOfPage":{"@id":"https:\/\/www.altercampagne.net\/?p=4562"},"wordCount":239,"image":{"@id":"https:\/\/www.altercampagne.net\/?p=4562#primaryimage"},"thumbnailUrl":"http:\/\/altercampagne.free.fr\/pages\/2008\/AlterTour\/pic\/Altertour-Brunec.jpg","keywords":["AlterTour 2010","2010","Brunec","Ploemeur","V\u00e9ronique Cocherel","Yves Cocherel"],"articleSection":["Revue de presse"],"inLanguage":"fr-FR"},{"@type":"WebPage","@id":"https:\/\/www.altercampagne.net\/?p=4562","url":"https:\/\/www.altercampagne.net\/?p=4562","name":"L'Alter tour fait \u00e9tape au Brunec - AlterTour","isPartOf":{"@id":"https:\/\/www.altercampagne.net\/#website"},"primaryImageOfPage":{"@id":"https:\/\/www.altercampagne.net\/?p=4562#primaryimage"},"image":{"@id":"https:\/\/www.altercampagne.net\/?p=4562#primaryimage"},"thumbnailUrl":"http:\/\/altercampagne.free.fr\/pages\/2008\/AlterTour\/pic\/Altertour-Brunec.jpg","datePublished":"2010-07-27T14:27:25+00:00","dateModified":"2016-04-24T11:50:03+00:00","author":{"@id":"https:\/\/www.altercampagne.net\/#\/schema\/person\/0f261460c09e430caa0f9bcffa319109"},"breadcrumb":{"@id":"https:\/\/www.altercampagne.net\/?p=4562#breadcrumb"},"inLanguage":"fr-FR","potentialAction":[{"@type":"ReadAction","target":["https:\/\/www.altercampagne.net\/?p=4562"]}]},{"@type":"ImageObject","inLanguage":"fr-FR","@id":"https:\/\/www.altercampagne.net\/?p=4562#primaryimage","url":"http:\/\/altercampagne.free.fr\/pages\/2008\/AlterTour\/pic\/Altertour-Brunec.jpg","contentUrl":"http:\/\/altercampagne.free.fr\/pages\/2008\/AlterTour\/pic\/Altertour-Brunec.jpg"},{"@type":"BreadcrumbList","@id":"https:\/\/www.altercampagne.net\/?p=4562#breadcrumb","itemListElement":[{"@type":"ListItem","position":1,"name":"Accueil","item":"https:\/\/www.altercampagne.net\/"},{"@type":"ListItem","position":2,"name":"L&rsquo;Alter tour fait \u00e9tape au Brunec"}]},{"@type":"WebSite","@id":"https:\/\/www.altercampagne.net\/#website","url":"https:\/\/www.altercampagne.net\/","name":"AlterTour","description":"Reliez les Alternatives \u00e0 v\u00e9lo","potentialAction":[{"@type":"SearchAction","target":{"@type":"EntryPoint","urlTemplate":"https:\/\/www.altercampagne.net\/?s={search_term_string}"},"query-input":{"@type":"PropertyValueSpecification","valueRequired":true,"valueName":"search_term_string"}}],"inLanguage":"fr-FR"},{"@type":"Person","@id":"https:\/\/www.altercampagne.net\/#\/schema\/person\/0f261460c09e430caa0f9bcffa319109","name":"Mathieu","image":{"@type":"ImageObject","inLanguage":"fr-FR","@id":"https:\/\/secure.gravatar.com\/avatar\/aa9d3d24c83f2141e5e2709d0f63d09a99f6be6bb7a50abc4915838d9f54501a?s=96&d=mm&r=g","url":"https:\/\/secure.gravatar.com\/avatar\/aa9d3d24c83f2141e5e2709d0f63d09a99f6be6bb7a50abc4915838d9f54501a?s=96&d=mm&r=g","contentUrl":"https:\/\/secure.gravatar.com\/avatar\/aa9d3d24c83f2141e5e2709d0f63d09a99f6be6bb7a50abc4915838d9f54501a?s=96&d=mm&r=g","caption":"Mathieu"},"url":"https:\/\/www.altercampagne.net\/?author=214"}]}},"_links":{"self":[{"href":"https:\/\/www.altercampagne.net\/index.php?rest_route=\/wp\/v2\/posts\/4562","targetHints":{"allow":["GET"]}}],"collection":[{"href":"https:\/\/www.altercampagne.net\/index.php?rest_route=\/wp\/v2\/posts"}],"about":[{"href":"https:\/\/www.altercampagne.net\/index.php?rest_route=\/wp\/v2\/types\/post"}],"author":[{"embeddable":true,"href":"https:\/\/www.altercampagne.net\/index.php?rest_route=\/wp\/v2\/users\/214"}],"replies":[{"embeddable":true,"href":"https:\/\/www.altercampagne.net\/index.php?rest_route=%2Fwp%2Fv2%2Fcomments&post=4562"}],"version-history":[{"count":0,"href":"https:\/\/www.altercampagne.net\/index.php?rest_route=\/wp\/v2\/posts\/4562\/revisions"}],"wp:attachment":[{"href":"https:\/\/www.altercampagne.net\/index.php?rest_route=%2Fwp%2Fv2%2Fmedia&parent=4562"}],"wp:term":[{"taxonomy":"category","embeddable":true,"href":"https:\/\/www.altercampagne.net\/index.php?rest_route=%2Fwp%2Fv2%2Fcategories&post=4562"},{"taxonomy":"post_tag","embeddable":true,"href":"https:\/\/www.altercampagne.net\/index.php?rest_route=%2Fwp%2Fv2%2Ftags&post=4562"}],"curies":[{"name":"wp","href":"https:\/\/api.w.org\/{rel}","templated":true}]}}