{"id":4566,"date":"2010-07-28T16:33:59","date_gmt":"2010-07-28T14:33:59","guid":{"rendered":"http:\/\/www.altercampagne.net\/?p=4566"},"modified":"2024-08-27T17:12:25","modified_gmt":"2024-08-27T15:12:25","slug":"saint-nolff-les-altercyclistes-ont-fait-une-etape-dans-la-commune","status":"publish","type":"post","link":"https:\/\/www.altercampagne.net\/?p=4566","title":{"rendered":"Saint-Nolff : Les altercyclistes ont fait une \u00e9tape dans la commune"},"content":{"rendered":"<p><img loading=\"lazy\" decoding=\"async\" class=\" alignleft\" src=\"http:\/\/altercampagne.free.fr\/pages\/2008\/AlterTour\/pic\/Groupe-StNolff.jpg\" alt=\"\" width=\"519\" height=\"404\" \/>La troisi\u00e8me \u00e9dition de l&rsquo;AlterTour a fait \u00e9tape dans la commune lundi apr\u00e8s-midi. Une cinquantaine de personnes de tous \u00e2ges et conditions sociales, sous la houlette de Mathieu Fromont, coordinateur national, sillonnent la France pour d\u00e9noncer les \u00abdopages\u00bb de la plan\u00e8te.<\/p>\n<p><strong>Plusieurs sites visit\u00e9s<\/strong><\/p>\n<p>Suivant un cahier des charges que chacun s&rsquo;approprie, l&rsquo;AlterTour fonctionne en r\u00e9seau. Maurice Onno et Nolwenn Bouillod, coordinateurs locaux, ont organis\u00e9 cette \u00e9tape en Bretagne. L&rsquo;AlterTour a visit\u00e9 plusieurs sites: Emma\u00fcs \u00e0 R\u00e9d\u00e9n\u00e9, un projet d&rsquo;habitat coop\u00e9ratif \u00e0 Merlevenez, les \u00e9conomies d&rsquo;eau et d&rsquo;\u00e9nergie \u00e0 Lorient, un producteur d&rsquo;hu\u00eetres durables en Ria d&rsquo;Etel et une association de commerce \u00e9quitable \u00e0 Auray. Jo\u00ebl Labb\u00e9, maire, a pr\u00e9sent\u00e9 l&rsquo;Agenda 21 local.<\/p>\n<p><strong>Collecter des alternatives<\/strong><\/p>\n<p>Les altercyclistes se relaient depuis le 4juillet et jusqu&rsquo;au 14ao\u00fbt pour collecter des alternatives destin\u00e9es \u00e0 pr\u00e9server les ressources naturelles. Les enjeux plan\u00e9taires, l&rsquo;artificialisation des sols notamment, est au coeur des pr\u00e9occupations de ces militants pacifiques qui se mobilisent pourd\u00e9fendre d&rsquo;autres syst\u00e8mes de production, biologiques oudurables, auxquels les consommateurs sont de plus en plus sensibles.<\/p>\n<p style=\"text-align: right;\"><strong>Le T\u00e9l\u00e9gramme<\/strong><\/p>\n","protected":false},"excerpt":{"rendered":"<p>La troisi\u00e8me \u00e9dition de l&rsquo;AlterTour a fait \u00e9tape dans la commune lundi apr\u00e8s-midi. Une cinquantaine de personnes de tous \u00e2ges et conditions sociales, sous la houlette de Mathieu Fromont, coordinateur national, sillonnent la France pour d\u00e9noncer les \u00abdopages\u00bb de la plan\u00e8te. Plusieurs sites visit\u00e9s Suivant un cahier des charges que &#8230; <\/p>\n<div><a href=\"https:\/\/www.altercampagne.net\/?p=4566\" class=\"more-link\">Read More<\/a><\/div>\n","protected":false},"author":214,"featured_media":0,"comment_status":"closed","ping_status":"closed","sticky":false,"template":"","format":"standard","meta":{"footnotes":""},"categories":[239],"tags":[20,412,431,1301,2095,2188,2206,2207,2227,2230],"class_list":["post-4566","post","type-post","status-publish","format-standard","hentry","category-revue-de-presse","tag-bretagne","tag-morbihan","tag-accueil-paysan","tag-altertour-2010","tag-2095","tag-redene","tag-emmaus","tag-saint-nolff","tag-maurice-onno","tag-nolwenn-bouillaud","no-post-thumbnail"],"yoast_head":"<!-- This site is optimized with the Yoast SEO plugin v27.3 - https:\/\/yoast.com\/product\/yoast-seo-wordpress\/ -->\n<title>Saint-Nolff : Les altercyclistes ont fait une \u00e9tape dans la commune - AlterTour<\/title>\n<meta name=\"robots\" content=\"index, follow, max-snippet:-1, max-image-preview:large, max-video-preview:-1\" \/>\n<link rel=\"canonical\" href=\"https:\/\/www.altercampagne.net\/?p=4566\" \/>\n<meta property=\"og:locale\" content=\"fr_FR\" \/>\n<meta property=\"og:type\" content=\"article\" \/>\n<meta property=\"og:title\" content=\"Saint-Nolff : Les altercyclistes ont fait une \u00e9tape dans la commune - AlterTour\" \/>\n<meta property=\"og:description\" content=\"La troisi\u00e8me \u00e9dition de l&rsquo;AlterTour a fait \u00e9tape dans la commune lundi apr\u00e8s-midi. Une cinquantaine de personnes de tous \u00e2ges et conditions sociales, sous la houlette de Mathieu Fromont, coordinateur national, sillonnent la France pour d\u00e9noncer les \u00abdopages\u00bb de la plan\u00e8te. Plusieurs sites visit\u00e9s Suivant un cahier des charges que ... Read More\" \/>\n<meta property=\"og:url\" content=\"https:\/\/www.altercampagne.net\/?p=4566\" \/>\n<meta property=\"og:site_name\" content=\"AlterTour\" \/>\n<meta property=\"article:published_time\" content=\"2010-07-28T14:33:59+00:00\" \/>\n<meta property=\"article:modified_time\" content=\"2024-08-27T15:12:25+00:00\" \/>\n<meta property=\"og:image\" content=\"http:\/\/altercampagne.free.fr\/pages\/2008\/AlterTour\/pic\/Groupe-StNolff.jpg\" \/>\n<meta name=\"author\" content=\"Mathieu\" \/>\n<meta name=\"twitter:card\" content=\"summary_large_image\" \/>\n<meta name=\"twitter:label1\" content=\"\u00c9crit par\" \/>\n\t<meta name=\"twitter:data1\" content=\"Mathieu\" \/>\n\t<meta name=\"twitter:label2\" content=\"Dur\u00e9e de lecture estim\u00e9e\" \/>\n\t<meta name=\"twitter:data2\" content=\"2 minutes\" \/>\n<script type=\"application\/ld+json\" class=\"yoast-schema-graph\">{\"@context\":\"https:\\\/\\\/schema.org\",\"@graph\":[{\"@type\":\"Article\",\"@id\":\"https:\\\/\\\/www.altercampagne.net\\\/?p=4566#article\",\"isPartOf\":{\"@id\":\"https:\\\/\\\/www.altercampagne.net\\\/?p=4566\"},\"author\":{\"name\":\"Mathieu\",\"@id\":\"https:\\\/\\\/www.altercampagne.net\\\/#\\\/schema\\\/person\\\/0f261460c09e430caa0f9bcffa319109\"},\"headline\":\"Saint-Nolff : Les altercyclistes ont fait une \u00e9tape dans la commune\",\"datePublished\":\"2010-07-28T14:33:59+00:00\",\"dateModified\":\"2024-08-27T15:12:25+00:00\",\"mainEntityOfPage\":{\"@id\":\"https:\\\/\\\/www.altercampagne.net\\\/?p=4566\"},\"wordCount\":212,\"image\":{\"@id\":\"https:\\\/\\\/www.altercampagne.net\\\/?p=4566#primaryimage\"},\"thumbnailUrl\":\"http:\\\/\\\/altercampagne.free.fr\\\/pages\\\/2008\\\/AlterTour\\\/pic\\\/Groupe-StNolff.jpg\",\"keywords\":[\"bretagne\",\"morbihan\",\"accueil paysan\",\"AlterTour 2010\",\"2010\",\"R\u00e9den\u00e9\",\"Emma\u00fcs\",\"Saint Nolff\",\"Maurice Onno\",\"Nolwenn Bouillaud\"],\"articleSection\":[\"Revue de presse\"],\"inLanguage\":\"fr-FR\"},{\"@type\":\"WebPage\",\"@id\":\"https:\\\/\\\/www.altercampagne.net\\\/?p=4566\",\"url\":\"https:\\\/\\\/www.altercampagne.net\\\/?p=4566\",\"name\":\"Saint-Nolff : Les altercyclistes ont fait une \u00e9tape dans la commune - AlterTour\",\"isPartOf\":{\"@id\":\"https:\\\/\\\/www.altercampagne.net\\\/#website\"},\"primaryImageOfPage\":{\"@id\":\"https:\\\/\\\/www.altercampagne.net\\\/?p=4566#primaryimage\"},\"image\":{\"@id\":\"https:\\\/\\\/www.altercampagne.net\\\/?p=4566#primaryimage\"},\"thumbnailUrl\":\"http:\\\/\\\/altercampagne.free.fr\\\/pages\\\/2008\\\/AlterTour\\\/pic\\\/Groupe-StNolff.jpg\",\"datePublished\":\"2010-07-28T14:33:59+00:00\",\"dateModified\":\"2024-08-27T15:12:25+00:00\",\"author\":{\"@id\":\"https:\\\/\\\/www.altercampagne.net\\\/#\\\/schema\\\/person\\\/0f261460c09e430caa0f9bcffa319109\"},\"breadcrumb\":{\"@id\":\"https:\\\/\\\/www.altercampagne.net\\\/?p=4566#breadcrumb\"},\"inLanguage\":\"fr-FR\",\"potentialAction\":[{\"@type\":\"ReadAction\",\"target\":[\"https:\\\/\\\/www.altercampagne.net\\\/?p=4566\"]}]},{\"@type\":\"ImageObject\",\"inLanguage\":\"fr-FR\",\"@id\":\"https:\\\/\\\/www.altercampagne.net\\\/?p=4566#primaryimage\",\"url\":\"http:\\\/\\\/altercampagne.free.fr\\\/pages\\\/2008\\\/AlterTour\\\/pic\\\/Groupe-StNolff.jpg\",\"contentUrl\":\"http:\\\/\\\/altercampagne.free.fr\\\/pages\\\/2008\\\/AlterTour\\\/pic\\\/Groupe-StNolff.jpg\"},{\"@type\":\"BreadcrumbList\",\"@id\":\"https:\\\/\\\/www.altercampagne.net\\\/?p=4566#breadcrumb\",\"itemListElement\":[{\"@type\":\"ListItem\",\"position\":1,\"name\":\"Accueil\",\"item\":\"https:\\\/\\\/www.altercampagne.net\\\/\"},{\"@type\":\"ListItem\",\"position\":2,\"name\":\"Saint-Nolff : Les altercyclistes ont fait une \u00e9tape dans la commune\"}]},{\"@type\":\"WebSite\",\"@id\":\"https:\\\/\\\/www.altercampagne.net\\\/#website\",\"url\":\"https:\\\/\\\/www.altercampagne.net\\\/\",\"name\":\"AlterTour\",\"description\":\"Reliez les Alternatives \u00e0 v\u00e9lo\",\"potentialAction\":[{\"@type\":\"SearchAction\",\"target\":{\"@type\":\"EntryPoint\",\"urlTemplate\":\"https:\\\/\\\/www.altercampagne.net\\\/?s={search_term_string}\"},\"query-input\":{\"@type\":\"PropertyValueSpecification\",\"valueRequired\":true,\"valueName\":\"search_term_string\"}}],\"inLanguage\":\"fr-FR\"},{\"@type\":\"Person\",\"@id\":\"https:\\\/\\\/www.altercampagne.net\\\/#\\\/schema\\\/person\\\/0f261460c09e430caa0f9bcffa319109\",\"name\":\"Mathieu\",\"image\":{\"@type\":\"ImageObject\",\"inLanguage\":\"fr-FR\",\"@id\":\"https:\\\/\\\/secure.gravatar.com\\\/avatar\\\/aa9d3d24c83f2141e5e2709d0f63d09a99f6be6bb7a50abc4915838d9f54501a?s=96&d=mm&r=g\",\"url\":\"https:\\\/\\\/secure.gravatar.com\\\/avatar\\\/aa9d3d24c83f2141e5e2709d0f63d09a99f6be6bb7a50abc4915838d9f54501a?s=96&d=mm&r=g\",\"contentUrl\":\"https:\\\/\\\/secure.gravatar.com\\\/avatar\\\/aa9d3d24c83f2141e5e2709d0f63d09a99f6be6bb7a50abc4915838d9f54501a?s=96&d=mm&r=g\",\"caption\":\"Mathieu\"},\"url\":\"https:\\\/\\\/www.altercampagne.net\\\/?author=214\"}]}<\/script>\n<!-- \/ Yoast SEO plugin. -->","yoast_head_json":{"title":"Saint-Nolff : Les altercyclistes ont fait une \u00e9tape dans la commune - AlterTour","robots":{"index":"index","follow":"follow","max-snippet":"max-snippet:-1","max-image-preview":"max-image-preview:large","max-video-preview":"max-video-preview:-1"},"canonical":"https:\/\/www.altercampagne.net\/?p=4566","og_locale":"fr_FR","og_type":"article","og_title":"Saint-Nolff : Les altercyclistes ont fait une \u00e9tape dans la commune - AlterTour","og_description":"La troisi\u00e8me \u00e9dition de l&rsquo;AlterTour a fait \u00e9tape dans la commune lundi apr\u00e8s-midi. Une cinquantaine de personnes de tous \u00e2ges et conditions sociales, sous la houlette de Mathieu Fromont, coordinateur national, sillonnent la France pour d\u00e9noncer les \u00abdopages\u00bb de la plan\u00e8te. Plusieurs sites visit\u00e9s Suivant un cahier des charges que ... Read More","og_url":"https:\/\/www.altercampagne.net\/?p=4566","og_site_name":"AlterTour","article_published_time":"2010-07-28T14:33:59+00:00","article_modified_time":"2024-08-27T15:12:25+00:00","og_image":[{"url":"http:\/\/altercampagne.free.fr\/pages\/2008\/AlterTour\/pic\/Groupe-StNolff.jpg","type":"","width":"","height":""}],"author":"Mathieu","twitter_card":"summary_large_image","twitter_misc":{"\u00c9crit par":"Mathieu","Dur\u00e9e de lecture estim\u00e9e":"2 minutes"},"schema":{"@context":"https:\/\/schema.org","@graph":[{"@type":"Article","@id":"https:\/\/www.altercampagne.net\/?p=4566#article","isPartOf":{"@id":"https:\/\/www.altercampagne.net\/?p=4566"},"author":{"name":"Mathieu","@id":"https:\/\/www.altercampagne.net\/#\/schema\/person\/0f261460c09e430caa0f9bcffa319109"},"headline":"Saint-Nolff : Les altercyclistes ont fait une \u00e9tape dans la commune","datePublished":"2010-07-28T14:33:59+00:00","dateModified":"2024-08-27T15:12:25+00:00","mainEntityOfPage":{"@id":"https:\/\/www.altercampagne.net\/?p=4566"},"wordCount":212,"image":{"@id":"https:\/\/www.altercampagne.net\/?p=4566#primaryimage"},"thumbnailUrl":"http:\/\/altercampagne.free.fr\/pages\/2008\/AlterTour\/pic\/Groupe-StNolff.jpg","keywords":["bretagne","morbihan","accueil paysan","AlterTour 2010","2010","R\u00e9den\u00e9","Emma\u00fcs","Saint Nolff","Maurice Onno","Nolwenn Bouillaud"],"articleSection":["Revue de presse"],"inLanguage":"fr-FR"},{"@type":"WebPage","@id":"https:\/\/www.altercampagne.net\/?p=4566","url":"https:\/\/www.altercampagne.net\/?p=4566","name":"Saint-Nolff : Les altercyclistes ont fait une \u00e9tape dans la commune - AlterTour","isPartOf":{"@id":"https:\/\/www.altercampagne.net\/#website"},"primaryImageOfPage":{"@id":"https:\/\/www.altercampagne.net\/?p=4566#primaryimage"},"image":{"@id":"https:\/\/www.altercampagne.net\/?p=4566#primaryimage"},"thumbnailUrl":"http:\/\/altercampagne.free.fr\/pages\/2008\/AlterTour\/pic\/Groupe-StNolff.jpg","datePublished":"2010-07-28T14:33:59+00:00","dateModified":"2024-08-27T15:12:25+00:00","author":{"@id":"https:\/\/www.altercampagne.net\/#\/schema\/person\/0f261460c09e430caa0f9bcffa319109"},"breadcrumb":{"@id":"https:\/\/www.altercampagne.net\/?p=4566#breadcrumb"},"inLanguage":"fr-FR","potentialAction":[{"@type":"ReadAction","target":["https:\/\/www.altercampagne.net\/?p=4566"]}]},{"@type":"ImageObject","inLanguage":"fr-FR","@id":"https:\/\/www.altercampagne.net\/?p=4566#primaryimage","url":"http:\/\/altercampagne.free.fr\/pages\/2008\/AlterTour\/pic\/Groupe-StNolff.jpg","contentUrl":"http:\/\/altercampagne.free.fr\/pages\/2008\/AlterTour\/pic\/Groupe-StNolff.jpg"},{"@type":"BreadcrumbList","@id":"https:\/\/www.altercampagne.net\/?p=4566#breadcrumb","itemListElement":[{"@type":"ListItem","position":1,"name":"Accueil","item":"https:\/\/www.altercampagne.net\/"},{"@type":"ListItem","position":2,"name":"Saint-Nolff : Les altercyclistes ont fait une \u00e9tape dans la commune"}]},{"@type":"WebSite","@id":"https:\/\/www.altercampagne.net\/#website","url":"https:\/\/www.altercampagne.net\/","name":"AlterTour","description":"Reliez les Alternatives \u00e0 v\u00e9lo","potentialAction":[{"@type":"SearchAction","target":{"@type":"EntryPoint","urlTemplate":"https:\/\/www.altercampagne.net\/?s={search_term_string}"},"query-input":{"@type":"PropertyValueSpecification","valueRequired":true,"valueName":"search_term_string"}}],"inLanguage":"fr-FR"},{"@type":"Person","@id":"https:\/\/www.altercampagne.net\/#\/schema\/person\/0f261460c09e430caa0f9bcffa319109","name":"Mathieu","image":{"@type":"ImageObject","inLanguage":"fr-FR","@id":"https:\/\/secure.gravatar.com\/avatar\/aa9d3d24c83f2141e5e2709d0f63d09a99f6be6bb7a50abc4915838d9f54501a?s=96&d=mm&r=g","url":"https:\/\/secure.gravatar.com\/avatar\/aa9d3d24c83f2141e5e2709d0f63d09a99f6be6bb7a50abc4915838d9f54501a?s=96&d=mm&r=g","contentUrl":"https:\/\/secure.gravatar.com\/avatar\/aa9d3d24c83f2141e5e2709d0f63d09a99f6be6bb7a50abc4915838d9f54501a?s=96&d=mm&r=g","caption":"Mathieu"},"url":"https:\/\/www.altercampagne.net\/?author=214"}]}},"_links":{"self":[{"href":"https:\/\/www.altercampagne.net\/index.php?rest_route=\/wp\/v2\/posts\/4566","targetHints":{"allow":["GET"]}}],"collection":[{"href":"https:\/\/www.altercampagne.net\/index.php?rest_route=\/wp\/v2\/posts"}],"about":[{"href":"https:\/\/www.altercampagne.net\/index.php?rest_route=\/wp\/v2\/types\/post"}],"author":[{"embeddable":true,"href":"https:\/\/www.altercampagne.net\/index.php?rest_route=\/wp\/v2\/users\/214"}],"replies":[{"embeddable":true,"href":"https:\/\/www.altercampagne.net\/index.php?rest_route=%2Fwp%2Fv2%2Fcomments&post=4566"}],"version-history":[{"count":1,"href":"https:\/\/www.altercampagne.net\/index.php?rest_route=\/wp\/v2\/posts\/4566\/revisions"}],"predecessor-version":[{"id":28645,"href":"https:\/\/www.altercampagne.net\/index.php?rest_route=\/wp\/v2\/posts\/4566\/revisions\/28645"}],"wp:attachment":[{"href":"https:\/\/www.altercampagne.net\/index.php?rest_route=%2Fwp%2Fv2%2Fmedia&parent=4566"}],"wp:term":[{"taxonomy":"category","embeddable":true,"href":"https:\/\/www.altercampagne.net\/index.php?rest_route=%2Fwp%2Fv2%2Fcategories&post=4566"},{"taxonomy":"post_tag","embeddable":true,"href":"https:\/\/www.altercampagne.net\/index.php?rest_route=%2Fwp%2Fv2%2Ftags&post=4566"}],"curies":[{"name":"wp","href":"https:\/\/api.w.org\/{rel}","templated":true}]}}