{"id":4582,"date":"2010-08-09T17:08:29","date_gmt":"2010-08-09T15:08:29","guid":{"rendered":"http:\/\/www.altercampagne.net\/?p=4582"},"modified":"2016-04-24T12:00:11","modified_gmt":"2016-04-24T10:00:11","slug":"les-alter-investissent-le-limousin","status":"publish","type":"post","link":"https:\/\/www.altercampagne.net\/?p=4582","title":{"rendered":"Les \u00ab\u00a0alter\u00a0\u00bb investissent le Limousin"},"content":{"rendered":"<p><strong><img loading=\"lazy\" decoding=\"async\" class=\" alignright\" src=\"http:\/\/altercampagne.free.fr\/pages\/2008\/AlterTour\/pic\/AlterVillage.jpg\" alt=\"\" width=\"300\" height=\"199\" \/>Simple hasard, le mouvement altermondialiste converge vers le Limousin. L&rsquo;Altertour de France s&rsquo;ach\u00e8ve cette semaine en Creuse, au moment o\u00f9 s&rsquo;ouvre l&rsquo;Altervillage d&rsquo;Attac en Haute-Vienne.<\/strong><\/p>\n<p>Une confluence de pur hasard, en l\u2019absence de liens organisationnels entre l\u2019\u00e9quipe de l\u2019association Altercampagne, qui a b\u00e2ti ce troisi\u00e8me Altertour et les jeunes d\u2019Attac ayant pr\u00e9par\u00e9 le troisi\u00e8me Altervillage.<\/p>\n<p>N\u2019emp\u00eache que la multiplication des initiatives environnementales et sociales conf\u00e8re \u00e0 la terre limousine un statut de laboratoire suscitant int\u00e9r\u00eat et curiosit\u00e9.<\/p>\n<p>Tour de France en relais solidaire, l\u2019Altertour est soutenu par une trentaine d\u2019organisations et d\u2019institutions (dont Attac et la r\u00e9gion Limousin). Il d\u00e9nonce toutes les formes de dopage.<\/p>\n<p>Celui qui affecte les sportifs, bien s\u00fbr, comme celui qui porte atteinte \u00e0 l\u2019agriculture et \u00e0 la bio diversit\u00e9 au profit des firmes produisant OGM et agrotoxiques. Ou encore celui de l\u2019\u00e9conomie de march\u00e9, \u00ab source d\u2019in\u00e9galit\u00e9s et de mises sous d\u00e9pendance \u00bb.<\/p>\n<p>Chaque \u00e9tape donne lieu \u00e0 des animations, festivit\u00e9s, rencontres et \u00e9changes sur des sites significatifs des avanc\u00e9es dans les mani\u00e8res de vivre, de produire, de consommer, plus respectueuses de l\u2019environnement et de l\u2019homme.<\/p>\n<p>Accueilli lundi et mardi sur le plateau de Millevaches par l\u2019association de Fil en R\u00e9seaux, l\u2019Altertour permettra notamment de s\u2019int\u00e9resser \u00e0 la ferme exp\u00e9rimentale \u00e0 vocation environnementale de Lachaud.<\/p>\n<p>Ce sera aussi l\u2019occasion de dialoguer avec l\u2019\u00e9quipe d\u2019Ambiance Bois, \u00e0 Faux-la-Montagne ou encore les artisans de T\u00e9l\u00e9 Millevaches, la fameuse t\u00e9l\u00e9brouette. Est pr\u00e9vu en outre un concert avec le \u201cpianiste nomade\u201d et pacifiste Marc Vella, au tout aussi c\u00e9l\u00e8bre monument aux Morts.<\/p>\n<p>Les altercyclistes boucleront leur p\u00e9riple vendredi et samedi \u00e0 Jarnages, \u00e0 la ferme de Drouillas.<\/p>\n<p>Au programme, un altercamp consacr\u00e9 aux services publics, enjeu cher aux Creusois, et une conf\u00e9rence-d\u00e9bat anim\u00e9e par le politologue Paul Ari\u00e8s, un des parrains de l\u2019op\u00e9ration.<\/p>\n<p>\u00ab Ce sont plut\u00f4t des jeunes d\u2019Attac qui ont lanc\u00e9 l\u2019id\u00e9e, il y a deux ans \u00bb, indique Jacky Chabrol, le militant clermontois qui s\u2019est impliqu\u00e9 dans l\u2019organisation des deux premiers Altervillages.<\/p>\n<p>Pr\u00e8s de Toulouse en 2008, puis \u00e0 Rennes l\u2019an pass\u00e9, dans des squats urbains d\u2019artistes, les deux rendez-vous mettaient en perspective des m\u00e9thodes d\u2019intervention et d\u2019action plus dynamiques que les manifestations traditionnelles.<\/p>\n<p>\u00ab Cette ann\u00e9e, la direction d\u2019Attac a pris favorablement en compte l\u2019initiative, explique Jacky Chabrol. Elle devrait permettre de muscler l\u2019universit\u00e9 d\u2019\u00e9t\u00e9, pr\u00e9vue dans la foul\u00e9e \u00e0 Arles, et d\u2019interpeller l\u2019organisation en l\u2019invitant \u00e0 d\u00e9velopper des pratiques innovantes plus ludiques, gagnant en efficacit\u00e9 \u00bb.<\/p>\n<p>Le choix d\u2019un \u00e9co-hameau, en l\u2019occurrence celui de Busseix, pr\u00e8s de Ladignac-le-Long, rel\u00e8ve de la volont\u00e9 de profiter de l\u2019Altervillage \u00ab pour mettre tr\u00e8s concr\u00e8tement en \u0153uvre les principes de vie que nous d\u00e9fendons \u00bb.<\/p>\n<p>Ainsi, vendredi et samedi, les militants devront installer leur village et caler l\u2019organisation collective autog\u00e9r\u00e9e pour \u00ab vivre diff\u00e9remment \u00bb : cuisine, toilettes s\u00e8ches, douches, buvette, s\u00e9curit\u00e9 et infirmerie, etc.<\/p>\n<p>\u00c0 la r\u00e9flexion et \u00e0 la familiarisation avec des techniques non violentes simples (th\u00e9\u00e2tre de rue, clowns\u2026) s\u2019ajouteront des soir\u00e9es festives. \u00ab Il n\u2019y aura pas que des militants d\u2019Attac. Tout est ouvert \u00e0 tout le monde, ajoute Jacky Chabrol. Il suffit de prendre sa part de t\u00e2ches. \u00bb<\/p>\n<p style=\"text-align: right;\"><strong>Yves Bourgnon, La Montagne<br \/>\n<\/strong><\/p>\n","protected":false},"excerpt":{"rendered":"<p>Simple hasard, le mouvement altermondialiste converge vers le Limousin. L&rsquo;Altertour de France s&rsquo;ach\u00e8ve cette semaine en Creuse, au moment o\u00f9 s&rsquo;ouvre l&rsquo;Altervillage d&rsquo;Attac en Haute-Vienne. Une confluence de pur hasard, en l\u2019absence de liens organisationnels entre l\u2019\u00e9quipe de l\u2019association Altercampagne, qui a b\u00e2ti ce troisi\u00e8me Altertour et les jeunes d\u2019Attac &#8230; <\/p>\n<div><a href=\"https:\/\/www.altercampagne.net\/?p=4582\" class=\"more-link\">Read More<\/a><\/div>\n","protected":false},"author":214,"featured_media":0,"comment_status":"closed","ping_status":"closed","sticky":false,"template":"","format":"standard","meta":{"footnotes":""},"categories":[239],"tags":[580,629,631,664,1008,1062,1272,1301,2095,2249,2252,2257,2261,2262,2263,2264],"class_list":["post-4582","post","type-post","status-publish","format-standard","hentry","category-revue-de-presse","tag-limousin","tag-moulin-de-busseix","tag-ambiance-bois","tag-faux-la-montagne","tag-attac","tag-altervillage","tag-paul-aries","tag-altertour-2010","tag-2095","tag-lachaud","tag-marc-vella","tag-jarnages","tag-plateau-de-millevaches","tag-de-fil-en-reseaux","tag-tele-millevaches","tag-ferme-de-drouillas","no-post-thumbnail"],"yoast_head":"<!-- This site is optimized with the Yoast SEO plugin v27.3 - https:\/\/yoast.com\/product\/yoast-seo-wordpress\/ -->\n<title>Les &quot;alter&quot; investissent le Limousin - AlterTour<\/title>\n<meta name=\"robots\" content=\"index, follow, max-snippet:-1, max-image-preview:large, max-video-preview:-1\" \/>\n<link rel=\"canonical\" href=\"https:\/\/www.altercampagne.net\/?p=4582\" \/>\n<meta property=\"og:locale\" content=\"fr_FR\" \/>\n<meta property=\"og:type\" content=\"article\" \/>\n<meta property=\"og:title\" content=\"Les &quot;alter&quot; investissent le Limousin - AlterTour\" \/>\n<meta property=\"og:description\" content=\"Simple hasard, le mouvement altermondialiste converge vers le Limousin. L&rsquo;Altertour de France s&rsquo;ach\u00e8ve cette semaine en Creuse, au moment o\u00f9 s&rsquo;ouvre l&rsquo;Altervillage d&rsquo;Attac en Haute-Vienne. Une confluence de pur hasard, en l\u2019absence de liens organisationnels entre l\u2019\u00e9quipe de l\u2019association Altercampagne, qui a b\u00e2ti ce troisi\u00e8me Altertour et les jeunes d\u2019Attac ... Read More\" \/>\n<meta property=\"og:url\" content=\"https:\/\/www.altercampagne.net\/?p=4582\" \/>\n<meta property=\"og:site_name\" content=\"AlterTour\" \/>\n<meta property=\"article:published_time\" content=\"2010-08-09T15:08:29+00:00\" \/>\n<meta property=\"article:modified_time\" content=\"2016-04-24T10:00:11+00:00\" \/>\n<meta property=\"og:image\" content=\"http:\/\/altercampagne.free.fr\/pages\/2008\/AlterTour\/pic\/AlterVillage.jpg\" \/>\n<meta name=\"author\" content=\"Mathieu\" \/>\n<meta name=\"twitter:card\" content=\"summary_large_image\" \/>\n<meta name=\"twitter:label1\" content=\"\u00c9crit par\" \/>\n\t<meta name=\"twitter:data1\" content=\"Mathieu\" \/>\n\t<meta name=\"twitter:label2\" content=\"Dur\u00e9e de lecture estim\u00e9e\" \/>\n\t<meta name=\"twitter:data2\" content=\"3 minutes\" \/>\n<script type=\"application\/ld+json\" class=\"yoast-schema-graph\">{\"@context\":\"https:\\\/\\\/schema.org\",\"@graph\":[{\"@type\":\"Article\",\"@id\":\"https:\\\/\\\/www.altercampagne.net\\\/?p=4582#article\",\"isPartOf\":{\"@id\":\"https:\\\/\\\/www.altercampagne.net\\\/?p=4582\"},\"author\":{\"name\":\"Mathieu\",\"@id\":\"https:\\\/\\\/www.altercampagne.net\\\/#\\\/schema\\\/person\\\/0f261460c09e430caa0f9bcffa319109\"},\"headline\":\"Les \u00ab\u00a0alter\u00a0\u00bb investissent le Limousin\",\"datePublished\":\"2010-08-09T15:08:29+00:00\",\"dateModified\":\"2016-04-24T10:00:11+00:00\",\"mainEntityOfPage\":{\"@id\":\"https:\\\/\\\/www.altercampagne.net\\\/?p=4582\"},\"wordCount\":598,\"image\":{\"@id\":\"https:\\\/\\\/www.altercampagne.net\\\/?p=4582#primaryimage\"},\"thumbnailUrl\":\"http:\\\/\\\/altercampagne.free.fr\\\/pages\\\/2008\\\/AlterTour\\\/pic\\\/AlterVillage.jpg\",\"keywords\":[\"Limousin\",\"Moulin de Busseix\",\"Ambiance bois\",\"Faux-la-Montagne\",\"Attac\",\"AlterVillage\",\"Paul Ari\u00e8s\",\"AlterTour 2010\",\"2010\",\"Lachaud\",\"Marc Vella\",\"Jarnages\",\"plateau de Millevaches\",\"de Fil en R\u00e9seaux\",\"T\u00e9l\u00e9 Millevaches\",\"ferme de Drouillas\"],\"articleSection\":[\"Revue de presse\"],\"inLanguage\":\"fr-FR\"},{\"@type\":\"WebPage\",\"@id\":\"https:\\\/\\\/www.altercampagne.net\\\/?p=4582\",\"url\":\"https:\\\/\\\/www.altercampagne.net\\\/?p=4582\",\"name\":\"Les \\\"alter\\\" investissent le Limousin - AlterTour\",\"isPartOf\":{\"@id\":\"https:\\\/\\\/www.altercampagne.net\\\/#website\"},\"primaryImageOfPage\":{\"@id\":\"https:\\\/\\\/www.altercampagne.net\\\/?p=4582#primaryimage\"},\"image\":{\"@id\":\"https:\\\/\\\/www.altercampagne.net\\\/?p=4582#primaryimage\"},\"thumbnailUrl\":\"http:\\\/\\\/altercampagne.free.fr\\\/pages\\\/2008\\\/AlterTour\\\/pic\\\/AlterVillage.jpg\",\"datePublished\":\"2010-08-09T15:08:29+00:00\",\"dateModified\":\"2016-04-24T10:00:11+00:00\",\"author\":{\"@id\":\"https:\\\/\\\/www.altercampagne.net\\\/#\\\/schema\\\/person\\\/0f261460c09e430caa0f9bcffa319109\"},\"breadcrumb\":{\"@id\":\"https:\\\/\\\/www.altercampagne.net\\\/?p=4582#breadcrumb\"},\"inLanguage\":\"fr-FR\",\"potentialAction\":[{\"@type\":\"ReadAction\",\"target\":[\"https:\\\/\\\/www.altercampagne.net\\\/?p=4582\"]}]},{\"@type\":\"ImageObject\",\"inLanguage\":\"fr-FR\",\"@id\":\"https:\\\/\\\/www.altercampagne.net\\\/?p=4582#primaryimage\",\"url\":\"http:\\\/\\\/altercampagne.free.fr\\\/pages\\\/2008\\\/AlterTour\\\/pic\\\/AlterVillage.jpg\",\"contentUrl\":\"http:\\\/\\\/altercampagne.free.fr\\\/pages\\\/2008\\\/AlterTour\\\/pic\\\/AlterVillage.jpg\"},{\"@type\":\"BreadcrumbList\",\"@id\":\"https:\\\/\\\/www.altercampagne.net\\\/?p=4582#breadcrumb\",\"itemListElement\":[{\"@type\":\"ListItem\",\"position\":1,\"name\":\"Accueil\",\"item\":\"https:\\\/\\\/www.altercampagne.net\\\/\"},{\"@type\":\"ListItem\",\"position\":2,\"name\":\"Les \u00ab\u00a0alter\u00a0\u00bb investissent le Limousin\"}]},{\"@type\":\"WebSite\",\"@id\":\"https:\\\/\\\/www.altercampagne.net\\\/#website\",\"url\":\"https:\\\/\\\/www.altercampagne.net\\\/\",\"name\":\"AlterTour\",\"description\":\"Reliez les Alternatives \u00e0 v\u00e9lo\",\"potentialAction\":[{\"@type\":\"SearchAction\",\"target\":{\"@type\":\"EntryPoint\",\"urlTemplate\":\"https:\\\/\\\/www.altercampagne.net\\\/?s={search_term_string}\"},\"query-input\":{\"@type\":\"PropertyValueSpecification\",\"valueRequired\":true,\"valueName\":\"search_term_string\"}}],\"inLanguage\":\"fr-FR\"},{\"@type\":\"Person\",\"@id\":\"https:\\\/\\\/www.altercampagne.net\\\/#\\\/schema\\\/person\\\/0f261460c09e430caa0f9bcffa319109\",\"name\":\"Mathieu\",\"image\":{\"@type\":\"ImageObject\",\"inLanguage\":\"fr-FR\",\"@id\":\"https:\\\/\\\/secure.gravatar.com\\\/avatar\\\/aa9d3d24c83f2141e5e2709d0f63d09a99f6be6bb7a50abc4915838d9f54501a?s=96&d=mm&r=g\",\"url\":\"https:\\\/\\\/secure.gravatar.com\\\/avatar\\\/aa9d3d24c83f2141e5e2709d0f63d09a99f6be6bb7a50abc4915838d9f54501a?s=96&d=mm&r=g\",\"contentUrl\":\"https:\\\/\\\/secure.gravatar.com\\\/avatar\\\/aa9d3d24c83f2141e5e2709d0f63d09a99f6be6bb7a50abc4915838d9f54501a?s=96&d=mm&r=g\",\"caption\":\"Mathieu\"},\"url\":\"https:\\\/\\\/www.altercampagne.net\\\/?author=214\"}]}<\/script>\n<!-- \/ Yoast SEO plugin. -->","yoast_head_json":{"title":"Les \"alter\" investissent le Limousin - AlterTour","robots":{"index":"index","follow":"follow","max-snippet":"max-snippet:-1","max-image-preview":"max-image-preview:large","max-video-preview":"max-video-preview:-1"},"canonical":"https:\/\/www.altercampagne.net\/?p=4582","og_locale":"fr_FR","og_type":"article","og_title":"Les \"alter\" investissent le Limousin - AlterTour","og_description":"Simple hasard, le mouvement altermondialiste converge vers le Limousin. L&rsquo;Altertour de France s&rsquo;ach\u00e8ve cette semaine en Creuse, au moment o\u00f9 s&rsquo;ouvre l&rsquo;Altervillage d&rsquo;Attac en Haute-Vienne. Une confluence de pur hasard, en l\u2019absence de liens organisationnels entre l\u2019\u00e9quipe de l\u2019association Altercampagne, qui a b\u00e2ti ce troisi\u00e8me Altertour et les jeunes d\u2019Attac ... Read More","og_url":"https:\/\/www.altercampagne.net\/?p=4582","og_site_name":"AlterTour","article_published_time":"2010-08-09T15:08:29+00:00","article_modified_time":"2016-04-24T10:00:11+00:00","og_image":[{"url":"http:\/\/altercampagne.free.fr\/pages\/2008\/AlterTour\/pic\/AlterVillage.jpg","type":"","width":"","height":""}],"author":"Mathieu","twitter_card":"summary_large_image","twitter_misc":{"\u00c9crit par":"Mathieu","Dur\u00e9e de lecture estim\u00e9e":"3 minutes"},"schema":{"@context":"https:\/\/schema.org","@graph":[{"@type":"Article","@id":"https:\/\/www.altercampagne.net\/?p=4582#article","isPartOf":{"@id":"https:\/\/www.altercampagne.net\/?p=4582"},"author":{"name":"Mathieu","@id":"https:\/\/www.altercampagne.net\/#\/schema\/person\/0f261460c09e430caa0f9bcffa319109"},"headline":"Les \u00ab\u00a0alter\u00a0\u00bb investissent le Limousin","datePublished":"2010-08-09T15:08:29+00:00","dateModified":"2016-04-24T10:00:11+00:00","mainEntityOfPage":{"@id":"https:\/\/www.altercampagne.net\/?p=4582"},"wordCount":598,"image":{"@id":"https:\/\/www.altercampagne.net\/?p=4582#primaryimage"},"thumbnailUrl":"http:\/\/altercampagne.free.fr\/pages\/2008\/AlterTour\/pic\/AlterVillage.jpg","keywords":["Limousin","Moulin de Busseix","Ambiance bois","Faux-la-Montagne","Attac","AlterVillage","Paul Ari\u00e8s","AlterTour 2010","2010","Lachaud","Marc Vella","Jarnages","plateau de Millevaches","de Fil en R\u00e9seaux","T\u00e9l\u00e9 Millevaches","ferme de Drouillas"],"articleSection":["Revue de presse"],"inLanguage":"fr-FR"},{"@type":"WebPage","@id":"https:\/\/www.altercampagne.net\/?p=4582","url":"https:\/\/www.altercampagne.net\/?p=4582","name":"Les \"alter\" investissent le Limousin - AlterTour","isPartOf":{"@id":"https:\/\/www.altercampagne.net\/#website"},"primaryImageOfPage":{"@id":"https:\/\/www.altercampagne.net\/?p=4582#primaryimage"},"image":{"@id":"https:\/\/www.altercampagne.net\/?p=4582#primaryimage"},"thumbnailUrl":"http:\/\/altercampagne.free.fr\/pages\/2008\/AlterTour\/pic\/AlterVillage.jpg","datePublished":"2010-08-09T15:08:29+00:00","dateModified":"2016-04-24T10:00:11+00:00","author":{"@id":"https:\/\/www.altercampagne.net\/#\/schema\/person\/0f261460c09e430caa0f9bcffa319109"},"breadcrumb":{"@id":"https:\/\/www.altercampagne.net\/?p=4582#breadcrumb"},"inLanguage":"fr-FR","potentialAction":[{"@type":"ReadAction","target":["https:\/\/www.altercampagne.net\/?p=4582"]}]},{"@type":"ImageObject","inLanguage":"fr-FR","@id":"https:\/\/www.altercampagne.net\/?p=4582#primaryimage","url":"http:\/\/altercampagne.free.fr\/pages\/2008\/AlterTour\/pic\/AlterVillage.jpg","contentUrl":"http:\/\/altercampagne.free.fr\/pages\/2008\/AlterTour\/pic\/AlterVillage.jpg"},{"@type":"BreadcrumbList","@id":"https:\/\/www.altercampagne.net\/?p=4582#breadcrumb","itemListElement":[{"@type":"ListItem","position":1,"name":"Accueil","item":"https:\/\/www.altercampagne.net\/"},{"@type":"ListItem","position":2,"name":"Les \u00ab\u00a0alter\u00a0\u00bb investissent le Limousin"}]},{"@type":"WebSite","@id":"https:\/\/www.altercampagne.net\/#website","url":"https:\/\/www.altercampagne.net\/","name":"AlterTour","description":"Reliez les Alternatives \u00e0 v\u00e9lo","potentialAction":[{"@type":"SearchAction","target":{"@type":"EntryPoint","urlTemplate":"https:\/\/www.altercampagne.net\/?s={search_term_string}"},"query-input":{"@type":"PropertyValueSpecification","valueRequired":true,"valueName":"search_term_string"}}],"inLanguage":"fr-FR"},{"@type":"Person","@id":"https:\/\/www.altercampagne.net\/#\/schema\/person\/0f261460c09e430caa0f9bcffa319109","name":"Mathieu","image":{"@type":"ImageObject","inLanguage":"fr-FR","@id":"https:\/\/secure.gravatar.com\/avatar\/aa9d3d24c83f2141e5e2709d0f63d09a99f6be6bb7a50abc4915838d9f54501a?s=96&d=mm&r=g","url":"https:\/\/secure.gravatar.com\/avatar\/aa9d3d24c83f2141e5e2709d0f63d09a99f6be6bb7a50abc4915838d9f54501a?s=96&d=mm&r=g","contentUrl":"https:\/\/secure.gravatar.com\/avatar\/aa9d3d24c83f2141e5e2709d0f63d09a99f6be6bb7a50abc4915838d9f54501a?s=96&d=mm&r=g","caption":"Mathieu"},"url":"https:\/\/www.altercampagne.net\/?author=214"}]}},"_links":{"self":[{"href":"https:\/\/www.altercampagne.net\/index.php?rest_route=\/wp\/v2\/posts\/4582","targetHints":{"allow":["GET"]}}],"collection":[{"href":"https:\/\/www.altercampagne.net\/index.php?rest_route=\/wp\/v2\/posts"}],"about":[{"href":"https:\/\/www.altercampagne.net\/index.php?rest_route=\/wp\/v2\/types\/post"}],"author":[{"embeddable":true,"href":"https:\/\/www.altercampagne.net\/index.php?rest_route=\/wp\/v2\/users\/214"}],"replies":[{"embeddable":true,"href":"https:\/\/www.altercampagne.net\/index.php?rest_route=%2Fwp%2Fv2%2Fcomments&post=4582"}],"version-history":[{"count":0,"href":"https:\/\/www.altercampagne.net\/index.php?rest_route=\/wp\/v2\/posts\/4582\/revisions"}],"wp:attachment":[{"href":"https:\/\/www.altercampagne.net\/index.php?rest_route=%2Fwp%2Fv2%2Fmedia&parent=4582"}],"wp:term":[{"taxonomy":"category","embeddable":true,"href":"https:\/\/www.altercampagne.net\/index.php?rest_route=%2Fwp%2Fv2%2Fcategories&post=4582"},{"taxonomy":"post_tag","embeddable":true,"href":"https:\/\/www.altercampagne.net\/index.php?rest_route=%2Fwp%2Fv2%2Ftags&post=4582"}],"curies":[{"name":"wp","href":"https:\/\/api.w.org\/{rel}","templated":true}]}}