{"id":4586,"date":"2010-09-20T17:16:59","date_gmt":"2010-09-20T15:16:59","guid":{"rendered":"http:\/\/www.altercampagne.net\/?p=4586"},"modified":"2016-04-23T17:18:24","modified_gmt":"2016-04-23T15:18:24","slug":"le-retour-de-lheureux-tour-soleil-et-roues-de-velo-sy-sont-associes-pour-un-dimanche-vraiment-rayonnant","status":"publish","type":"post","link":"https:\/\/www.altercampagne.net\/?p=4586","title":{"rendered":"Le retour de l&rsquo;heureux-tour : soleil et roues de v\u00e9lo s&rsquo;y sont associ\u00e9s pour un dimanche vraiment rayonnant"},"content":{"rendered":"<p><span class=\"Style22\"><img loading=\"lazy\" decoding=\"async\" class=\" alignleft\" src=\"http:\/\/altercampagne.free.fr\/pages\/2008\/AlterTour\/pic\/AT-Magnifik\/Dom-Alain-casque-S.jpg\" alt=\"\" width=\"300\" height=\"236\" \/>En dehors d&rsquo;une cha\u00eene cass\u00e9e &#8211; vite r\u00e9par\u00e9e par Herv\u00e9 de Partout -, et d&rsquo;un v\u00e9lo auto-freinant identifi\u00e9 comme tel peu avant l&rsquo;Arriv\u00e9e en fin d&rsquo;apr\u00e8s-midi **, le mat\u00e9riel roulant a raisonnablement r\u00e9sist\u00e9 \u00e0 une s\u00e9rie de sentiers divers et difficiles : chemins \u00e9troits et creux, parfois garnis de boue, ou bien m\u00eame de racines, ou bien encore barr\u00e9s de troncs d&rsquo;arbres. Un repas bio-d\u00e9licieux-tr\u00e8s-copieux-bien-arros\u00e9, pr\u00e9par\u00e9 par les Amis de l&rsquo;Estaminet de Magny-les-Hameaux &#8211; et Leslie de Paris -, a r\u00e9compens\u00e9 les nombreux survivants.<\/span><\/p>\n<p>Je ne peux pas commencer cette semaine sans vous dire un grand merci pour ce dimanche rayonnant !<br \/>\nJ&rsquo;esp\u00e8re que je n&rsquo;ai pas emmen\u00e9 trop de monde ; j&rsquo;avais juste propos\u00e9 \u00e0 deux personnes &#8211; et puis le bouche \u00e0 oreille&#8230; Je n&rsquo;ai pas vu de la journ\u00e9e celle qui a appris \u00e0 faire du v\u00e9lo il y a deux ans, et j&rsquo;esp\u00e8re que ce n&rsquo;\u00e9tait pas trop dur pour elle&#8230; mais s\u00fbr que les trois autres \u00e9taient enchant\u00e9es et pourquoi pas repartantes&#8230;<br \/>\nPlein de petites plantes dont je n&rsquo;ai pas encore oubli\u00e9 les multiples propri\u00e9t\u00e9s (cf : visite avec Elena* du Parc Naturel R\u00e9gional) me regardent du coin de l&rsquo;oeil et vous envoient aussi leurs salutations !<br \/>\n&#8212;&#8212;&#8212;&#8212;<\/p>\n<p>Encore un grand merci \u00e0 tous ceux qui ont permis la journ\u00e9e d&rsquo;aujourd&rsquo;hui !.. et \u00e0 bient\u00f4t pour de nouvelles aventures : suis motiv\u00e9e par des petites journ\u00e9es v\u00e9lo ou rando de-ci de-l\u00e0, ou carr\u00e9ment des week end avec nuit en gite&#8230; bref, on va bien trouver \u00e0 s&rsquo;occuper !<br \/>\n&#8212;&#8212;&#8212;&#8212;<\/p>\n<p>Merci aux g\u00e9n\u00e9reuses personnes qui nous ont offert cet heureux tour !<br \/>\nOn a discut\u00e9 dans le train avec d&rsquo;autres \u00e9chapp\u00e9s de l&rsquo;alter&#8230; on pourrait organiser d&rsquo;autre journ\u00e9es comme celles-ci, pour soutenir des luttes \u00e0 v\u00e9lo par ex, avec V\u00e9lorution on est all\u00e9 \u00e0 Milly-la-for\u00eat soutenir les apiculteurs contre les OGM, \u00e0 Dieppe contre l&rsquo;EPR, on peut \u00e0 cette occasion f\u00e9d\u00e9rer d&rsquo;autres luttes les antinuc, les Amap, les faucheurs, les v\u00e9lorutionnaires, qu&rsquo;en pensez-vous?<br \/>\nAu fait, la premi\u00e8re r\u00e9p\u00e9tition de l&rsquo;Alter chorale c&rsquo;est quand ?<br \/>\n&#8212;&#8212;&#8212;&#8211;<\/p>\n<p>Un grand merci \u00e0 tous ceux qui ont fait de cette journ\u00e9e une belle parenth\u00e8se dans mon enfer parisien (mais, non, je n&rsquo;en fais pas trop).<br \/>\nUn grand \u00ab\u00a0OUI\u00a0\u00bb \u00e0 toutes celles et ceux qui sont motiv\u00e9s pour recommencer. Evidemment j&rsquo;en suis. Qu&rsquo;il pleuve, qu&rsquo;il neige ou qu&rsquo;il vente : on a m\u00eame pas peur des intemp\u00e9ries quand on est heureux&#8230;<\/p>\n<table border=\"0\" width=\"876\" cellpadding=\"0\" align=\"center\">\n<tbody>\n<tr>\n<td class=\"Style13\" colspan=\"3\" align=\"center\" valign=\"top\">\n<div align=\"left\">*\u00a0\u00a0Merci beaucoup pour votre enthousiasme et votre participation.<br \/>\nC\u2019est avec plaisir que j\u2019ai anim\u00e9 la visite de la r\u00e9serve avec une partie de votre groupe, en esp\u00e9rant qu\u2019il en a \u00e9t\u00e9 de m\u00eame pour eux. Peut-\u00eatre aurons-nous l\u2019occasion de renouveler l\u2019exp\u00e9rience, sous cette forme ou en imaginant des alternatives.<br \/>\nA bient\u00f4t, bonne continuation.<br \/>\nEl\u00e9na<br \/>\n(Mission Education &amp; Animation du territoire, PNR de la Haute Vall\u00e9e de Chevreuse)<\/div>\n<\/td>\n<\/tr>\n<\/tbody>\n<\/table>\n<p><span class=\"Style22\">**Altercycliste dont le v\u00e9lo avait subi la veille une r\u00e9vision pouss\u00e9e : <\/span><span class=\"Style13\">\u00a0\u00bb Faut dire qu&rsquo;avec mon \u00ab\u00a0surplace\u00a0\u00bb, je suis tout de m\u00eame un bon porte-\u00e9tendard de l&rsquo;anti-dopage version \u00e0 l&rsquo;envers&#8230; Merci \u00e0 vous tous et surtout \u00e0 la super r\u00e9vision de D\u00e9catlon qui m&rsquo;a permis d&rsquo;\u00eatre freins serr\u00e9s \u00e0 fond toute la journ\u00e9e !<\/span>\u00ab\u00a0<\/p>\n","protected":false},"excerpt":{"rendered":"<p>En dehors d&rsquo;une cha\u00eene cass\u00e9e &#8211; vite r\u00e9par\u00e9e par Herv\u00e9 de Partout -, et d&rsquo;un v\u00e9lo auto-freinant identifi\u00e9 comme tel peu avant l&rsquo;Arriv\u00e9e en fin d&rsquo;apr\u00e8s-midi **, le mat\u00e9riel roulant a raisonnablement r\u00e9sist\u00e9 \u00e0 une s\u00e9rie de sentiers divers et difficiles : chemins \u00e9troits et creux, parfois garnis de boue, &#8230; <\/p>\n<div><a href=\"https:\/\/www.altercampagne.net\/?p=4586\" class=\"more-link\">Read More<\/a><\/div>\n","protected":false},"author":214,"featured_media":0,"comment_status":"closed","ping_status":"closed","sticky":false,"template":"","format":"standard","meta":{"footnotes":""},"categories":[1],"tags":[1301,2095],"class_list":["post-4586","post","type-post","status-publish","format-standard","hentry","category-non-classe","tag-altertour-2010","tag-2095","no-post-thumbnail"],"yoast_head":"<!-- This site is optimized with the Yoast SEO plugin v27.3 - https:\/\/yoast.com\/product\/yoast-seo-wordpress\/ -->\n<title>Le retour de l&#039;heureux-tour : soleil et roues de v\u00e9lo s&#039;y sont associ\u00e9s pour un dimanche vraiment rayonnant - AlterTour<\/title>\n<meta name=\"robots\" content=\"index, follow, max-snippet:-1, max-image-preview:large, max-video-preview:-1\" \/>\n<link rel=\"canonical\" href=\"https:\/\/www.altercampagne.net\/?p=4586\" \/>\n<meta property=\"og:locale\" content=\"fr_FR\" \/>\n<meta property=\"og:type\" content=\"article\" \/>\n<meta property=\"og:title\" content=\"Le retour de l&#039;heureux-tour : soleil et roues de v\u00e9lo s&#039;y sont associ\u00e9s pour un dimanche vraiment rayonnant - AlterTour\" \/>\n<meta property=\"og:description\" content=\"En dehors d&rsquo;une cha\u00eene cass\u00e9e &#8211; vite r\u00e9par\u00e9e par Herv\u00e9 de Partout -, et d&rsquo;un v\u00e9lo auto-freinant identifi\u00e9 comme tel peu avant l&rsquo;Arriv\u00e9e en fin d&rsquo;apr\u00e8s-midi **, le mat\u00e9riel roulant a raisonnablement r\u00e9sist\u00e9 \u00e0 une s\u00e9rie de sentiers divers et difficiles : chemins \u00e9troits et creux, parfois garnis de boue, ... Read More\" \/>\n<meta property=\"og:url\" content=\"https:\/\/www.altercampagne.net\/?p=4586\" \/>\n<meta property=\"og:site_name\" content=\"AlterTour\" \/>\n<meta property=\"article:published_time\" content=\"2010-09-20T15:16:59+00:00\" \/>\n<meta property=\"article:modified_time\" content=\"2016-04-23T15:18:24+00:00\" \/>\n<meta property=\"og:image\" content=\"http:\/\/altercampagne.free.fr\/pages\/2008\/AlterTour\/pic\/AT-Magnifik\/Dom-Alain-casque-S.jpg\" \/>\n<meta name=\"author\" content=\"Mathieu\" \/>\n<meta name=\"twitter:card\" content=\"summary_large_image\" \/>\n<meta name=\"twitter:label1\" content=\"\u00c9crit par\" \/>\n\t<meta name=\"twitter:data1\" content=\"Mathieu\" \/>\n\t<meta name=\"twitter:label2\" content=\"Dur\u00e9e de lecture estim\u00e9e\" \/>\n\t<meta name=\"twitter:data2\" content=\"3 minutes\" \/>\n<script type=\"application\/ld+json\" class=\"yoast-schema-graph\">{\"@context\":\"https:\\\/\\\/schema.org\",\"@graph\":[{\"@type\":\"Article\",\"@id\":\"https:\\\/\\\/www.altercampagne.net\\\/?p=4586#article\",\"isPartOf\":{\"@id\":\"https:\\\/\\\/www.altercampagne.net\\\/?p=4586\"},\"author\":{\"name\":\"Mathieu\",\"@id\":\"https:\\\/\\\/www.altercampagne.net\\\/#\\\/schema\\\/person\\\/0f261460c09e430caa0f9bcffa319109\"},\"headline\":\"Le retour de l&rsquo;heureux-tour : soleil et roues de v\u00e9lo s&rsquo;y sont associ\u00e9s pour un dimanche vraiment rayonnant\",\"datePublished\":\"2010-09-20T15:16:59+00:00\",\"dateModified\":\"2016-04-23T15:18:24+00:00\",\"mainEntityOfPage\":{\"@id\":\"https:\\\/\\\/www.altercampagne.net\\\/?p=4586\"},\"wordCount\":617,\"image\":{\"@id\":\"https:\\\/\\\/www.altercampagne.net\\\/?p=4586#primaryimage\"},\"thumbnailUrl\":\"http:\\\/\\\/altercampagne.free.fr\\\/pages\\\/2008\\\/AlterTour\\\/pic\\\/AT-Magnifik\\\/Dom-Alain-casque-S.jpg\",\"keywords\":[\"AlterTour 2010\",\"2010\"],\"inLanguage\":\"fr-FR\"},{\"@type\":\"WebPage\",\"@id\":\"https:\\\/\\\/www.altercampagne.net\\\/?p=4586\",\"url\":\"https:\\\/\\\/www.altercampagne.net\\\/?p=4586\",\"name\":\"Le retour de l'heureux-tour : soleil et roues de v\u00e9lo s'y sont associ\u00e9s pour un dimanche vraiment rayonnant - AlterTour\",\"isPartOf\":{\"@id\":\"https:\\\/\\\/www.altercampagne.net\\\/#website\"},\"primaryImageOfPage\":{\"@id\":\"https:\\\/\\\/www.altercampagne.net\\\/?p=4586#primaryimage\"},\"image\":{\"@id\":\"https:\\\/\\\/www.altercampagne.net\\\/?p=4586#primaryimage\"},\"thumbnailUrl\":\"http:\\\/\\\/altercampagne.free.fr\\\/pages\\\/2008\\\/AlterTour\\\/pic\\\/AT-Magnifik\\\/Dom-Alain-casque-S.jpg\",\"datePublished\":\"2010-09-20T15:16:59+00:00\",\"dateModified\":\"2016-04-23T15:18:24+00:00\",\"author\":{\"@id\":\"https:\\\/\\\/www.altercampagne.net\\\/#\\\/schema\\\/person\\\/0f261460c09e430caa0f9bcffa319109\"},\"breadcrumb\":{\"@id\":\"https:\\\/\\\/www.altercampagne.net\\\/?p=4586#breadcrumb\"},\"inLanguage\":\"fr-FR\",\"potentialAction\":[{\"@type\":\"ReadAction\",\"target\":[\"https:\\\/\\\/www.altercampagne.net\\\/?p=4586\"]}]},{\"@type\":\"ImageObject\",\"inLanguage\":\"fr-FR\",\"@id\":\"https:\\\/\\\/www.altercampagne.net\\\/?p=4586#primaryimage\",\"url\":\"http:\\\/\\\/altercampagne.free.fr\\\/pages\\\/2008\\\/AlterTour\\\/pic\\\/AT-Magnifik\\\/Dom-Alain-casque-S.jpg\",\"contentUrl\":\"http:\\\/\\\/altercampagne.free.fr\\\/pages\\\/2008\\\/AlterTour\\\/pic\\\/AT-Magnifik\\\/Dom-Alain-casque-S.jpg\"},{\"@type\":\"BreadcrumbList\",\"@id\":\"https:\\\/\\\/www.altercampagne.net\\\/?p=4586#breadcrumb\",\"itemListElement\":[{\"@type\":\"ListItem\",\"position\":1,\"name\":\"Accueil\",\"item\":\"https:\\\/\\\/www.altercampagne.net\\\/\"},{\"@type\":\"ListItem\",\"position\":2,\"name\":\"Le retour de l&rsquo;heureux-tour : soleil et roues de v\u00e9lo s&rsquo;y sont associ\u00e9s pour un dimanche vraiment rayonnant\"}]},{\"@type\":\"WebSite\",\"@id\":\"https:\\\/\\\/www.altercampagne.net\\\/#website\",\"url\":\"https:\\\/\\\/www.altercampagne.net\\\/\",\"name\":\"AlterTour\",\"description\":\"Reliez les Alternatives \u00e0 v\u00e9lo\",\"potentialAction\":[{\"@type\":\"SearchAction\",\"target\":{\"@type\":\"EntryPoint\",\"urlTemplate\":\"https:\\\/\\\/www.altercampagne.net\\\/?s={search_term_string}\"},\"query-input\":{\"@type\":\"PropertyValueSpecification\",\"valueRequired\":true,\"valueName\":\"search_term_string\"}}],\"inLanguage\":\"fr-FR\"},{\"@type\":\"Person\",\"@id\":\"https:\\\/\\\/www.altercampagne.net\\\/#\\\/schema\\\/person\\\/0f261460c09e430caa0f9bcffa319109\",\"name\":\"Mathieu\",\"image\":{\"@type\":\"ImageObject\",\"inLanguage\":\"fr-FR\",\"@id\":\"https:\\\/\\\/secure.gravatar.com\\\/avatar\\\/aa9d3d24c83f2141e5e2709d0f63d09a99f6be6bb7a50abc4915838d9f54501a?s=96&d=mm&r=g\",\"url\":\"https:\\\/\\\/secure.gravatar.com\\\/avatar\\\/aa9d3d24c83f2141e5e2709d0f63d09a99f6be6bb7a50abc4915838d9f54501a?s=96&d=mm&r=g\",\"contentUrl\":\"https:\\\/\\\/secure.gravatar.com\\\/avatar\\\/aa9d3d24c83f2141e5e2709d0f63d09a99f6be6bb7a50abc4915838d9f54501a?s=96&d=mm&r=g\",\"caption\":\"Mathieu\"},\"url\":\"https:\\\/\\\/www.altercampagne.net\\\/?author=214\"}]}<\/script>\n<!-- \/ Yoast SEO plugin. -->","yoast_head_json":{"title":"Le retour de l'heureux-tour : soleil et roues de v\u00e9lo s'y sont associ\u00e9s pour un dimanche vraiment rayonnant - AlterTour","robots":{"index":"index","follow":"follow","max-snippet":"max-snippet:-1","max-image-preview":"max-image-preview:large","max-video-preview":"max-video-preview:-1"},"canonical":"https:\/\/www.altercampagne.net\/?p=4586","og_locale":"fr_FR","og_type":"article","og_title":"Le retour de l'heureux-tour : soleil et roues de v\u00e9lo s'y sont associ\u00e9s pour un dimanche vraiment rayonnant - AlterTour","og_description":"En dehors d&rsquo;une cha\u00eene cass\u00e9e &#8211; vite r\u00e9par\u00e9e par Herv\u00e9 de Partout -, et d&rsquo;un v\u00e9lo auto-freinant identifi\u00e9 comme tel peu avant l&rsquo;Arriv\u00e9e en fin d&rsquo;apr\u00e8s-midi **, le mat\u00e9riel roulant a raisonnablement r\u00e9sist\u00e9 \u00e0 une s\u00e9rie de sentiers divers et difficiles : chemins \u00e9troits et creux, parfois garnis de boue, ... Read More","og_url":"https:\/\/www.altercampagne.net\/?p=4586","og_site_name":"AlterTour","article_published_time":"2010-09-20T15:16:59+00:00","article_modified_time":"2016-04-23T15:18:24+00:00","og_image":[{"url":"http:\/\/altercampagne.free.fr\/pages\/2008\/AlterTour\/pic\/AT-Magnifik\/Dom-Alain-casque-S.jpg","type":"","width":"","height":""}],"author":"Mathieu","twitter_card":"summary_large_image","twitter_misc":{"\u00c9crit par":"Mathieu","Dur\u00e9e de lecture estim\u00e9e":"3 minutes"},"schema":{"@context":"https:\/\/schema.org","@graph":[{"@type":"Article","@id":"https:\/\/www.altercampagne.net\/?p=4586#article","isPartOf":{"@id":"https:\/\/www.altercampagne.net\/?p=4586"},"author":{"name":"Mathieu","@id":"https:\/\/www.altercampagne.net\/#\/schema\/person\/0f261460c09e430caa0f9bcffa319109"},"headline":"Le retour de l&rsquo;heureux-tour : soleil et roues de v\u00e9lo s&rsquo;y sont associ\u00e9s pour un dimanche vraiment rayonnant","datePublished":"2010-09-20T15:16:59+00:00","dateModified":"2016-04-23T15:18:24+00:00","mainEntityOfPage":{"@id":"https:\/\/www.altercampagne.net\/?p=4586"},"wordCount":617,"image":{"@id":"https:\/\/www.altercampagne.net\/?p=4586#primaryimage"},"thumbnailUrl":"http:\/\/altercampagne.free.fr\/pages\/2008\/AlterTour\/pic\/AT-Magnifik\/Dom-Alain-casque-S.jpg","keywords":["AlterTour 2010","2010"],"inLanguage":"fr-FR"},{"@type":"WebPage","@id":"https:\/\/www.altercampagne.net\/?p=4586","url":"https:\/\/www.altercampagne.net\/?p=4586","name":"Le retour de l'heureux-tour : soleil et roues de v\u00e9lo s'y sont associ\u00e9s pour un dimanche vraiment rayonnant - AlterTour","isPartOf":{"@id":"https:\/\/www.altercampagne.net\/#website"},"primaryImageOfPage":{"@id":"https:\/\/www.altercampagne.net\/?p=4586#primaryimage"},"image":{"@id":"https:\/\/www.altercampagne.net\/?p=4586#primaryimage"},"thumbnailUrl":"http:\/\/altercampagne.free.fr\/pages\/2008\/AlterTour\/pic\/AT-Magnifik\/Dom-Alain-casque-S.jpg","datePublished":"2010-09-20T15:16:59+00:00","dateModified":"2016-04-23T15:18:24+00:00","author":{"@id":"https:\/\/www.altercampagne.net\/#\/schema\/person\/0f261460c09e430caa0f9bcffa319109"},"breadcrumb":{"@id":"https:\/\/www.altercampagne.net\/?p=4586#breadcrumb"},"inLanguage":"fr-FR","potentialAction":[{"@type":"ReadAction","target":["https:\/\/www.altercampagne.net\/?p=4586"]}]},{"@type":"ImageObject","inLanguage":"fr-FR","@id":"https:\/\/www.altercampagne.net\/?p=4586#primaryimage","url":"http:\/\/altercampagne.free.fr\/pages\/2008\/AlterTour\/pic\/AT-Magnifik\/Dom-Alain-casque-S.jpg","contentUrl":"http:\/\/altercampagne.free.fr\/pages\/2008\/AlterTour\/pic\/AT-Magnifik\/Dom-Alain-casque-S.jpg"},{"@type":"BreadcrumbList","@id":"https:\/\/www.altercampagne.net\/?p=4586#breadcrumb","itemListElement":[{"@type":"ListItem","position":1,"name":"Accueil","item":"https:\/\/www.altercampagne.net\/"},{"@type":"ListItem","position":2,"name":"Le retour de l&rsquo;heureux-tour : soleil et roues de v\u00e9lo s&rsquo;y sont associ\u00e9s pour un dimanche vraiment rayonnant"}]},{"@type":"WebSite","@id":"https:\/\/www.altercampagne.net\/#website","url":"https:\/\/www.altercampagne.net\/","name":"AlterTour","description":"Reliez les Alternatives \u00e0 v\u00e9lo","potentialAction":[{"@type":"SearchAction","target":{"@type":"EntryPoint","urlTemplate":"https:\/\/www.altercampagne.net\/?s={search_term_string}"},"query-input":{"@type":"PropertyValueSpecification","valueRequired":true,"valueName":"search_term_string"}}],"inLanguage":"fr-FR"},{"@type":"Person","@id":"https:\/\/www.altercampagne.net\/#\/schema\/person\/0f261460c09e430caa0f9bcffa319109","name":"Mathieu","image":{"@type":"ImageObject","inLanguage":"fr-FR","@id":"https:\/\/secure.gravatar.com\/avatar\/aa9d3d24c83f2141e5e2709d0f63d09a99f6be6bb7a50abc4915838d9f54501a?s=96&d=mm&r=g","url":"https:\/\/secure.gravatar.com\/avatar\/aa9d3d24c83f2141e5e2709d0f63d09a99f6be6bb7a50abc4915838d9f54501a?s=96&d=mm&r=g","contentUrl":"https:\/\/secure.gravatar.com\/avatar\/aa9d3d24c83f2141e5e2709d0f63d09a99f6be6bb7a50abc4915838d9f54501a?s=96&d=mm&r=g","caption":"Mathieu"},"url":"https:\/\/www.altercampagne.net\/?author=214"}]}},"_links":{"self":[{"href":"https:\/\/www.altercampagne.net\/index.php?rest_route=\/wp\/v2\/posts\/4586","targetHints":{"allow":["GET"]}}],"collection":[{"href":"https:\/\/www.altercampagne.net\/index.php?rest_route=\/wp\/v2\/posts"}],"about":[{"href":"https:\/\/www.altercampagne.net\/index.php?rest_route=\/wp\/v2\/types\/post"}],"author":[{"embeddable":true,"href":"https:\/\/www.altercampagne.net\/index.php?rest_route=\/wp\/v2\/users\/214"}],"replies":[{"embeddable":true,"href":"https:\/\/www.altercampagne.net\/index.php?rest_route=%2Fwp%2Fv2%2Fcomments&post=4586"}],"version-history":[{"count":0,"href":"https:\/\/www.altercampagne.net\/index.php?rest_route=\/wp\/v2\/posts\/4586\/revisions"}],"wp:attachment":[{"href":"https:\/\/www.altercampagne.net\/index.php?rest_route=%2Fwp%2Fv2%2Fmedia&parent=4586"}],"wp:term":[{"taxonomy":"category","embeddable":true,"href":"https:\/\/www.altercampagne.net\/index.php?rest_route=%2Fwp%2Fv2%2Fcategories&post=4586"},{"taxonomy":"post_tag","embeddable":true,"href":"https:\/\/www.altercampagne.net\/index.php?rest_route=%2Fwp%2Fv2%2Ftags&post=4586"}],"curies":[{"name":"wp","href":"https:\/\/api.w.org\/{rel}","templated":true}]}}