{"id":4590,"date":"2010-08-19T17:23:26","date_gmt":"2010-08-19T15:23:26","guid":{"rendered":"http:\/\/www.altercampagne.net\/?p=4590"},"modified":"2020-02-24T17:38:44","modified_gmt":"2020-02-24T16:38:44","slug":"laltertour-en-limousin-une-relation-exemplaire-entre-nomades-et-sedentaires","status":"publish","type":"post","link":"https:\/\/www.altercampagne.net\/?p=4590","title":{"rendered":"L&rsquo;AlterTour en Limousin : une relation exemplaire entre nomades et s\u00e9dentaires"},"content":{"rendered":"<p><span class=\"Style22\"><img loading=\"lazy\" decoding=\"async\" class=\" alignleft\" src=\"http:\/\/altercampagne.free.fr\/pages\/2008\/AlterTour\/pic\/YourtesLachaud.jpg\" alt=\"\" width=\"300\" height=\"201\">&nbsp;Pendant que quelques individus situ\u00e9s au sommet de la hi\u00e9rarchie \u00e9tatique organisaient le \u00ab\u00a0d\u00e9mantellement\u00a0\u00bb des camps de gens du voyage, entretenant ainsi les craintes instinctives du s\u00e9dentaire envers le nomade, cet inconnu, les altercyclistes sans hi\u00e9rarchie et leurs accueillants \u0153uvraient dans la direction oppos\u00e9e.<\/span><\/p>\n<p><span class=\"Style22\">A Gentioux (\u00ab\u00a0Le Champs des Possibles\u00a0\u00bb) et Vidaillat (\u00ab\u00a0VASI jeune\u00a0\u00bb), d&rsquo;accueillants s\u00e9dentaires avaient organis\u00e9 une participation des cyclistes nomades au travail local, sous la forme de petits chantiers collectifs : d\u00e9broussaillage, jardinage, \u00e9tiquetage de produits de la ferme, nourriture des animaux, transport de bois de chauffage, &#8230;<br \/>\nChacun a tir\u00e9 une grande satisfaction de cette rencontre autour du travail, comme valeur d&rsquo;\u00e9change et de solidarit\u00e9. En plus de l&rsquo;enrichissement mutuel entre individus d&rsquo;histoires diff\u00e9rentes, la satisfaction personnelle tir\u00e9e d&rsquo;une telle exp\u00e9rience partag\u00e9e est d&rsquo;avoir r\u00e9ussi \u00e0 surmonter la peur de l&rsquo;autre&#8230; d&rsquo;avoir su \u00ab\u00a0faire confiance\u00a0\u00bb.<\/span><\/p>\n<p><span class=\"Style22\">&nbsp;&nbsp;A quand des <strong>lieux d&rsquo;accueil d\u00e9cents ET DE PARTAGE<\/strong>, dans chaque commune, pour celles et ceux qui ont fait le choix d&rsquo;une autre vie ?<\/span><\/p>\n<p><span class=\"Style22\">\u00ab\u00a0<\/span><span class=\"Style238\"><em>Toute culture nait du m\u00e9lange, de la rencontre, des chocs.<br \/>\nA l&rsquo;inverse, c&rsquo;est de l&rsquo;isolement que meurent les civilisations.<\/em><\/span><span class=\"Style22\">\u00a0\u00bb<br \/>\nOctavio Paz (1914 -1998), po\u00e8te, essayiste et diplomate mexicain, laur\u00e9at du prix Nobel de litt\u00e9rature en 1990.<\/span><\/p>\n","protected":false},"excerpt":{"rendered":"<p>&nbsp;Pendant que quelques individus situ\u00e9s au sommet de la hi\u00e9rarchie \u00e9tatique organisaient le \u00ab\u00a0d\u00e9mantellement\u00a0\u00bb des camps de gens du voyage, entretenant ainsi les craintes instinctives du s\u00e9dentaire envers le nomade, cet inconnu, les altercyclistes sans hi\u00e9rarchie et leurs accueillants \u0153uvraient dans la direction oppos\u00e9e. A Gentioux (\u00ab\u00a0Le Champs des Possibles\u00a0\u00bb) &#8230; <\/p>\n<div><a href=\"https:\/\/www.altercampagne.net\/?p=4590\" class=\"more-link\">Read More<\/a><\/div>\n","protected":false},"author":214,"featured_media":0,"comment_status":"closed","ping_status":"closed","sticky":false,"template":"","format":"standard","meta":{"footnotes":""},"categories":[3483,3479,3493],"tags":[580,667,668,1301,1645,2095,2266,2267],"class_list":["post-4590","post","type-post","status-publish","format-standard","hentry","category-agriculture","category-nouvelle-aquitaine","category-edition-2010","tag-limousin","tag-vasi-jeune","tag-vidaillat","tag-altertour-2010","tag-creuse","tag-2095","tag-gentioux","tag-champs-des-possibles","no-post-thumbnail"],"yoast_head":"<!-- This site is optimized with the Yoast SEO plugin v27.3 - https:\/\/yoast.com\/product\/yoast-seo-wordpress\/ -->\n<title>L&#039;AlterTour en Limousin : une relation exemplaire entre nomades et s\u00e9dentaires - AlterTour<\/title>\n<meta name=\"robots\" content=\"index, follow, max-snippet:-1, max-image-preview:large, max-video-preview:-1\" \/>\n<link rel=\"canonical\" href=\"https:\/\/www.altercampagne.net\/?p=4590\" \/>\n<meta property=\"og:locale\" content=\"fr_FR\" \/>\n<meta property=\"og:type\" content=\"article\" \/>\n<meta property=\"og:title\" content=\"L&#039;AlterTour en Limousin : une relation exemplaire entre nomades et s\u00e9dentaires - AlterTour\" \/>\n<meta property=\"og:description\" content=\"&nbsp;Pendant que quelques individus situ\u00e9s au sommet de la hi\u00e9rarchie \u00e9tatique organisaient le \u00ab\u00a0d\u00e9mantellement\u00a0\u00bb des camps de gens du voyage, entretenant ainsi les craintes instinctives du s\u00e9dentaire envers le nomade, cet inconnu, les altercyclistes sans hi\u00e9rarchie et leurs accueillants \u0153uvraient dans la direction oppos\u00e9e. A Gentioux (\u00ab\u00a0Le Champs des Possibles\u00a0\u00bb) ... Read More\" \/>\n<meta property=\"og:url\" content=\"https:\/\/www.altercampagne.net\/?p=4590\" \/>\n<meta property=\"og:site_name\" content=\"AlterTour\" \/>\n<meta property=\"article:published_time\" content=\"2010-08-19T15:23:26+00:00\" \/>\n<meta property=\"article:modified_time\" content=\"2020-02-24T16:38:44+00:00\" \/>\n<meta property=\"og:image\" content=\"http:\/\/altercampagne.free.fr\/pages\/2008\/AlterTour\/pic\/YourtesLachaud.jpg\" \/>\n<meta name=\"author\" content=\"Mathieu\" \/>\n<meta name=\"twitter:card\" content=\"summary_large_image\" \/>\n<meta name=\"twitter:label1\" content=\"\u00c9crit par\" \/>\n\t<meta name=\"twitter:data1\" content=\"Mathieu\" \/>\n\t<meta name=\"twitter:label2\" content=\"Dur\u00e9e de lecture estim\u00e9e\" \/>\n\t<meta name=\"twitter:data2\" content=\"1 minute\" \/>\n<script type=\"application\/ld+json\" class=\"yoast-schema-graph\">{\"@context\":\"https:\\\/\\\/schema.org\",\"@graph\":[{\"@type\":\"Article\",\"@id\":\"https:\\\/\\\/www.altercampagne.net\\\/?p=4590#article\",\"isPartOf\":{\"@id\":\"https:\\\/\\\/www.altercampagne.net\\\/?p=4590\"},\"author\":{\"name\":\"Mathieu\",\"@id\":\"https:\\\/\\\/www.altercampagne.net\\\/#\\\/schema\\\/person\\\/0f261460c09e430caa0f9bcffa319109\"},\"headline\":\"L&rsquo;AlterTour en Limousin : une relation exemplaire entre nomades et s\u00e9dentaires\",\"datePublished\":\"2010-08-19T15:23:26+00:00\",\"dateModified\":\"2020-02-24T16:38:44+00:00\",\"mainEntityOfPage\":{\"@id\":\"https:\\\/\\\/www.altercampagne.net\\\/?p=4590\"},\"wordCount\":240,\"image\":{\"@id\":\"https:\\\/\\\/www.altercampagne.net\\\/?p=4590#primaryimage\"},\"thumbnailUrl\":\"http:\\\/\\\/altercampagne.free.fr\\\/pages\\\/2008\\\/AlterTour\\\/pic\\\/YourtesLachaud.jpg\",\"keywords\":[\"Limousin\",\"Vasi Jeune\",\"Vidaillat\",\"AlterTour 2010\",\"Creuse\",\"2010\",\"Gentioux\",\"Champs des Possibles\"],\"articleSection\":[\"Agriculture\",\"Nouvelle-Aquitaine\",\"Edition 2010\"],\"inLanguage\":\"fr-FR\"},{\"@type\":\"WebPage\",\"@id\":\"https:\\\/\\\/www.altercampagne.net\\\/?p=4590\",\"url\":\"https:\\\/\\\/www.altercampagne.net\\\/?p=4590\",\"name\":\"L'AlterTour en Limousin : une relation exemplaire entre nomades et s\u00e9dentaires - AlterTour\",\"isPartOf\":{\"@id\":\"https:\\\/\\\/www.altercampagne.net\\\/#website\"},\"primaryImageOfPage\":{\"@id\":\"https:\\\/\\\/www.altercampagne.net\\\/?p=4590#primaryimage\"},\"image\":{\"@id\":\"https:\\\/\\\/www.altercampagne.net\\\/?p=4590#primaryimage\"},\"thumbnailUrl\":\"http:\\\/\\\/altercampagne.free.fr\\\/pages\\\/2008\\\/AlterTour\\\/pic\\\/YourtesLachaud.jpg\",\"datePublished\":\"2010-08-19T15:23:26+00:00\",\"dateModified\":\"2020-02-24T16:38:44+00:00\",\"author\":{\"@id\":\"https:\\\/\\\/www.altercampagne.net\\\/#\\\/schema\\\/person\\\/0f261460c09e430caa0f9bcffa319109\"},\"breadcrumb\":{\"@id\":\"https:\\\/\\\/www.altercampagne.net\\\/?p=4590#breadcrumb\"},\"inLanguage\":\"fr-FR\",\"potentialAction\":[{\"@type\":\"ReadAction\",\"target\":[\"https:\\\/\\\/www.altercampagne.net\\\/?p=4590\"]}]},{\"@type\":\"ImageObject\",\"inLanguage\":\"fr-FR\",\"@id\":\"https:\\\/\\\/www.altercampagne.net\\\/?p=4590#primaryimage\",\"url\":\"http:\\\/\\\/altercampagne.free.fr\\\/pages\\\/2008\\\/AlterTour\\\/pic\\\/YourtesLachaud.jpg\",\"contentUrl\":\"http:\\\/\\\/altercampagne.free.fr\\\/pages\\\/2008\\\/AlterTour\\\/pic\\\/YourtesLachaud.jpg\"},{\"@type\":\"BreadcrumbList\",\"@id\":\"https:\\\/\\\/www.altercampagne.net\\\/?p=4590#breadcrumb\",\"itemListElement\":[{\"@type\":\"ListItem\",\"position\":1,\"name\":\"Accueil\",\"item\":\"https:\\\/\\\/www.altercampagne.net\\\/\"},{\"@type\":\"ListItem\",\"position\":2,\"name\":\"L&rsquo;AlterTour en Limousin : une relation exemplaire entre nomades et s\u00e9dentaires\"}]},{\"@type\":\"WebSite\",\"@id\":\"https:\\\/\\\/www.altercampagne.net\\\/#website\",\"url\":\"https:\\\/\\\/www.altercampagne.net\\\/\",\"name\":\"AlterTour\",\"description\":\"Reliez les Alternatives \u00e0 v\u00e9lo\",\"potentialAction\":[{\"@type\":\"SearchAction\",\"target\":{\"@type\":\"EntryPoint\",\"urlTemplate\":\"https:\\\/\\\/www.altercampagne.net\\\/?s={search_term_string}\"},\"query-input\":{\"@type\":\"PropertyValueSpecification\",\"valueRequired\":true,\"valueName\":\"search_term_string\"}}],\"inLanguage\":\"fr-FR\"},{\"@type\":\"Person\",\"@id\":\"https:\\\/\\\/www.altercampagne.net\\\/#\\\/schema\\\/person\\\/0f261460c09e430caa0f9bcffa319109\",\"name\":\"Mathieu\",\"image\":{\"@type\":\"ImageObject\",\"inLanguage\":\"fr-FR\",\"@id\":\"https:\\\/\\\/secure.gravatar.com\\\/avatar\\\/aa9d3d24c83f2141e5e2709d0f63d09a99f6be6bb7a50abc4915838d9f54501a?s=96&d=mm&r=g\",\"url\":\"https:\\\/\\\/secure.gravatar.com\\\/avatar\\\/aa9d3d24c83f2141e5e2709d0f63d09a99f6be6bb7a50abc4915838d9f54501a?s=96&d=mm&r=g\",\"contentUrl\":\"https:\\\/\\\/secure.gravatar.com\\\/avatar\\\/aa9d3d24c83f2141e5e2709d0f63d09a99f6be6bb7a50abc4915838d9f54501a?s=96&d=mm&r=g\",\"caption\":\"Mathieu\"},\"url\":\"https:\\\/\\\/www.altercampagne.net\\\/?author=214\"}]}<\/script>\n<!-- \/ Yoast SEO plugin. -->","yoast_head_json":{"title":"L'AlterTour en Limousin : une relation exemplaire entre nomades et s\u00e9dentaires - AlterTour","robots":{"index":"index","follow":"follow","max-snippet":"max-snippet:-1","max-image-preview":"max-image-preview:large","max-video-preview":"max-video-preview:-1"},"canonical":"https:\/\/www.altercampagne.net\/?p=4590","og_locale":"fr_FR","og_type":"article","og_title":"L'AlterTour en Limousin : une relation exemplaire entre nomades et s\u00e9dentaires - AlterTour","og_description":"&nbsp;Pendant que quelques individus situ\u00e9s au sommet de la hi\u00e9rarchie \u00e9tatique organisaient le \u00ab\u00a0d\u00e9mantellement\u00a0\u00bb des camps de gens du voyage, entretenant ainsi les craintes instinctives du s\u00e9dentaire envers le nomade, cet inconnu, les altercyclistes sans hi\u00e9rarchie et leurs accueillants \u0153uvraient dans la direction oppos\u00e9e. A Gentioux (\u00ab\u00a0Le Champs des Possibles\u00a0\u00bb) ... Read More","og_url":"https:\/\/www.altercampagne.net\/?p=4590","og_site_name":"AlterTour","article_published_time":"2010-08-19T15:23:26+00:00","article_modified_time":"2020-02-24T16:38:44+00:00","og_image":[{"url":"http:\/\/altercampagne.free.fr\/pages\/2008\/AlterTour\/pic\/YourtesLachaud.jpg","type":"","width":"","height":""}],"author":"Mathieu","twitter_card":"summary_large_image","twitter_misc":{"\u00c9crit par":"Mathieu","Dur\u00e9e de lecture estim\u00e9e":"1 minute"},"schema":{"@context":"https:\/\/schema.org","@graph":[{"@type":"Article","@id":"https:\/\/www.altercampagne.net\/?p=4590#article","isPartOf":{"@id":"https:\/\/www.altercampagne.net\/?p=4590"},"author":{"name":"Mathieu","@id":"https:\/\/www.altercampagne.net\/#\/schema\/person\/0f261460c09e430caa0f9bcffa319109"},"headline":"L&rsquo;AlterTour en Limousin : une relation exemplaire entre nomades et s\u00e9dentaires","datePublished":"2010-08-19T15:23:26+00:00","dateModified":"2020-02-24T16:38:44+00:00","mainEntityOfPage":{"@id":"https:\/\/www.altercampagne.net\/?p=4590"},"wordCount":240,"image":{"@id":"https:\/\/www.altercampagne.net\/?p=4590#primaryimage"},"thumbnailUrl":"http:\/\/altercampagne.free.fr\/pages\/2008\/AlterTour\/pic\/YourtesLachaud.jpg","keywords":["Limousin","Vasi Jeune","Vidaillat","AlterTour 2010","Creuse","2010","Gentioux","Champs des Possibles"],"articleSection":["Agriculture","Nouvelle-Aquitaine","Edition 2010"],"inLanguage":"fr-FR"},{"@type":"WebPage","@id":"https:\/\/www.altercampagne.net\/?p=4590","url":"https:\/\/www.altercampagne.net\/?p=4590","name":"L'AlterTour en Limousin : une relation exemplaire entre nomades et s\u00e9dentaires - AlterTour","isPartOf":{"@id":"https:\/\/www.altercampagne.net\/#website"},"primaryImageOfPage":{"@id":"https:\/\/www.altercampagne.net\/?p=4590#primaryimage"},"image":{"@id":"https:\/\/www.altercampagne.net\/?p=4590#primaryimage"},"thumbnailUrl":"http:\/\/altercampagne.free.fr\/pages\/2008\/AlterTour\/pic\/YourtesLachaud.jpg","datePublished":"2010-08-19T15:23:26+00:00","dateModified":"2020-02-24T16:38:44+00:00","author":{"@id":"https:\/\/www.altercampagne.net\/#\/schema\/person\/0f261460c09e430caa0f9bcffa319109"},"breadcrumb":{"@id":"https:\/\/www.altercampagne.net\/?p=4590#breadcrumb"},"inLanguage":"fr-FR","potentialAction":[{"@type":"ReadAction","target":["https:\/\/www.altercampagne.net\/?p=4590"]}]},{"@type":"ImageObject","inLanguage":"fr-FR","@id":"https:\/\/www.altercampagne.net\/?p=4590#primaryimage","url":"http:\/\/altercampagne.free.fr\/pages\/2008\/AlterTour\/pic\/YourtesLachaud.jpg","contentUrl":"http:\/\/altercampagne.free.fr\/pages\/2008\/AlterTour\/pic\/YourtesLachaud.jpg"},{"@type":"BreadcrumbList","@id":"https:\/\/www.altercampagne.net\/?p=4590#breadcrumb","itemListElement":[{"@type":"ListItem","position":1,"name":"Accueil","item":"https:\/\/www.altercampagne.net\/"},{"@type":"ListItem","position":2,"name":"L&rsquo;AlterTour en Limousin : une relation exemplaire entre nomades et s\u00e9dentaires"}]},{"@type":"WebSite","@id":"https:\/\/www.altercampagne.net\/#website","url":"https:\/\/www.altercampagne.net\/","name":"AlterTour","description":"Reliez les Alternatives \u00e0 v\u00e9lo","potentialAction":[{"@type":"SearchAction","target":{"@type":"EntryPoint","urlTemplate":"https:\/\/www.altercampagne.net\/?s={search_term_string}"},"query-input":{"@type":"PropertyValueSpecification","valueRequired":true,"valueName":"search_term_string"}}],"inLanguage":"fr-FR"},{"@type":"Person","@id":"https:\/\/www.altercampagne.net\/#\/schema\/person\/0f261460c09e430caa0f9bcffa319109","name":"Mathieu","image":{"@type":"ImageObject","inLanguage":"fr-FR","@id":"https:\/\/secure.gravatar.com\/avatar\/aa9d3d24c83f2141e5e2709d0f63d09a99f6be6bb7a50abc4915838d9f54501a?s=96&d=mm&r=g","url":"https:\/\/secure.gravatar.com\/avatar\/aa9d3d24c83f2141e5e2709d0f63d09a99f6be6bb7a50abc4915838d9f54501a?s=96&d=mm&r=g","contentUrl":"https:\/\/secure.gravatar.com\/avatar\/aa9d3d24c83f2141e5e2709d0f63d09a99f6be6bb7a50abc4915838d9f54501a?s=96&d=mm&r=g","caption":"Mathieu"},"url":"https:\/\/www.altercampagne.net\/?author=214"}]}},"_links":{"self":[{"href":"https:\/\/www.altercampagne.net\/index.php?rest_route=\/wp\/v2\/posts\/4590","targetHints":{"allow":["GET"]}}],"collection":[{"href":"https:\/\/www.altercampagne.net\/index.php?rest_route=\/wp\/v2\/posts"}],"about":[{"href":"https:\/\/www.altercampagne.net\/index.php?rest_route=\/wp\/v2\/types\/post"}],"author":[{"embeddable":true,"href":"https:\/\/www.altercampagne.net\/index.php?rest_route=\/wp\/v2\/users\/214"}],"replies":[{"embeddable":true,"href":"https:\/\/www.altercampagne.net\/index.php?rest_route=%2Fwp%2Fv2%2Fcomments&post=4590"}],"version-history":[{"count":1,"href":"https:\/\/www.altercampagne.net\/index.php?rest_route=\/wp\/v2\/posts\/4590\/revisions"}],"predecessor-version":[{"id":17473,"href":"https:\/\/www.altercampagne.net\/index.php?rest_route=\/wp\/v2\/posts\/4590\/revisions\/17473"}],"wp:attachment":[{"href":"https:\/\/www.altercampagne.net\/index.php?rest_route=%2Fwp%2Fv2%2Fmedia&parent=4590"}],"wp:term":[{"taxonomy":"category","embeddable":true,"href":"https:\/\/www.altercampagne.net\/index.php?rest_route=%2Fwp%2Fv2%2Fcategories&post=4590"},{"taxonomy":"post_tag","embeddable":true,"href":"https:\/\/www.altercampagne.net\/index.php?rest_route=%2Fwp%2Fv2%2Ftags&post=4590"}],"curies":[{"name":"wp","href":"https:\/\/api.w.org\/{rel}","templated":true}]}}