{"id":4596,"date":"2010-08-05T17:34:07","date_gmt":"2010-08-05T15:34:07","guid":{"rendered":"http:\/\/www.altercampagne.net\/?p=4596"},"modified":"2020-02-24T17:10:03","modified_gmt":"2020-02-24T16:10:03","slug":"etape-du-5-aout-lassociation-marpen-et-ferme-de-chassagne","status":"publish","type":"post","link":"https:\/\/www.altercampagne.net\/?p=4596","title":{"rendered":"\u00c9tape du 5 ao\u00fbt : L\u2019association MARPEN et Ferme de Chassagne"},"content":{"rendered":"<p>Le Breuil&nbsp;(commune de Tusson en Charente)<\/p>\n<p>Bastien Guillotin nous pr\u00e9sente le Prieur\u00e9 pill\u00e9 apr\u00e8s la R\u00e9volution pour ses pierres qui servaient \u00e0 la construction de granges et d\u2019habitation pour le voisinage. Depuis 2000, des vestiges ont \u00e9t\u00e9 d\u00e9blay\u00e9s. L\u2019association MARPEN a 40 ans d\u2019\u00e2ge et propose des chantiers collectifs de restauration et de la formation&nbsp;: CAP de menuisier charpentier, tailleur de pierre&#8230;<\/p>\n<p>Visite du Prieur\u00e9 restaur\u00e9 avec les mat\u00e9riaux naturels (chaux, chanvre).<\/p>\n<p><strong>L\u2019apr\u00e8s-midi<\/strong><\/p>\n<p>Petite visite d\u00e9sob\u00e9issante des Bassines (m\u00e9thodes industrielles de retenue d\u2019eau pour l\u2019irrigation du ma\u00efs). Subventionn\u00e9es \u00e0 80% par le Conseil R\u00e9gional.<\/p>\n<p><img loading=\"lazy\" decoding=\"async\" class=\" alignleft\" src=\"https:\/\/lh3.googleusercontent.com\/-l1nYFV09T4w\/T3xjJ_MB46I\/AAAAAAAACRQ\/StWsZ1hHuA4YWqGC9iNc7E60Omltrhp_wCCo\/s640\/2010-08-05_10.44.26_0313.jpg\" alt=\"\" width=\"268\" height=\"400\"><img loading=\"lazy\" decoding=\"async\" class=\" alignnone\" src=\"https:\/\/lh3.googleusercontent.com\/-9OU0kgab-ns\/T3xjK1tt34I\/AAAAAAAACRY\/g581tfFo2Pg35Du478K6EHuT1L1gy4QeACCo\/s912\/2010-08-05_10.44.56_9427.jpg\" alt=\"\" width=\"596\" height=\"400\"><\/p>\n<p><strong>Le soir<\/strong><\/p>\n<p>Accueil \u00e0 la ferme de Chassagne (16240 Villefagnan) chez Fran\u00e7ois et C\u00e9line Peloquin.<\/p>\n<p>Ferme familiale en bio reprise au p\u00e8re de Fran\u00e7ois depuis 15 ans. Sur 60 ha, parcell\u00e9s en 4 \u00e0 6ha avec des haies plant\u00e9es par son p\u00e8re, Fran\u00e7ois cultive des c\u00e9r\u00e9ales et des l\u00e9gumes secs.<\/p>\n<p>En 1995, il a co-cr\u00e9\u00e9 une structure collective pour la vente (GIE = Groupement d\u2019Int\u00e9r\u00eat Economique) dont l\u2019objectif est aussi de trier, de conditionner les lentilles, haricots&#8230; et de produire des farines issues de semences anciennes de c\u00e9r\u00e9ales ou de l\u2019huile de tournesol. Ce GIE regroupe 8 fermes et a permis l\u2019installation de deux jeunes familles. C\u00e9line transforme la farine produite sur place en pain cuit dans le four auto-construit (co\u00fbt&nbsp;: environ 30&nbsp;000 euros) durant une ann\u00e9e (250 kg de pain produit par semaine). La famille g\u00e8re aussi un camping avec une piscine et 4 g\u00eetes.<\/p>\n","protected":false},"excerpt":{"rendered":"<p>Le Breuil&nbsp;(commune de Tusson en Charente) Bastien Guillotin nous pr\u00e9sente le Prieur\u00e9 pill\u00e9 apr\u00e8s la R\u00e9volution pour ses pierres qui servaient \u00e0 la construction de granges et d\u2019habitation pour le voisinage. Depuis 2000, des vestiges ont \u00e9t\u00e9 d\u00e9blay\u00e9s. L\u2019association MARPEN a 40 ans d\u2019\u00e2ge et propose des chantiers collectifs de &#8230; <\/p>\n<div><a href=\"https:\/\/www.altercampagne.net\/?p=4596\" class=\"more-link\">Read More<\/a><\/div>\n","protected":false},"author":214,"featured_media":0,"comment_status":"closed","ping_status":"closed","sticky":false,"template":"","format":"standard","meta":{"footnotes":""},"categories":[3483,3479,3493],"tags":[581,1301,1971,2095,2157,2271,2272,2273,2274],"class_list":["post-4596","post","type-post","status-publish","format-standard","hentry","category-agriculture","category-nouvelle-aquitaine","category-edition-2010","tag-poitou-charentes","tag-altertour-2010","tag-charente","tag-2095","tag-le-breuil","tag-association-marpen","tag-tusson-en-charente","tag-ferme-de-chassagne","tag-villefagnan","no-post-thumbnail"],"yoast_head":"<!-- This site is optimized with the Yoast SEO plugin v27.3 - https:\/\/yoast.com\/product\/yoast-seo-wordpress\/ -->\n<title>\u00c9tape du 5 ao\u00fbt : L\u2019association MARPEN et Ferme de Chassagne - AlterTour<\/title>\n<meta name=\"robots\" content=\"index, follow, max-snippet:-1, max-image-preview:large, max-video-preview:-1\" \/>\n<link rel=\"canonical\" href=\"https:\/\/www.altercampagne.net\/?p=4596\" \/>\n<meta property=\"og:locale\" content=\"fr_FR\" \/>\n<meta property=\"og:type\" content=\"article\" \/>\n<meta property=\"og:title\" content=\"\u00c9tape du 5 ao\u00fbt : L\u2019association MARPEN et Ferme de Chassagne - AlterTour\" \/>\n<meta property=\"og:description\" content=\"Le Breuil&nbsp;(commune de Tusson en Charente) Bastien Guillotin nous pr\u00e9sente le Prieur\u00e9 pill\u00e9 apr\u00e8s la R\u00e9volution pour ses pierres qui servaient \u00e0 la construction de granges et d\u2019habitation pour le voisinage. Depuis 2000, des vestiges ont \u00e9t\u00e9 d\u00e9blay\u00e9s. L\u2019association MARPEN a 40 ans d\u2019\u00e2ge et propose des chantiers collectifs de ... Read More\" \/>\n<meta property=\"og:url\" content=\"https:\/\/www.altercampagne.net\/?p=4596\" \/>\n<meta property=\"og:site_name\" content=\"AlterTour\" \/>\n<meta property=\"article:published_time\" content=\"2010-08-05T15:34:07+00:00\" \/>\n<meta property=\"article:modified_time\" content=\"2020-02-24T16:10:03+00:00\" \/>\n<meta property=\"og:image\" content=\"https:\/\/lh3.googleusercontent.com\/-l1nYFV09T4w\/T3xjJ_MB46I\/AAAAAAAACRQ\/StWsZ1hHuA4YWqGC9iNc7E60Omltrhp_wCCo\/s640\/2010-08-05_10.44.26_0313.jpg\" \/>\n<meta name=\"author\" content=\"Mathieu\" \/>\n<meta name=\"twitter:card\" content=\"summary_large_image\" \/>\n<meta name=\"twitter:label1\" content=\"\u00c9crit par\" \/>\n\t<meta name=\"twitter:data1\" content=\"Mathieu\" \/>\n\t<meta name=\"twitter:label2\" content=\"Dur\u00e9e de lecture estim\u00e9e\" \/>\n\t<meta name=\"twitter:data2\" content=\"1 minute\" \/>\n<script type=\"application\/ld+json\" class=\"yoast-schema-graph\">{\"@context\":\"https:\\\/\\\/schema.org\",\"@graph\":[{\"@type\":\"Article\",\"@id\":\"https:\\\/\\\/www.altercampagne.net\\\/?p=4596#article\",\"isPartOf\":{\"@id\":\"https:\\\/\\\/www.altercampagne.net\\\/?p=4596\"},\"author\":{\"name\":\"Mathieu\",\"@id\":\"https:\\\/\\\/www.altercampagne.net\\\/#\\\/schema\\\/person\\\/0f261460c09e430caa0f9bcffa319109\"},\"headline\":\"\u00c9tape du 5 ao\u00fbt : L\u2019association MARPEN et Ferme de Chassagne\",\"datePublished\":\"2010-08-05T15:34:07+00:00\",\"dateModified\":\"2020-02-24T16:10:03+00:00\",\"mainEntityOfPage\":{\"@id\":\"https:\\\/\\\/www.altercampagne.net\\\/?p=4596\"},\"wordCount\":282,\"image\":{\"@id\":\"https:\\\/\\\/www.altercampagne.net\\\/?p=4596#primaryimage\"},\"thumbnailUrl\":\"https:\\\/\\\/lh3.googleusercontent.com\\\/-l1nYFV09T4w\\\/T3xjJ_MB46I\\\/AAAAAAAACRQ\\\/StWsZ1hHuA4YWqGC9iNc7E60Omltrhp_wCCo\\\/s640\\\/2010-08-05_10.44.26_0313.jpg\",\"keywords\":[\"Poitou-Charentes\",\"AlterTour 2010\",\"charente\",\"2010\",\"Le Breuil\",\"association MARPEN\",\"Tusson en Charente\",\"ferme de Chassagne\",\"Villefagnan\"],\"articleSection\":[\"Agriculture\",\"Nouvelle-Aquitaine\",\"Edition 2010\"],\"inLanguage\":\"fr-FR\"},{\"@type\":\"WebPage\",\"@id\":\"https:\\\/\\\/www.altercampagne.net\\\/?p=4596\",\"url\":\"https:\\\/\\\/www.altercampagne.net\\\/?p=4596\",\"name\":\"\u00c9tape du 5 ao\u00fbt : L\u2019association MARPEN et Ferme de Chassagne - AlterTour\",\"isPartOf\":{\"@id\":\"https:\\\/\\\/www.altercampagne.net\\\/#website\"},\"primaryImageOfPage\":{\"@id\":\"https:\\\/\\\/www.altercampagne.net\\\/?p=4596#primaryimage\"},\"image\":{\"@id\":\"https:\\\/\\\/www.altercampagne.net\\\/?p=4596#primaryimage\"},\"thumbnailUrl\":\"https:\\\/\\\/lh3.googleusercontent.com\\\/-l1nYFV09T4w\\\/T3xjJ_MB46I\\\/AAAAAAAACRQ\\\/StWsZ1hHuA4YWqGC9iNc7E60Omltrhp_wCCo\\\/s640\\\/2010-08-05_10.44.26_0313.jpg\",\"datePublished\":\"2010-08-05T15:34:07+00:00\",\"dateModified\":\"2020-02-24T16:10:03+00:00\",\"author\":{\"@id\":\"https:\\\/\\\/www.altercampagne.net\\\/#\\\/schema\\\/person\\\/0f261460c09e430caa0f9bcffa319109\"},\"breadcrumb\":{\"@id\":\"https:\\\/\\\/www.altercampagne.net\\\/?p=4596#breadcrumb\"},\"inLanguage\":\"fr-FR\",\"potentialAction\":[{\"@type\":\"ReadAction\",\"target\":[\"https:\\\/\\\/www.altercampagne.net\\\/?p=4596\"]}]},{\"@type\":\"ImageObject\",\"inLanguage\":\"fr-FR\",\"@id\":\"https:\\\/\\\/www.altercampagne.net\\\/?p=4596#primaryimage\",\"url\":\"https:\\\/\\\/lh3.googleusercontent.com\\\/-l1nYFV09T4w\\\/T3xjJ_MB46I\\\/AAAAAAAACRQ\\\/StWsZ1hHuA4YWqGC9iNc7E60Omltrhp_wCCo\\\/s640\\\/2010-08-05_10.44.26_0313.jpg\",\"contentUrl\":\"https:\\\/\\\/lh3.googleusercontent.com\\\/-l1nYFV09T4w\\\/T3xjJ_MB46I\\\/AAAAAAAACRQ\\\/StWsZ1hHuA4YWqGC9iNc7E60Omltrhp_wCCo\\\/s640\\\/2010-08-05_10.44.26_0313.jpg\"},{\"@type\":\"BreadcrumbList\",\"@id\":\"https:\\\/\\\/www.altercampagne.net\\\/?p=4596#breadcrumb\",\"itemListElement\":[{\"@type\":\"ListItem\",\"position\":1,\"name\":\"Accueil\",\"item\":\"https:\\\/\\\/www.altercampagne.net\\\/\"},{\"@type\":\"ListItem\",\"position\":2,\"name\":\"\u00c9tape du 5 ao\u00fbt : L\u2019association MARPEN et Ferme de Chassagne\"}]},{\"@type\":\"WebSite\",\"@id\":\"https:\\\/\\\/www.altercampagne.net\\\/#website\",\"url\":\"https:\\\/\\\/www.altercampagne.net\\\/\",\"name\":\"AlterTour\",\"description\":\"Reliez les Alternatives \u00e0 v\u00e9lo\",\"potentialAction\":[{\"@type\":\"SearchAction\",\"target\":{\"@type\":\"EntryPoint\",\"urlTemplate\":\"https:\\\/\\\/www.altercampagne.net\\\/?s={search_term_string}\"},\"query-input\":{\"@type\":\"PropertyValueSpecification\",\"valueRequired\":true,\"valueName\":\"search_term_string\"}}],\"inLanguage\":\"fr-FR\"},{\"@type\":\"Person\",\"@id\":\"https:\\\/\\\/www.altercampagne.net\\\/#\\\/schema\\\/person\\\/0f261460c09e430caa0f9bcffa319109\",\"name\":\"Mathieu\",\"image\":{\"@type\":\"ImageObject\",\"inLanguage\":\"fr-FR\",\"@id\":\"https:\\\/\\\/secure.gravatar.com\\\/avatar\\\/aa9d3d24c83f2141e5e2709d0f63d09a99f6be6bb7a50abc4915838d9f54501a?s=96&d=mm&r=g\",\"url\":\"https:\\\/\\\/secure.gravatar.com\\\/avatar\\\/aa9d3d24c83f2141e5e2709d0f63d09a99f6be6bb7a50abc4915838d9f54501a?s=96&d=mm&r=g\",\"contentUrl\":\"https:\\\/\\\/secure.gravatar.com\\\/avatar\\\/aa9d3d24c83f2141e5e2709d0f63d09a99f6be6bb7a50abc4915838d9f54501a?s=96&d=mm&r=g\",\"caption\":\"Mathieu\"},\"url\":\"https:\\\/\\\/www.altercampagne.net\\\/?author=214\"}]}<\/script>\n<!-- \/ Yoast SEO plugin. -->","yoast_head_json":{"title":"\u00c9tape du 5 ao\u00fbt : L\u2019association MARPEN et Ferme de Chassagne - AlterTour","robots":{"index":"index","follow":"follow","max-snippet":"max-snippet:-1","max-image-preview":"max-image-preview:large","max-video-preview":"max-video-preview:-1"},"canonical":"https:\/\/www.altercampagne.net\/?p=4596","og_locale":"fr_FR","og_type":"article","og_title":"\u00c9tape du 5 ao\u00fbt : L\u2019association MARPEN et Ferme de Chassagne - AlterTour","og_description":"Le Breuil&nbsp;(commune de Tusson en Charente) Bastien Guillotin nous pr\u00e9sente le Prieur\u00e9 pill\u00e9 apr\u00e8s la R\u00e9volution pour ses pierres qui servaient \u00e0 la construction de granges et d\u2019habitation pour le voisinage. Depuis 2000, des vestiges ont \u00e9t\u00e9 d\u00e9blay\u00e9s. L\u2019association MARPEN a 40 ans d\u2019\u00e2ge et propose des chantiers collectifs de ... Read More","og_url":"https:\/\/www.altercampagne.net\/?p=4596","og_site_name":"AlterTour","article_published_time":"2010-08-05T15:34:07+00:00","article_modified_time":"2020-02-24T16:10:03+00:00","og_image":[{"url":"https:\/\/lh3.googleusercontent.com\/-l1nYFV09T4w\/T3xjJ_MB46I\/AAAAAAAACRQ\/StWsZ1hHuA4YWqGC9iNc7E60Omltrhp_wCCo\/s640\/2010-08-05_10.44.26_0313.jpg","type":"","width":"","height":""}],"author":"Mathieu","twitter_card":"summary_large_image","twitter_misc":{"\u00c9crit par":"Mathieu","Dur\u00e9e de lecture estim\u00e9e":"1 minute"},"schema":{"@context":"https:\/\/schema.org","@graph":[{"@type":"Article","@id":"https:\/\/www.altercampagne.net\/?p=4596#article","isPartOf":{"@id":"https:\/\/www.altercampagne.net\/?p=4596"},"author":{"name":"Mathieu","@id":"https:\/\/www.altercampagne.net\/#\/schema\/person\/0f261460c09e430caa0f9bcffa319109"},"headline":"\u00c9tape du 5 ao\u00fbt : L\u2019association MARPEN et Ferme de Chassagne","datePublished":"2010-08-05T15:34:07+00:00","dateModified":"2020-02-24T16:10:03+00:00","mainEntityOfPage":{"@id":"https:\/\/www.altercampagne.net\/?p=4596"},"wordCount":282,"image":{"@id":"https:\/\/www.altercampagne.net\/?p=4596#primaryimage"},"thumbnailUrl":"https:\/\/lh3.googleusercontent.com\/-l1nYFV09T4w\/T3xjJ_MB46I\/AAAAAAAACRQ\/StWsZ1hHuA4YWqGC9iNc7E60Omltrhp_wCCo\/s640\/2010-08-05_10.44.26_0313.jpg","keywords":["Poitou-Charentes","AlterTour 2010","charente","2010","Le Breuil","association MARPEN","Tusson en Charente","ferme de Chassagne","Villefagnan"],"articleSection":["Agriculture","Nouvelle-Aquitaine","Edition 2010"],"inLanguage":"fr-FR"},{"@type":"WebPage","@id":"https:\/\/www.altercampagne.net\/?p=4596","url":"https:\/\/www.altercampagne.net\/?p=4596","name":"\u00c9tape du 5 ao\u00fbt : L\u2019association MARPEN et Ferme de Chassagne - AlterTour","isPartOf":{"@id":"https:\/\/www.altercampagne.net\/#website"},"primaryImageOfPage":{"@id":"https:\/\/www.altercampagne.net\/?p=4596#primaryimage"},"image":{"@id":"https:\/\/www.altercampagne.net\/?p=4596#primaryimage"},"thumbnailUrl":"https:\/\/lh3.googleusercontent.com\/-l1nYFV09T4w\/T3xjJ_MB46I\/AAAAAAAACRQ\/StWsZ1hHuA4YWqGC9iNc7E60Omltrhp_wCCo\/s640\/2010-08-05_10.44.26_0313.jpg","datePublished":"2010-08-05T15:34:07+00:00","dateModified":"2020-02-24T16:10:03+00:00","author":{"@id":"https:\/\/www.altercampagne.net\/#\/schema\/person\/0f261460c09e430caa0f9bcffa319109"},"breadcrumb":{"@id":"https:\/\/www.altercampagne.net\/?p=4596#breadcrumb"},"inLanguage":"fr-FR","potentialAction":[{"@type":"ReadAction","target":["https:\/\/www.altercampagne.net\/?p=4596"]}]},{"@type":"ImageObject","inLanguage":"fr-FR","@id":"https:\/\/www.altercampagne.net\/?p=4596#primaryimage","url":"https:\/\/lh3.googleusercontent.com\/-l1nYFV09T4w\/T3xjJ_MB46I\/AAAAAAAACRQ\/StWsZ1hHuA4YWqGC9iNc7E60Omltrhp_wCCo\/s640\/2010-08-05_10.44.26_0313.jpg","contentUrl":"https:\/\/lh3.googleusercontent.com\/-l1nYFV09T4w\/T3xjJ_MB46I\/AAAAAAAACRQ\/StWsZ1hHuA4YWqGC9iNc7E60Omltrhp_wCCo\/s640\/2010-08-05_10.44.26_0313.jpg"},{"@type":"BreadcrumbList","@id":"https:\/\/www.altercampagne.net\/?p=4596#breadcrumb","itemListElement":[{"@type":"ListItem","position":1,"name":"Accueil","item":"https:\/\/www.altercampagne.net\/"},{"@type":"ListItem","position":2,"name":"\u00c9tape du 5 ao\u00fbt : L\u2019association MARPEN et Ferme de Chassagne"}]},{"@type":"WebSite","@id":"https:\/\/www.altercampagne.net\/#website","url":"https:\/\/www.altercampagne.net\/","name":"AlterTour","description":"Reliez les Alternatives \u00e0 v\u00e9lo","potentialAction":[{"@type":"SearchAction","target":{"@type":"EntryPoint","urlTemplate":"https:\/\/www.altercampagne.net\/?s={search_term_string}"},"query-input":{"@type":"PropertyValueSpecification","valueRequired":true,"valueName":"search_term_string"}}],"inLanguage":"fr-FR"},{"@type":"Person","@id":"https:\/\/www.altercampagne.net\/#\/schema\/person\/0f261460c09e430caa0f9bcffa319109","name":"Mathieu","image":{"@type":"ImageObject","inLanguage":"fr-FR","@id":"https:\/\/secure.gravatar.com\/avatar\/aa9d3d24c83f2141e5e2709d0f63d09a99f6be6bb7a50abc4915838d9f54501a?s=96&d=mm&r=g","url":"https:\/\/secure.gravatar.com\/avatar\/aa9d3d24c83f2141e5e2709d0f63d09a99f6be6bb7a50abc4915838d9f54501a?s=96&d=mm&r=g","contentUrl":"https:\/\/secure.gravatar.com\/avatar\/aa9d3d24c83f2141e5e2709d0f63d09a99f6be6bb7a50abc4915838d9f54501a?s=96&d=mm&r=g","caption":"Mathieu"},"url":"https:\/\/www.altercampagne.net\/?author=214"}]}},"_links":{"self":[{"href":"https:\/\/www.altercampagne.net\/index.php?rest_route=\/wp\/v2\/posts\/4596","targetHints":{"allow":["GET"]}}],"collection":[{"href":"https:\/\/www.altercampagne.net\/index.php?rest_route=\/wp\/v2\/posts"}],"about":[{"href":"https:\/\/www.altercampagne.net\/index.php?rest_route=\/wp\/v2\/types\/post"}],"author":[{"embeddable":true,"href":"https:\/\/www.altercampagne.net\/index.php?rest_route=\/wp\/v2\/users\/214"}],"replies":[{"embeddable":true,"href":"https:\/\/www.altercampagne.net\/index.php?rest_route=%2Fwp%2Fv2%2Fcomments&post=4596"}],"version-history":[{"count":1,"href":"https:\/\/www.altercampagne.net\/index.php?rest_route=\/wp\/v2\/posts\/4596\/revisions"}],"predecessor-version":[{"id":17421,"href":"https:\/\/www.altercampagne.net\/index.php?rest_route=\/wp\/v2\/posts\/4596\/revisions\/17421"}],"wp:attachment":[{"href":"https:\/\/www.altercampagne.net\/index.php?rest_route=%2Fwp%2Fv2%2Fmedia&parent=4596"}],"wp:term":[{"taxonomy":"category","embeddable":true,"href":"https:\/\/www.altercampagne.net\/index.php?rest_route=%2Fwp%2Fv2%2Fcategories&post=4596"},{"taxonomy":"post_tag","embeddable":true,"href":"https:\/\/www.altercampagne.net\/index.php?rest_route=%2Fwp%2Fv2%2Ftags&post=4596"}],"curies":[{"name":"wp","href":"https:\/\/api.w.org\/{rel}","templated":true}]}}