{"id":4600,"date":"2010-08-03T17:49:15","date_gmt":"2010-08-03T15:49:15","guid":{"rendered":"http:\/\/www.altercampagne.net\/?p=4600"},"modified":"2020-02-24T17:13:33","modified_gmt":"2020-02-24T16:13:33","slug":"etape-du-3-aout-lecolieu-au-petit-colibris","status":"publish","type":"post","link":"https:\/\/www.altercampagne.net\/?p=4600","title":{"rendered":"\u00c9tape du 3 ao\u00fbt : L&rsquo;\u00c9colieu au Petit Colibris"},"content":{"rendered":"<p><img loading=\"lazy\" decoding=\"async\" class=\" alignleft\" src=\"https:\/\/lh3.googleusercontent.com\/-Ht4_ROBQ_o0\/T3xgCO3wIaI\/AAAAAAAAB6U\/47NvYKrgmE8RpnH2y7n869io0MfcHS5wACCo\/s640\/2010-08-03_12.20.55_9087.jpg\" alt=\"\" width=\"200\" height=\"298\" \/><strong>De la convivialit\u00e9 pour les Hommes et la Terre<\/strong><\/p>\n<p>10h00 du matin : l\u2019AlterTour reprend son p\u00e9riple alternatif, quittant Sireuil et ses accueillants apr\u00e8s de chaleureux au revoirs et remerciements. C\u2019est une vingtaine de kilom\u00e8tres plus loin que nous retrouvons Richard Wallner sur son site de projet permaculturel qu\u2019il a fond\u00e9 \u00e0 Marsac il y a 5 ans. Il nous pr\u00e9sentera clairement les fondements de son initiative ainsi que les probl\u00e8mes juridiques qui l\u2019opposent maintenant au maire de Marsac. Celui-ci a en effet voulu classer les terres sur lesquelles Richard s\u2019est install\u00e9 comme zone naturelle prot\u00e9g\u00e9e. Les deux hommes se sont ainsi engag\u00e9s dans une bataille devant le tribunal, et Richard attend toujours le verdict avant de pouvoir construire les diff\u00e9rents b\u00e2timents qui font partie de son projet. Ce projet comporte un aspect p\u00e9dagogique en plus de sa fonction premi\u00e8re de production agricole en permaculture. Il s\u2019\u00e9tendrait sur un espace fermier de 6 ha plus 3 ha pour l\u2019association responsable des enseignements et de la p\u00e9dagogie. Richard nous a ensuite pr\u00e9sent\u00e9 quelque unes des sp\u00e9cificit\u00e9s de son projet, notamment la r\u00e9alisation de butes de 1,70m de largeur, encadr\u00e9es de support en bois et plus hautes que des butes \u00e0 m\u00eame le sol. Cette disposition lui permet d\u2019am\u00e9liorer la productivit\u00e9 et l\u2019ergonomie de son travail.<br \/>\n<a href=\"http:\/\/aupetitcolibri.free.fr\/\" target=\"blank\" rel=\"noopener noreferrer\">http:\/\/aupetitcolibri.free.fr<\/a><\/p>\n<p><img loading=\"lazy\" decoding=\"async\" class=\" alignright\" src=\"https:\/\/lh3.googleusercontent.com\/-38IrY-6sL6w\/T3xgCkup6kI\/AAAAAAAAB6c\/wPF594qCjnk8jPnL4Hxfdxdi1b5aapfXgCCo\/s912\/2010-08-03_12.23.38_9849.jpg\" alt=\"\" width=\"300\" height=\"201\" \/>Nous profitons ensuite d\u2019un repas pr\u00e9par\u00e9 par des \u00ab\u00a0accueillants cuisiniers\u00a0\u00bb de Marsac, au bord d\u2019une rivi\u00e8re dans laquelle bon nombre d\u2019entre nous iront se rafra\u00eechir peu apr\u00e8s. Jean Paul Seguin, viticulteur bio retrait\u00e9, nous parle \u00e9galement du projet de construction de la ligne grande vitesse qui doit passer par la commune de Marsac et des probl\u00e9matiques qui lui sont associ\u00e9es.<br \/>\nNous reprenons ensuite la route pour une \u00e9tape en deux parties, s\u00e9par\u00e9es par la visite des ruines d\u2019un th\u00e9\u00e2tre gallo-romain.<br \/>\nNous arrivons finalement \u00e0 Lebreuil Bastard en d\u00e9but de soir\u00e9e, lieu dit o\u00f9 nous accueille Aude Labat (altercycliste 2009) pour la soir\u00e9e ainsi que la journ\u00e9e suivante pour repos physique mais activisme intellectuel\u00a0!<\/p>\n","protected":false},"excerpt":{"rendered":"<p>De la convivialit\u00e9 pour les Hommes et la Terre 10h00 du matin : l\u2019AlterTour reprend son p\u00e9riple alternatif, quittant Sireuil et ses accueillants apr\u00e8s de chaleureux au revoirs et remerciements. C\u2019est une vingtaine de kilom\u00e8tres plus loin que nous retrouvons Richard Wallner sur son site de projet permaculturel qu\u2019il a &#8230; <\/p>\n<div><a href=\"https:\/\/www.altercampagne.net\/?p=4600\" class=\"more-link\">Read More<\/a><\/div>\n","protected":false},"author":214,"featured_media":0,"comment_status":"closed","ping_status":"closed","sticky":false,"template":"","format":"standard","meta":{"footnotes":""},"categories":[3483,3479,3493],"tags":[294,581,1301,1971,2095,2174,2281,2282,2283],"class_list":["post-4600","post","type-post","status-publish","format-standard","hentry","category-agriculture","category-nouvelle-aquitaine","category-edition-2010","tag-permaculture","tag-poitou-charentes","tag-altertour-2010","tag-charente","tag-2095","tag-aude-labat","tag-ecolieu-au-petit-colibris","tag-richard-wallner","tag-marsac","no-post-thumbnail"],"yoast_head":"<!-- This site is optimized with the Yoast SEO plugin v27.3 - https:\/\/yoast.com\/product\/yoast-seo-wordpress\/ -->\n<title>\u00c9tape du 3 ao\u00fbt : L&#039;\u00c9colieu au Petit Colibris - AlterTour<\/title>\n<meta name=\"robots\" content=\"index, follow, max-snippet:-1, max-image-preview:large, max-video-preview:-1\" \/>\n<link rel=\"canonical\" href=\"https:\/\/www.altercampagne.net\/?p=4600\" \/>\n<meta property=\"og:locale\" content=\"fr_FR\" \/>\n<meta property=\"og:type\" content=\"article\" \/>\n<meta property=\"og:title\" content=\"\u00c9tape du 3 ao\u00fbt : L&#039;\u00c9colieu au Petit Colibris - AlterTour\" \/>\n<meta property=\"og:description\" content=\"De la convivialit\u00e9 pour les Hommes et la Terre 10h00 du matin : l\u2019AlterTour reprend son p\u00e9riple alternatif, quittant Sireuil et ses accueillants apr\u00e8s de chaleureux au revoirs et remerciements. C\u2019est une vingtaine de kilom\u00e8tres plus loin que nous retrouvons Richard Wallner sur son site de projet permaculturel qu\u2019il a ... Read More\" \/>\n<meta property=\"og:url\" content=\"https:\/\/www.altercampagne.net\/?p=4600\" \/>\n<meta property=\"og:site_name\" content=\"AlterTour\" \/>\n<meta property=\"article:published_time\" content=\"2010-08-03T15:49:15+00:00\" \/>\n<meta property=\"article:modified_time\" content=\"2020-02-24T16:13:33+00:00\" \/>\n<meta property=\"og:image\" content=\"https:\/\/lh3.googleusercontent.com\/-Ht4_ROBQ_o0\/T3xgCO3wIaI\/AAAAAAAAB6U\/47NvYKrgmE8RpnH2y7n869io0MfcHS5wACCo\/s640\/2010-08-03_12.20.55_9087.jpg\" \/>\n<meta name=\"author\" content=\"Mathieu\" \/>\n<meta name=\"twitter:card\" content=\"summary_large_image\" \/>\n<meta name=\"twitter:label1\" content=\"\u00c9crit par\" \/>\n\t<meta name=\"twitter:data1\" content=\"Mathieu\" \/>\n\t<meta name=\"twitter:label2\" content=\"Dur\u00e9e de lecture estim\u00e9e\" \/>\n\t<meta name=\"twitter:data2\" content=\"2 minutes\" \/>\n<script type=\"application\/ld+json\" class=\"yoast-schema-graph\">{\"@context\":\"https:\\\/\\\/schema.org\",\"@graph\":[{\"@type\":\"Article\",\"@id\":\"https:\\\/\\\/www.altercampagne.net\\\/?p=4600#article\",\"isPartOf\":{\"@id\":\"https:\\\/\\\/www.altercampagne.net\\\/?p=4600\"},\"author\":{\"name\":\"Mathieu\",\"@id\":\"https:\\\/\\\/www.altercampagne.net\\\/#\\\/schema\\\/person\\\/0f261460c09e430caa0f9bcffa319109\"},\"headline\":\"\u00c9tape du 3 ao\u00fbt : L&rsquo;\u00c9colieu au Petit Colibris\",\"datePublished\":\"2010-08-03T15:49:15+00:00\",\"dateModified\":\"2020-02-24T16:13:33+00:00\",\"mainEntityOfPage\":{\"@id\":\"https:\\\/\\\/www.altercampagne.net\\\/?p=4600\"},\"wordCount\":378,\"image\":{\"@id\":\"https:\\\/\\\/www.altercampagne.net\\\/?p=4600#primaryimage\"},\"thumbnailUrl\":\"https:\\\/\\\/lh3.googleusercontent.com\\\/-Ht4_ROBQ_o0\\\/T3xgCO3wIaI\\\/AAAAAAAAB6U\\\/47NvYKrgmE8RpnH2y7n869io0MfcHS5wACCo\\\/s640\\\/2010-08-03_12.20.55_9087.jpg\",\"keywords\":[\"permaculture\",\"Poitou-Charentes\",\"AlterTour 2010\",\"charente\",\"2010\",\"Aude Labat\",\"\u00c9colieu au Petit Colibris\",\"Richard Wallner\",\"Marsac\"],\"articleSection\":[\"Agriculture\",\"Nouvelle-Aquitaine\",\"Edition 2010\"],\"inLanguage\":\"fr-FR\"},{\"@type\":\"WebPage\",\"@id\":\"https:\\\/\\\/www.altercampagne.net\\\/?p=4600\",\"url\":\"https:\\\/\\\/www.altercampagne.net\\\/?p=4600\",\"name\":\"\u00c9tape du 3 ao\u00fbt : L'\u00c9colieu au Petit Colibris - AlterTour\",\"isPartOf\":{\"@id\":\"https:\\\/\\\/www.altercampagne.net\\\/#website\"},\"primaryImageOfPage\":{\"@id\":\"https:\\\/\\\/www.altercampagne.net\\\/?p=4600#primaryimage\"},\"image\":{\"@id\":\"https:\\\/\\\/www.altercampagne.net\\\/?p=4600#primaryimage\"},\"thumbnailUrl\":\"https:\\\/\\\/lh3.googleusercontent.com\\\/-Ht4_ROBQ_o0\\\/T3xgCO3wIaI\\\/AAAAAAAAB6U\\\/47NvYKrgmE8RpnH2y7n869io0MfcHS5wACCo\\\/s640\\\/2010-08-03_12.20.55_9087.jpg\",\"datePublished\":\"2010-08-03T15:49:15+00:00\",\"dateModified\":\"2020-02-24T16:13:33+00:00\",\"author\":{\"@id\":\"https:\\\/\\\/www.altercampagne.net\\\/#\\\/schema\\\/person\\\/0f261460c09e430caa0f9bcffa319109\"},\"breadcrumb\":{\"@id\":\"https:\\\/\\\/www.altercampagne.net\\\/?p=4600#breadcrumb\"},\"inLanguage\":\"fr-FR\",\"potentialAction\":[{\"@type\":\"ReadAction\",\"target\":[\"https:\\\/\\\/www.altercampagne.net\\\/?p=4600\"]}]},{\"@type\":\"ImageObject\",\"inLanguage\":\"fr-FR\",\"@id\":\"https:\\\/\\\/www.altercampagne.net\\\/?p=4600#primaryimage\",\"url\":\"https:\\\/\\\/lh3.googleusercontent.com\\\/-Ht4_ROBQ_o0\\\/T3xgCO3wIaI\\\/AAAAAAAAB6U\\\/47NvYKrgmE8RpnH2y7n869io0MfcHS5wACCo\\\/s640\\\/2010-08-03_12.20.55_9087.jpg\",\"contentUrl\":\"https:\\\/\\\/lh3.googleusercontent.com\\\/-Ht4_ROBQ_o0\\\/T3xgCO3wIaI\\\/AAAAAAAAB6U\\\/47NvYKrgmE8RpnH2y7n869io0MfcHS5wACCo\\\/s640\\\/2010-08-03_12.20.55_9087.jpg\"},{\"@type\":\"BreadcrumbList\",\"@id\":\"https:\\\/\\\/www.altercampagne.net\\\/?p=4600#breadcrumb\",\"itemListElement\":[{\"@type\":\"ListItem\",\"position\":1,\"name\":\"Accueil\",\"item\":\"https:\\\/\\\/www.altercampagne.net\\\/\"},{\"@type\":\"ListItem\",\"position\":2,\"name\":\"\u00c9tape du 3 ao\u00fbt : L&rsquo;\u00c9colieu au Petit Colibris\"}]},{\"@type\":\"WebSite\",\"@id\":\"https:\\\/\\\/www.altercampagne.net\\\/#website\",\"url\":\"https:\\\/\\\/www.altercampagne.net\\\/\",\"name\":\"AlterTour\",\"description\":\"Reliez les Alternatives \u00e0 v\u00e9lo\",\"potentialAction\":[{\"@type\":\"SearchAction\",\"target\":{\"@type\":\"EntryPoint\",\"urlTemplate\":\"https:\\\/\\\/www.altercampagne.net\\\/?s={search_term_string}\"},\"query-input\":{\"@type\":\"PropertyValueSpecification\",\"valueRequired\":true,\"valueName\":\"search_term_string\"}}],\"inLanguage\":\"fr-FR\"},{\"@type\":\"Person\",\"@id\":\"https:\\\/\\\/www.altercampagne.net\\\/#\\\/schema\\\/person\\\/0f261460c09e430caa0f9bcffa319109\",\"name\":\"Mathieu\",\"image\":{\"@type\":\"ImageObject\",\"inLanguage\":\"fr-FR\",\"@id\":\"https:\\\/\\\/secure.gravatar.com\\\/avatar\\\/aa9d3d24c83f2141e5e2709d0f63d09a99f6be6bb7a50abc4915838d9f54501a?s=96&d=mm&r=g\",\"url\":\"https:\\\/\\\/secure.gravatar.com\\\/avatar\\\/aa9d3d24c83f2141e5e2709d0f63d09a99f6be6bb7a50abc4915838d9f54501a?s=96&d=mm&r=g\",\"contentUrl\":\"https:\\\/\\\/secure.gravatar.com\\\/avatar\\\/aa9d3d24c83f2141e5e2709d0f63d09a99f6be6bb7a50abc4915838d9f54501a?s=96&d=mm&r=g\",\"caption\":\"Mathieu\"},\"url\":\"https:\\\/\\\/www.altercampagne.net\\\/?author=214\"}]}<\/script>\n<!-- \/ Yoast SEO plugin. -->","yoast_head_json":{"title":"\u00c9tape du 3 ao\u00fbt : L'\u00c9colieu au Petit Colibris - AlterTour","robots":{"index":"index","follow":"follow","max-snippet":"max-snippet:-1","max-image-preview":"max-image-preview:large","max-video-preview":"max-video-preview:-1"},"canonical":"https:\/\/www.altercampagne.net\/?p=4600","og_locale":"fr_FR","og_type":"article","og_title":"\u00c9tape du 3 ao\u00fbt : L'\u00c9colieu au Petit Colibris - AlterTour","og_description":"De la convivialit\u00e9 pour les Hommes et la Terre 10h00 du matin : l\u2019AlterTour reprend son p\u00e9riple alternatif, quittant Sireuil et ses accueillants apr\u00e8s de chaleureux au revoirs et remerciements. C\u2019est une vingtaine de kilom\u00e8tres plus loin que nous retrouvons Richard Wallner sur son site de projet permaculturel qu\u2019il a ... Read More","og_url":"https:\/\/www.altercampagne.net\/?p=4600","og_site_name":"AlterTour","article_published_time":"2010-08-03T15:49:15+00:00","article_modified_time":"2020-02-24T16:13:33+00:00","og_image":[{"url":"https:\/\/lh3.googleusercontent.com\/-Ht4_ROBQ_o0\/T3xgCO3wIaI\/AAAAAAAAB6U\/47NvYKrgmE8RpnH2y7n869io0MfcHS5wACCo\/s640\/2010-08-03_12.20.55_9087.jpg","type":"","width":"","height":""}],"author":"Mathieu","twitter_card":"summary_large_image","twitter_misc":{"\u00c9crit par":"Mathieu","Dur\u00e9e de lecture estim\u00e9e":"2 minutes"},"schema":{"@context":"https:\/\/schema.org","@graph":[{"@type":"Article","@id":"https:\/\/www.altercampagne.net\/?p=4600#article","isPartOf":{"@id":"https:\/\/www.altercampagne.net\/?p=4600"},"author":{"name":"Mathieu","@id":"https:\/\/www.altercampagne.net\/#\/schema\/person\/0f261460c09e430caa0f9bcffa319109"},"headline":"\u00c9tape du 3 ao\u00fbt : L&rsquo;\u00c9colieu au Petit Colibris","datePublished":"2010-08-03T15:49:15+00:00","dateModified":"2020-02-24T16:13:33+00:00","mainEntityOfPage":{"@id":"https:\/\/www.altercampagne.net\/?p=4600"},"wordCount":378,"image":{"@id":"https:\/\/www.altercampagne.net\/?p=4600#primaryimage"},"thumbnailUrl":"https:\/\/lh3.googleusercontent.com\/-Ht4_ROBQ_o0\/T3xgCO3wIaI\/AAAAAAAAB6U\/47NvYKrgmE8RpnH2y7n869io0MfcHS5wACCo\/s640\/2010-08-03_12.20.55_9087.jpg","keywords":["permaculture","Poitou-Charentes","AlterTour 2010","charente","2010","Aude Labat","\u00c9colieu au Petit Colibris","Richard Wallner","Marsac"],"articleSection":["Agriculture","Nouvelle-Aquitaine","Edition 2010"],"inLanguage":"fr-FR"},{"@type":"WebPage","@id":"https:\/\/www.altercampagne.net\/?p=4600","url":"https:\/\/www.altercampagne.net\/?p=4600","name":"\u00c9tape du 3 ao\u00fbt : L'\u00c9colieu au Petit Colibris - AlterTour","isPartOf":{"@id":"https:\/\/www.altercampagne.net\/#website"},"primaryImageOfPage":{"@id":"https:\/\/www.altercampagne.net\/?p=4600#primaryimage"},"image":{"@id":"https:\/\/www.altercampagne.net\/?p=4600#primaryimage"},"thumbnailUrl":"https:\/\/lh3.googleusercontent.com\/-Ht4_ROBQ_o0\/T3xgCO3wIaI\/AAAAAAAAB6U\/47NvYKrgmE8RpnH2y7n869io0MfcHS5wACCo\/s640\/2010-08-03_12.20.55_9087.jpg","datePublished":"2010-08-03T15:49:15+00:00","dateModified":"2020-02-24T16:13:33+00:00","author":{"@id":"https:\/\/www.altercampagne.net\/#\/schema\/person\/0f261460c09e430caa0f9bcffa319109"},"breadcrumb":{"@id":"https:\/\/www.altercampagne.net\/?p=4600#breadcrumb"},"inLanguage":"fr-FR","potentialAction":[{"@type":"ReadAction","target":["https:\/\/www.altercampagne.net\/?p=4600"]}]},{"@type":"ImageObject","inLanguage":"fr-FR","@id":"https:\/\/www.altercampagne.net\/?p=4600#primaryimage","url":"https:\/\/lh3.googleusercontent.com\/-Ht4_ROBQ_o0\/T3xgCO3wIaI\/AAAAAAAAB6U\/47NvYKrgmE8RpnH2y7n869io0MfcHS5wACCo\/s640\/2010-08-03_12.20.55_9087.jpg","contentUrl":"https:\/\/lh3.googleusercontent.com\/-Ht4_ROBQ_o0\/T3xgCO3wIaI\/AAAAAAAAB6U\/47NvYKrgmE8RpnH2y7n869io0MfcHS5wACCo\/s640\/2010-08-03_12.20.55_9087.jpg"},{"@type":"BreadcrumbList","@id":"https:\/\/www.altercampagne.net\/?p=4600#breadcrumb","itemListElement":[{"@type":"ListItem","position":1,"name":"Accueil","item":"https:\/\/www.altercampagne.net\/"},{"@type":"ListItem","position":2,"name":"\u00c9tape du 3 ao\u00fbt : L&rsquo;\u00c9colieu au Petit Colibris"}]},{"@type":"WebSite","@id":"https:\/\/www.altercampagne.net\/#website","url":"https:\/\/www.altercampagne.net\/","name":"AlterTour","description":"Reliez les Alternatives \u00e0 v\u00e9lo","potentialAction":[{"@type":"SearchAction","target":{"@type":"EntryPoint","urlTemplate":"https:\/\/www.altercampagne.net\/?s={search_term_string}"},"query-input":{"@type":"PropertyValueSpecification","valueRequired":true,"valueName":"search_term_string"}}],"inLanguage":"fr-FR"},{"@type":"Person","@id":"https:\/\/www.altercampagne.net\/#\/schema\/person\/0f261460c09e430caa0f9bcffa319109","name":"Mathieu","image":{"@type":"ImageObject","inLanguage":"fr-FR","@id":"https:\/\/secure.gravatar.com\/avatar\/aa9d3d24c83f2141e5e2709d0f63d09a99f6be6bb7a50abc4915838d9f54501a?s=96&d=mm&r=g","url":"https:\/\/secure.gravatar.com\/avatar\/aa9d3d24c83f2141e5e2709d0f63d09a99f6be6bb7a50abc4915838d9f54501a?s=96&d=mm&r=g","contentUrl":"https:\/\/secure.gravatar.com\/avatar\/aa9d3d24c83f2141e5e2709d0f63d09a99f6be6bb7a50abc4915838d9f54501a?s=96&d=mm&r=g","caption":"Mathieu"},"url":"https:\/\/www.altercampagne.net\/?author=214"}]}},"_links":{"self":[{"href":"https:\/\/www.altercampagne.net\/index.php?rest_route=\/wp\/v2\/posts\/4600","targetHints":{"allow":["GET"]}}],"collection":[{"href":"https:\/\/www.altercampagne.net\/index.php?rest_route=\/wp\/v2\/posts"}],"about":[{"href":"https:\/\/www.altercampagne.net\/index.php?rest_route=\/wp\/v2\/types\/post"}],"author":[{"embeddable":true,"href":"https:\/\/www.altercampagne.net\/index.php?rest_route=\/wp\/v2\/users\/214"}],"replies":[{"embeddable":true,"href":"https:\/\/www.altercampagne.net\/index.php?rest_route=%2Fwp%2Fv2%2Fcomments&post=4600"}],"version-history":[{"count":1,"href":"https:\/\/www.altercampagne.net\/index.php?rest_route=\/wp\/v2\/posts\/4600\/revisions"}],"predecessor-version":[{"id":17426,"href":"https:\/\/www.altercampagne.net\/index.php?rest_route=\/wp\/v2\/posts\/4600\/revisions\/17426"}],"wp:attachment":[{"href":"https:\/\/www.altercampagne.net\/index.php?rest_route=%2Fwp%2Fv2%2Fmedia&parent=4600"}],"wp:term":[{"taxonomy":"category","embeddable":true,"href":"https:\/\/www.altercampagne.net\/index.php?rest_route=%2Fwp%2Fv2%2Fcategories&post=4600"},{"taxonomy":"post_tag","embeddable":true,"href":"https:\/\/www.altercampagne.net\/index.php?rest_route=%2Fwp%2Fv2%2Ftags&post=4600"}],"curies":[{"name":"wp","href":"https:\/\/api.w.org\/{rel}","templated":true}]}}