{"id":4605,"date":"2010-08-02T18:02:14","date_gmt":"2010-08-02T16:02:14","guid":{"rendered":"http:\/\/www.altercampagne.net\/?p=4605"},"modified":"2020-02-24T17:14:33","modified_gmt":"2020-02-24T16:14:33","slug":"etape-du-2-aout-le-domaine-brard-blanchard","status":"publish","type":"post","link":"https:\/\/www.altercampagne.net\/?p=4605","title":{"rendered":"\u00c9tape du 2 ao\u00fbt : Le domaine Brard Blanchard"},"content":{"rendered":"<p><a href=\"http:\/\/www.brard-blanchard.fr\/\" target=\"_blank\" rel=\"noopener noreferrer\"><img loading=\"lazy\" decoding=\"async\" class=\"alignleft\" src=\"https:\/\/lh3.googleusercontent.com\/-gcXZk8oFxso\/T3xfstePL_I\/AAAAAAAAB34\/xBekryy4GYokBtwTnQXgmEZcCSJzOglcQCCo\/s640\/2010-08-02_12.54.04_8946.jpg\" alt=\"\" width=\"150\" height=\"224\" \/><\/a>Apr\u00e8s un r\u00e9veil matinal nous sommes partis \u00e0 8h\u00a0!!!par des voies cyclables construites sur le marais et des petites routes tr\u00e8s agr\u00e9ables et deux relais plus tard nous avons rejoint la famille Brard-Blanchard (<a href=\"http:\/\/www.brard-blanchard.fr\/\" target=\"_blank\" rel=\"noopener noreferrer\">http:\/\/www.brard-blanchard.fr\/<\/a>)\u00e0 Boutiers St Trojan (16100) et visit\u00e9 son exploitation viticole\u00a0: 20 hectares en bio depuis 1972. L\u2019alambic est tr\u00e8s joli et tr\u00e8s ancien et les cuivres avaient \u00e9t\u00e9 astiqu\u00e9s \u00e0 fond pour notre arriv\u00e9e. Ils produisent du pineau du vin et du cognac que nous avons d\u00e9gust\u00e9 au cours du repas ainsi que la caillebotte arros\u00e9e de cognac pour le dessert.<\/p>\n<p>Nous avons repris les v\u00e9los pour zigzaguer le long de la Charente pour arriver au moulin de Sireuil (16440) o\u00f9 G\u00e9rard et Isabelle MELLY nous ont re\u00e7u. L\u2019usine hydro-\u00e9lectrique produit 1M Wh \/ an gr\u00e2ce \u00e0 trois turbines.<\/p>\n<p>En soir\u00e9e\u00a0: d\u00e9bat sur la disparition programm\u00e9e des services publics.<\/p>\n","protected":false},"excerpt":{"rendered":"<p>Apr\u00e8s un r\u00e9veil matinal nous sommes partis \u00e0 8h\u00a0!!!par des voies cyclables construites sur le marais et des petites routes tr\u00e8s agr\u00e9ables et deux relais plus tard nous avons rejoint la famille Brard-Blanchard (http:\/\/www.brard-blanchard.fr\/)\u00e0 Boutiers St Trojan (16100) et visit\u00e9 son exploitation viticole\u00a0: 20 hectares en bio depuis 1972. L\u2019alambic &#8230; <\/p>\n<div><a href=\"https:\/\/www.altercampagne.net\/?p=4605\" class=\"more-link\">Read More<\/a><\/div>\n","protected":false},"author":214,"featured_media":0,"comment_status":"closed","ping_status":"closed","sticky":false,"template":"","format":"standard","meta":{"footnotes":""},"categories":[3483,3479,3493],"tags":[581,1301,1971,2095,2260,2284,2285],"class_list":["post-4605","post","type-post","status-publish","format-standard","hentry","category-agriculture","category-nouvelle-aquitaine","category-edition-2010","tag-poitou-charentes","tag-altertour-2010","tag-charente","tag-2095","tag-domaine-brard-blanchard","tag-boutiers-saint-trojan","tag-moulin-de-sireuil","no-post-thumbnail"],"yoast_head":"<!-- This site is optimized with the Yoast SEO plugin v27.3 - https:\/\/yoast.com\/product\/yoast-seo-wordpress\/ -->\n<title>\u00c9tape du 2 ao\u00fbt : Le domaine Brard Blanchard - AlterTour<\/title>\n<meta name=\"robots\" content=\"index, follow, max-snippet:-1, max-image-preview:large, max-video-preview:-1\" \/>\n<link rel=\"canonical\" href=\"https:\/\/www.altercampagne.net\/?p=4605\" \/>\n<meta property=\"og:locale\" content=\"fr_FR\" \/>\n<meta property=\"og:type\" content=\"article\" \/>\n<meta property=\"og:title\" content=\"\u00c9tape du 2 ao\u00fbt : Le domaine Brard Blanchard - AlterTour\" \/>\n<meta property=\"og:description\" content=\"Apr\u00e8s un r\u00e9veil matinal nous sommes partis \u00e0 8h\u00a0!!!par des voies cyclables construites sur le marais et des petites routes tr\u00e8s agr\u00e9ables et deux relais plus tard nous avons rejoint la famille Brard-Blanchard (http:\/\/www.brard-blanchard.fr\/)\u00e0 Boutiers St Trojan (16100) et visit\u00e9 son exploitation viticole\u00a0: 20 hectares en bio depuis 1972. L\u2019alambic ... Read More\" \/>\n<meta property=\"og:url\" content=\"https:\/\/www.altercampagne.net\/?p=4605\" \/>\n<meta property=\"og:site_name\" content=\"AlterTour\" \/>\n<meta property=\"article:published_time\" content=\"2010-08-02T16:02:14+00:00\" \/>\n<meta property=\"article:modified_time\" content=\"2020-02-24T16:14:33+00:00\" \/>\n<meta property=\"og:image\" content=\"https:\/\/lh3.googleusercontent.com\/-gcXZk8oFxso\/T3xfstePL_I\/AAAAAAAAB34\/xBekryy4GYokBtwTnQXgmEZcCSJzOglcQCCo\/s640\/2010-08-02_12.54.04_8946.jpg\" \/>\n<meta name=\"author\" content=\"Mathieu\" \/>\n<meta name=\"twitter:card\" content=\"summary_large_image\" \/>\n<meta name=\"twitter:label1\" content=\"\u00c9crit par\" \/>\n\t<meta name=\"twitter:data1\" content=\"Mathieu\" \/>\n\t<meta name=\"twitter:label2\" content=\"Dur\u00e9e de lecture estim\u00e9e\" \/>\n\t<meta name=\"twitter:data2\" content=\"1 minute\" \/>\n<script type=\"application\/ld+json\" class=\"yoast-schema-graph\">{\"@context\":\"https:\\\/\\\/schema.org\",\"@graph\":[{\"@type\":\"Article\",\"@id\":\"https:\\\/\\\/www.altercampagne.net\\\/?p=4605#article\",\"isPartOf\":{\"@id\":\"https:\\\/\\\/www.altercampagne.net\\\/?p=4605\"},\"author\":{\"name\":\"Mathieu\",\"@id\":\"https:\\\/\\\/www.altercampagne.net\\\/#\\\/schema\\\/person\\\/0f261460c09e430caa0f9bcffa319109\"},\"headline\":\"\u00c9tape du 2 ao\u00fbt : Le domaine Brard Blanchard\",\"datePublished\":\"2010-08-02T16:02:14+00:00\",\"dateModified\":\"2020-02-24T16:14:33+00:00\",\"mainEntityOfPage\":{\"@id\":\"https:\\\/\\\/www.altercampagne.net\\\/?p=4605\"},\"wordCount\":166,\"image\":{\"@id\":\"https:\\\/\\\/www.altercampagne.net\\\/?p=4605#primaryimage\"},\"thumbnailUrl\":\"https:\\\/\\\/lh3.googleusercontent.com\\\/-gcXZk8oFxso\\\/T3xfstePL_I\\\/AAAAAAAAB34\\\/xBekryy4GYokBtwTnQXgmEZcCSJzOglcQCCo\\\/s640\\\/2010-08-02_12.54.04_8946.jpg\",\"keywords\":[\"Poitou-Charentes\",\"AlterTour 2010\",\"charente\",\"2010\",\"domaine Brard-Blanchard\",\"Boutiers Saint Trojan\",\"moulin de Sireuil\"],\"articleSection\":[\"Agriculture\",\"Nouvelle-Aquitaine\",\"Edition 2010\"],\"inLanguage\":\"fr-FR\"},{\"@type\":\"WebPage\",\"@id\":\"https:\\\/\\\/www.altercampagne.net\\\/?p=4605\",\"url\":\"https:\\\/\\\/www.altercampagne.net\\\/?p=4605\",\"name\":\"\u00c9tape du 2 ao\u00fbt : Le domaine Brard Blanchard - AlterTour\",\"isPartOf\":{\"@id\":\"https:\\\/\\\/www.altercampagne.net\\\/#website\"},\"primaryImageOfPage\":{\"@id\":\"https:\\\/\\\/www.altercampagne.net\\\/?p=4605#primaryimage\"},\"image\":{\"@id\":\"https:\\\/\\\/www.altercampagne.net\\\/?p=4605#primaryimage\"},\"thumbnailUrl\":\"https:\\\/\\\/lh3.googleusercontent.com\\\/-gcXZk8oFxso\\\/T3xfstePL_I\\\/AAAAAAAAB34\\\/xBekryy4GYokBtwTnQXgmEZcCSJzOglcQCCo\\\/s640\\\/2010-08-02_12.54.04_8946.jpg\",\"datePublished\":\"2010-08-02T16:02:14+00:00\",\"dateModified\":\"2020-02-24T16:14:33+00:00\",\"author\":{\"@id\":\"https:\\\/\\\/www.altercampagne.net\\\/#\\\/schema\\\/person\\\/0f261460c09e430caa0f9bcffa319109\"},\"breadcrumb\":{\"@id\":\"https:\\\/\\\/www.altercampagne.net\\\/?p=4605#breadcrumb\"},\"inLanguage\":\"fr-FR\",\"potentialAction\":[{\"@type\":\"ReadAction\",\"target\":[\"https:\\\/\\\/www.altercampagne.net\\\/?p=4605\"]}]},{\"@type\":\"ImageObject\",\"inLanguage\":\"fr-FR\",\"@id\":\"https:\\\/\\\/www.altercampagne.net\\\/?p=4605#primaryimage\",\"url\":\"https:\\\/\\\/lh3.googleusercontent.com\\\/-gcXZk8oFxso\\\/T3xfstePL_I\\\/AAAAAAAAB34\\\/xBekryy4GYokBtwTnQXgmEZcCSJzOglcQCCo\\\/s640\\\/2010-08-02_12.54.04_8946.jpg\",\"contentUrl\":\"https:\\\/\\\/lh3.googleusercontent.com\\\/-gcXZk8oFxso\\\/T3xfstePL_I\\\/AAAAAAAAB34\\\/xBekryy4GYokBtwTnQXgmEZcCSJzOglcQCCo\\\/s640\\\/2010-08-02_12.54.04_8946.jpg\"},{\"@type\":\"BreadcrumbList\",\"@id\":\"https:\\\/\\\/www.altercampagne.net\\\/?p=4605#breadcrumb\",\"itemListElement\":[{\"@type\":\"ListItem\",\"position\":1,\"name\":\"Accueil\",\"item\":\"https:\\\/\\\/www.altercampagne.net\\\/\"},{\"@type\":\"ListItem\",\"position\":2,\"name\":\"\u00c9tape du 2 ao\u00fbt : Le domaine Brard Blanchard\"}]},{\"@type\":\"WebSite\",\"@id\":\"https:\\\/\\\/www.altercampagne.net\\\/#website\",\"url\":\"https:\\\/\\\/www.altercampagne.net\\\/\",\"name\":\"AlterTour\",\"description\":\"Reliez les Alternatives \u00e0 v\u00e9lo\",\"potentialAction\":[{\"@type\":\"SearchAction\",\"target\":{\"@type\":\"EntryPoint\",\"urlTemplate\":\"https:\\\/\\\/www.altercampagne.net\\\/?s={search_term_string}\"},\"query-input\":{\"@type\":\"PropertyValueSpecification\",\"valueRequired\":true,\"valueName\":\"search_term_string\"}}],\"inLanguage\":\"fr-FR\"},{\"@type\":\"Person\",\"@id\":\"https:\\\/\\\/www.altercampagne.net\\\/#\\\/schema\\\/person\\\/0f261460c09e430caa0f9bcffa319109\",\"name\":\"Mathieu\",\"image\":{\"@type\":\"ImageObject\",\"inLanguage\":\"fr-FR\",\"@id\":\"https:\\\/\\\/secure.gravatar.com\\\/avatar\\\/aa9d3d24c83f2141e5e2709d0f63d09a99f6be6bb7a50abc4915838d9f54501a?s=96&d=mm&r=g\",\"url\":\"https:\\\/\\\/secure.gravatar.com\\\/avatar\\\/aa9d3d24c83f2141e5e2709d0f63d09a99f6be6bb7a50abc4915838d9f54501a?s=96&d=mm&r=g\",\"contentUrl\":\"https:\\\/\\\/secure.gravatar.com\\\/avatar\\\/aa9d3d24c83f2141e5e2709d0f63d09a99f6be6bb7a50abc4915838d9f54501a?s=96&d=mm&r=g\",\"caption\":\"Mathieu\"},\"url\":\"https:\\\/\\\/www.altercampagne.net\\\/?author=214\"}]}<\/script>\n<!-- \/ Yoast SEO plugin. -->","yoast_head_json":{"title":"\u00c9tape du 2 ao\u00fbt : Le domaine Brard Blanchard - AlterTour","robots":{"index":"index","follow":"follow","max-snippet":"max-snippet:-1","max-image-preview":"max-image-preview:large","max-video-preview":"max-video-preview:-1"},"canonical":"https:\/\/www.altercampagne.net\/?p=4605","og_locale":"fr_FR","og_type":"article","og_title":"\u00c9tape du 2 ao\u00fbt : Le domaine Brard Blanchard - AlterTour","og_description":"Apr\u00e8s un r\u00e9veil matinal nous sommes partis \u00e0 8h\u00a0!!!par des voies cyclables construites sur le marais et des petites routes tr\u00e8s agr\u00e9ables et deux relais plus tard nous avons rejoint la famille Brard-Blanchard (http:\/\/www.brard-blanchard.fr\/)\u00e0 Boutiers St Trojan (16100) et visit\u00e9 son exploitation viticole\u00a0: 20 hectares en bio depuis 1972. L\u2019alambic ... Read More","og_url":"https:\/\/www.altercampagne.net\/?p=4605","og_site_name":"AlterTour","article_published_time":"2010-08-02T16:02:14+00:00","article_modified_time":"2020-02-24T16:14:33+00:00","og_image":[{"url":"https:\/\/lh3.googleusercontent.com\/-gcXZk8oFxso\/T3xfstePL_I\/AAAAAAAAB34\/xBekryy4GYokBtwTnQXgmEZcCSJzOglcQCCo\/s640\/2010-08-02_12.54.04_8946.jpg","type":"","width":"","height":""}],"author":"Mathieu","twitter_card":"summary_large_image","twitter_misc":{"\u00c9crit par":"Mathieu","Dur\u00e9e de lecture estim\u00e9e":"1 minute"},"schema":{"@context":"https:\/\/schema.org","@graph":[{"@type":"Article","@id":"https:\/\/www.altercampagne.net\/?p=4605#article","isPartOf":{"@id":"https:\/\/www.altercampagne.net\/?p=4605"},"author":{"name":"Mathieu","@id":"https:\/\/www.altercampagne.net\/#\/schema\/person\/0f261460c09e430caa0f9bcffa319109"},"headline":"\u00c9tape du 2 ao\u00fbt : Le domaine Brard Blanchard","datePublished":"2010-08-02T16:02:14+00:00","dateModified":"2020-02-24T16:14:33+00:00","mainEntityOfPage":{"@id":"https:\/\/www.altercampagne.net\/?p=4605"},"wordCount":166,"image":{"@id":"https:\/\/www.altercampagne.net\/?p=4605#primaryimage"},"thumbnailUrl":"https:\/\/lh3.googleusercontent.com\/-gcXZk8oFxso\/T3xfstePL_I\/AAAAAAAAB34\/xBekryy4GYokBtwTnQXgmEZcCSJzOglcQCCo\/s640\/2010-08-02_12.54.04_8946.jpg","keywords":["Poitou-Charentes","AlterTour 2010","charente","2010","domaine Brard-Blanchard","Boutiers Saint Trojan","moulin de Sireuil"],"articleSection":["Agriculture","Nouvelle-Aquitaine","Edition 2010"],"inLanguage":"fr-FR"},{"@type":"WebPage","@id":"https:\/\/www.altercampagne.net\/?p=4605","url":"https:\/\/www.altercampagne.net\/?p=4605","name":"\u00c9tape du 2 ao\u00fbt : Le domaine Brard Blanchard - AlterTour","isPartOf":{"@id":"https:\/\/www.altercampagne.net\/#website"},"primaryImageOfPage":{"@id":"https:\/\/www.altercampagne.net\/?p=4605#primaryimage"},"image":{"@id":"https:\/\/www.altercampagne.net\/?p=4605#primaryimage"},"thumbnailUrl":"https:\/\/lh3.googleusercontent.com\/-gcXZk8oFxso\/T3xfstePL_I\/AAAAAAAAB34\/xBekryy4GYokBtwTnQXgmEZcCSJzOglcQCCo\/s640\/2010-08-02_12.54.04_8946.jpg","datePublished":"2010-08-02T16:02:14+00:00","dateModified":"2020-02-24T16:14:33+00:00","author":{"@id":"https:\/\/www.altercampagne.net\/#\/schema\/person\/0f261460c09e430caa0f9bcffa319109"},"breadcrumb":{"@id":"https:\/\/www.altercampagne.net\/?p=4605#breadcrumb"},"inLanguage":"fr-FR","potentialAction":[{"@type":"ReadAction","target":["https:\/\/www.altercampagne.net\/?p=4605"]}]},{"@type":"ImageObject","inLanguage":"fr-FR","@id":"https:\/\/www.altercampagne.net\/?p=4605#primaryimage","url":"https:\/\/lh3.googleusercontent.com\/-gcXZk8oFxso\/T3xfstePL_I\/AAAAAAAAB34\/xBekryy4GYokBtwTnQXgmEZcCSJzOglcQCCo\/s640\/2010-08-02_12.54.04_8946.jpg","contentUrl":"https:\/\/lh3.googleusercontent.com\/-gcXZk8oFxso\/T3xfstePL_I\/AAAAAAAAB34\/xBekryy4GYokBtwTnQXgmEZcCSJzOglcQCCo\/s640\/2010-08-02_12.54.04_8946.jpg"},{"@type":"BreadcrumbList","@id":"https:\/\/www.altercampagne.net\/?p=4605#breadcrumb","itemListElement":[{"@type":"ListItem","position":1,"name":"Accueil","item":"https:\/\/www.altercampagne.net\/"},{"@type":"ListItem","position":2,"name":"\u00c9tape du 2 ao\u00fbt : Le domaine Brard Blanchard"}]},{"@type":"WebSite","@id":"https:\/\/www.altercampagne.net\/#website","url":"https:\/\/www.altercampagne.net\/","name":"AlterTour","description":"Reliez les Alternatives \u00e0 v\u00e9lo","potentialAction":[{"@type":"SearchAction","target":{"@type":"EntryPoint","urlTemplate":"https:\/\/www.altercampagne.net\/?s={search_term_string}"},"query-input":{"@type":"PropertyValueSpecification","valueRequired":true,"valueName":"search_term_string"}}],"inLanguage":"fr-FR"},{"@type":"Person","@id":"https:\/\/www.altercampagne.net\/#\/schema\/person\/0f261460c09e430caa0f9bcffa319109","name":"Mathieu","image":{"@type":"ImageObject","inLanguage":"fr-FR","@id":"https:\/\/secure.gravatar.com\/avatar\/aa9d3d24c83f2141e5e2709d0f63d09a99f6be6bb7a50abc4915838d9f54501a?s=96&d=mm&r=g","url":"https:\/\/secure.gravatar.com\/avatar\/aa9d3d24c83f2141e5e2709d0f63d09a99f6be6bb7a50abc4915838d9f54501a?s=96&d=mm&r=g","contentUrl":"https:\/\/secure.gravatar.com\/avatar\/aa9d3d24c83f2141e5e2709d0f63d09a99f6be6bb7a50abc4915838d9f54501a?s=96&d=mm&r=g","caption":"Mathieu"},"url":"https:\/\/www.altercampagne.net\/?author=214"}]}},"_links":{"self":[{"href":"https:\/\/www.altercampagne.net\/index.php?rest_route=\/wp\/v2\/posts\/4605","targetHints":{"allow":["GET"]}}],"collection":[{"href":"https:\/\/www.altercampagne.net\/index.php?rest_route=\/wp\/v2\/posts"}],"about":[{"href":"https:\/\/www.altercampagne.net\/index.php?rest_route=\/wp\/v2\/types\/post"}],"author":[{"embeddable":true,"href":"https:\/\/www.altercampagne.net\/index.php?rest_route=\/wp\/v2\/users\/214"}],"replies":[{"embeddable":true,"href":"https:\/\/www.altercampagne.net\/index.php?rest_route=%2Fwp%2Fv2%2Fcomments&post=4605"}],"version-history":[{"count":1,"href":"https:\/\/www.altercampagne.net\/index.php?rest_route=\/wp\/v2\/posts\/4605\/revisions"}],"predecessor-version":[{"id":17427,"href":"https:\/\/www.altercampagne.net\/index.php?rest_route=\/wp\/v2\/posts\/4605\/revisions\/17427"}],"wp:attachment":[{"href":"https:\/\/www.altercampagne.net\/index.php?rest_route=%2Fwp%2Fv2%2Fmedia&parent=4605"}],"wp:term":[{"taxonomy":"category","embeddable":true,"href":"https:\/\/www.altercampagne.net\/index.php?rest_route=%2Fwp%2Fv2%2Fcategories&post=4605"},{"taxonomy":"post_tag","embeddable":true,"href":"https:\/\/www.altercampagne.net\/index.php?rest_route=%2Fwp%2Fv2%2Ftags&post=4605"}],"curies":[{"name":"wp","href":"https:\/\/api.w.org\/{rel}","templated":true}]}}