{"id":4609,"date":"2010-08-01T18:09:58","date_gmt":"2010-08-01T16:09:58","guid":{"rendered":"http:\/\/www.altercampagne.net\/?p=4609"},"modified":"2020-02-24T17:15:01","modified_gmt":"2020-02-24T16:15:01","slug":"etape-du-1er-aout-le-hameau-de-montifaud-et-alterenvies","status":"publish","type":"post","link":"https:\/\/www.altercampagne.net\/?p=4609","title":{"rendered":"\u00c9tape du 1er ao\u00fbt : Le Hameau de Montifaud et Alterenvie(s)"},"content":{"rendered":"<p><strong><img loading=\"lazy\" decoding=\"async\" class=\" alignright\" src=\"https:\/\/lh3.googleusercontent.com\/-yoI6GksTPWE\/T3xkvsmU6AI\/AAAAAAAACeA\/-ulOmATeBW8D8Xa1PMpxFTxETQ9PFiIdwCCo\/s640\/2010-08-01_14.58.46_9003.jpg\" alt=\"\" width=\"429\" height=\"640\">Divers, nous sommes divers&#8230;<\/strong><\/p>\n<p>Nous sommes r\u00e9veill\u00e9s par un slam de Christophe, c&rsquo;est une prolongation po\u00e9tique de sa pr\u00e9sentation de la veille au soir sur le th\u00e8me de la biodiversit\u00e9.<\/p>\n<p>Le midi nous sommes \u00e0 Montifaud, commune de Genouill\u00e9. Accueil paysan chez Philippe et Jeanne-Marie Morisset, acteurs ruraux : g\u00eete, chambres et table d&rsquo;h\u00f4tes, jardin de 1300 m\u00e8tres carr\u00e9s, animations culturelles, salle d&rsquo;expositions (<a href=\"http:\/\/www.accueil-paysan.com\/fr\/catalog\/structure\/42\/\" target=\"_blank\" rel=\"noopener noreferrer\">http:\/\/www.accueil-paysan.com\/fr\/catalog\/structure\/42\/<\/a>). Philippe nous fait un expos\u00e9 g\u00e9n\u00e9reux sur la gen\u00e8se de son jardin et ses principes de culture. Son pr\u00e9cepte : jardiner sans se fatiguer.<\/p>\n<p>Le soir nous arrivons \u00e0 Champserv\u00e9 le Haut sur la commune de Tonnay-Charente. Un forum associatif s\u2019y tient depuis l\u2019apr\u00e8s-midi, sur un terrain de la commune g\u00e9r\u00e9 par le centre social et en partie occup\u00e9 par un cirque. Sur la sollicitation de l\u2019Altertour, le centre social a impliqu\u00e9 une trentaine d\u2019organisations agissant sur des th\u00e8mes vari\u00e9es dans le pays rochefortais : des Amap, la conf\u00e9d\u00e9ration paysanne, Vivractif, une association d\u2019insertion, le Couac (collectif unitaire alternatif autogestionnaire et citoyen)&#8230; Ce regroupement s\u2019est donn\u00e9 le nom d\u2019Alterenvie(s). Un d\u00e9bat sur l\u2019agroforesterie a eu lieu avec Beno\u00eet Biteau et nous avons pu assister \u00e0 une repr\u00e9sentation du spectacle du cirque du Gamin.<\/p>\n<p>Le centre social est ravi d\u2019avoir pu cr\u00e9er \u00e0 cette occasion une nouvelle dynamique locale, faire se rencontrer les gens, travailler ensemble. Un forum sur les alternatives est d\u2019ores et d\u00e9j\u00e0 pr\u00e9vu le premier week-end d\u2019octobre 2011. L\u2019altertour souhaite une bonne route \u00e0 Alterenvie(s) !<\/p>\n<p style=\"text-align: right;\"><strong>Catherine<\/strong><\/p>\n<p>Contact : CAP Centre Social 20 avenue de Gaulle 17430 Tonnay-Charente &#8211; 05 46 88 74 12<br \/>\nT\u00e9l\u00e9charger le programme d\u00e9taill\u00e9 de cette journ\u00e9e<\/p>\n","protected":false},"excerpt":{"rendered":"<p>Divers, nous sommes divers&#8230; Nous sommes r\u00e9veill\u00e9s par un slam de Christophe, c&rsquo;est une prolongation po\u00e9tique de sa pr\u00e9sentation de la veille au soir sur le th\u00e8me de la biodiversit\u00e9. Le midi nous sommes \u00e0 Montifaud, commune de Genouill\u00e9. Accueil paysan chez Philippe et Jeanne-Marie Morisset, acteurs ruraux : g\u00eete, &#8230; <\/p>\n<div><a href=\"https:\/\/www.altercampagne.net\/?p=4609\" class=\"more-link\">Read More<\/a><\/div>\n","protected":false},"author":214,"featured_media":0,"comment_status":"closed","ping_status":"closed","sticky":false,"template":"","format":"standard","meta":{"footnotes":""},"categories":[3483,3479,3493],"tags":[295,431,581,1301,1641,2095,2231,2232,2233,2234,2235,2286,2287,2288,2289],"class_list":["post-4609","post","type-post","status-publish","format-standard","hentry","category-agriculture","category-nouvelle-aquitaine","category-edition-2010","tag-agroforesterie","tag-accueil-paysan","tag-poitou-charentes","tag-altertour-2010","tag-charente-maritime","tag-2095","tag-tonnay-charente","tag-genouille","tag-alterenvies","tag-champserve","tag-benoit-biteau","tag-montifaud","tag-hameau-de-montifaud","tag-philippe-morisset","tag-jeanne-marie-morisset","no-post-thumbnail"],"yoast_head":"<!-- This site is optimized with the Yoast SEO plugin v27.3 - https:\/\/yoast.com\/product\/yoast-seo-wordpress\/ -->\n<title>\u00c9tape du 1er ao\u00fbt : Le Hameau de Montifaud et Alterenvie(s) - AlterTour<\/title>\n<meta name=\"robots\" content=\"index, follow, max-snippet:-1, max-image-preview:large, max-video-preview:-1\" \/>\n<link rel=\"canonical\" href=\"https:\/\/www.altercampagne.net\/?p=4609\" \/>\n<meta property=\"og:locale\" content=\"fr_FR\" \/>\n<meta property=\"og:type\" content=\"article\" \/>\n<meta property=\"og:title\" content=\"\u00c9tape du 1er ao\u00fbt : Le Hameau de Montifaud et Alterenvie(s) - AlterTour\" \/>\n<meta property=\"og:description\" content=\"Divers, nous sommes divers&#8230; Nous sommes r\u00e9veill\u00e9s par un slam de Christophe, c&rsquo;est une prolongation po\u00e9tique de sa pr\u00e9sentation de la veille au soir sur le th\u00e8me de la biodiversit\u00e9. Le midi nous sommes \u00e0 Montifaud, commune de Genouill\u00e9. Accueil paysan chez Philippe et Jeanne-Marie Morisset, acteurs ruraux : g\u00eete, ... Read More\" \/>\n<meta property=\"og:url\" content=\"https:\/\/www.altercampagne.net\/?p=4609\" \/>\n<meta property=\"og:site_name\" content=\"AlterTour\" \/>\n<meta property=\"article:published_time\" content=\"2010-08-01T16:09:58+00:00\" \/>\n<meta property=\"article:modified_time\" content=\"2020-02-24T16:15:01+00:00\" \/>\n<meta property=\"og:image\" content=\"https:\/\/lh3.googleusercontent.com\/-yoI6GksTPWE\/T3xkvsmU6AI\/AAAAAAAACeA\/-ulOmATeBW8D8Xa1PMpxFTxETQ9PFiIdwCCo\/s640\/2010-08-01_14.58.46_9003.jpg\" \/>\n<meta name=\"author\" content=\"Mathieu\" \/>\n<meta name=\"twitter:card\" content=\"summary_large_image\" \/>\n<meta name=\"twitter:label1\" content=\"\u00c9crit par\" \/>\n\t<meta name=\"twitter:data1\" content=\"Mathieu\" \/>\n\t<meta name=\"twitter:label2\" content=\"Dur\u00e9e de lecture estim\u00e9e\" \/>\n\t<meta name=\"twitter:data2\" content=\"1 minute\" \/>\n<script type=\"application\/ld+json\" class=\"yoast-schema-graph\">{\"@context\":\"https:\\\/\\\/schema.org\",\"@graph\":[{\"@type\":\"Article\",\"@id\":\"https:\\\/\\\/www.altercampagne.net\\\/?p=4609#article\",\"isPartOf\":{\"@id\":\"https:\\\/\\\/www.altercampagne.net\\\/?p=4609\"},\"author\":{\"name\":\"Mathieu\",\"@id\":\"https:\\\/\\\/www.altercampagne.net\\\/#\\\/schema\\\/person\\\/0f261460c09e430caa0f9bcffa319109\"},\"headline\":\"\u00c9tape du 1er ao\u00fbt : Le Hameau de Montifaud et Alterenvie(s)\",\"datePublished\":\"2010-08-01T16:09:58+00:00\",\"dateModified\":\"2020-02-24T16:15:01+00:00\",\"mainEntityOfPage\":{\"@id\":\"https:\\\/\\\/www.altercampagne.net\\\/?p=4609\"},\"wordCount\":312,\"image\":{\"@id\":\"https:\\\/\\\/www.altercampagne.net\\\/?p=4609#primaryimage\"},\"thumbnailUrl\":\"https:\\\/\\\/lh3.googleusercontent.com\\\/-yoI6GksTPWE\\\/T3xkvsmU6AI\\\/AAAAAAAACeA\\\/-ulOmATeBW8D8Xa1PMpxFTxETQ9PFiIdwCCo\\\/s640\\\/2010-08-01_14.58.46_9003.jpg\",\"keywords\":[\"agroforesterie\",\"accueil paysan\",\"Poitou-Charentes\",\"AlterTour 2010\",\"Charente-Maritime\",\"2010\",\"Tonnay-Charente\",\"Genouill\u00e9\",\"Alterenvie(s)\",\"Champserv\u00e9\",\"Benoit Biteau\",\"Montifaud\",\"Hameau de Montifaud\",\"Philippe Morisset\",\"Jeanne-Marie Morisset\"],\"articleSection\":[\"Agriculture\",\"Nouvelle-Aquitaine\",\"Edition 2010\"],\"inLanguage\":\"fr-FR\"},{\"@type\":\"WebPage\",\"@id\":\"https:\\\/\\\/www.altercampagne.net\\\/?p=4609\",\"url\":\"https:\\\/\\\/www.altercampagne.net\\\/?p=4609\",\"name\":\"\u00c9tape du 1er ao\u00fbt : Le Hameau de Montifaud et Alterenvie(s) - AlterTour\",\"isPartOf\":{\"@id\":\"https:\\\/\\\/www.altercampagne.net\\\/#website\"},\"primaryImageOfPage\":{\"@id\":\"https:\\\/\\\/www.altercampagne.net\\\/?p=4609#primaryimage\"},\"image\":{\"@id\":\"https:\\\/\\\/www.altercampagne.net\\\/?p=4609#primaryimage\"},\"thumbnailUrl\":\"https:\\\/\\\/lh3.googleusercontent.com\\\/-yoI6GksTPWE\\\/T3xkvsmU6AI\\\/AAAAAAAACeA\\\/-ulOmATeBW8D8Xa1PMpxFTxETQ9PFiIdwCCo\\\/s640\\\/2010-08-01_14.58.46_9003.jpg\",\"datePublished\":\"2010-08-01T16:09:58+00:00\",\"dateModified\":\"2020-02-24T16:15:01+00:00\",\"author\":{\"@id\":\"https:\\\/\\\/www.altercampagne.net\\\/#\\\/schema\\\/person\\\/0f261460c09e430caa0f9bcffa319109\"},\"breadcrumb\":{\"@id\":\"https:\\\/\\\/www.altercampagne.net\\\/?p=4609#breadcrumb\"},\"inLanguage\":\"fr-FR\",\"potentialAction\":[{\"@type\":\"ReadAction\",\"target\":[\"https:\\\/\\\/www.altercampagne.net\\\/?p=4609\"]}]},{\"@type\":\"ImageObject\",\"inLanguage\":\"fr-FR\",\"@id\":\"https:\\\/\\\/www.altercampagne.net\\\/?p=4609#primaryimage\",\"url\":\"https:\\\/\\\/lh3.googleusercontent.com\\\/-yoI6GksTPWE\\\/T3xkvsmU6AI\\\/AAAAAAAACeA\\\/-ulOmATeBW8D8Xa1PMpxFTxETQ9PFiIdwCCo\\\/s640\\\/2010-08-01_14.58.46_9003.jpg\",\"contentUrl\":\"https:\\\/\\\/lh3.googleusercontent.com\\\/-yoI6GksTPWE\\\/T3xkvsmU6AI\\\/AAAAAAAACeA\\\/-ulOmATeBW8D8Xa1PMpxFTxETQ9PFiIdwCCo\\\/s640\\\/2010-08-01_14.58.46_9003.jpg\"},{\"@type\":\"BreadcrumbList\",\"@id\":\"https:\\\/\\\/www.altercampagne.net\\\/?p=4609#breadcrumb\",\"itemListElement\":[{\"@type\":\"ListItem\",\"position\":1,\"name\":\"Accueil\",\"item\":\"https:\\\/\\\/www.altercampagne.net\\\/\"},{\"@type\":\"ListItem\",\"position\":2,\"name\":\"\u00c9tape du 1er ao\u00fbt : Le Hameau de Montifaud et Alterenvie(s)\"}]},{\"@type\":\"WebSite\",\"@id\":\"https:\\\/\\\/www.altercampagne.net\\\/#website\",\"url\":\"https:\\\/\\\/www.altercampagne.net\\\/\",\"name\":\"AlterTour\",\"description\":\"Reliez les Alternatives \u00e0 v\u00e9lo\",\"potentialAction\":[{\"@type\":\"SearchAction\",\"target\":{\"@type\":\"EntryPoint\",\"urlTemplate\":\"https:\\\/\\\/www.altercampagne.net\\\/?s={search_term_string}\"},\"query-input\":{\"@type\":\"PropertyValueSpecification\",\"valueRequired\":true,\"valueName\":\"search_term_string\"}}],\"inLanguage\":\"fr-FR\"},{\"@type\":\"Person\",\"@id\":\"https:\\\/\\\/www.altercampagne.net\\\/#\\\/schema\\\/person\\\/0f261460c09e430caa0f9bcffa319109\",\"name\":\"Mathieu\",\"image\":{\"@type\":\"ImageObject\",\"inLanguage\":\"fr-FR\",\"@id\":\"https:\\\/\\\/secure.gravatar.com\\\/avatar\\\/aa9d3d24c83f2141e5e2709d0f63d09a99f6be6bb7a50abc4915838d9f54501a?s=96&d=mm&r=g\",\"url\":\"https:\\\/\\\/secure.gravatar.com\\\/avatar\\\/aa9d3d24c83f2141e5e2709d0f63d09a99f6be6bb7a50abc4915838d9f54501a?s=96&d=mm&r=g\",\"contentUrl\":\"https:\\\/\\\/secure.gravatar.com\\\/avatar\\\/aa9d3d24c83f2141e5e2709d0f63d09a99f6be6bb7a50abc4915838d9f54501a?s=96&d=mm&r=g\",\"caption\":\"Mathieu\"},\"url\":\"https:\\\/\\\/www.altercampagne.net\\\/?author=214\"}]}<\/script>\n<!-- \/ Yoast SEO plugin. -->","yoast_head_json":{"title":"\u00c9tape du 1er ao\u00fbt : Le Hameau de Montifaud et Alterenvie(s) - AlterTour","robots":{"index":"index","follow":"follow","max-snippet":"max-snippet:-1","max-image-preview":"max-image-preview:large","max-video-preview":"max-video-preview:-1"},"canonical":"https:\/\/www.altercampagne.net\/?p=4609","og_locale":"fr_FR","og_type":"article","og_title":"\u00c9tape du 1er ao\u00fbt : Le Hameau de Montifaud et Alterenvie(s) - AlterTour","og_description":"Divers, nous sommes divers&#8230; Nous sommes r\u00e9veill\u00e9s par un slam de Christophe, c&rsquo;est une prolongation po\u00e9tique de sa pr\u00e9sentation de la veille au soir sur le th\u00e8me de la biodiversit\u00e9. Le midi nous sommes \u00e0 Montifaud, commune de Genouill\u00e9. Accueil paysan chez Philippe et Jeanne-Marie Morisset, acteurs ruraux : g\u00eete, ... Read More","og_url":"https:\/\/www.altercampagne.net\/?p=4609","og_site_name":"AlterTour","article_published_time":"2010-08-01T16:09:58+00:00","article_modified_time":"2020-02-24T16:15:01+00:00","og_image":[{"url":"https:\/\/lh3.googleusercontent.com\/-yoI6GksTPWE\/T3xkvsmU6AI\/AAAAAAAACeA\/-ulOmATeBW8D8Xa1PMpxFTxETQ9PFiIdwCCo\/s640\/2010-08-01_14.58.46_9003.jpg","type":"","width":"","height":""}],"author":"Mathieu","twitter_card":"summary_large_image","twitter_misc":{"\u00c9crit par":"Mathieu","Dur\u00e9e de lecture estim\u00e9e":"1 minute"},"schema":{"@context":"https:\/\/schema.org","@graph":[{"@type":"Article","@id":"https:\/\/www.altercampagne.net\/?p=4609#article","isPartOf":{"@id":"https:\/\/www.altercampagne.net\/?p=4609"},"author":{"name":"Mathieu","@id":"https:\/\/www.altercampagne.net\/#\/schema\/person\/0f261460c09e430caa0f9bcffa319109"},"headline":"\u00c9tape du 1er ao\u00fbt : Le Hameau de Montifaud et Alterenvie(s)","datePublished":"2010-08-01T16:09:58+00:00","dateModified":"2020-02-24T16:15:01+00:00","mainEntityOfPage":{"@id":"https:\/\/www.altercampagne.net\/?p=4609"},"wordCount":312,"image":{"@id":"https:\/\/www.altercampagne.net\/?p=4609#primaryimage"},"thumbnailUrl":"https:\/\/lh3.googleusercontent.com\/-yoI6GksTPWE\/T3xkvsmU6AI\/AAAAAAAACeA\/-ulOmATeBW8D8Xa1PMpxFTxETQ9PFiIdwCCo\/s640\/2010-08-01_14.58.46_9003.jpg","keywords":["agroforesterie","accueil paysan","Poitou-Charentes","AlterTour 2010","Charente-Maritime","2010","Tonnay-Charente","Genouill\u00e9","Alterenvie(s)","Champserv\u00e9","Benoit Biteau","Montifaud","Hameau de Montifaud","Philippe Morisset","Jeanne-Marie Morisset"],"articleSection":["Agriculture","Nouvelle-Aquitaine","Edition 2010"],"inLanguage":"fr-FR"},{"@type":"WebPage","@id":"https:\/\/www.altercampagne.net\/?p=4609","url":"https:\/\/www.altercampagne.net\/?p=4609","name":"\u00c9tape du 1er ao\u00fbt : Le Hameau de Montifaud et Alterenvie(s) - AlterTour","isPartOf":{"@id":"https:\/\/www.altercampagne.net\/#website"},"primaryImageOfPage":{"@id":"https:\/\/www.altercampagne.net\/?p=4609#primaryimage"},"image":{"@id":"https:\/\/www.altercampagne.net\/?p=4609#primaryimage"},"thumbnailUrl":"https:\/\/lh3.googleusercontent.com\/-yoI6GksTPWE\/T3xkvsmU6AI\/AAAAAAAACeA\/-ulOmATeBW8D8Xa1PMpxFTxETQ9PFiIdwCCo\/s640\/2010-08-01_14.58.46_9003.jpg","datePublished":"2010-08-01T16:09:58+00:00","dateModified":"2020-02-24T16:15:01+00:00","author":{"@id":"https:\/\/www.altercampagne.net\/#\/schema\/person\/0f261460c09e430caa0f9bcffa319109"},"breadcrumb":{"@id":"https:\/\/www.altercampagne.net\/?p=4609#breadcrumb"},"inLanguage":"fr-FR","potentialAction":[{"@type":"ReadAction","target":["https:\/\/www.altercampagne.net\/?p=4609"]}]},{"@type":"ImageObject","inLanguage":"fr-FR","@id":"https:\/\/www.altercampagne.net\/?p=4609#primaryimage","url":"https:\/\/lh3.googleusercontent.com\/-yoI6GksTPWE\/T3xkvsmU6AI\/AAAAAAAACeA\/-ulOmATeBW8D8Xa1PMpxFTxETQ9PFiIdwCCo\/s640\/2010-08-01_14.58.46_9003.jpg","contentUrl":"https:\/\/lh3.googleusercontent.com\/-yoI6GksTPWE\/T3xkvsmU6AI\/AAAAAAAACeA\/-ulOmATeBW8D8Xa1PMpxFTxETQ9PFiIdwCCo\/s640\/2010-08-01_14.58.46_9003.jpg"},{"@type":"BreadcrumbList","@id":"https:\/\/www.altercampagne.net\/?p=4609#breadcrumb","itemListElement":[{"@type":"ListItem","position":1,"name":"Accueil","item":"https:\/\/www.altercampagne.net\/"},{"@type":"ListItem","position":2,"name":"\u00c9tape du 1er ao\u00fbt : Le Hameau de Montifaud et Alterenvie(s)"}]},{"@type":"WebSite","@id":"https:\/\/www.altercampagne.net\/#website","url":"https:\/\/www.altercampagne.net\/","name":"AlterTour","description":"Reliez les Alternatives \u00e0 v\u00e9lo","potentialAction":[{"@type":"SearchAction","target":{"@type":"EntryPoint","urlTemplate":"https:\/\/www.altercampagne.net\/?s={search_term_string}"},"query-input":{"@type":"PropertyValueSpecification","valueRequired":true,"valueName":"search_term_string"}}],"inLanguage":"fr-FR"},{"@type":"Person","@id":"https:\/\/www.altercampagne.net\/#\/schema\/person\/0f261460c09e430caa0f9bcffa319109","name":"Mathieu","image":{"@type":"ImageObject","inLanguage":"fr-FR","@id":"https:\/\/secure.gravatar.com\/avatar\/aa9d3d24c83f2141e5e2709d0f63d09a99f6be6bb7a50abc4915838d9f54501a?s=96&d=mm&r=g","url":"https:\/\/secure.gravatar.com\/avatar\/aa9d3d24c83f2141e5e2709d0f63d09a99f6be6bb7a50abc4915838d9f54501a?s=96&d=mm&r=g","contentUrl":"https:\/\/secure.gravatar.com\/avatar\/aa9d3d24c83f2141e5e2709d0f63d09a99f6be6bb7a50abc4915838d9f54501a?s=96&d=mm&r=g","caption":"Mathieu"},"url":"https:\/\/www.altercampagne.net\/?author=214"}]}},"_links":{"self":[{"href":"https:\/\/www.altercampagne.net\/index.php?rest_route=\/wp\/v2\/posts\/4609","targetHints":{"allow":["GET"]}}],"collection":[{"href":"https:\/\/www.altercampagne.net\/index.php?rest_route=\/wp\/v2\/posts"}],"about":[{"href":"https:\/\/www.altercampagne.net\/index.php?rest_route=\/wp\/v2\/types\/post"}],"author":[{"embeddable":true,"href":"https:\/\/www.altercampagne.net\/index.php?rest_route=\/wp\/v2\/users\/214"}],"replies":[{"embeddable":true,"href":"https:\/\/www.altercampagne.net\/index.php?rest_route=%2Fwp%2Fv2%2Fcomments&post=4609"}],"version-history":[{"count":1,"href":"https:\/\/www.altercampagne.net\/index.php?rest_route=\/wp\/v2\/posts\/4609\/revisions"}],"predecessor-version":[{"id":17428,"href":"https:\/\/www.altercampagne.net\/index.php?rest_route=\/wp\/v2\/posts\/4609\/revisions\/17428"}],"wp:attachment":[{"href":"https:\/\/www.altercampagne.net\/index.php?rest_route=%2Fwp%2Fv2%2Fmedia&parent=4609"}],"wp:term":[{"taxonomy":"category","embeddable":true,"href":"https:\/\/www.altercampagne.net\/index.php?rest_route=%2Fwp%2Fv2%2Fcategories&post=4609"},{"taxonomy":"post_tag","embeddable":true,"href":"https:\/\/www.altercampagne.net\/index.php?rest_route=%2Fwp%2Fv2%2Ftags&post=4609"}],"curies":[{"name":"wp","href":"https:\/\/api.w.org\/{rel}","templated":true}]}}