{"id":4617,"date":"2010-07-30T11:45:17","date_gmt":"2010-07-30T09:45:17","guid":{"rendered":"http:\/\/www.altercampagne.net\/?p=4617"},"modified":"2020-03-06T15:08:49","modified_gmt":"2020-03-06T14:08:49","slug":"etape-du-30-juillet-marrais-mouilles-et-marrais-desseches","status":"publish","type":"post","link":"https:\/\/www.altercampagne.net\/?p=4617","title":{"rendered":"Marrais mouill\u00e9s et Marrais dess\u00e9ch\u00e9s"},"content":{"rendered":"<p><img loading=\"lazy\" decoding=\"async\" class=\" alignleft\" src=\"https:\/\/lh3.googleusercontent.com\/-NOAS7IsdYHk\/T3xg5I2wodI\/AAAAAAAACBA\/lus4sMe-ACIKMVdShOJzN7Kj9yySYEZ8ACCo\/s912\/IMG_5921.jpg\" alt=\"\" width=\"244\" height=\"163\" \/>Journ\u00e9e de repos mais ceux qui le veulent partent avec Pierre Cotron\u00a0 et Joseph Texier membre du syndicat de marais.<\/p>\n<p>Apr\u00e8s les marais mouill\u00e9s les marais dess\u00e9ch\u00e9s&#8230;<br \/>\nOpposition entre deux soci\u00e9t\u00e9s\u00a0: les riches propri\u00e9taires fonciers et leurs ouvriers\u00a0:<\/p>\n<p>&#8211; Les Cabaniers construisant les digues et les \u00e9cluses prot\u00e9geant leurs cultures dans les marais ass\u00e9ch\u00e9s.<br \/>\n&#8211; Les Huttiers s\u2019organisent sur les communaux des marais mouill\u00e9s faisant pa\u00eetre leurs vaches, mettant en commun le four \u00e0 pain et qui seront \u00e0 l\u2019initiative des premi\u00e8res coop\u00e9ratives.<\/p>\n<p>Depuis le 8<sup>\u00e8me<\/sup> si\u00e8cle \u00e0 l\u2019initiative des Templiers les marais ont commenc\u00e9 \u00e0 \u00eatre ass\u00e9ch\u00e9s, en effet les limons d\u00e9pos\u00e9s lors des mar\u00e9es rendent ces terres particuli\u00e8rement riches et fertiles excellentes pour la culture du bl\u00e9 dur. Les abbayes prennent le relais des Templier.<\/p>\n<p>Depuis Henri IV, la royaut\u00e9 s\u2019int\u00e9resse \u00e0 ces terres et d\u00e9veloppent digues et canaux. des riches propri\u00e9taires investissent dans la constructions de digues r\u00e9alis\u00e9es par une main d\u2019\u0153uvre abondante\u00a0:une face \u00e0 la mer et une contre les eaux venant des terres entre ces deux digues est ainsi cr\u00e9\u00e9 ce que l\u2019on appelle le marais dess\u00e9ch\u00e9 Les propri\u00e9taires qui s\u2019accaparaient les terres ass\u00e9ch\u00e9es avaient l\u2019obligation de construire une nouvelle digue face \u00e0 la mer dans les 100 ans et avan\u00e7aient alors l\u2019\u00e9cluse qui se trouvait derri\u00e8re, en moyenne \u00e9tait construit une digue tous les 50 ans La guerre de 1914 d\u00e9peuplera la r\u00e9gion et la main d\u2019\u0153uvre importante n\u00e9cessaire \u00e0 la construction des digues. La PAC de 1960 relance la cr\u00e9ation des polders et des digues, la derni\u00e8re sera construite en 1965. Depuis les ann\u00e9es 80 la zone entre la mer et les derni\u00e8res digues est devenue domaine maritime et un parc r\u00e9gional y est cr\u00e9\u00e9 pour sauvegarder la faune et la flore.<\/p>\n<div style=\"text-align: right;\"><strong>\u00a0Claire<\/strong><\/div>\n","protected":false},"excerpt":{"rendered":"<p>Journ\u00e9e de repos mais ceux qui le veulent partent avec Pierre Cotron\u00a0 et Joseph Texier membre du syndicat de marais. Apr\u00e8s les marais mouill\u00e9s les marais dess\u00e9ch\u00e9s&#8230; Opposition entre deux soci\u00e9t\u00e9s\u00a0: les riches propri\u00e9taires fonciers et leurs ouvriers\u00a0: &#8211; Les Cabaniers construisant les digues et les \u00e9cluses prot\u00e9geant leurs cultures &#8230; <\/p>\n<div><a href=\"https:\/\/www.altercampagne.net\/?p=4617\" class=\"more-link\">Read More<\/a><\/div>\n","protected":false},"author":214,"featured_media":17666,"comment_status":"closed","ping_status":"closed","sticky":false,"template":"","format":"standard","meta":{"footnotes":""},"categories":[3483,3481,3493],"tags":[1301,1726,2095],"class_list":["post-4617","post","type-post","status-publish","format-standard","has-post-thumbnail","hentry","category-agriculture","category-pays-de-la-loire","category-edition-2010","tag-altertour-2010","tag-marais-poitevin","tag-2095"],"yoast_head":"<!-- This site is optimized with the Yoast SEO plugin v27.3 - https:\/\/yoast.com\/product\/yoast-seo-wordpress\/ -->\n<title>Marrais mouill\u00e9s et Marrais dess\u00e9ch\u00e9s - AlterTour<\/title>\n<meta name=\"robots\" content=\"index, follow, max-snippet:-1, max-image-preview:large, max-video-preview:-1\" \/>\n<link rel=\"canonical\" href=\"https:\/\/www.altercampagne.net\/?p=4617\" \/>\n<meta property=\"og:locale\" content=\"fr_FR\" \/>\n<meta property=\"og:type\" content=\"article\" \/>\n<meta property=\"og:title\" content=\"Marrais mouill\u00e9s et Marrais dess\u00e9ch\u00e9s - AlterTour\" \/>\n<meta property=\"og:description\" content=\"Journ\u00e9e de repos mais ceux qui le veulent partent avec Pierre Cotron\u00a0 et Joseph Texier membre du syndicat de marais. Apr\u00e8s les marais mouill\u00e9s les marais dess\u00e9ch\u00e9s&#8230; Opposition entre deux soci\u00e9t\u00e9s\u00a0: les riches propri\u00e9taires fonciers et leurs ouvriers\u00a0: &#8211; Les Cabaniers construisant les digues et les \u00e9cluses prot\u00e9geant leurs cultures ... Read More\" \/>\n<meta property=\"og:url\" content=\"https:\/\/www.altercampagne.net\/?p=4617\" \/>\n<meta property=\"og:site_name\" content=\"AlterTour\" \/>\n<meta property=\"article:published_time\" content=\"2010-07-30T09:45:17+00:00\" \/>\n<meta property=\"article:modified_time\" content=\"2020-03-06T14:08:49+00:00\" \/>\n<meta property=\"og:image\" content=\"https:\/\/www.altercampagne.net\/wp-content\/uploads\/2010\/07\/2010-07-29_16.13.jpg\" \/>\n\t<meta property=\"og:image:width\" content=\"695\" \/>\n\t<meta property=\"og:image:height\" content=\"363\" \/>\n\t<meta property=\"og:image:type\" content=\"image\/jpeg\" \/>\n<meta name=\"author\" content=\"Mathieu\" \/>\n<meta name=\"twitter:card\" content=\"summary_large_image\" \/>\n<meta name=\"twitter:label1\" content=\"\u00c9crit par\" \/>\n\t<meta name=\"twitter:data1\" content=\"Mathieu\" \/>\n\t<meta name=\"twitter:label2\" content=\"Dur\u00e9e de lecture estim\u00e9e\" \/>\n\t<meta name=\"twitter:data2\" content=\"2 minutes\" \/>\n<script type=\"application\/ld+json\" class=\"yoast-schema-graph\">{\"@context\":\"https:\\\/\\\/schema.org\",\"@graph\":[{\"@type\":\"Article\",\"@id\":\"https:\\\/\\\/www.altercampagne.net\\\/?p=4617#article\",\"isPartOf\":{\"@id\":\"https:\\\/\\\/www.altercampagne.net\\\/?p=4617\"},\"author\":{\"name\":\"Mathieu\",\"@id\":\"https:\\\/\\\/www.altercampagne.net\\\/#\\\/schema\\\/person\\\/0f261460c09e430caa0f9bcffa319109\"},\"headline\":\"Marrais mouill\u00e9s et Marrais dess\u00e9ch\u00e9s\",\"datePublished\":\"2010-07-30T09:45:17+00:00\",\"dateModified\":\"2020-03-06T14:08:49+00:00\",\"mainEntityOfPage\":{\"@id\":\"https:\\\/\\\/www.altercampagne.net\\\/?p=4617\"},\"wordCount\":336,\"image\":{\"@id\":\"https:\\\/\\\/www.altercampagne.net\\\/?p=4617#primaryimage\"},\"thumbnailUrl\":\"https:\\\/\\\/www.altercampagne.net\\\/wp-content\\\/uploads\\\/2010\\\/07\\\/2010-07-29_16.13.jpg\",\"keywords\":[\"AlterTour 2010\",\"Marais Poitevin\",\"2010\"],\"articleSection\":[\"Agriculture\",\"Pays de la Loire\",\"Edition 2010\"],\"inLanguage\":\"fr-FR\"},{\"@type\":\"WebPage\",\"@id\":\"https:\\\/\\\/www.altercampagne.net\\\/?p=4617\",\"url\":\"https:\\\/\\\/www.altercampagne.net\\\/?p=4617\",\"name\":\"Marrais mouill\u00e9s et Marrais dess\u00e9ch\u00e9s - AlterTour\",\"isPartOf\":{\"@id\":\"https:\\\/\\\/www.altercampagne.net\\\/#website\"},\"primaryImageOfPage\":{\"@id\":\"https:\\\/\\\/www.altercampagne.net\\\/?p=4617#primaryimage\"},\"image\":{\"@id\":\"https:\\\/\\\/www.altercampagne.net\\\/?p=4617#primaryimage\"},\"thumbnailUrl\":\"https:\\\/\\\/www.altercampagne.net\\\/wp-content\\\/uploads\\\/2010\\\/07\\\/2010-07-29_16.13.jpg\",\"datePublished\":\"2010-07-30T09:45:17+00:00\",\"dateModified\":\"2020-03-06T14:08:49+00:00\",\"author\":{\"@id\":\"https:\\\/\\\/www.altercampagne.net\\\/#\\\/schema\\\/person\\\/0f261460c09e430caa0f9bcffa319109\"},\"breadcrumb\":{\"@id\":\"https:\\\/\\\/www.altercampagne.net\\\/?p=4617#breadcrumb\"},\"inLanguage\":\"fr-FR\",\"potentialAction\":[{\"@type\":\"ReadAction\",\"target\":[\"https:\\\/\\\/www.altercampagne.net\\\/?p=4617\"]}]},{\"@type\":\"ImageObject\",\"inLanguage\":\"fr-FR\",\"@id\":\"https:\\\/\\\/www.altercampagne.net\\\/?p=4617#primaryimage\",\"url\":\"https:\\\/\\\/www.altercampagne.net\\\/wp-content\\\/uploads\\\/2010\\\/07\\\/2010-07-29_16.13.jpg\",\"contentUrl\":\"https:\\\/\\\/www.altercampagne.net\\\/wp-content\\\/uploads\\\/2010\\\/07\\\/2010-07-29_16.13.jpg\",\"width\":695,\"height\":363},{\"@type\":\"BreadcrumbList\",\"@id\":\"https:\\\/\\\/www.altercampagne.net\\\/?p=4617#breadcrumb\",\"itemListElement\":[{\"@type\":\"ListItem\",\"position\":1,\"name\":\"Accueil\",\"item\":\"https:\\\/\\\/www.altercampagne.net\\\/\"},{\"@type\":\"ListItem\",\"position\":2,\"name\":\"Marrais mouill\u00e9s et Marrais dess\u00e9ch\u00e9s\"}]},{\"@type\":\"WebSite\",\"@id\":\"https:\\\/\\\/www.altercampagne.net\\\/#website\",\"url\":\"https:\\\/\\\/www.altercampagne.net\\\/\",\"name\":\"AlterTour\",\"description\":\"Reliez les Alternatives \u00e0 v\u00e9lo\",\"potentialAction\":[{\"@type\":\"SearchAction\",\"target\":{\"@type\":\"EntryPoint\",\"urlTemplate\":\"https:\\\/\\\/www.altercampagne.net\\\/?s={search_term_string}\"},\"query-input\":{\"@type\":\"PropertyValueSpecification\",\"valueRequired\":true,\"valueName\":\"search_term_string\"}}],\"inLanguage\":\"fr-FR\"},{\"@type\":\"Person\",\"@id\":\"https:\\\/\\\/www.altercampagne.net\\\/#\\\/schema\\\/person\\\/0f261460c09e430caa0f9bcffa319109\",\"name\":\"Mathieu\",\"image\":{\"@type\":\"ImageObject\",\"inLanguage\":\"fr-FR\",\"@id\":\"https:\\\/\\\/secure.gravatar.com\\\/avatar\\\/aa9d3d24c83f2141e5e2709d0f63d09a99f6be6bb7a50abc4915838d9f54501a?s=96&d=mm&r=g\",\"url\":\"https:\\\/\\\/secure.gravatar.com\\\/avatar\\\/aa9d3d24c83f2141e5e2709d0f63d09a99f6be6bb7a50abc4915838d9f54501a?s=96&d=mm&r=g\",\"contentUrl\":\"https:\\\/\\\/secure.gravatar.com\\\/avatar\\\/aa9d3d24c83f2141e5e2709d0f63d09a99f6be6bb7a50abc4915838d9f54501a?s=96&d=mm&r=g\",\"caption\":\"Mathieu\"},\"url\":\"https:\\\/\\\/www.altercampagne.net\\\/?author=214\"}]}<\/script>\n<!-- \/ Yoast SEO plugin. -->","yoast_head_json":{"title":"Marrais mouill\u00e9s et Marrais dess\u00e9ch\u00e9s - AlterTour","robots":{"index":"index","follow":"follow","max-snippet":"max-snippet:-1","max-image-preview":"max-image-preview:large","max-video-preview":"max-video-preview:-1"},"canonical":"https:\/\/www.altercampagne.net\/?p=4617","og_locale":"fr_FR","og_type":"article","og_title":"Marrais mouill\u00e9s et Marrais dess\u00e9ch\u00e9s - AlterTour","og_description":"Journ\u00e9e de repos mais ceux qui le veulent partent avec Pierre Cotron\u00a0 et Joseph Texier membre du syndicat de marais. Apr\u00e8s les marais mouill\u00e9s les marais dess\u00e9ch\u00e9s&#8230; Opposition entre deux soci\u00e9t\u00e9s\u00a0: les riches propri\u00e9taires fonciers et leurs ouvriers\u00a0: &#8211; Les Cabaniers construisant les digues et les \u00e9cluses prot\u00e9geant leurs cultures ... Read More","og_url":"https:\/\/www.altercampagne.net\/?p=4617","og_site_name":"AlterTour","article_published_time":"2010-07-30T09:45:17+00:00","article_modified_time":"2020-03-06T14:08:49+00:00","og_image":[{"width":695,"height":363,"url":"https:\/\/www.altercampagne.net\/wp-content\/uploads\/2010\/07\/2010-07-29_16.13.jpg","type":"image\/jpeg"}],"author":"Mathieu","twitter_card":"summary_large_image","twitter_misc":{"\u00c9crit par":"Mathieu","Dur\u00e9e de lecture estim\u00e9e":"2 minutes"},"schema":{"@context":"https:\/\/schema.org","@graph":[{"@type":"Article","@id":"https:\/\/www.altercampagne.net\/?p=4617#article","isPartOf":{"@id":"https:\/\/www.altercampagne.net\/?p=4617"},"author":{"name":"Mathieu","@id":"https:\/\/www.altercampagne.net\/#\/schema\/person\/0f261460c09e430caa0f9bcffa319109"},"headline":"Marrais mouill\u00e9s et Marrais dess\u00e9ch\u00e9s","datePublished":"2010-07-30T09:45:17+00:00","dateModified":"2020-03-06T14:08:49+00:00","mainEntityOfPage":{"@id":"https:\/\/www.altercampagne.net\/?p=4617"},"wordCount":336,"image":{"@id":"https:\/\/www.altercampagne.net\/?p=4617#primaryimage"},"thumbnailUrl":"https:\/\/www.altercampagne.net\/wp-content\/uploads\/2010\/07\/2010-07-29_16.13.jpg","keywords":["AlterTour 2010","Marais Poitevin","2010"],"articleSection":["Agriculture","Pays de la Loire","Edition 2010"],"inLanguage":"fr-FR"},{"@type":"WebPage","@id":"https:\/\/www.altercampagne.net\/?p=4617","url":"https:\/\/www.altercampagne.net\/?p=4617","name":"Marrais mouill\u00e9s et Marrais dess\u00e9ch\u00e9s - AlterTour","isPartOf":{"@id":"https:\/\/www.altercampagne.net\/#website"},"primaryImageOfPage":{"@id":"https:\/\/www.altercampagne.net\/?p=4617#primaryimage"},"image":{"@id":"https:\/\/www.altercampagne.net\/?p=4617#primaryimage"},"thumbnailUrl":"https:\/\/www.altercampagne.net\/wp-content\/uploads\/2010\/07\/2010-07-29_16.13.jpg","datePublished":"2010-07-30T09:45:17+00:00","dateModified":"2020-03-06T14:08:49+00:00","author":{"@id":"https:\/\/www.altercampagne.net\/#\/schema\/person\/0f261460c09e430caa0f9bcffa319109"},"breadcrumb":{"@id":"https:\/\/www.altercampagne.net\/?p=4617#breadcrumb"},"inLanguage":"fr-FR","potentialAction":[{"@type":"ReadAction","target":["https:\/\/www.altercampagne.net\/?p=4617"]}]},{"@type":"ImageObject","inLanguage":"fr-FR","@id":"https:\/\/www.altercampagne.net\/?p=4617#primaryimage","url":"https:\/\/www.altercampagne.net\/wp-content\/uploads\/2010\/07\/2010-07-29_16.13.jpg","contentUrl":"https:\/\/www.altercampagne.net\/wp-content\/uploads\/2010\/07\/2010-07-29_16.13.jpg","width":695,"height":363},{"@type":"BreadcrumbList","@id":"https:\/\/www.altercampagne.net\/?p=4617#breadcrumb","itemListElement":[{"@type":"ListItem","position":1,"name":"Accueil","item":"https:\/\/www.altercampagne.net\/"},{"@type":"ListItem","position":2,"name":"Marrais mouill\u00e9s et Marrais dess\u00e9ch\u00e9s"}]},{"@type":"WebSite","@id":"https:\/\/www.altercampagne.net\/#website","url":"https:\/\/www.altercampagne.net\/","name":"AlterTour","description":"Reliez les Alternatives \u00e0 v\u00e9lo","potentialAction":[{"@type":"SearchAction","target":{"@type":"EntryPoint","urlTemplate":"https:\/\/www.altercampagne.net\/?s={search_term_string}"},"query-input":{"@type":"PropertyValueSpecification","valueRequired":true,"valueName":"search_term_string"}}],"inLanguage":"fr-FR"},{"@type":"Person","@id":"https:\/\/www.altercampagne.net\/#\/schema\/person\/0f261460c09e430caa0f9bcffa319109","name":"Mathieu","image":{"@type":"ImageObject","inLanguage":"fr-FR","@id":"https:\/\/secure.gravatar.com\/avatar\/aa9d3d24c83f2141e5e2709d0f63d09a99f6be6bb7a50abc4915838d9f54501a?s=96&d=mm&r=g","url":"https:\/\/secure.gravatar.com\/avatar\/aa9d3d24c83f2141e5e2709d0f63d09a99f6be6bb7a50abc4915838d9f54501a?s=96&d=mm&r=g","contentUrl":"https:\/\/secure.gravatar.com\/avatar\/aa9d3d24c83f2141e5e2709d0f63d09a99f6be6bb7a50abc4915838d9f54501a?s=96&d=mm&r=g","caption":"Mathieu"},"url":"https:\/\/www.altercampagne.net\/?author=214"}]}},"_links":{"self":[{"href":"https:\/\/www.altercampagne.net\/index.php?rest_route=\/wp\/v2\/posts\/4617","targetHints":{"allow":["GET"]}}],"collection":[{"href":"https:\/\/www.altercampagne.net\/index.php?rest_route=\/wp\/v2\/posts"}],"about":[{"href":"https:\/\/www.altercampagne.net\/index.php?rest_route=\/wp\/v2\/types\/post"}],"author":[{"embeddable":true,"href":"https:\/\/www.altercampagne.net\/index.php?rest_route=\/wp\/v2\/users\/214"}],"replies":[{"embeddable":true,"href":"https:\/\/www.altercampagne.net\/index.php?rest_route=%2Fwp%2Fv2%2Fcomments&post=4617"}],"version-history":[{"count":3,"href":"https:\/\/www.altercampagne.net\/index.php?rest_route=\/wp\/v2\/posts\/4617\/revisions"}],"predecessor-version":[{"id":17668,"href":"https:\/\/www.altercampagne.net\/index.php?rest_route=\/wp\/v2\/posts\/4617\/revisions\/17668"}],"wp:featuredmedia":[{"embeddable":true,"href":"https:\/\/www.altercampagne.net\/index.php?rest_route=\/wp\/v2\/media\/17666"}],"wp:attachment":[{"href":"https:\/\/www.altercampagne.net\/index.php?rest_route=%2Fwp%2Fv2%2Fmedia&parent=4617"}],"wp:term":[{"taxonomy":"category","embeddable":true,"href":"https:\/\/www.altercampagne.net\/index.php?rest_route=%2Fwp%2Fv2%2Fcategories&post=4617"},{"taxonomy":"post_tag","embeddable":true,"href":"https:\/\/www.altercampagne.net\/index.php?rest_route=%2Fwp%2Fv2%2Ftags&post=4617"}],"curies":[{"name":"wp","href":"https:\/\/api.w.org\/{rel}","templated":true}]}}