{"id":4636,"date":"2010-07-28T13:17:39","date_gmt":"2010-07-28T11:17:39","guid":{"rendered":"http:\/\/www.altercampagne.net\/?p=4636"},"modified":"2020-03-06T14:38:50","modified_gmt":"2020-03-06T13:38:50","slug":"etape-du-28-juillet-lecoquartier-du-fief-du-haut-bourg-la-federation-ecocitoyenne-de-vendee-et-la-maison-neuve","status":"publish","type":"post","link":"https:\/\/www.altercampagne.net\/?p=4636","title":{"rendered":"L&rsquo;\u00c9coquartier du Fief du haut-bourg, la F\u00e9d\u00e9ration Ecocitoyenne de Vend\u00e9e et La Maison Neuve"},"content":{"rendered":"<p>Nous passons la Loire sur le Bac pour aborder la Vend\u00e9e.<\/p>\n<p><strong>St-Philbert, ses maujettes et sa FEVE<\/strong><\/p>\n<p>Le midi, repas pr\u00e9par\u00e9 par la Conf\u00e9d\u00e9ration paysanne (Denis Gaborieau) et la mairie de St-Philbert de Bouaine (Jean-Paul Deniaud, adjoint au maire), avec de fameuses maujettes.<\/p>\n<p>La commune, pass\u00e9e de 2000 \u00e0 3000 habitants en dix ans, pourrait devenir une ville-dortoir, si les \u00e9lus ne veillaient pas \u00e0 pr\u00e9server les terres agricoles en luttant contre la pression fronti\u00e8re. Un \u00e9coquartier est \u00e0 l\u2019\u00e9tude, o\u00f9 l\u2019on ne pourrait pas p\u00e9n\u00e9trer en voiture (avantages : humaniser l\u2019espace, densifier l\u2019habitat), la g\u00e9othermie est utilis\u00e9es pour chauffer plusieurs b\u00e2timents, la commune recourt \u00e0 la phyto-\u00e9puration des eaux, a fait replanter haies et bosquets, dont la taille vient se m\u00ealer au compost apport\u00e9 par 200 foyers du bourg, qui viennent 6 mois plus tard chercher du compost. Cette plateforme de compostage, que nous avons visit\u00e9 r\u00e9duit les d\u00e9chets de 20%. Avec la r\u00e9duction \u00e0 la source (moins d\u2019emballages, etc.) au tri des ordures par les particuliers et \u00e0 des centres d\u2019enfouissement petits et relocalis\u00e9s, c\u2019est l\u2019option la plus \u00e9cologique et la moins co\u00fbteuse&#8230; Mais, \u00e9trangement, ce n\u2019est pas l\u2019option retenue par V\u00e9olia, son bureau d\u2019\u00e9tude Trivalis et les \u00e9lus du Conseil G\u00e9n\u00e9ral&#8230;. qui proposent de tout m\u00e9langer dans les poubelles (plus nous trions, moins ils font d\u2019affaires) et de retraiter les ordures m\u00e9nag\u00e8res dans des centres de tri m\u00e9cano-biologiques. La <a href=\"http:\/\/www.feve-vendee.org\/\" target=\"_blank\" rel=\"noopener noreferrer\">F\u00e9d\u00e9ration Ecocitoyenne de Vend\u00e9e<\/a> (FEVE), que nous a pr\u00e9sent\u00e9e Paul Arriv\u00e9 s\u2019oppose \u00e0 ce projet et d\u00e9veloppe un contre-projet dont l\u2019exp\u00e9rience de St-Philbert d\u00e9montre la cr\u00e9dibilit\u00e9.<\/p>\n<p><strong>Soir : <a href=\"http:\/\/www.accueil-paysan.com\/fr\/catalog\/structure\/200\/\" target=\"_blank\" rel=\"noopener noreferrer\">La Maison Neuve<\/a>, Accueil Paysans de la Ferri\u00e8re<\/strong><\/p>\n<p>Nous sommes tous des \u00e9lectrosensibles<\/p>\n<p>D\u00e9bat sur les dangers des ondes \u00e9lectromagn\u00e9tiques avec Alexandre Rafalovitch, Anne Boury et Brigitte Bouteiller.<\/p>\n<p>Comme le reste de la France, la Vend\u00e9e est satur\u00e9e d\u2019ondes \u00e9lectromagn\u00e9tiques (l\u2019\u00ab \u00e9lectrosmog \u00bb cr\u00e9\u00e9 notamment par les antennes relais, les t\u00e9l\u00e9phones portables et le Wi-fi). Or des exp\u00e9riences scientifiques ont montr\u00e9 que ces ondes, bien en dessous des seuils actuellement autoris\u00e9s, activent la production de prot\u00e9ines de stress chez les tomates, rendent les souris st\u00e9riles en cinq g\u00e9n\u00e9rations et ouvrent la barri\u00e8re h\u00e9mato-enc\u00e9phalique&#8230; Certaines personnes, de plus en plus nombreuses, sont de v\u00e9ritables capteurs et sentinelles de cette pollution. Avec les normes actuelles d\u2019\u00e9mission (il faut imp\u00e9rativement descendre \u00e0 0,6 Volt par m\u00e8tre voire 0,05 au lieu de 60V\/m actuellement), ces personnes \u00e9lectrosensibles connaissent de graves troubles de sant\u00e9, et vivent un enfer dans le monde Hi-Tech que nous avons fabriqu\u00e9. Pour en savoir plus :<\/p>\n<p>www.criirem.org<br \/>\nwww.robindestoits.org<\/p>\n","protected":false},"excerpt":{"rendered":"<p>Nous passons la Loire sur le Bac pour aborder la Vend\u00e9e. St-Philbert, ses maujettes et sa FEVE Le midi, repas pr\u00e9par\u00e9 par la Conf\u00e9d\u00e9ration paysanne (Denis Gaborieau) et la mairie de St-Philbert de Bouaine (Jean-Paul Deniaud, adjoint au maire), avec de fameuses maujettes. La commune, pass\u00e9e de 2000 \u00e0 3000 &#8230; <\/p>\n<div><a href=\"https:\/\/www.altercampagne.net\/?p=4636\" class=\"more-link\">Read More<\/a><\/div>\n","protected":false},"author":214,"featured_media":17661,"comment_status":"closed","ping_status":"closed","sticky":false,"template":"","format":"standard","meta":{"footnotes":""},"categories":[3485,3481,3493],"tags":[431,449,494,894,1301,2089,2095,2246,2296,2297,2298,2299,2300,2301,2302],"class_list":["post-4636","post","type-post","status-publish","format-standard","has-post-thumbnail","hentry","category-habitat","category-pays-de-la-loire","category-edition-2010","tag-accueil-paysan","tag-confederation-paysanne","tag-la-maison-neuve","tag-pays-de-la-loire","tag-altertour-2010","tag-vendee","tag-2095","tag-saint-philbert-de-bouaine","tag-denis-gaborieau","tag-federation-ecocitoyenne-de-vendee","tag-paul-arrive","tag-la-ferriere","tag-alexandre-rafalovitch","tag-anne-boury","tag-brigitte-bouteiller"],"yoast_head":"<!-- This site is optimized with the Yoast SEO plugin v27.3 - https:\/\/yoast.com\/product\/yoast-seo-wordpress\/ -->\n<title>L&#039;\u00c9coquartier du Fief du haut-bourg, la F\u00e9d\u00e9ration Ecocitoyenne de Vend\u00e9e et La Maison Neuve - AlterTour<\/title>\n<meta name=\"robots\" content=\"index, follow, max-snippet:-1, max-image-preview:large, max-video-preview:-1\" \/>\n<link rel=\"canonical\" href=\"https:\/\/www.altercampagne.net\/?p=4636\" \/>\n<meta property=\"og:locale\" content=\"fr_FR\" \/>\n<meta property=\"og:type\" content=\"article\" \/>\n<meta property=\"og:title\" content=\"L&#039;\u00c9coquartier du Fief du haut-bourg, la F\u00e9d\u00e9ration Ecocitoyenne de Vend\u00e9e et La Maison Neuve - AlterTour\" \/>\n<meta property=\"og:description\" content=\"Nous passons la Loire sur le Bac pour aborder la Vend\u00e9e. St-Philbert, ses maujettes et sa FEVE Le midi, repas pr\u00e9par\u00e9 par la Conf\u00e9d\u00e9ration paysanne (Denis Gaborieau) et la mairie de St-Philbert de Bouaine (Jean-Paul Deniaud, adjoint au maire), avec de fameuses maujettes. La commune, pass\u00e9e de 2000 \u00e0 3000 ... Read More\" \/>\n<meta property=\"og:url\" content=\"https:\/\/www.altercampagne.net\/?p=4636\" \/>\n<meta property=\"og:site_name\" content=\"AlterTour\" \/>\n<meta property=\"article:published_time\" content=\"2010-07-28T11:17:39+00:00\" \/>\n<meta property=\"article:modified_time\" content=\"2020-03-06T13:38:50+00:00\" \/>\n<meta property=\"og:image\" content=\"https:\/\/www.altercampagne.net\/wp-content\/uploads\/2010\/07\/2010-07-28_22.15.jpg\" \/>\n\t<meta property=\"og:image:width\" content=\"695\" \/>\n\t<meta property=\"og:image:height\" content=\"363\" \/>\n\t<meta property=\"og:image:type\" content=\"image\/jpeg\" \/>\n<meta name=\"author\" content=\"Mathieu\" \/>\n<meta name=\"twitter:card\" content=\"summary_large_image\" \/>\n<meta name=\"twitter:label1\" content=\"\u00c9crit par\" \/>\n\t<meta name=\"twitter:data1\" content=\"Mathieu\" \/>\n\t<meta name=\"twitter:label2\" content=\"Dur\u00e9e de lecture estim\u00e9e\" \/>\n\t<meta name=\"twitter:data2\" content=\"2 minutes\" \/>\n<script type=\"application\/ld+json\" class=\"yoast-schema-graph\">{\"@context\":\"https:\\\/\\\/schema.org\",\"@graph\":[{\"@type\":\"Article\",\"@id\":\"https:\\\/\\\/www.altercampagne.net\\\/?p=4636#article\",\"isPartOf\":{\"@id\":\"https:\\\/\\\/www.altercampagne.net\\\/?p=4636\"},\"author\":{\"name\":\"Mathieu\",\"@id\":\"https:\\\/\\\/www.altercampagne.net\\\/#\\\/schema\\\/person\\\/0f261460c09e430caa0f9bcffa319109\"},\"headline\":\"L&rsquo;\u00c9coquartier du Fief du haut-bourg, la F\u00e9d\u00e9ration Ecocitoyenne de Vend\u00e9e et La Maison Neuve\",\"datePublished\":\"2010-07-28T11:17:39+00:00\",\"dateModified\":\"2020-03-06T13:38:50+00:00\",\"mainEntityOfPage\":{\"@id\":\"https:\\\/\\\/www.altercampagne.net\\\/?p=4636\"},\"wordCount\":493,\"image\":{\"@id\":\"https:\\\/\\\/www.altercampagne.net\\\/?p=4636#primaryimage\"},\"thumbnailUrl\":\"https:\\\/\\\/www.altercampagne.net\\\/wp-content\\\/uploads\\\/2010\\\/07\\\/2010-07-28_22.15.jpg\",\"keywords\":[\"accueil paysan\",\"conf\u00e9d\u00e9ration paysanne\",\"la maison neuve\",\"Pays de la Loire\",\"AlterTour 2010\",\"Vend\u00e9e\",\"2010\",\"Saint-Philbert-de-Bouaine\",\"Denis Gaborieau\",\"F\u00e9d\u00e9ration Ecocitoyenne de Vend\u00e9e\",\"Paul Arriv\u00e9\",\"La Ferri\u00e8re\",\"Alexandre Rafalovitch\",\"Anne Boury\",\"Brigitte Bouteiller\"],\"articleSection\":[\"Habitat\",\"Pays de la Loire\",\"Edition 2010\"],\"inLanguage\":\"fr-FR\"},{\"@type\":\"WebPage\",\"@id\":\"https:\\\/\\\/www.altercampagne.net\\\/?p=4636\",\"url\":\"https:\\\/\\\/www.altercampagne.net\\\/?p=4636\",\"name\":\"L'\u00c9coquartier du Fief du haut-bourg, la F\u00e9d\u00e9ration Ecocitoyenne de Vend\u00e9e et La Maison Neuve - AlterTour\",\"isPartOf\":{\"@id\":\"https:\\\/\\\/www.altercampagne.net\\\/#website\"},\"primaryImageOfPage\":{\"@id\":\"https:\\\/\\\/www.altercampagne.net\\\/?p=4636#primaryimage\"},\"image\":{\"@id\":\"https:\\\/\\\/www.altercampagne.net\\\/?p=4636#primaryimage\"},\"thumbnailUrl\":\"https:\\\/\\\/www.altercampagne.net\\\/wp-content\\\/uploads\\\/2010\\\/07\\\/2010-07-28_22.15.jpg\",\"datePublished\":\"2010-07-28T11:17:39+00:00\",\"dateModified\":\"2020-03-06T13:38:50+00:00\",\"author\":{\"@id\":\"https:\\\/\\\/www.altercampagne.net\\\/#\\\/schema\\\/person\\\/0f261460c09e430caa0f9bcffa319109\"},\"breadcrumb\":{\"@id\":\"https:\\\/\\\/www.altercampagne.net\\\/?p=4636#breadcrumb\"},\"inLanguage\":\"fr-FR\",\"potentialAction\":[{\"@type\":\"ReadAction\",\"target\":[\"https:\\\/\\\/www.altercampagne.net\\\/?p=4636\"]}]},{\"@type\":\"ImageObject\",\"inLanguage\":\"fr-FR\",\"@id\":\"https:\\\/\\\/www.altercampagne.net\\\/?p=4636#primaryimage\",\"url\":\"https:\\\/\\\/www.altercampagne.net\\\/wp-content\\\/uploads\\\/2010\\\/07\\\/2010-07-28_22.15.jpg\",\"contentUrl\":\"https:\\\/\\\/www.altercampagne.net\\\/wp-content\\\/uploads\\\/2010\\\/07\\\/2010-07-28_22.15.jpg\",\"width\":695,\"height\":363},{\"@type\":\"BreadcrumbList\",\"@id\":\"https:\\\/\\\/www.altercampagne.net\\\/?p=4636#breadcrumb\",\"itemListElement\":[{\"@type\":\"ListItem\",\"position\":1,\"name\":\"Accueil\",\"item\":\"https:\\\/\\\/www.altercampagne.net\\\/\"},{\"@type\":\"ListItem\",\"position\":2,\"name\":\"L&rsquo;\u00c9coquartier du Fief du haut-bourg, la F\u00e9d\u00e9ration Ecocitoyenne de Vend\u00e9e et La Maison Neuve\"}]},{\"@type\":\"WebSite\",\"@id\":\"https:\\\/\\\/www.altercampagne.net\\\/#website\",\"url\":\"https:\\\/\\\/www.altercampagne.net\\\/\",\"name\":\"AlterTour\",\"description\":\"Reliez les Alternatives \u00e0 v\u00e9lo\",\"potentialAction\":[{\"@type\":\"SearchAction\",\"target\":{\"@type\":\"EntryPoint\",\"urlTemplate\":\"https:\\\/\\\/www.altercampagne.net\\\/?s={search_term_string}\"},\"query-input\":{\"@type\":\"PropertyValueSpecification\",\"valueRequired\":true,\"valueName\":\"search_term_string\"}}],\"inLanguage\":\"fr-FR\"},{\"@type\":\"Person\",\"@id\":\"https:\\\/\\\/www.altercampagne.net\\\/#\\\/schema\\\/person\\\/0f261460c09e430caa0f9bcffa319109\",\"name\":\"Mathieu\",\"image\":{\"@type\":\"ImageObject\",\"inLanguage\":\"fr-FR\",\"@id\":\"https:\\\/\\\/secure.gravatar.com\\\/avatar\\\/aa9d3d24c83f2141e5e2709d0f63d09a99f6be6bb7a50abc4915838d9f54501a?s=96&d=mm&r=g\",\"url\":\"https:\\\/\\\/secure.gravatar.com\\\/avatar\\\/aa9d3d24c83f2141e5e2709d0f63d09a99f6be6bb7a50abc4915838d9f54501a?s=96&d=mm&r=g\",\"contentUrl\":\"https:\\\/\\\/secure.gravatar.com\\\/avatar\\\/aa9d3d24c83f2141e5e2709d0f63d09a99f6be6bb7a50abc4915838d9f54501a?s=96&d=mm&r=g\",\"caption\":\"Mathieu\"},\"url\":\"https:\\\/\\\/www.altercampagne.net\\\/?author=214\"}]}<\/script>\n<!-- \/ Yoast SEO plugin. -->","yoast_head_json":{"title":"L'\u00c9coquartier du Fief du haut-bourg, la F\u00e9d\u00e9ration Ecocitoyenne de Vend\u00e9e et La Maison Neuve - AlterTour","robots":{"index":"index","follow":"follow","max-snippet":"max-snippet:-1","max-image-preview":"max-image-preview:large","max-video-preview":"max-video-preview:-1"},"canonical":"https:\/\/www.altercampagne.net\/?p=4636","og_locale":"fr_FR","og_type":"article","og_title":"L'\u00c9coquartier du Fief du haut-bourg, la F\u00e9d\u00e9ration Ecocitoyenne de Vend\u00e9e et La Maison Neuve - AlterTour","og_description":"Nous passons la Loire sur le Bac pour aborder la Vend\u00e9e. St-Philbert, ses maujettes et sa FEVE Le midi, repas pr\u00e9par\u00e9 par la Conf\u00e9d\u00e9ration paysanne (Denis Gaborieau) et la mairie de St-Philbert de Bouaine (Jean-Paul Deniaud, adjoint au maire), avec de fameuses maujettes. La commune, pass\u00e9e de 2000 \u00e0 3000 ... Read More","og_url":"https:\/\/www.altercampagne.net\/?p=4636","og_site_name":"AlterTour","article_published_time":"2010-07-28T11:17:39+00:00","article_modified_time":"2020-03-06T13:38:50+00:00","og_image":[{"width":695,"height":363,"url":"https:\/\/www.altercampagne.net\/wp-content\/uploads\/2010\/07\/2010-07-28_22.15.jpg","type":"image\/jpeg"}],"author":"Mathieu","twitter_card":"summary_large_image","twitter_misc":{"\u00c9crit par":"Mathieu","Dur\u00e9e de lecture estim\u00e9e":"2 minutes"},"schema":{"@context":"https:\/\/schema.org","@graph":[{"@type":"Article","@id":"https:\/\/www.altercampagne.net\/?p=4636#article","isPartOf":{"@id":"https:\/\/www.altercampagne.net\/?p=4636"},"author":{"name":"Mathieu","@id":"https:\/\/www.altercampagne.net\/#\/schema\/person\/0f261460c09e430caa0f9bcffa319109"},"headline":"L&rsquo;\u00c9coquartier du Fief du haut-bourg, la F\u00e9d\u00e9ration Ecocitoyenne de Vend\u00e9e et La Maison Neuve","datePublished":"2010-07-28T11:17:39+00:00","dateModified":"2020-03-06T13:38:50+00:00","mainEntityOfPage":{"@id":"https:\/\/www.altercampagne.net\/?p=4636"},"wordCount":493,"image":{"@id":"https:\/\/www.altercampagne.net\/?p=4636#primaryimage"},"thumbnailUrl":"https:\/\/www.altercampagne.net\/wp-content\/uploads\/2010\/07\/2010-07-28_22.15.jpg","keywords":["accueil paysan","conf\u00e9d\u00e9ration paysanne","la maison neuve","Pays de la Loire","AlterTour 2010","Vend\u00e9e","2010","Saint-Philbert-de-Bouaine","Denis Gaborieau","F\u00e9d\u00e9ration Ecocitoyenne de Vend\u00e9e","Paul Arriv\u00e9","La Ferri\u00e8re","Alexandre Rafalovitch","Anne Boury","Brigitte Bouteiller"],"articleSection":["Habitat","Pays de la Loire","Edition 2010"],"inLanguage":"fr-FR"},{"@type":"WebPage","@id":"https:\/\/www.altercampagne.net\/?p=4636","url":"https:\/\/www.altercampagne.net\/?p=4636","name":"L'\u00c9coquartier du Fief du haut-bourg, la F\u00e9d\u00e9ration Ecocitoyenne de Vend\u00e9e et La Maison Neuve - AlterTour","isPartOf":{"@id":"https:\/\/www.altercampagne.net\/#website"},"primaryImageOfPage":{"@id":"https:\/\/www.altercampagne.net\/?p=4636#primaryimage"},"image":{"@id":"https:\/\/www.altercampagne.net\/?p=4636#primaryimage"},"thumbnailUrl":"https:\/\/www.altercampagne.net\/wp-content\/uploads\/2010\/07\/2010-07-28_22.15.jpg","datePublished":"2010-07-28T11:17:39+00:00","dateModified":"2020-03-06T13:38:50+00:00","author":{"@id":"https:\/\/www.altercampagne.net\/#\/schema\/person\/0f261460c09e430caa0f9bcffa319109"},"breadcrumb":{"@id":"https:\/\/www.altercampagne.net\/?p=4636#breadcrumb"},"inLanguage":"fr-FR","potentialAction":[{"@type":"ReadAction","target":["https:\/\/www.altercampagne.net\/?p=4636"]}]},{"@type":"ImageObject","inLanguage":"fr-FR","@id":"https:\/\/www.altercampagne.net\/?p=4636#primaryimage","url":"https:\/\/www.altercampagne.net\/wp-content\/uploads\/2010\/07\/2010-07-28_22.15.jpg","contentUrl":"https:\/\/www.altercampagne.net\/wp-content\/uploads\/2010\/07\/2010-07-28_22.15.jpg","width":695,"height":363},{"@type":"BreadcrumbList","@id":"https:\/\/www.altercampagne.net\/?p=4636#breadcrumb","itemListElement":[{"@type":"ListItem","position":1,"name":"Accueil","item":"https:\/\/www.altercampagne.net\/"},{"@type":"ListItem","position":2,"name":"L&rsquo;\u00c9coquartier du Fief du haut-bourg, la F\u00e9d\u00e9ration Ecocitoyenne de Vend\u00e9e et La Maison Neuve"}]},{"@type":"WebSite","@id":"https:\/\/www.altercampagne.net\/#website","url":"https:\/\/www.altercampagne.net\/","name":"AlterTour","description":"Reliez les Alternatives \u00e0 v\u00e9lo","potentialAction":[{"@type":"SearchAction","target":{"@type":"EntryPoint","urlTemplate":"https:\/\/www.altercampagne.net\/?s={search_term_string}"},"query-input":{"@type":"PropertyValueSpecification","valueRequired":true,"valueName":"search_term_string"}}],"inLanguage":"fr-FR"},{"@type":"Person","@id":"https:\/\/www.altercampagne.net\/#\/schema\/person\/0f261460c09e430caa0f9bcffa319109","name":"Mathieu","image":{"@type":"ImageObject","inLanguage":"fr-FR","@id":"https:\/\/secure.gravatar.com\/avatar\/aa9d3d24c83f2141e5e2709d0f63d09a99f6be6bb7a50abc4915838d9f54501a?s=96&d=mm&r=g","url":"https:\/\/secure.gravatar.com\/avatar\/aa9d3d24c83f2141e5e2709d0f63d09a99f6be6bb7a50abc4915838d9f54501a?s=96&d=mm&r=g","contentUrl":"https:\/\/secure.gravatar.com\/avatar\/aa9d3d24c83f2141e5e2709d0f63d09a99f6be6bb7a50abc4915838d9f54501a?s=96&d=mm&r=g","caption":"Mathieu"},"url":"https:\/\/www.altercampagne.net\/?author=214"}]}},"_links":{"self":[{"href":"https:\/\/www.altercampagne.net\/index.php?rest_route=\/wp\/v2\/posts\/4636","targetHints":{"allow":["GET"]}}],"collection":[{"href":"https:\/\/www.altercampagne.net\/index.php?rest_route=\/wp\/v2\/posts"}],"about":[{"href":"https:\/\/www.altercampagne.net\/index.php?rest_route=\/wp\/v2\/types\/post"}],"author":[{"embeddable":true,"href":"https:\/\/www.altercampagne.net\/index.php?rest_route=\/wp\/v2\/users\/214"}],"replies":[{"embeddable":true,"href":"https:\/\/www.altercampagne.net\/index.php?rest_route=%2Fwp%2Fv2%2Fcomments&post=4636"}],"version-history":[{"count":3,"href":"https:\/\/www.altercampagne.net\/index.php?rest_route=\/wp\/v2\/posts\/4636\/revisions"}],"predecessor-version":[{"id":17663,"href":"https:\/\/www.altercampagne.net\/index.php?rest_route=\/wp\/v2\/posts\/4636\/revisions\/17663"}],"wp:featuredmedia":[{"embeddable":true,"href":"https:\/\/www.altercampagne.net\/index.php?rest_route=\/wp\/v2\/media\/17661"}],"wp:attachment":[{"href":"https:\/\/www.altercampagne.net\/index.php?rest_route=%2Fwp%2Fv2%2Fmedia&parent=4636"}],"wp:term":[{"taxonomy":"category","embeddable":true,"href":"https:\/\/www.altercampagne.net\/index.php?rest_route=%2Fwp%2Fv2%2Fcategories&post=4636"},{"taxonomy":"post_tag","embeddable":true,"href":"https:\/\/www.altercampagne.net\/index.php?rest_route=%2Fwp%2Fv2%2Ftags&post=4636"}],"curies":[{"name":"wp","href":"https:\/\/api.w.org\/{rel}","templated":true}]}}