{"id":4642,"date":"2010-07-27T13:35:41","date_gmt":"2010-07-27T11:35:41","guid":{"rendered":"http:\/\/www.altercampagne.net\/?p=4642"},"modified":"2020-03-06T14:36:24","modified_gmt":"2020-03-06T13:36:24","slug":"etape-du-27-juillet-leco-gite-les-oies-sauvages-et-lassociation-eoliennes-en-pays-de-vilaine","status":"publish","type":"post","link":"https:\/\/www.altercampagne.net\/?p=4642","title":{"rendered":"L&rsquo;\u00c9co G\u00eete les Oies Sauvages et l&rsquo;association \u00c9oliennes en pays de Vilaine"},"content":{"rendered":"<p>Pause du matin \u00e0 Questembert chez Francis et Anne, producteurs laitiers bio. On apprend qu\u2019une ferme laiti\u00e8re conventionnelle ne produit qu\u2019une calorie alimentaire pour une calorie d\u2019\u00e9nergie fossile import\u00e9e sur la ferme (engrais, fuel, soja, etc.), alors qu\u2019une ferme bio en produit deux pour une.<\/p>\n<p>Le midi, repas chez Laure et Thierry Lafont, \u00ab paysans accueillants \u00bb, <a href=\"http:\/\/www.accueil-paysan.com\/fr\/catalog\/structure\/650\/\">\u00c9co G\u00eete les Oies Sauvages<\/a>, \u00e0 Peaule, foyer de nombreuses luttes et d\u2019alternatives. Magnifique jardin en permaculture cr\u00e9\u00e9 par leur fils il y a \u00e0 peine deux ans et d\u00e9j\u00e0 si riche de biodiversit\u00e9.<\/p>\n<p><strong>L\u2019\u00e9olien citoyen<\/strong><\/p>\n<p>A Saint-Etienne-de-Montluc : D\u00e9bat sur l\u2019\u00e9olien citoyen avec l\u2019association <a href=\"http:\/\/eolien-citoyen.fr\/accueil-association-eoliennes-en-pays-de-vilaine.html\" target=\"_blank\" rel=\"noopener noreferrer\">\u00c9oliennes en pays de Vilaine<\/a>.<\/p>\n<p>On nous pr\u00e9sente un projet de deux sites de 4 \u00e9oliennes (permis de construire obtenus), petite installation pour des besoins locaux (8000 foyers, hors consommation publique ou industrielle), lanc\u00e9s dans le consensus apr\u00e8s discussions dans toutes les communes et dialogue avec les opposants et les sceptiques. Dommage que la loi Grenelle 2 interdise \u00e0 l\u2019avenir ces petits projets pour servir les int\u00e9r\u00eats des gros industriels&#8230; Le montage financier du projet est d\u2019inspiration coop\u00e9rative. On retrouve la NEF et des Cigales, Club d\u2019Investissements pour une Gestion Alternatives et Solidaire de l\u2019Epargne, ainsi que Enercoop et l\u2019Ademe dans une nouvelle association \u00ab <a href=\"http:\/\/energie-partagee.org\/\" target=\"_blank\" rel=\"noopener noreferrer\">\u00c9nergie Partag\u00e9e<\/a> \u00bb issue de cette exp\u00e9rience Bretonne.<\/p>\n","protected":false},"excerpt":{"rendered":"<p>Pause du matin \u00e0 Questembert chez Francis et Anne, producteurs laitiers bio. On apprend qu\u2019une ferme laiti\u00e8re conventionnelle ne produit qu\u2019une calorie alimentaire pour une calorie d\u2019\u00e9nergie fossile import\u00e9e sur la ferme (engrais, fuel, soja, etc.), alors qu\u2019une ferme bio en produit deux pour une. Le midi, repas chez Laure &#8230; <\/p>\n<div><a href=\"https:\/\/www.altercampagne.net\/?p=4642\" class=\"more-link\">Read More<\/a><\/div>\n","protected":false},"author":214,"featured_media":17659,"comment_status":"closed","ping_status":"closed","sticky":false,"template":"","format":"standard","meta":{"footnotes":""},"categories":[3483,3472,3485,3493],"tags":[20,412,414,872,894,1301,2095,2210,2229,2303,2304,2305,2306,2307],"class_list":["post-4642","post","type-post","status-publish","format-standard","has-post-thumbnail","hentry","category-agriculture","category-bretagne","category-habitat","category-edition-2010","tag-bretagne","tag-morbihan","tag-loire-atlantique","tag-enercoop","tag-pays-de-la-loire","tag-altertour-2010","tag-2095","tag-saint-etienne-de-montluc","tag-peaule","tag-questembert","tag-eco-gite-les-oies-sauvages","tag-association-eoliennes-en-pays-de-vilaine","tag-energie-partagee","tag-thierry-lafont"],"yoast_head":"<!-- This site is optimized with the Yoast SEO plugin v27.3 - https:\/\/yoast.com\/product\/yoast-seo-wordpress\/ -->\n<title>L&#039;\u00c9co G\u00eete les Oies Sauvages et l&#039;association \u00c9oliennes en pays de Vilaine - AlterTour<\/title>\n<meta name=\"robots\" content=\"index, follow, max-snippet:-1, max-image-preview:large, max-video-preview:-1\" \/>\n<link rel=\"canonical\" href=\"https:\/\/www.altercampagne.net\/?p=4642\" \/>\n<meta property=\"og:locale\" content=\"fr_FR\" \/>\n<meta property=\"og:type\" content=\"article\" \/>\n<meta property=\"og:title\" content=\"L&#039;\u00c9co G\u00eete les Oies Sauvages et l&#039;association \u00c9oliennes en pays de Vilaine - AlterTour\" \/>\n<meta property=\"og:description\" content=\"Pause du matin \u00e0 Questembert chez Francis et Anne, producteurs laitiers bio. On apprend qu\u2019une ferme laiti\u00e8re conventionnelle ne produit qu\u2019une calorie alimentaire pour une calorie d\u2019\u00e9nergie fossile import\u00e9e sur la ferme (engrais, fuel, soja, etc.), alors qu\u2019une ferme bio en produit deux pour une. Le midi, repas chez Laure ... Read More\" \/>\n<meta property=\"og:url\" content=\"https:\/\/www.altercampagne.net\/?p=4642\" \/>\n<meta property=\"og:site_name\" content=\"AlterTour\" \/>\n<meta property=\"article:published_time\" content=\"2010-07-27T11:35:41+00:00\" \/>\n<meta property=\"article:modified_time\" content=\"2020-03-06T13:36:24+00:00\" \/>\n<meta property=\"og:image\" content=\"https:\/\/www.altercampagne.net\/wp-content\/uploads\/2010\/07\/2010-07-27_13.55.jpg\" \/>\n\t<meta property=\"og:image:width\" content=\"695\" \/>\n\t<meta property=\"og:image:height\" content=\"363\" \/>\n\t<meta property=\"og:image:type\" content=\"image\/jpeg\" \/>\n<meta name=\"author\" content=\"Mathieu\" \/>\n<meta name=\"twitter:card\" content=\"summary_large_image\" \/>\n<meta name=\"twitter:label1\" content=\"\u00c9crit par\" \/>\n\t<meta name=\"twitter:data1\" content=\"Mathieu\" \/>\n\t<meta name=\"twitter:label2\" content=\"Dur\u00e9e de lecture estim\u00e9e\" \/>\n\t<meta name=\"twitter:data2\" content=\"1 minute\" \/>\n<script type=\"application\/ld+json\" class=\"yoast-schema-graph\">{\"@context\":\"https:\\\/\\\/schema.org\",\"@graph\":[{\"@type\":\"Article\",\"@id\":\"https:\\\/\\\/www.altercampagne.net\\\/?p=4642#article\",\"isPartOf\":{\"@id\":\"https:\\\/\\\/www.altercampagne.net\\\/?p=4642\"},\"author\":{\"name\":\"Mathieu\",\"@id\":\"https:\\\/\\\/www.altercampagne.net\\\/#\\\/schema\\\/person\\\/0f261460c09e430caa0f9bcffa319109\"},\"headline\":\"L&rsquo;\u00c9co G\u00eete les Oies Sauvages et l&rsquo;association \u00c9oliennes en pays de Vilaine\",\"datePublished\":\"2010-07-27T11:35:41+00:00\",\"dateModified\":\"2020-03-06T13:36:24+00:00\",\"mainEntityOfPage\":{\"@id\":\"https:\\\/\\\/www.altercampagne.net\\\/?p=4642\"},\"wordCount\":244,\"image\":{\"@id\":\"https:\\\/\\\/www.altercampagne.net\\\/?p=4642#primaryimage\"},\"thumbnailUrl\":\"https:\\\/\\\/www.altercampagne.net\\\/wp-content\\\/uploads\\\/2010\\\/07\\\/2010-07-27_13.55.jpg\",\"keywords\":[\"bretagne\",\"morbihan\",\"loire atlantique\",\"Enercoop\",\"Pays de la Loire\",\"AlterTour 2010\",\"2010\",\"Saint-Etienne-de-Montluc\",\"P\u00e9aule\",\"Questembert\",\"\u00c9co G\u00eete les Oies Sauvages\",\"association \u00c9oliennes en pays de Vilaine\",\"\u00c9nergie Partag\u00e9e\",\"Thierry Lafont\"],\"articleSection\":[\"Agriculture\",\"Bretagne\",\"Habitat\",\"Edition 2010\"],\"inLanguage\":\"fr-FR\"},{\"@type\":\"WebPage\",\"@id\":\"https:\\\/\\\/www.altercampagne.net\\\/?p=4642\",\"url\":\"https:\\\/\\\/www.altercampagne.net\\\/?p=4642\",\"name\":\"L'\u00c9co G\u00eete les Oies Sauvages et l'association \u00c9oliennes en pays de Vilaine - AlterTour\",\"isPartOf\":{\"@id\":\"https:\\\/\\\/www.altercampagne.net\\\/#website\"},\"primaryImageOfPage\":{\"@id\":\"https:\\\/\\\/www.altercampagne.net\\\/?p=4642#primaryimage\"},\"image\":{\"@id\":\"https:\\\/\\\/www.altercampagne.net\\\/?p=4642#primaryimage\"},\"thumbnailUrl\":\"https:\\\/\\\/www.altercampagne.net\\\/wp-content\\\/uploads\\\/2010\\\/07\\\/2010-07-27_13.55.jpg\",\"datePublished\":\"2010-07-27T11:35:41+00:00\",\"dateModified\":\"2020-03-06T13:36:24+00:00\",\"author\":{\"@id\":\"https:\\\/\\\/www.altercampagne.net\\\/#\\\/schema\\\/person\\\/0f261460c09e430caa0f9bcffa319109\"},\"breadcrumb\":{\"@id\":\"https:\\\/\\\/www.altercampagne.net\\\/?p=4642#breadcrumb\"},\"inLanguage\":\"fr-FR\",\"potentialAction\":[{\"@type\":\"ReadAction\",\"target\":[\"https:\\\/\\\/www.altercampagne.net\\\/?p=4642\"]}]},{\"@type\":\"ImageObject\",\"inLanguage\":\"fr-FR\",\"@id\":\"https:\\\/\\\/www.altercampagne.net\\\/?p=4642#primaryimage\",\"url\":\"https:\\\/\\\/www.altercampagne.net\\\/wp-content\\\/uploads\\\/2010\\\/07\\\/2010-07-27_13.55.jpg\",\"contentUrl\":\"https:\\\/\\\/www.altercampagne.net\\\/wp-content\\\/uploads\\\/2010\\\/07\\\/2010-07-27_13.55.jpg\",\"width\":695,\"height\":363},{\"@type\":\"BreadcrumbList\",\"@id\":\"https:\\\/\\\/www.altercampagne.net\\\/?p=4642#breadcrumb\",\"itemListElement\":[{\"@type\":\"ListItem\",\"position\":1,\"name\":\"Accueil\",\"item\":\"https:\\\/\\\/www.altercampagne.net\\\/\"},{\"@type\":\"ListItem\",\"position\":2,\"name\":\"L&rsquo;\u00c9co G\u00eete les Oies Sauvages et l&rsquo;association \u00c9oliennes en pays de Vilaine\"}]},{\"@type\":\"WebSite\",\"@id\":\"https:\\\/\\\/www.altercampagne.net\\\/#website\",\"url\":\"https:\\\/\\\/www.altercampagne.net\\\/\",\"name\":\"AlterTour\",\"description\":\"Reliez les Alternatives \u00e0 v\u00e9lo\",\"potentialAction\":[{\"@type\":\"SearchAction\",\"target\":{\"@type\":\"EntryPoint\",\"urlTemplate\":\"https:\\\/\\\/www.altercampagne.net\\\/?s={search_term_string}\"},\"query-input\":{\"@type\":\"PropertyValueSpecification\",\"valueRequired\":true,\"valueName\":\"search_term_string\"}}],\"inLanguage\":\"fr-FR\"},{\"@type\":\"Person\",\"@id\":\"https:\\\/\\\/www.altercampagne.net\\\/#\\\/schema\\\/person\\\/0f261460c09e430caa0f9bcffa319109\",\"name\":\"Mathieu\",\"image\":{\"@type\":\"ImageObject\",\"inLanguage\":\"fr-FR\",\"@id\":\"https:\\\/\\\/secure.gravatar.com\\\/avatar\\\/aa9d3d24c83f2141e5e2709d0f63d09a99f6be6bb7a50abc4915838d9f54501a?s=96&d=mm&r=g\",\"url\":\"https:\\\/\\\/secure.gravatar.com\\\/avatar\\\/aa9d3d24c83f2141e5e2709d0f63d09a99f6be6bb7a50abc4915838d9f54501a?s=96&d=mm&r=g\",\"contentUrl\":\"https:\\\/\\\/secure.gravatar.com\\\/avatar\\\/aa9d3d24c83f2141e5e2709d0f63d09a99f6be6bb7a50abc4915838d9f54501a?s=96&d=mm&r=g\",\"caption\":\"Mathieu\"},\"url\":\"https:\\\/\\\/www.altercampagne.net\\\/?author=214\"}]}<\/script>\n<!-- \/ Yoast SEO plugin. -->","yoast_head_json":{"title":"L'\u00c9co G\u00eete les Oies Sauvages et l'association \u00c9oliennes en pays de Vilaine - AlterTour","robots":{"index":"index","follow":"follow","max-snippet":"max-snippet:-1","max-image-preview":"max-image-preview:large","max-video-preview":"max-video-preview:-1"},"canonical":"https:\/\/www.altercampagne.net\/?p=4642","og_locale":"fr_FR","og_type":"article","og_title":"L'\u00c9co G\u00eete les Oies Sauvages et l'association \u00c9oliennes en pays de Vilaine - AlterTour","og_description":"Pause du matin \u00e0 Questembert chez Francis et Anne, producteurs laitiers bio. On apprend qu\u2019une ferme laiti\u00e8re conventionnelle ne produit qu\u2019une calorie alimentaire pour une calorie d\u2019\u00e9nergie fossile import\u00e9e sur la ferme (engrais, fuel, soja, etc.), alors qu\u2019une ferme bio en produit deux pour une. Le midi, repas chez Laure ... Read More","og_url":"https:\/\/www.altercampagne.net\/?p=4642","og_site_name":"AlterTour","article_published_time":"2010-07-27T11:35:41+00:00","article_modified_time":"2020-03-06T13:36:24+00:00","og_image":[{"width":695,"height":363,"url":"https:\/\/www.altercampagne.net\/wp-content\/uploads\/2010\/07\/2010-07-27_13.55.jpg","type":"image\/jpeg"}],"author":"Mathieu","twitter_card":"summary_large_image","twitter_misc":{"\u00c9crit par":"Mathieu","Dur\u00e9e de lecture estim\u00e9e":"1 minute"},"schema":{"@context":"https:\/\/schema.org","@graph":[{"@type":"Article","@id":"https:\/\/www.altercampagne.net\/?p=4642#article","isPartOf":{"@id":"https:\/\/www.altercampagne.net\/?p=4642"},"author":{"name":"Mathieu","@id":"https:\/\/www.altercampagne.net\/#\/schema\/person\/0f261460c09e430caa0f9bcffa319109"},"headline":"L&rsquo;\u00c9co G\u00eete les Oies Sauvages et l&rsquo;association \u00c9oliennes en pays de Vilaine","datePublished":"2010-07-27T11:35:41+00:00","dateModified":"2020-03-06T13:36:24+00:00","mainEntityOfPage":{"@id":"https:\/\/www.altercampagne.net\/?p=4642"},"wordCount":244,"image":{"@id":"https:\/\/www.altercampagne.net\/?p=4642#primaryimage"},"thumbnailUrl":"https:\/\/www.altercampagne.net\/wp-content\/uploads\/2010\/07\/2010-07-27_13.55.jpg","keywords":["bretagne","morbihan","loire atlantique","Enercoop","Pays de la Loire","AlterTour 2010","2010","Saint-Etienne-de-Montluc","P\u00e9aule","Questembert","\u00c9co G\u00eete les Oies Sauvages","association \u00c9oliennes en pays de Vilaine","\u00c9nergie Partag\u00e9e","Thierry Lafont"],"articleSection":["Agriculture","Bretagne","Habitat","Edition 2010"],"inLanguage":"fr-FR"},{"@type":"WebPage","@id":"https:\/\/www.altercampagne.net\/?p=4642","url":"https:\/\/www.altercampagne.net\/?p=4642","name":"L'\u00c9co G\u00eete les Oies Sauvages et l'association \u00c9oliennes en pays de Vilaine - AlterTour","isPartOf":{"@id":"https:\/\/www.altercampagne.net\/#website"},"primaryImageOfPage":{"@id":"https:\/\/www.altercampagne.net\/?p=4642#primaryimage"},"image":{"@id":"https:\/\/www.altercampagne.net\/?p=4642#primaryimage"},"thumbnailUrl":"https:\/\/www.altercampagne.net\/wp-content\/uploads\/2010\/07\/2010-07-27_13.55.jpg","datePublished":"2010-07-27T11:35:41+00:00","dateModified":"2020-03-06T13:36:24+00:00","author":{"@id":"https:\/\/www.altercampagne.net\/#\/schema\/person\/0f261460c09e430caa0f9bcffa319109"},"breadcrumb":{"@id":"https:\/\/www.altercampagne.net\/?p=4642#breadcrumb"},"inLanguage":"fr-FR","potentialAction":[{"@type":"ReadAction","target":["https:\/\/www.altercampagne.net\/?p=4642"]}]},{"@type":"ImageObject","inLanguage":"fr-FR","@id":"https:\/\/www.altercampagne.net\/?p=4642#primaryimage","url":"https:\/\/www.altercampagne.net\/wp-content\/uploads\/2010\/07\/2010-07-27_13.55.jpg","contentUrl":"https:\/\/www.altercampagne.net\/wp-content\/uploads\/2010\/07\/2010-07-27_13.55.jpg","width":695,"height":363},{"@type":"BreadcrumbList","@id":"https:\/\/www.altercampagne.net\/?p=4642#breadcrumb","itemListElement":[{"@type":"ListItem","position":1,"name":"Accueil","item":"https:\/\/www.altercampagne.net\/"},{"@type":"ListItem","position":2,"name":"L&rsquo;\u00c9co G\u00eete les Oies Sauvages et l&rsquo;association \u00c9oliennes en pays de Vilaine"}]},{"@type":"WebSite","@id":"https:\/\/www.altercampagne.net\/#website","url":"https:\/\/www.altercampagne.net\/","name":"AlterTour","description":"Reliez les Alternatives \u00e0 v\u00e9lo","potentialAction":[{"@type":"SearchAction","target":{"@type":"EntryPoint","urlTemplate":"https:\/\/www.altercampagne.net\/?s={search_term_string}"},"query-input":{"@type":"PropertyValueSpecification","valueRequired":true,"valueName":"search_term_string"}}],"inLanguage":"fr-FR"},{"@type":"Person","@id":"https:\/\/www.altercampagne.net\/#\/schema\/person\/0f261460c09e430caa0f9bcffa319109","name":"Mathieu","image":{"@type":"ImageObject","inLanguage":"fr-FR","@id":"https:\/\/secure.gravatar.com\/avatar\/aa9d3d24c83f2141e5e2709d0f63d09a99f6be6bb7a50abc4915838d9f54501a?s=96&d=mm&r=g","url":"https:\/\/secure.gravatar.com\/avatar\/aa9d3d24c83f2141e5e2709d0f63d09a99f6be6bb7a50abc4915838d9f54501a?s=96&d=mm&r=g","contentUrl":"https:\/\/secure.gravatar.com\/avatar\/aa9d3d24c83f2141e5e2709d0f63d09a99f6be6bb7a50abc4915838d9f54501a?s=96&d=mm&r=g","caption":"Mathieu"},"url":"https:\/\/www.altercampagne.net\/?author=214"}]}},"_links":{"self":[{"href":"https:\/\/www.altercampagne.net\/index.php?rest_route=\/wp\/v2\/posts\/4642","targetHints":{"allow":["GET"]}}],"collection":[{"href":"https:\/\/www.altercampagne.net\/index.php?rest_route=\/wp\/v2\/posts"}],"about":[{"href":"https:\/\/www.altercampagne.net\/index.php?rest_route=\/wp\/v2\/types\/post"}],"author":[{"embeddable":true,"href":"https:\/\/www.altercampagne.net\/index.php?rest_route=\/wp\/v2\/users\/214"}],"replies":[{"embeddable":true,"href":"https:\/\/www.altercampagne.net\/index.php?rest_route=%2Fwp%2Fv2%2Fcomments&post=4642"}],"version-history":[{"count":2,"href":"https:\/\/www.altercampagne.net\/index.php?rest_route=\/wp\/v2\/posts\/4642\/revisions"}],"predecessor-version":[{"id":17660,"href":"https:\/\/www.altercampagne.net\/index.php?rest_route=\/wp\/v2\/posts\/4642\/revisions\/17660"}],"wp:featuredmedia":[{"embeddable":true,"href":"https:\/\/www.altercampagne.net\/index.php?rest_route=\/wp\/v2\/media\/17659"}],"wp:attachment":[{"href":"https:\/\/www.altercampagne.net\/index.php?rest_route=%2Fwp%2Fv2%2Fmedia&parent=4642"}],"wp:term":[{"taxonomy":"category","embeddable":true,"href":"https:\/\/www.altercampagne.net\/index.php?rest_route=%2Fwp%2Fv2%2Fcategories&post=4642"},{"taxonomy":"post_tag","embeddable":true,"href":"https:\/\/www.altercampagne.net\/index.php?rest_route=%2Fwp%2Fv2%2Ftags&post=4642"}],"curies":[{"name":"wp","href":"https:\/\/api.w.org\/{rel}","templated":true}]}}