{"id":4649,"date":"2010-07-26T13:50:49","date_gmt":"2010-07-26T11:50:49","guid":{"rendered":"http:\/\/www.altercampagne.net\/?p=4649"},"modified":"2020-03-06T14:34:50","modified_gmt":"2020-03-06T13:34:50","slug":"etape-du-26-juillet-lassociation-bruded-et-leco-quartier-du-pre-vert","status":"publish","type":"post","link":"https:\/\/www.altercampagne.net\/?p=4649","title":{"rendered":"L\u2019association BRUDED et l&rsquo;\u00c9co quartier du Pr\u00e9 Vert"},"content":{"rendered":"<p>Une \u00e9tape pas trop longue, arriv\u00e9e \u00e0 Saint Nolff en d\u00e9but d\u2019apr\u00e8s-midi<\/p>\n<p>Pr\u00e9sentation de l\u2019<a href=\"http:\/\/www.bruded.org\/\" target=\"_blank\" rel=\"noopener noreferrer\">association BRUDED<\/a>, par Bruno Servel r\u00e9seau de 111 communes bretonnes pour \u00e9changer sur les probl\u00e9matiques et projets concrets d\u2019urbanisme durable<\/p>\n<p>Pr\u00e9sentation du maire de Saint Nolff, Jo\u00ebl Labb\u00e9 :<\/p>\n<p>&#8211; Agenda 21 (limitation de la consommation du foncier, d\u00e9marche participative, &#8230;)<\/p>\n<p>&#8211; <a href=\"http:\/\/www.bruded.org\/leco-cite-du-pre-vert-a-saint-nolff-56.html\" target=\"_blank\" rel=\"noopener noreferrer\">Eco quartier du Pr\u00e9 Vert<\/a> en cours de r\u00e9alisation : mixit\u00e9 sociale et fonctionnelle, lots de 300 m\u00b2, r\u00e9flexion bioclimatique et b\u00e2timent basse consommation, d\u00e9marche participative, parking collectif en bordure du lotissement&#8230;<\/p>\n","protected":false},"excerpt":{"rendered":"<p>Une \u00e9tape pas trop longue, arriv\u00e9e \u00e0 Saint Nolff en d\u00e9but d\u2019apr\u00e8s-midi Pr\u00e9sentation de l\u2019association BRUDED, par Bruno Servel r\u00e9seau de 111 communes bretonnes pour \u00e9changer sur les probl\u00e9matiques et projets concrets d\u2019urbanisme durable Pr\u00e9sentation du maire de Saint Nolff, Jo\u00ebl Labb\u00e9 : &#8211; Agenda 21 (limitation de la consommation &#8230; <\/p>\n<div><a href=\"https:\/\/www.altercampagne.net\/?p=4649\" class=\"more-link\">Read More<\/a><\/div>\n","protected":false},"author":214,"featured_media":17657,"comment_status":"closed","ping_status":"closed","sticky":false,"template":"","format":"standard","meta":{"footnotes":""},"categories":[3472,3540,3493],"tags":[20,412,1301,2095,2207,2224,2225,2308,2309],"class_list":["post-4649","post","type-post","status-publish","format-standard","has-post-thumbnail","hentry","category-bretagne","category-transverse","category-edition-2010","tag-bretagne","tag-morbihan","tag-altertour-2010","tag-2095","tag-saint-nolff","tag-joel-labbe","tag-bruno-servel","tag-bruded","tag-eco-quartier-du-pre-vert"],"yoast_head":"<!-- This site is optimized with the Yoast SEO plugin v27.3 - https:\/\/yoast.com\/product\/yoast-seo-wordpress\/ -->\n<title>L\u2019association BRUDED et l&#039;\u00c9co quartier du Pr\u00e9 Vert - AlterTour<\/title>\n<meta name=\"robots\" content=\"index, follow, max-snippet:-1, max-image-preview:large, max-video-preview:-1\" \/>\n<link rel=\"canonical\" href=\"https:\/\/www.altercampagne.net\/?p=4649\" \/>\n<meta property=\"og:locale\" content=\"fr_FR\" \/>\n<meta property=\"og:type\" content=\"article\" \/>\n<meta property=\"og:title\" content=\"L\u2019association BRUDED et l&#039;\u00c9co quartier du Pr\u00e9 Vert - AlterTour\" \/>\n<meta property=\"og:description\" content=\"Une \u00e9tape pas trop longue, arriv\u00e9e \u00e0 Saint Nolff en d\u00e9but d\u2019apr\u00e8s-midi Pr\u00e9sentation de l\u2019association BRUDED, par Bruno Servel r\u00e9seau de 111 communes bretonnes pour \u00e9changer sur les probl\u00e9matiques et projets concrets d\u2019urbanisme durable Pr\u00e9sentation du maire de Saint Nolff, Jo\u00ebl Labb\u00e9 : &#8211; Agenda 21 (limitation de la consommation ... Read More\" \/>\n<meta property=\"og:url\" content=\"https:\/\/www.altercampagne.net\/?p=4649\" \/>\n<meta property=\"og:site_name\" content=\"AlterTour\" \/>\n<meta property=\"article:published_time\" content=\"2010-07-26T11:50:49+00:00\" \/>\n<meta property=\"article:modified_time\" content=\"2020-03-06T13:34:50+00:00\" \/>\n<meta property=\"og:image\" content=\"https:\/\/www.altercampagne.net\/wp-content\/uploads\/2010\/07\/2010-07-26_20.33.jpg\" \/>\n\t<meta property=\"og:image:width\" content=\"997\" \/>\n\t<meta property=\"og:image:height\" content=\"522\" \/>\n\t<meta property=\"og:image:type\" content=\"image\/jpeg\" \/>\n<meta name=\"author\" content=\"Mathieu\" \/>\n<meta name=\"twitter:card\" content=\"summary_large_image\" \/>\n<meta name=\"twitter:label1\" content=\"\u00c9crit par\" \/>\n\t<meta name=\"twitter:data1\" content=\"Mathieu\" \/>\n<script type=\"application\/ld+json\" class=\"yoast-schema-graph\">{\"@context\":\"https:\\\/\\\/schema.org\",\"@graph\":[{\"@type\":\"Article\",\"@id\":\"https:\\\/\\\/www.altercampagne.net\\\/?p=4649#article\",\"isPartOf\":{\"@id\":\"https:\\\/\\\/www.altercampagne.net\\\/?p=4649\"},\"author\":{\"name\":\"Mathieu\",\"@id\":\"https:\\\/\\\/www.altercampagne.net\\\/#\\\/schema\\\/person\\\/0f261460c09e430caa0f9bcffa319109\"},\"headline\":\"L\u2019association BRUDED et l&rsquo;\u00c9co quartier du Pr\u00e9 Vert\",\"datePublished\":\"2010-07-26T11:50:49+00:00\",\"dateModified\":\"2020-03-06T13:34:50+00:00\",\"mainEntityOfPage\":{\"@id\":\"https:\\\/\\\/www.altercampagne.net\\\/?p=4649\"},\"wordCount\":107,\"image\":{\"@id\":\"https:\\\/\\\/www.altercampagne.net\\\/?p=4649#primaryimage\"},\"thumbnailUrl\":\"https:\\\/\\\/www.altercampagne.net\\\/wp-content\\\/uploads\\\/2010\\\/07\\\/2010-07-26_20.33.jpg\",\"keywords\":[\"bretagne\",\"morbihan\",\"AlterTour 2010\",\"2010\",\"Saint Nolff\",\"Jo\u00ebl Labb\u00e9\",\"Bruno Servel\",\"BRUDED\",\"\u00c9co quartier du Pr\u00e9 Vert\"],\"articleSection\":[\"Bretagne\",\"Transverse\",\"Edition 2010\"],\"inLanguage\":\"fr-FR\"},{\"@type\":\"WebPage\",\"@id\":\"https:\\\/\\\/www.altercampagne.net\\\/?p=4649\",\"url\":\"https:\\\/\\\/www.altercampagne.net\\\/?p=4649\",\"name\":\"L\u2019association BRUDED et l'\u00c9co quartier du Pr\u00e9 Vert - AlterTour\",\"isPartOf\":{\"@id\":\"https:\\\/\\\/www.altercampagne.net\\\/#website\"},\"primaryImageOfPage\":{\"@id\":\"https:\\\/\\\/www.altercampagne.net\\\/?p=4649#primaryimage\"},\"image\":{\"@id\":\"https:\\\/\\\/www.altercampagne.net\\\/?p=4649#primaryimage\"},\"thumbnailUrl\":\"https:\\\/\\\/www.altercampagne.net\\\/wp-content\\\/uploads\\\/2010\\\/07\\\/2010-07-26_20.33.jpg\",\"datePublished\":\"2010-07-26T11:50:49+00:00\",\"dateModified\":\"2020-03-06T13:34:50+00:00\",\"author\":{\"@id\":\"https:\\\/\\\/www.altercampagne.net\\\/#\\\/schema\\\/person\\\/0f261460c09e430caa0f9bcffa319109\"},\"breadcrumb\":{\"@id\":\"https:\\\/\\\/www.altercampagne.net\\\/?p=4649#breadcrumb\"},\"inLanguage\":\"fr-FR\",\"potentialAction\":[{\"@type\":\"ReadAction\",\"target\":[\"https:\\\/\\\/www.altercampagne.net\\\/?p=4649\"]}]},{\"@type\":\"ImageObject\",\"inLanguage\":\"fr-FR\",\"@id\":\"https:\\\/\\\/www.altercampagne.net\\\/?p=4649#primaryimage\",\"url\":\"https:\\\/\\\/www.altercampagne.net\\\/wp-content\\\/uploads\\\/2010\\\/07\\\/2010-07-26_20.33.jpg\",\"contentUrl\":\"https:\\\/\\\/www.altercampagne.net\\\/wp-content\\\/uploads\\\/2010\\\/07\\\/2010-07-26_20.33.jpg\",\"width\":997,\"height\":522},{\"@type\":\"BreadcrumbList\",\"@id\":\"https:\\\/\\\/www.altercampagne.net\\\/?p=4649#breadcrumb\",\"itemListElement\":[{\"@type\":\"ListItem\",\"position\":1,\"name\":\"Accueil\",\"item\":\"https:\\\/\\\/www.altercampagne.net\\\/\"},{\"@type\":\"ListItem\",\"position\":2,\"name\":\"L\u2019association BRUDED et l&rsquo;\u00c9co quartier du Pr\u00e9 Vert\"}]},{\"@type\":\"WebSite\",\"@id\":\"https:\\\/\\\/www.altercampagne.net\\\/#website\",\"url\":\"https:\\\/\\\/www.altercampagne.net\\\/\",\"name\":\"AlterTour\",\"description\":\"Reliez les Alternatives \u00e0 v\u00e9lo\",\"potentialAction\":[{\"@type\":\"SearchAction\",\"target\":{\"@type\":\"EntryPoint\",\"urlTemplate\":\"https:\\\/\\\/www.altercampagne.net\\\/?s={search_term_string}\"},\"query-input\":{\"@type\":\"PropertyValueSpecification\",\"valueRequired\":true,\"valueName\":\"search_term_string\"}}],\"inLanguage\":\"fr-FR\"},{\"@type\":\"Person\",\"@id\":\"https:\\\/\\\/www.altercampagne.net\\\/#\\\/schema\\\/person\\\/0f261460c09e430caa0f9bcffa319109\",\"name\":\"Mathieu\",\"image\":{\"@type\":\"ImageObject\",\"inLanguage\":\"fr-FR\",\"@id\":\"https:\\\/\\\/secure.gravatar.com\\\/avatar\\\/aa9d3d24c83f2141e5e2709d0f63d09a99f6be6bb7a50abc4915838d9f54501a?s=96&d=mm&r=g\",\"url\":\"https:\\\/\\\/secure.gravatar.com\\\/avatar\\\/aa9d3d24c83f2141e5e2709d0f63d09a99f6be6bb7a50abc4915838d9f54501a?s=96&d=mm&r=g\",\"contentUrl\":\"https:\\\/\\\/secure.gravatar.com\\\/avatar\\\/aa9d3d24c83f2141e5e2709d0f63d09a99f6be6bb7a50abc4915838d9f54501a?s=96&d=mm&r=g\",\"caption\":\"Mathieu\"},\"url\":\"https:\\\/\\\/www.altercampagne.net\\\/?author=214\"}]}<\/script>\n<!-- \/ Yoast SEO plugin. -->","yoast_head_json":{"title":"L\u2019association BRUDED et l'\u00c9co quartier du Pr\u00e9 Vert - AlterTour","robots":{"index":"index","follow":"follow","max-snippet":"max-snippet:-1","max-image-preview":"max-image-preview:large","max-video-preview":"max-video-preview:-1"},"canonical":"https:\/\/www.altercampagne.net\/?p=4649","og_locale":"fr_FR","og_type":"article","og_title":"L\u2019association BRUDED et l'\u00c9co quartier du Pr\u00e9 Vert - AlterTour","og_description":"Une \u00e9tape pas trop longue, arriv\u00e9e \u00e0 Saint Nolff en d\u00e9but d\u2019apr\u00e8s-midi Pr\u00e9sentation de l\u2019association BRUDED, par Bruno Servel r\u00e9seau de 111 communes bretonnes pour \u00e9changer sur les probl\u00e9matiques et projets concrets d\u2019urbanisme durable Pr\u00e9sentation du maire de Saint Nolff, Jo\u00ebl Labb\u00e9 : &#8211; Agenda 21 (limitation de la consommation ... Read More","og_url":"https:\/\/www.altercampagne.net\/?p=4649","og_site_name":"AlterTour","article_published_time":"2010-07-26T11:50:49+00:00","article_modified_time":"2020-03-06T13:34:50+00:00","og_image":[{"width":997,"height":522,"url":"https:\/\/www.altercampagne.net\/wp-content\/uploads\/2010\/07\/2010-07-26_20.33.jpg","type":"image\/jpeg"}],"author":"Mathieu","twitter_card":"summary_large_image","twitter_misc":{"\u00c9crit par":"Mathieu"},"schema":{"@context":"https:\/\/schema.org","@graph":[{"@type":"Article","@id":"https:\/\/www.altercampagne.net\/?p=4649#article","isPartOf":{"@id":"https:\/\/www.altercampagne.net\/?p=4649"},"author":{"name":"Mathieu","@id":"https:\/\/www.altercampagne.net\/#\/schema\/person\/0f261460c09e430caa0f9bcffa319109"},"headline":"L\u2019association BRUDED et l&rsquo;\u00c9co quartier du Pr\u00e9 Vert","datePublished":"2010-07-26T11:50:49+00:00","dateModified":"2020-03-06T13:34:50+00:00","mainEntityOfPage":{"@id":"https:\/\/www.altercampagne.net\/?p=4649"},"wordCount":107,"image":{"@id":"https:\/\/www.altercampagne.net\/?p=4649#primaryimage"},"thumbnailUrl":"https:\/\/www.altercampagne.net\/wp-content\/uploads\/2010\/07\/2010-07-26_20.33.jpg","keywords":["bretagne","morbihan","AlterTour 2010","2010","Saint Nolff","Jo\u00ebl Labb\u00e9","Bruno Servel","BRUDED","\u00c9co quartier du Pr\u00e9 Vert"],"articleSection":["Bretagne","Transverse","Edition 2010"],"inLanguage":"fr-FR"},{"@type":"WebPage","@id":"https:\/\/www.altercampagne.net\/?p=4649","url":"https:\/\/www.altercampagne.net\/?p=4649","name":"L\u2019association BRUDED et l'\u00c9co quartier du Pr\u00e9 Vert - AlterTour","isPartOf":{"@id":"https:\/\/www.altercampagne.net\/#website"},"primaryImageOfPage":{"@id":"https:\/\/www.altercampagne.net\/?p=4649#primaryimage"},"image":{"@id":"https:\/\/www.altercampagne.net\/?p=4649#primaryimage"},"thumbnailUrl":"https:\/\/www.altercampagne.net\/wp-content\/uploads\/2010\/07\/2010-07-26_20.33.jpg","datePublished":"2010-07-26T11:50:49+00:00","dateModified":"2020-03-06T13:34:50+00:00","author":{"@id":"https:\/\/www.altercampagne.net\/#\/schema\/person\/0f261460c09e430caa0f9bcffa319109"},"breadcrumb":{"@id":"https:\/\/www.altercampagne.net\/?p=4649#breadcrumb"},"inLanguage":"fr-FR","potentialAction":[{"@type":"ReadAction","target":["https:\/\/www.altercampagne.net\/?p=4649"]}]},{"@type":"ImageObject","inLanguage":"fr-FR","@id":"https:\/\/www.altercampagne.net\/?p=4649#primaryimage","url":"https:\/\/www.altercampagne.net\/wp-content\/uploads\/2010\/07\/2010-07-26_20.33.jpg","contentUrl":"https:\/\/www.altercampagne.net\/wp-content\/uploads\/2010\/07\/2010-07-26_20.33.jpg","width":997,"height":522},{"@type":"BreadcrumbList","@id":"https:\/\/www.altercampagne.net\/?p=4649#breadcrumb","itemListElement":[{"@type":"ListItem","position":1,"name":"Accueil","item":"https:\/\/www.altercampagne.net\/"},{"@type":"ListItem","position":2,"name":"L\u2019association BRUDED et l&rsquo;\u00c9co quartier du Pr\u00e9 Vert"}]},{"@type":"WebSite","@id":"https:\/\/www.altercampagne.net\/#website","url":"https:\/\/www.altercampagne.net\/","name":"AlterTour","description":"Reliez les Alternatives \u00e0 v\u00e9lo","potentialAction":[{"@type":"SearchAction","target":{"@type":"EntryPoint","urlTemplate":"https:\/\/www.altercampagne.net\/?s={search_term_string}"},"query-input":{"@type":"PropertyValueSpecification","valueRequired":true,"valueName":"search_term_string"}}],"inLanguage":"fr-FR"},{"@type":"Person","@id":"https:\/\/www.altercampagne.net\/#\/schema\/person\/0f261460c09e430caa0f9bcffa319109","name":"Mathieu","image":{"@type":"ImageObject","inLanguage":"fr-FR","@id":"https:\/\/secure.gravatar.com\/avatar\/aa9d3d24c83f2141e5e2709d0f63d09a99f6be6bb7a50abc4915838d9f54501a?s=96&d=mm&r=g","url":"https:\/\/secure.gravatar.com\/avatar\/aa9d3d24c83f2141e5e2709d0f63d09a99f6be6bb7a50abc4915838d9f54501a?s=96&d=mm&r=g","contentUrl":"https:\/\/secure.gravatar.com\/avatar\/aa9d3d24c83f2141e5e2709d0f63d09a99f6be6bb7a50abc4915838d9f54501a?s=96&d=mm&r=g","caption":"Mathieu"},"url":"https:\/\/www.altercampagne.net\/?author=214"}]}},"_links":{"self":[{"href":"https:\/\/www.altercampagne.net\/index.php?rest_route=\/wp\/v2\/posts\/4649","targetHints":{"allow":["GET"]}}],"collection":[{"href":"https:\/\/www.altercampagne.net\/index.php?rest_route=\/wp\/v2\/posts"}],"about":[{"href":"https:\/\/www.altercampagne.net\/index.php?rest_route=\/wp\/v2\/types\/post"}],"author":[{"embeddable":true,"href":"https:\/\/www.altercampagne.net\/index.php?rest_route=\/wp\/v2\/users\/214"}],"replies":[{"embeddable":true,"href":"https:\/\/www.altercampagne.net\/index.php?rest_route=%2Fwp%2Fv2%2Fcomments&post=4649"}],"version-history":[{"count":2,"href":"https:\/\/www.altercampagne.net\/index.php?rest_route=\/wp\/v2\/posts\/4649\/revisions"}],"predecessor-version":[{"id":17658,"href":"https:\/\/www.altercampagne.net\/index.php?rest_route=\/wp\/v2\/posts\/4649\/revisions\/17658"}],"wp:featuredmedia":[{"embeddable":true,"href":"https:\/\/www.altercampagne.net\/index.php?rest_route=\/wp\/v2\/media\/17657"}],"wp:attachment":[{"href":"https:\/\/www.altercampagne.net\/index.php?rest_route=%2Fwp%2Fv2%2Fmedia&parent=4649"}],"wp:term":[{"taxonomy":"category","embeddable":true,"href":"https:\/\/www.altercampagne.net\/index.php?rest_route=%2Fwp%2Fv2%2Fcategories&post=4649"},{"taxonomy":"post_tag","embeddable":true,"href":"https:\/\/www.altercampagne.net\/index.php?rest_route=%2Fwp%2Fv2%2Ftags&post=4649"}],"curies":[{"name":"wp","href":"https:\/\/api.w.org\/{rel}","templated":true}]}}