{"id":4658,"date":"2010-07-23T15:21:51","date_gmt":"2010-07-23T13:21:51","guid":{"rendered":"http:\/\/www.altercampagne.net\/?p=4658"},"modified":"2020-03-06T14:20:58","modified_gmt":"2020-03-06T13:20:58","slug":"etape-du-23-juillet-keryang-et-kerterre","status":"publish","type":"post","link":"https:\/\/www.altercampagne.net\/?p=4658","title":{"rendered":"Keryang et Kerterre"},"content":{"rendered":"<p>Midi \u00e0 <strong><a href=\"http:\/\/keryang.blog4ever.com\/\" target=\"_blank\" rel=\"noopener noreferrer\">Keryang<\/a><\/strong>, \u00e0 Quemeneven chez Olivier et Camille Paysagistes et experts en Feng shui, travaillant en biodynamie.<br \/>\nIls nous font visiter leur maison \u00e9cologique et le jardin (permaculture).<\/p>\n<p>La construction de la maison a \u00e9t\u00e9 r\u00e9alis\u00e9e avec l\u2019aide de Woofeurs. Maison ossature bois, murs et isolation toiture en paille, orientation bio-climatique&#8230;<br \/>\nMidi, repas de salades fleuries<\/p>\n<p><strong><img loading=\"lazy\" decoding=\"async\" class=\" alignleft\" src=\"https:\/\/lh3.googleusercontent.com\/-8pBpePWtb6g\/T3xgio320gI\/AAAAAAAAB-I\/GuWASYTQyD8HQ2FoZWfFQGl0ASHYjwdFwCCo\/s600\/IMG_5574.jpg\" alt=\"\" width=\"300\" height=\"200\">Soir\u00e9e \u00e0 Beuzec-en-Plomeur : Evelyne ADAM<\/strong><\/p>\n<p>Cueillette de fleurs et de Plantes sauvages pour la salade.<br \/>\nVisite des habitations simples : <strong><a href=\"http:\/\/kerterre.org\/\" target=\"_blank\" rel=\"noopener noreferrer\">Kerterre<\/a><\/strong> et des Kerplants (habitat vivant \u00e0 partir de saules et couverts de chiendent). Une \u00e9cole a \u00e9t\u00e9 cr\u00e9\u00e9e, ouverte \u00e0 tous et permettant l\u2019apprentissage permanent des petits et des adultes.<br \/>\nPr\u00e9sentation de la tribu, \u00e9change et musique au coin du feu.<\/p>\n","protected":false},"excerpt":{"rendered":"<p>Midi \u00e0 Keryang, \u00e0 Quemeneven chez Olivier et Camille Paysagistes et experts en Feng shui, travaillant en biodynamie. Ils nous font visiter leur maison \u00e9cologique et le jardin (permaculture). La construction de la maison a \u00e9t\u00e9 r\u00e9alis\u00e9e avec l\u2019aide de Woofeurs. Maison ossature bois, murs et isolation toiture en paille, &#8230; <\/p>\n<div><a href=\"https:\/\/www.altercampagne.net\/?p=4658\" class=\"more-link\">Read More<\/a><\/div>\n","protected":false},"author":214,"featured_media":17651,"comment_status":"closed","ping_status":"closed","sticky":false,"template":"","format":"standard","meta":{"footnotes":""},"categories":[3472,3485,3493],"tags":[20,410,503,504,2095,2204,2317,2318,2319],"class_list":["post-4658","post","type-post","status-publish","format-standard","has-post-thumbnail","hentry","category-bretagne","category-habitat","category-edition-2010","tag-bretagne","tag-finistere","tag-kerterre","tag-keryang","tag-2095","tag-beuzec-en-plomeur","tag-alertour-2010","tag-quemeneven","tag-evelyne-adam"],"yoast_head":"<!-- This site is optimized with the Yoast SEO plugin v27.3 - https:\/\/yoast.com\/product\/yoast-seo-wordpress\/ -->\n<title>Keryang et Kerterre - AlterTour<\/title>\n<meta name=\"robots\" content=\"index, follow, max-snippet:-1, max-image-preview:large, max-video-preview:-1\" \/>\n<link rel=\"canonical\" href=\"https:\/\/www.altercampagne.net\/?p=4658\" \/>\n<meta property=\"og:locale\" content=\"fr_FR\" \/>\n<meta property=\"og:type\" content=\"article\" \/>\n<meta property=\"og:title\" content=\"Keryang et Kerterre - AlterTour\" \/>\n<meta property=\"og:description\" content=\"Midi \u00e0 Keryang, \u00e0 Quemeneven chez Olivier et Camille Paysagistes et experts en Feng shui, travaillant en biodynamie. Ils nous font visiter leur maison \u00e9cologique et le jardin (permaculture). La construction de la maison a \u00e9t\u00e9 r\u00e9alis\u00e9e avec l\u2019aide de Woofeurs. Maison ossature bois, murs et isolation toiture en paille, ... Read More\" \/>\n<meta property=\"og:url\" content=\"https:\/\/www.altercampagne.net\/?p=4658\" \/>\n<meta property=\"og:site_name\" content=\"AlterTour\" \/>\n<meta property=\"article:published_time\" content=\"2010-07-23T13:21:51+00:00\" \/>\n<meta property=\"article:modified_time\" content=\"2020-03-06T13:20:58+00:00\" \/>\n<meta property=\"og:image\" content=\"https:\/\/www.altercampagne.net\/wp-content\/uploads\/2010\/07\/2010-07-23_12.27.05_0231_G\u00e9rard-LEBIHANIC-g.lebihanic@yahoo.jpg\" \/>\n\t<meta property=\"og:image:width\" content=\"708\" \/>\n\t<meta property=\"og:image:height\" content=\"369\" \/>\n\t<meta property=\"og:image:type\" content=\"image\/jpeg\" \/>\n<meta name=\"author\" content=\"Mathieu\" \/>\n<meta name=\"twitter:card\" content=\"summary_large_image\" \/>\n<meta name=\"twitter:label1\" content=\"\u00c9crit par\" \/>\n\t<meta name=\"twitter:data1\" content=\"Mathieu\" \/>\n\t<meta name=\"twitter:label2\" content=\"Dur\u00e9e de lecture estim\u00e9e\" \/>\n\t<meta name=\"twitter:data2\" content=\"1 minute\" \/>\n<script type=\"application\/ld+json\" class=\"yoast-schema-graph\">{\"@context\":\"https:\\\/\\\/schema.org\",\"@graph\":[{\"@type\":\"Article\",\"@id\":\"https:\\\/\\\/www.altercampagne.net\\\/?p=4658#article\",\"isPartOf\":{\"@id\":\"https:\\\/\\\/www.altercampagne.net\\\/?p=4658\"},\"author\":{\"name\":\"Mathieu\",\"@id\":\"https:\\\/\\\/www.altercampagne.net\\\/#\\\/schema\\\/person\\\/0f261460c09e430caa0f9bcffa319109\"},\"headline\":\"Keryang et Kerterre\",\"datePublished\":\"2010-07-23T13:21:51+00:00\",\"dateModified\":\"2020-03-06T13:20:58+00:00\",\"mainEntityOfPage\":{\"@id\":\"https:\\\/\\\/www.altercampagne.net\\\/?p=4658\"},\"wordCount\":123,\"image\":{\"@id\":\"https:\\\/\\\/www.altercampagne.net\\\/?p=4658#primaryimage\"},\"thumbnailUrl\":\"https:\\\/\\\/www.altercampagne.net\\\/wp-content\\\/uploads\\\/2010\\\/07\\\/2010-07-23_12.27.05_0231_G\u00e9rard-LEBIHANIC-g.lebihanic@yahoo.jpg\",\"keywords\":[\"bretagne\",\"finist\u00e8re\",\"kerterre\",\"keryang\",\"2010\",\"Beuzec-en-Plomeur\",\"AlerTour 2010\",\"Quemeneven\",\"Evelyne ADAM\"],\"articleSection\":[\"Bretagne\",\"Habitat\",\"Edition 2010\"],\"inLanguage\":\"fr-FR\"},{\"@type\":\"WebPage\",\"@id\":\"https:\\\/\\\/www.altercampagne.net\\\/?p=4658\",\"url\":\"https:\\\/\\\/www.altercampagne.net\\\/?p=4658\",\"name\":\"Keryang et Kerterre - AlterTour\",\"isPartOf\":{\"@id\":\"https:\\\/\\\/www.altercampagne.net\\\/#website\"},\"primaryImageOfPage\":{\"@id\":\"https:\\\/\\\/www.altercampagne.net\\\/?p=4658#primaryimage\"},\"image\":{\"@id\":\"https:\\\/\\\/www.altercampagne.net\\\/?p=4658#primaryimage\"},\"thumbnailUrl\":\"https:\\\/\\\/www.altercampagne.net\\\/wp-content\\\/uploads\\\/2010\\\/07\\\/2010-07-23_12.27.05_0231_G\u00e9rard-LEBIHANIC-g.lebihanic@yahoo.jpg\",\"datePublished\":\"2010-07-23T13:21:51+00:00\",\"dateModified\":\"2020-03-06T13:20:58+00:00\",\"author\":{\"@id\":\"https:\\\/\\\/www.altercampagne.net\\\/#\\\/schema\\\/person\\\/0f261460c09e430caa0f9bcffa319109\"},\"breadcrumb\":{\"@id\":\"https:\\\/\\\/www.altercampagne.net\\\/?p=4658#breadcrumb\"},\"inLanguage\":\"fr-FR\",\"potentialAction\":[{\"@type\":\"ReadAction\",\"target\":[\"https:\\\/\\\/www.altercampagne.net\\\/?p=4658\"]}]},{\"@type\":\"ImageObject\",\"inLanguage\":\"fr-FR\",\"@id\":\"https:\\\/\\\/www.altercampagne.net\\\/?p=4658#primaryimage\",\"url\":\"https:\\\/\\\/www.altercampagne.net\\\/wp-content\\\/uploads\\\/2010\\\/07\\\/2010-07-23_12.27.05_0231_G\u00e9rard-LEBIHANIC-g.lebihanic@yahoo.jpg\",\"contentUrl\":\"https:\\\/\\\/www.altercampagne.net\\\/wp-content\\\/uploads\\\/2010\\\/07\\\/2010-07-23_12.27.05_0231_G\u00e9rard-LEBIHANIC-g.lebihanic@yahoo.jpg\",\"width\":708,\"height\":369},{\"@type\":\"BreadcrumbList\",\"@id\":\"https:\\\/\\\/www.altercampagne.net\\\/?p=4658#breadcrumb\",\"itemListElement\":[{\"@type\":\"ListItem\",\"position\":1,\"name\":\"Accueil\",\"item\":\"https:\\\/\\\/www.altercampagne.net\\\/\"},{\"@type\":\"ListItem\",\"position\":2,\"name\":\"Keryang et Kerterre\"}]},{\"@type\":\"WebSite\",\"@id\":\"https:\\\/\\\/www.altercampagne.net\\\/#website\",\"url\":\"https:\\\/\\\/www.altercampagne.net\\\/\",\"name\":\"AlterTour\",\"description\":\"Reliez les Alternatives \u00e0 v\u00e9lo\",\"potentialAction\":[{\"@type\":\"SearchAction\",\"target\":{\"@type\":\"EntryPoint\",\"urlTemplate\":\"https:\\\/\\\/www.altercampagne.net\\\/?s={search_term_string}\"},\"query-input\":{\"@type\":\"PropertyValueSpecification\",\"valueRequired\":true,\"valueName\":\"search_term_string\"}}],\"inLanguage\":\"fr-FR\"},{\"@type\":\"Person\",\"@id\":\"https:\\\/\\\/www.altercampagne.net\\\/#\\\/schema\\\/person\\\/0f261460c09e430caa0f9bcffa319109\",\"name\":\"Mathieu\",\"image\":{\"@type\":\"ImageObject\",\"inLanguage\":\"fr-FR\",\"@id\":\"https:\\\/\\\/secure.gravatar.com\\\/avatar\\\/aa9d3d24c83f2141e5e2709d0f63d09a99f6be6bb7a50abc4915838d9f54501a?s=96&d=mm&r=g\",\"url\":\"https:\\\/\\\/secure.gravatar.com\\\/avatar\\\/aa9d3d24c83f2141e5e2709d0f63d09a99f6be6bb7a50abc4915838d9f54501a?s=96&d=mm&r=g\",\"contentUrl\":\"https:\\\/\\\/secure.gravatar.com\\\/avatar\\\/aa9d3d24c83f2141e5e2709d0f63d09a99f6be6bb7a50abc4915838d9f54501a?s=96&d=mm&r=g\",\"caption\":\"Mathieu\"},\"url\":\"https:\\\/\\\/www.altercampagne.net\\\/?author=214\"}]}<\/script>\n<!-- \/ Yoast SEO plugin. -->","yoast_head_json":{"title":"Keryang et Kerterre - AlterTour","robots":{"index":"index","follow":"follow","max-snippet":"max-snippet:-1","max-image-preview":"max-image-preview:large","max-video-preview":"max-video-preview:-1"},"canonical":"https:\/\/www.altercampagne.net\/?p=4658","og_locale":"fr_FR","og_type":"article","og_title":"Keryang et Kerterre - AlterTour","og_description":"Midi \u00e0 Keryang, \u00e0 Quemeneven chez Olivier et Camille Paysagistes et experts en Feng shui, travaillant en biodynamie. Ils nous font visiter leur maison \u00e9cologique et le jardin (permaculture). La construction de la maison a \u00e9t\u00e9 r\u00e9alis\u00e9e avec l\u2019aide de Woofeurs. Maison ossature bois, murs et isolation toiture en paille, ... Read More","og_url":"https:\/\/www.altercampagne.net\/?p=4658","og_site_name":"AlterTour","article_published_time":"2010-07-23T13:21:51+00:00","article_modified_time":"2020-03-06T13:20:58+00:00","og_image":[{"width":708,"height":369,"url":"https:\/\/www.altercampagne.net\/wp-content\/uploads\/2010\/07\/2010-07-23_12.27.05_0231_G\u00e9rard-LEBIHANIC-g.lebihanic@yahoo.jpg","type":"image\/jpeg"}],"author":"Mathieu","twitter_card":"summary_large_image","twitter_misc":{"\u00c9crit par":"Mathieu","Dur\u00e9e de lecture estim\u00e9e":"1 minute"},"schema":{"@context":"https:\/\/schema.org","@graph":[{"@type":"Article","@id":"https:\/\/www.altercampagne.net\/?p=4658#article","isPartOf":{"@id":"https:\/\/www.altercampagne.net\/?p=4658"},"author":{"name":"Mathieu","@id":"https:\/\/www.altercampagne.net\/#\/schema\/person\/0f261460c09e430caa0f9bcffa319109"},"headline":"Keryang et Kerterre","datePublished":"2010-07-23T13:21:51+00:00","dateModified":"2020-03-06T13:20:58+00:00","mainEntityOfPage":{"@id":"https:\/\/www.altercampagne.net\/?p=4658"},"wordCount":123,"image":{"@id":"https:\/\/www.altercampagne.net\/?p=4658#primaryimage"},"thumbnailUrl":"https:\/\/www.altercampagne.net\/wp-content\/uploads\/2010\/07\/2010-07-23_12.27.05_0231_G\u00e9rard-LEBIHANIC-g.lebihanic@yahoo.jpg","keywords":["bretagne","finist\u00e8re","kerterre","keryang","2010","Beuzec-en-Plomeur","AlerTour 2010","Quemeneven","Evelyne ADAM"],"articleSection":["Bretagne","Habitat","Edition 2010"],"inLanguage":"fr-FR"},{"@type":"WebPage","@id":"https:\/\/www.altercampagne.net\/?p=4658","url":"https:\/\/www.altercampagne.net\/?p=4658","name":"Keryang et Kerterre - AlterTour","isPartOf":{"@id":"https:\/\/www.altercampagne.net\/#website"},"primaryImageOfPage":{"@id":"https:\/\/www.altercampagne.net\/?p=4658#primaryimage"},"image":{"@id":"https:\/\/www.altercampagne.net\/?p=4658#primaryimage"},"thumbnailUrl":"https:\/\/www.altercampagne.net\/wp-content\/uploads\/2010\/07\/2010-07-23_12.27.05_0231_G\u00e9rard-LEBIHANIC-g.lebihanic@yahoo.jpg","datePublished":"2010-07-23T13:21:51+00:00","dateModified":"2020-03-06T13:20:58+00:00","author":{"@id":"https:\/\/www.altercampagne.net\/#\/schema\/person\/0f261460c09e430caa0f9bcffa319109"},"breadcrumb":{"@id":"https:\/\/www.altercampagne.net\/?p=4658#breadcrumb"},"inLanguage":"fr-FR","potentialAction":[{"@type":"ReadAction","target":["https:\/\/www.altercampagne.net\/?p=4658"]}]},{"@type":"ImageObject","inLanguage":"fr-FR","@id":"https:\/\/www.altercampagne.net\/?p=4658#primaryimage","url":"https:\/\/www.altercampagne.net\/wp-content\/uploads\/2010\/07\/2010-07-23_12.27.05_0231_G\u00e9rard-LEBIHANIC-g.lebihanic@yahoo.jpg","contentUrl":"https:\/\/www.altercampagne.net\/wp-content\/uploads\/2010\/07\/2010-07-23_12.27.05_0231_G\u00e9rard-LEBIHANIC-g.lebihanic@yahoo.jpg","width":708,"height":369},{"@type":"BreadcrumbList","@id":"https:\/\/www.altercampagne.net\/?p=4658#breadcrumb","itemListElement":[{"@type":"ListItem","position":1,"name":"Accueil","item":"https:\/\/www.altercampagne.net\/"},{"@type":"ListItem","position":2,"name":"Keryang et Kerterre"}]},{"@type":"WebSite","@id":"https:\/\/www.altercampagne.net\/#website","url":"https:\/\/www.altercampagne.net\/","name":"AlterTour","description":"Reliez les Alternatives \u00e0 v\u00e9lo","potentialAction":[{"@type":"SearchAction","target":{"@type":"EntryPoint","urlTemplate":"https:\/\/www.altercampagne.net\/?s={search_term_string}"},"query-input":{"@type":"PropertyValueSpecification","valueRequired":true,"valueName":"search_term_string"}}],"inLanguage":"fr-FR"},{"@type":"Person","@id":"https:\/\/www.altercampagne.net\/#\/schema\/person\/0f261460c09e430caa0f9bcffa319109","name":"Mathieu","image":{"@type":"ImageObject","inLanguage":"fr-FR","@id":"https:\/\/secure.gravatar.com\/avatar\/aa9d3d24c83f2141e5e2709d0f63d09a99f6be6bb7a50abc4915838d9f54501a?s=96&d=mm&r=g","url":"https:\/\/secure.gravatar.com\/avatar\/aa9d3d24c83f2141e5e2709d0f63d09a99f6be6bb7a50abc4915838d9f54501a?s=96&d=mm&r=g","contentUrl":"https:\/\/secure.gravatar.com\/avatar\/aa9d3d24c83f2141e5e2709d0f63d09a99f6be6bb7a50abc4915838d9f54501a?s=96&d=mm&r=g","caption":"Mathieu"},"url":"https:\/\/www.altercampagne.net\/?author=214"}]}},"_links":{"self":[{"href":"https:\/\/www.altercampagne.net\/index.php?rest_route=\/wp\/v2\/posts\/4658","targetHints":{"allow":["GET"]}}],"collection":[{"href":"https:\/\/www.altercampagne.net\/index.php?rest_route=\/wp\/v2\/posts"}],"about":[{"href":"https:\/\/www.altercampagne.net\/index.php?rest_route=\/wp\/v2\/types\/post"}],"author":[{"embeddable":true,"href":"https:\/\/www.altercampagne.net\/index.php?rest_route=\/wp\/v2\/users\/214"}],"replies":[{"embeddable":true,"href":"https:\/\/www.altercampagne.net\/index.php?rest_route=%2Fwp%2Fv2%2Fcomments&post=4658"}],"version-history":[{"count":2,"href":"https:\/\/www.altercampagne.net\/index.php?rest_route=\/wp\/v2\/posts\/4658\/revisions"}],"predecessor-version":[{"id":17652,"href":"https:\/\/www.altercampagne.net\/index.php?rest_route=\/wp\/v2\/posts\/4658\/revisions\/17652"}],"wp:featuredmedia":[{"embeddable":true,"href":"https:\/\/www.altercampagne.net\/index.php?rest_route=\/wp\/v2\/media\/17651"}],"wp:attachment":[{"href":"https:\/\/www.altercampagne.net\/index.php?rest_route=%2Fwp%2Fv2%2Fmedia&parent=4658"}],"wp:term":[{"taxonomy":"category","embeddable":true,"href":"https:\/\/www.altercampagne.net\/index.php?rest_route=%2Fwp%2Fv2%2Fcategories&post=4658"},{"taxonomy":"post_tag","embeddable":true,"href":"https:\/\/www.altercampagne.net\/index.php?rest_route=%2Fwp%2Fv2%2Ftags&post=4658"}],"curies":[{"name":"wp","href":"https:\/\/api.w.org\/{rel}","templated":true}]}}