{"id":4660,"date":"2010-07-22T15:32:36","date_gmt":"2010-07-22T13:32:36","guid":{"rendered":"http:\/\/www.altercampagne.net\/?p=4660"},"modified":"2020-03-06T14:12:49","modified_gmt":"2020-03-06T13:12:49","slug":"etape-du-22-juillet-les-miels-darmorique-et-la-maison-du-cidre","status":"publish","type":"post","link":"https:\/\/www.altercampagne.net\/?p=4660","title":{"rendered":"Les Miels d&rsquo;Armorique et la Maison du cidre"},"content":{"rendered":"<p><img loading=\"lazy\" decoding=\"async\" class=\" alignright\" src=\"https:\/\/lh3.googleusercontent.com\/-Oo9LUp4coTo\/T3xilZStbcI\/AAAAAAAACM0\/bvW1o6CnDywVjdugXf-r_hWD7uln6YxJwCCo\/s640\/2010-07-22_17.14.13_1482_G-de-Crop.jpg\" alt=\"\" width=\"201\" height=\"300\" \/><img loading=\"lazy\" decoding=\"async\" class=\" alignright\" src=\"https:\/\/lh3.googleusercontent.com\/-s9z9kW5JwU0\/T3xikvMQaDI\/AAAAAAAACMs\/5a1-yg77dvEKfCG30SguapBuF8koZ5RJQCCo\/s640\/2010-07-22_17.17.51_7405_G-de-Crop.jpg\" alt=\"\" width=\"201\" height=\"300\" \/>A Saint Cadou, les agriculteurs repr\u00e9sent\u00e9s par Thierry nous font part de leurs probl\u00e8mes sur la Fi\u00e8vre Catarrhale Ovine. Vaccination des cheptels impos\u00e9e malgr\u00e9 aucune preuve d\u2019efficacit\u00e9. http:\/\/www.collectif.org\/<\/p>\n<p><strong>Abeilles en danger<\/strong><\/p>\n<p>Midi : arr\u00eat aux <a href=\"http:\/\/miels-armorique.over-blog.com\/\" target=\"_blank\" rel=\"noopener noreferrer\"><strong>Miels d&rsquo;Armorique<\/strong><\/a> \u00e0 Argol<\/p>\n<p>Alain David apiculteur bio nous fait une d\u00e9monstration d\u2019extraction de miel, il nous expose les difficult\u00e9s du secteur \u00e0 cause du pesticide \u00ab Gaucho \u00bb qui perturbe le syst\u00e8me nerveux des abeilles qui perdent alors leurs rep\u00e8res et sont incapables de retrouver la ruche.<\/p>\n<p><strong>Marcher au cidre, rouler \u00e0 l\u2019huile<\/strong><\/p>\n<p>Soir\u00e9e \u00e0 la <a href=\"http:\/\/www.maisonducidredebretagne.fr\/\" target=\"_blank\" rel=\"noopener noreferrer\"><strong>Maison du cidre<\/strong><\/a> : H\u00e9l\u00e8ne et Jean-Baptiste qui sont constitu\u00e9s en SCOP et organisent des concerts, des soir\u00e9es contes, des projections militantes et des repas typiques.<\/p>\n<p>Melissandre, une chanteuse nous a chant\u00e9 deux chansons de sa composition et une autre le lendemain.<\/p>\n<p>\u00ab Les OGM ils nous les s\u00e8ment aux quatre coins monde, depuis d\u00e9j\u00e0 bien trop longtemps<\/p>\n<p>Les OGM ils nous les s\u00e8ment au quatre coins monde, arr\u00eatons les maintenant \u00bb<\/p>\n<p>Diffusion du film \u00ab les huileux \u00bb, avec la participation de Mathurin &#8211; ou comment faire rouler son v\u00e9hicule avec de l\u2019huile. Alors que la l\u00e9gislation Fran\u00e7aise est en retard sur ce sujet par rapport \u00e0 l\u2019Europe. Pr\u00e9sentation des possibilit\u00e9s de r\u00e9cup\u00e9ration de l\u2019huile avec une association marseillaise<\/p>\n","protected":false},"excerpt":{"rendered":"<p>A Saint Cadou, les agriculteurs repr\u00e9sent\u00e9s par Thierry nous font part de leurs probl\u00e8mes sur la Fi\u00e8vre Catarrhale Ovine. Vaccination des cheptels impos\u00e9e malgr\u00e9 aucune preuve d\u2019efficacit\u00e9. http:\/\/www.collectif.org\/ Abeilles en danger Midi : arr\u00eat aux Miels d&rsquo;Armorique \u00e0 Argol Alain David apiculteur bio nous fait une d\u00e9monstration d\u2019extraction de miel, &#8230; <\/p>\n<div><a href=\"https:\/\/www.altercampagne.net\/?p=4660\" class=\"more-link\">Read More<\/a><\/div>\n","protected":false},"author":214,"featured_media":17649,"comment_status":"closed","ping_status":"closed","sticky":false,"template":"","format":"standard","meta":{"footnotes":""},"categories":[3483,3472,3493],"tags":[20,410,1301,2095,2167,2170,2320],"class_list":["post-4660","post","type-post","status-publish","format-standard","has-post-thumbnail","hentry","category-agriculture","category-bretagne","category-edition-2010","tag-bretagne","tag-finistere","tag-altertour-2010","tag-2095","tag-argol","tag-maison-du-cidre","tag-miels-darmorique"],"yoast_head":"<!-- This site is optimized with the Yoast SEO plugin v27.3 - https:\/\/yoast.com\/product\/yoast-seo-wordpress\/ -->\n<title>Les Miels d&#039;Armorique et la Maison du cidre - AlterTour<\/title>\n<meta name=\"robots\" content=\"index, follow, max-snippet:-1, max-image-preview:large, max-video-preview:-1\" \/>\n<link rel=\"canonical\" href=\"https:\/\/www.altercampagne.net\/?p=4660\" \/>\n<meta property=\"og:locale\" content=\"fr_FR\" \/>\n<meta property=\"og:type\" content=\"article\" \/>\n<meta property=\"og:title\" content=\"Les Miels d&#039;Armorique et la Maison du cidre - AlterTour\" \/>\n<meta property=\"og:description\" content=\"A Saint Cadou, les agriculteurs repr\u00e9sent\u00e9s par Thierry nous font part de leurs probl\u00e8mes sur la Fi\u00e8vre Catarrhale Ovine. Vaccination des cheptels impos\u00e9e malgr\u00e9 aucune preuve d\u2019efficacit\u00e9. http:\/\/www.collectif.org\/ Abeilles en danger Midi : arr\u00eat aux Miels d&rsquo;Armorique \u00e0 Argol Alain David apiculteur bio nous fait une d\u00e9monstration d\u2019extraction de miel, ... Read More\" \/>\n<meta property=\"og:url\" content=\"https:\/\/www.altercampagne.net\/?p=4660\" \/>\n<meta property=\"og:site_name\" content=\"AlterTour\" \/>\n<meta property=\"article:published_time\" content=\"2010-07-22T13:32:36+00:00\" \/>\n<meta property=\"article:modified_time\" content=\"2020-03-06T13:12:49+00:00\" \/>\n<meta property=\"og:image\" content=\"https:\/\/www.altercampagne.net\/wp-content\/uploads\/2010\/07\/2010-07-22_13.44.jpg\" \/>\n\t<meta property=\"og:image:width\" content=\"695\" \/>\n\t<meta property=\"og:image:height\" content=\"363\" \/>\n\t<meta property=\"og:image:type\" content=\"image\/jpeg\" \/>\n<meta name=\"author\" content=\"Mathieu\" \/>\n<meta name=\"twitter:card\" content=\"summary_large_image\" \/>\n<meta name=\"twitter:label1\" content=\"\u00c9crit par\" \/>\n\t<meta name=\"twitter:data1\" content=\"Mathieu\" \/>\n\t<meta name=\"twitter:label2\" content=\"Dur\u00e9e de lecture estim\u00e9e\" \/>\n\t<meta name=\"twitter:data2\" content=\"1 minute\" \/>\n<script type=\"application\/ld+json\" class=\"yoast-schema-graph\">{\"@context\":\"https:\\\/\\\/schema.org\",\"@graph\":[{\"@type\":\"Article\",\"@id\":\"https:\\\/\\\/www.altercampagne.net\\\/?p=4660#article\",\"isPartOf\":{\"@id\":\"https:\\\/\\\/www.altercampagne.net\\\/?p=4660\"},\"author\":{\"name\":\"Mathieu\",\"@id\":\"https:\\\/\\\/www.altercampagne.net\\\/#\\\/schema\\\/person\\\/0f261460c09e430caa0f9bcffa319109\"},\"headline\":\"Les Miels d&rsquo;Armorique et la Maison du cidre\",\"datePublished\":\"2010-07-22T13:32:36+00:00\",\"dateModified\":\"2020-03-06T13:12:49+00:00\",\"mainEntityOfPage\":{\"@id\":\"https:\\\/\\\/www.altercampagne.net\\\/?p=4660\"},\"wordCount\":244,\"image\":{\"@id\":\"https:\\\/\\\/www.altercampagne.net\\\/?p=4660#primaryimage\"},\"thumbnailUrl\":\"https:\\\/\\\/www.altercampagne.net\\\/wp-content\\\/uploads\\\/2010\\\/07\\\/2010-07-22_13.44.jpg\",\"keywords\":[\"bretagne\",\"finist\u00e8re\",\"AlterTour 2010\",\"2010\",\"Argol\",\"maison du cidre\",\"Miels d'Armorique\"],\"articleSection\":[\"Agriculture\",\"Bretagne\",\"Edition 2010\"],\"inLanguage\":\"fr-FR\"},{\"@type\":\"WebPage\",\"@id\":\"https:\\\/\\\/www.altercampagne.net\\\/?p=4660\",\"url\":\"https:\\\/\\\/www.altercampagne.net\\\/?p=4660\",\"name\":\"Les Miels d'Armorique et la Maison du cidre - AlterTour\",\"isPartOf\":{\"@id\":\"https:\\\/\\\/www.altercampagne.net\\\/#website\"},\"primaryImageOfPage\":{\"@id\":\"https:\\\/\\\/www.altercampagne.net\\\/?p=4660#primaryimage\"},\"image\":{\"@id\":\"https:\\\/\\\/www.altercampagne.net\\\/?p=4660#primaryimage\"},\"thumbnailUrl\":\"https:\\\/\\\/www.altercampagne.net\\\/wp-content\\\/uploads\\\/2010\\\/07\\\/2010-07-22_13.44.jpg\",\"datePublished\":\"2010-07-22T13:32:36+00:00\",\"dateModified\":\"2020-03-06T13:12:49+00:00\",\"author\":{\"@id\":\"https:\\\/\\\/www.altercampagne.net\\\/#\\\/schema\\\/person\\\/0f261460c09e430caa0f9bcffa319109\"},\"breadcrumb\":{\"@id\":\"https:\\\/\\\/www.altercampagne.net\\\/?p=4660#breadcrumb\"},\"inLanguage\":\"fr-FR\",\"potentialAction\":[{\"@type\":\"ReadAction\",\"target\":[\"https:\\\/\\\/www.altercampagne.net\\\/?p=4660\"]}]},{\"@type\":\"ImageObject\",\"inLanguage\":\"fr-FR\",\"@id\":\"https:\\\/\\\/www.altercampagne.net\\\/?p=4660#primaryimage\",\"url\":\"https:\\\/\\\/www.altercampagne.net\\\/wp-content\\\/uploads\\\/2010\\\/07\\\/2010-07-22_13.44.jpg\",\"contentUrl\":\"https:\\\/\\\/www.altercampagne.net\\\/wp-content\\\/uploads\\\/2010\\\/07\\\/2010-07-22_13.44.jpg\",\"width\":695,\"height\":363},{\"@type\":\"BreadcrumbList\",\"@id\":\"https:\\\/\\\/www.altercampagne.net\\\/?p=4660#breadcrumb\",\"itemListElement\":[{\"@type\":\"ListItem\",\"position\":1,\"name\":\"Accueil\",\"item\":\"https:\\\/\\\/www.altercampagne.net\\\/\"},{\"@type\":\"ListItem\",\"position\":2,\"name\":\"Les Miels d&rsquo;Armorique et la Maison du cidre\"}]},{\"@type\":\"WebSite\",\"@id\":\"https:\\\/\\\/www.altercampagne.net\\\/#website\",\"url\":\"https:\\\/\\\/www.altercampagne.net\\\/\",\"name\":\"AlterTour\",\"description\":\"Reliez les Alternatives \u00e0 v\u00e9lo\",\"potentialAction\":[{\"@type\":\"SearchAction\",\"target\":{\"@type\":\"EntryPoint\",\"urlTemplate\":\"https:\\\/\\\/www.altercampagne.net\\\/?s={search_term_string}\"},\"query-input\":{\"@type\":\"PropertyValueSpecification\",\"valueRequired\":true,\"valueName\":\"search_term_string\"}}],\"inLanguage\":\"fr-FR\"},{\"@type\":\"Person\",\"@id\":\"https:\\\/\\\/www.altercampagne.net\\\/#\\\/schema\\\/person\\\/0f261460c09e430caa0f9bcffa319109\",\"name\":\"Mathieu\",\"image\":{\"@type\":\"ImageObject\",\"inLanguage\":\"fr-FR\",\"@id\":\"https:\\\/\\\/secure.gravatar.com\\\/avatar\\\/aa9d3d24c83f2141e5e2709d0f63d09a99f6be6bb7a50abc4915838d9f54501a?s=96&d=mm&r=g\",\"url\":\"https:\\\/\\\/secure.gravatar.com\\\/avatar\\\/aa9d3d24c83f2141e5e2709d0f63d09a99f6be6bb7a50abc4915838d9f54501a?s=96&d=mm&r=g\",\"contentUrl\":\"https:\\\/\\\/secure.gravatar.com\\\/avatar\\\/aa9d3d24c83f2141e5e2709d0f63d09a99f6be6bb7a50abc4915838d9f54501a?s=96&d=mm&r=g\",\"caption\":\"Mathieu\"},\"url\":\"https:\\\/\\\/www.altercampagne.net\\\/?author=214\"}]}<\/script>\n<!-- \/ Yoast SEO plugin. -->","yoast_head_json":{"title":"Les Miels d'Armorique et la Maison du cidre - AlterTour","robots":{"index":"index","follow":"follow","max-snippet":"max-snippet:-1","max-image-preview":"max-image-preview:large","max-video-preview":"max-video-preview:-1"},"canonical":"https:\/\/www.altercampagne.net\/?p=4660","og_locale":"fr_FR","og_type":"article","og_title":"Les Miels d'Armorique et la Maison du cidre - AlterTour","og_description":"A Saint Cadou, les agriculteurs repr\u00e9sent\u00e9s par Thierry nous font part de leurs probl\u00e8mes sur la Fi\u00e8vre Catarrhale Ovine. Vaccination des cheptels impos\u00e9e malgr\u00e9 aucune preuve d\u2019efficacit\u00e9. http:\/\/www.collectif.org\/ Abeilles en danger Midi : arr\u00eat aux Miels d&rsquo;Armorique \u00e0 Argol Alain David apiculteur bio nous fait une d\u00e9monstration d\u2019extraction de miel, ... Read More","og_url":"https:\/\/www.altercampagne.net\/?p=4660","og_site_name":"AlterTour","article_published_time":"2010-07-22T13:32:36+00:00","article_modified_time":"2020-03-06T13:12:49+00:00","og_image":[{"width":695,"height":363,"url":"https:\/\/www.altercampagne.net\/wp-content\/uploads\/2010\/07\/2010-07-22_13.44.jpg","type":"image\/jpeg"}],"author":"Mathieu","twitter_card":"summary_large_image","twitter_misc":{"\u00c9crit par":"Mathieu","Dur\u00e9e de lecture estim\u00e9e":"1 minute"},"schema":{"@context":"https:\/\/schema.org","@graph":[{"@type":"Article","@id":"https:\/\/www.altercampagne.net\/?p=4660#article","isPartOf":{"@id":"https:\/\/www.altercampagne.net\/?p=4660"},"author":{"name":"Mathieu","@id":"https:\/\/www.altercampagne.net\/#\/schema\/person\/0f261460c09e430caa0f9bcffa319109"},"headline":"Les Miels d&rsquo;Armorique et la Maison du cidre","datePublished":"2010-07-22T13:32:36+00:00","dateModified":"2020-03-06T13:12:49+00:00","mainEntityOfPage":{"@id":"https:\/\/www.altercampagne.net\/?p=4660"},"wordCount":244,"image":{"@id":"https:\/\/www.altercampagne.net\/?p=4660#primaryimage"},"thumbnailUrl":"https:\/\/www.altercampagne.net\/wp-content\/uploads\/2010\/07\/2010-07-22_13.44.jpg","keywords":["bretagne","finist\u00e8re","AlterTour 2010","2010","Argol","maison du cidre","Miels d'Armorique"],"articleSection":["Agriculture","Bretagne","Edition 2010"],"inLanguage":"fr-FR"},{"@type":"WebPage","@id":"https:\/\/www.altercampagne.net\/?p=4660","url":"https:\/\/www.altercampagne.net\/?p=4660","name":"Les Miels d'Armorique et la Maison du cidre - AlterTour","isPartOf":{"@id":"https:\/\/www.altercampagne.net\/#website"},"primaryImageOfPage":{"@id":"https:\/\/www.altercampagne.net\/?p=4660#primaryimage"},"image":{"@id":"https:\/\/www.altercampagne.net\/?p=4660#primaryimage"},"thumbnailUrl":"https:\/\/www.altercampagne.net\/wp-content\/uploads\/2010\/07\/2010-07-22_13.44.jpg","datePublished":"2010-07-22T13:32:36+00:00","dateModified":"2020-03-06T13:12:49+00:00","author":{"@id":"https:\/\/www.altercampagne.net\/#\/schema\/person\/0f261460c09e430caa0f9bcffa319109"},"breadcrumb":{"@id":"https:\/\/www.altercampagne.net\/?p=4660#breadcrumb"},"inLanguage":"fr-FR","potentialAction":[{"@type":"ReadAction","target":["https:\/\/www.altercampagne.net\/?p=4660"]}]},{"@type":"ImageObject","inLanguage":"fr-FR","@id":"https:\/\/www.altercampagne.net\/?p=4660#primaryimage","url":"https:\/\/www.altercampagne.net\/wp-content\/uploads\/2010\/07\/2010-07-22_13.44.jpg","contentUrl":"https:\/\/www.altercampagne.net\/wp-content\/uploads\/2010\/07\/2010-07-22_13.44.jpg","width":695,"height":363},{"@type":"BreadcrumbList","@id":"https:\/\/www.altercampagne.net\/?p=4660#breadcrumb","itemListElement":[{"@type":"ListItem","position":1,"name":"Accueil","item":"https:\/\/www.altercampagne.net\/"},{"@type":"ListItem","position":2,"name":"Les Miels d&rsquo;Armorique et la Maison du cidre"}]},{"@type":"WebSite","@id":"https:\/\/www.altercampagne.net\/#website","url":"https:\/\/www.altercampagne.net\/","name":"AlterTour","description":"Reliez les Alternatives \u00e0 v\u00e9lo","potentialAction":[{"@type":"SearchAction","target":{"@type":"EntryPoint","urlTemplate":"https:\/\/www.altercampagne.net\/?s={search_term_string}"},"query-input":{"@type":"PropertyValueSpecification","valueRequired":true,"valueName":"search_term_string"}}],"inLanguage":"fr-FR"},{"@type":"Person","@id":"https:\/\/www.altercampagne.net\/#\/schema\/person\/0f261460c09e430caa0f9bcffa319109","name":"Mathieu","image":{"@type":"ImageObject","inLanguage":"fr-FR","@id":"https:\/\/secure.gravatar.com\/avatar\/aa9d3d24c83f2141e5e2709d0f63d09a99f6be6bb7a50abc4915838d9f54501a?s=96&d=mm&r=g","url":"https:\/\/secure.gravatar.com\/avatar\/aa9d3d24c83f2141e5e2709d0f63d09a99f6be6bb7a50abc4915838d9f54501a?s=96&d=mm&r=g","contentUrl":"https:\/\/secure.gravatar.com\/avatar\/aa9d3d24c83f2141e5e2709d0f63d09a99f6be6bb7a50abc4915838d9f54501a?s=96&d=mm&r=g","caption":"Mathieu"},"url":"https:\/\/www.altercampagne.net\/?author=214"}]}},"_links":{"self":[{"href":"https:\/\/www.altercampagne.net\/index.php?rest_route=\/wp\/v2\/posts\/4660","targetHints":{"allow":["GET"]}}],"collection":[{"href":"https:\/\/www.altercampagne.net\/index.php?rest_route=\/wp\/v2\/posts"}],"about":[{"href":"https:\/\/www.altercampagne.net\/index.php?rest_route=\/wp\/v2\/types\/post"}],"author":[{"embeddable":true,"href":"https:\/\/www.altercampagne.net\/index.php?rest_route=\/wp\/v2\/users\/214"}],"replies":[{"embeddable":true,"href":"https:\/\/www.altercampagne.net\/index.php?rest_route=%2Fwp%2Fv2%2Fcomments&post=4660"}],"version-history":[{"count":2,"href":"https:\/\/www.altercampagne.net\/index.php?rest_route=\/wp\/v2\/posts\/4660\/revisions"}],"predecessor-version":[{"id":17650,"href":"https:\/\/www.altercampagne.net\/index.php?rest_route=\/wp\/v2\/posts\/4660\/revisions\/17650"}],"wp:featuredmedia":[{"embeddable":true,"href":"https:\/\/www.altercampagne.net\/index.php?rest_route=\/wp\/v2\/media\/17649"}],"wp:attachment":[{"href":"https:\/\/www.altercampagne.net\/index.php?rest_route=%2Fwp%2Fv2%2Fmedia&parent=4660"}],"wp:term":[{"taxonomy":"category","embeddable":true,"href":"https:\/\/www.altercampagne.net\/index.php?rest_route=%2Fwp%2Fv2%2Fcategories&post=4660"},{"taxonomy":"post_tag","embeddable":true,"href":"https:\/\/www.altercampagne.net\/index.php?rest_route=%2Fwp%2Fv2%2Ftags&post=4660"}],"curies":[{"name":"wp","href":"https:\/\/api.w.org\/{rel}","templated":true}]}}