{"id":4672,"date":"2010-07-21T15:51:22","date_gmt":"2010-07-21T13:51:22","guid":{"rendered":"http:\/\/www.altercampagne.net\/?p=4672"},"modified":"2020-03-06T14:07:38","modified_gmt":"2020-03-06T13:07:38","slug":"etape-du-21-juillet-loasis-de-pen-an-hoat-la-pepiniere-du-stivel-et-la-ferme-de-roz-ar-choel","status":"publish","type":"post","link":"https:\/\/www.altercampagne.net\/?p=4672","title":{"rendered":"L&rsquo;Oasis de Pen an Hoat, la P\u00e9pini\u00e8re du Stivel et la Ferme de Roz ar c\u2019hoel"},"content":{"rendered":"<p>Pause \u00e0 l\u2019<strong><a href=\"http:\/\/www.oasispenanhoat.com\/\" target=\"_blank\" rel=\"noopener noreferrer\">Oasis de Pen an Hoat<\/a><\/strong> \u00e0 Kergrist-Mo\u00eblou qui fait de l\u2019accueil et propose des formations agro-\u00e9cologiques. Visite des toilettes s\u00e8ches r\u00e9alis\u00e9es par l\u2019association Lao.<\/p>\n<p>Midi : repas \u00e0 la <strong><a href=\"http:\/\/www.pepiniere-du-stivel.com\/\" target=\"_blank\" rel=\"noopener noreferrer\">P\u00e9pini\u00e8re du Stivel<\/a><\/strong> \u00e0 Poullaouen. Jean-Marie Le Guenver nous pr\u00e9sente les lieux et nous fait part de sa passion : la botanique.<\/p>\n<p><strong><img loading=\"lazy\" decoding=\"async\" class=\" alignright\" src=\"https:\/\/lh3.googleusercontent.com\/-LT59dAF_iHs\/T3xisJvPnPI\/AAAAAAAACN0\/zjPfXt036kg486ARhPRrHNMEQj2wWe1cACCo\/s912\/2010-07-21_19.58.45_1343_G-de-Crop.jpg\" alt=\"\" width=\"300\" height=\"201\">Un ancien coureur dop\u00e9 t\u00e9moigne<\/strong><\/p>\n<p>Soir\u00e9e \u00e0 Saint Cadou \u00e0 la Ferme de Roz ar c\u2019hoel (Chantal et Jackez) qui fait de l\u2019\u00e9levage de brebis et de la transformation en fromage. Tout en vente directe.<\/p>\n<p>Install\u00e9s en 1986, propri\u00e9taires du b\u00e2timent et locataires des terres. Le lieu est partag\u00e9 en deux avec le fiston et C\u00e9line. Ils produisent du fromage et du yaourt de brebis, de la viande et pratiquent du mara\u00eechage.<\/p>\n<p>Dans un caf\u00e9 nous rencontrons par hasard Claude Mehat, ancien coureur cycliste ayant consomm\u00e9 des substances dopantes durant 18 ans en semi-professionnel. Il accepte spontan\u00e9ment de venir t\u00e9moigner le soir. Le dopage tue : La sant\u00e9 de Claude n\u2019est pas brillante. Il \u00e9t\u00e9 greff\u00e9 d\u2019un rein \u00e0 35 ans et a subi un triple pontage&#8230; et il a vu plusieurs de ses coll\u00e8gues mourir..<\/p>\n<p><strong>Sortir du dopage \u00e9nerg\u00e9tique<\/strong><\/p>\n<p>Le soir, conf\u00e9rence avec le R\u00e9seau Sortir du Nucl\u00e9aire avec Bernadette Lallouet. L\u2019association locale redoute un d\u00e9mant\u00e8lement pr\u00e9cipit\u00e9 et dangereux de la centrale de Brenilis. Il faudrait attendre la baisse de la radioactivit\u00e9 des \u00e9l\u00e9ments \u00e0 demi vie courte.<\/p>\n<p>Concert \u00ab Trad Bretonne Fusion \u00bb avec le groupe Yod, puis Festnoz avec Georges Cadoual (81 ans)<\/p>\n<p>Entre 150 et 200 personnes \u00e0 cette soir\u00e9e.<\/p>\n","protected":false},"excerpt":{"rendered":"<p>Pause \u00e0 l\u2019Oasis de Pen an Hoat \u00e0 Kergrist-Mo\u00eblou qui fait de l\u2019accueil et propose des formations agro-\u00e9cologiques. Visite des toilettes s\u00e8ches r\u00e9alis\u00e9es par l\u2019association Lao. Midi : repas \u00e0 la P\u00e9pini\u00e8re du Stivel \u00e0 Poullaouen. Jean-Marie Le Guenver nous pr\u00e9sente les lieux et nous fait part de sa passion &#8230; <\/p>\n<div><a href=\"https:\/\/www.altercampagne.net\/?p=4672\" class=\"more-link\">Read More<\/a><\/div>\n","protected":false},"author":214,"featured_media":17647,"comment_status":"closed","ping_status":"closed","sticky":false,"template":"","format":"standard","meta":{"footnotes":""},"categories":[3483,3472,3493],"tags":[20,410,1301,1669,2095,2321,2322,2323,2324,2325,2326,2327,2328,2329,2330],"class_list":["post-4672","post","type-post","status-publish","format-standard","has-post-thumbnail","hentry","category-agriculture","category-bretagne","category-edition-2010","tag-bretagne","tag-finistere","tag-altertour-2010","tag-cotes-darmor","tag-2095","tag-oasis-de-pen-an-hoat","tag-pepiniere-du-stivel","tag-ferme-de-roz-ar-choel","tag-saint-cadou","tag-yod","tag-georges-cadoual","tag-claude-mehat","tag-jean-marie-le-guenver","tag-kergrist-moelou","tag-poullaouen"],"yoast_head":"<!-- This site is optimized with the Yoast SEO plugin v27.3 - https:\/\/yoast.com\/product\/yoast-seo-wordpress\/ -->\n<title>L&#039;Oasis de Pen an Hoat, la P\u00e9pini\u00e8re du Stivel et la Ferme de Roz ar c\u2019hoel - AlterTour<\/title>\n<meta name=\"robots\" content=\"index, follow, max-snippet:-1, max-image-preview:large, max-video-preview:-1\" \/>\n<link rel=\"canonical\" href=\"https:\/\/www.altercampagne.net\/?p=4672\" \/>\n<meta property=\"og:locale\" content=\"fr_FR\" \/>\n<meta property=\"og:type\" content=\"article\" \/>\n<meta property=\"og:title\" content=\"L&#039;Oasis de Pen an Hoat, la P\u00e9pini\u00e8re du Stivel et la Ferme de Roz ar c\u2019hoel - AlterTour\" \/>\n<meta property=\"og:description\" content=\"Pause \u00e0 l\u2019Oasis de Pen an Hoat \u00e0 Kergrist-Mo\u00eblou qui fait de l\u2019accueil et propose des formations agro-\u00e9cologiques. Visite des toilettes s\u00e8ches r\u00e9alis\u00e9es par l\u2019association Lao. Midi : repas \u00e0 la P\u00e9pini\u00e8re du Stivel \u00e0 Poullaouen. Jean-Marie Le Guenver nous pr\u00e9sente les lieux et nous fait part de sa passion ... Read More\" \/>\n<meta property=\"og:url\" content=\"https:\/\/www.altercampagne.net\/?p=4672\" \/>\n<meta property=\"og:site_name\" content=\"AlterTour\" \/>\n<meta property=\"article:published_time\" content=\"2010-07-21T13:51:22+00:00\" \/>\n<meta property=\"article:modified_time\" content=\"2020-03-06T13:07:38+00:00\" \/>\n<meta property=\"og:image\" content=\"https:\/\/www.altercampagne.net\/wp-content\/uploads\/2010\/07\/2010-07-21_23.14.jpg\" \/>\n\t<meta property=\"og:image:width\" content=\"695\" \/>\n\t<meta property=\"og:image:height\" content=\"363\" \/>\n\t<meta property=\"og:image:type\" content=\"image\/jpeg\" \/>\n<meta name=\"author\" content=\"Mathieu\" \/>\n<meta name=\"twitter:card\" content=\"summary_large_image\" \/>\n<meta name=\"twitter:label1\" content=\"\u00c9crit par\" \/>\n\t<meta name=\"twitter:data1\" content=\"Mathieu\" \/>\n\t<meta name=\"twitter:label2\" content=\"Dur\u00e9e de lecture estim\u00e9e\" \/>\n\t<meta name=\"twitter:data2\" content=\"1 minute\" \/>\n<script type=\"application\/ld+json\" class=\"yoast-schema-graph\">{\"@context\":\"https:\\\/\\\/schema.org\",\"@graph\":[{\"@type\":\"Article\",\"@id\":\"https:\\\/\\\/www.altercampagne.net\\\/?p=4672#article\",\"isPartOf\":{\"@id\":\"https:\\\/\\\/www.altercampagne.net\\\/?p=4672\"},\"author\":{\"name\":\"Mathieu\",\"@id\":\"https:\\\/\\\/www.altercampagne.net\\\/#\\\/schema\\\/person\\\/0f261460c09e430caa0f9bcffa319109\"},\"headline\":\"L&rsquo;Oasis de Pen an Hoat, la P\u00e9pini\u00e8re du Stivel et la Ferme de Roz ar c\u2019hoel\",\"datePublished\":\"2010-07-21T13:51:22+00:00\",\"dateModified\":\"2020-03-06T13:07:38+00:00\",\"mainEntityOfPage\":{\"@id\":\"https:\\\/\\\/www.altercampagne.net\\\/?p=4672\"},\"wordCount\":292,\"image\":{\"@id\":\"https:\\\/\\\/www.altercampagne.net\\\/?p=4672#primaryimage\"},\"thumbnailUrl\":\"https:\\\/\\\/www.altercampagne.net\\\/wp-content\\\/uploads\\\/2010\\\/07\\\/2010-07-21_23.14.jpg\",\"keywords\":[\"bretagne\",\"finist\u00e8re\",\"AlterTour 2010\",\"C\u00f4tes-d'Armor\",\"2010\",\"Oasis de Pen an Hoat\",\"P\u00e9pini\u00e8re du Stivel\",\"Ferme de Roz ar c\u2019hoel\",\"Saint Cadou\",\"Yod\",\"Georges Cadoual\",\"Claude Mehat\",\"Jean-Marie Le Guenver\",\"Kergrist-Mo\u00eblou\",\"Poullaouen\"],\"articleSection\":[\"Agriculture\",\"Bretagne\",\"Edition 2010\"],\"inLanguage\":\"fr-FR\"},{\"@type\":\"WebPage\",\"@id\":\"https:\\\/\\\/www.altercampagne.net\\\/?p=4672\",\"url\":\"https:\\\/\\\/www.altercampagne.net\\\/?p=4672\",\"name\":\"L'Oasis de Pen an Hoat, la P\u00e9pini\u00e8re du Stivel et la Ferme de Roz ar c\u2019hoel - AlterTour\",\"isPartOf\":{\"@id\":\"https:\\\/\\\/www.altercampagne.net\\\/#website\"},\"primaryImageOfPage\":{\"@id\":\"https:\\\/\\\/www.altercampagne.net\\\/?p=4672#primaryimage\"},\"image\":{\"@id\":\"https:\\\/\\\/www.altercampagne.net\\\/?p=4672#primaryimage\"},\"thumbnailUrl\":\"https:\\\/\\\/www.altercampagne.net\\\/wp-content\\\/uploads\\\/2010\\\/07\\\/2010-07-21_23.14.jpg\",\"datePublished\":\"2010-07-21T13:51:22+00:00\",\"dateModified\":\"2020-03-06T13:07:38+00:00\",\"author\":{\"@id\":\"https:\\\/\\\/www.altercampagne.net\\\/#\\\/schema\\\/person\\\/0f261460c09e430caa0f9bcffa319109\"},\"breadcrumb\":{\"@id\":\"https:\\\/\\\/www.altercampagne.net\\\/?p=4672#breadcrumb\"},\"inLanguage\":\"fr-FR\",\"potentialAction\":[{\"@type\":\"ReadAction\",\"target\":[\"https:\\\/\\\/www.altercampagne.net\\\/?p=4672\"]}]},{\"@type\":\"ImageObject\",\"inLanguage\":\"fr-FR\",\"@id\":\"https:\\\/\\\/www.altercampagne.net\\\/?p=4672#primaryimage\",\"url\":\"https:\\\/\\\/www.altercampagne.net\\\/wp-content\\\/uploads\\\/2010\\\/07\\\/2010-07-21_23.14.jpg\",\"contentUrl\":\"https:\\\/\\\/www.altercampagne.net\\\/wp-content\\\/uploads\\\/2010\\\/07\\\/2010-07-21_23.14.jpg\",\"width\":695,\"height\":363},{\"@type\":\"BreadcrumbList\",\"@id\":\"https:\\\/\\\/www.altercampagne.net\\\/?p=4672#breadcrumb\",\"itemListElement\":[{\"@type\":\"ListItem\",\"position\":1,\"name\":\"Accueil\",\"item\":\"https:\\\/\\\/www.altercampagne.net\\\/\"},{\"@type\":\"ListItem\",\"position\":2,\"name\":\"L&rsquo;Oasis de Pen an Hoat, la P\u00e9pini\u00e8re du Stivel et la Ferme de Roz ar c\u2019hoel\"}]},{\"@type\":\"WebSite\",\"@id\":\"https:\\\/\\\/www.altercampagne.net\\\/#website\",\"url\":\"https:\\\/\\\/www.altercampagne.net\\\/\",\"name\":\"AlterTour\",\"description\":\"Reliez les Alternatives \u00e0 v\u00e9lo\",\"potentialAction\":[{\"@type\":\"SearchAction\",\"target\":{\"@type\":\"EntryPoint\",\"urlTemplate\":\"https:\\\/\\\/www.altercampagne.net\\\/?s={search_term_string}\"},\"query-input\":{\"@type\":\"PropertyValueSpecification\",\"valueRequired\":true,\"valueName\":\"search_term_string\"}}],\"inLanguage\":\"fr-FR\"},{\"@type\":\"Person\",\"@id\":\"https:\\\/\\\/www.altercampagne.net\\\/#\\\/schema\\\/person\\\/0f261460c09e430caa0f9bcffa319109\",\"name\":\"Mathieu\",\"image\":{\"@type\":\"ImageObject\",\"inLanguage\":\"fr-FR\",\"@id\":\"https:\\\/\\\/secure.gravatar.com\\\/avatar\\\/aa9d3d24c83f2141e5e2709d0f63d09a99f6be6bb7a50abc4915838d9f54501a?s=96&d=mm&r=g\",\"url\":\"https:\\\/\\\/secure.gravatar.com\\\/avatar\\\/aa9d3d24c83f2141e5e2709d0f63d09a99f6be6bb7a50abc4915838d9f54501a?s=96&d=mm&r=g\",\"contentUrl\":\"https:\\\/\\\/secure.gravatar.com\\\/avatar\\\/aa9d3d24c83f2141e5e2709d0f63d09a99f6be6bb7a50abc4915838d9f54501a?s=96&d=mm&r=g\",\"caption\":\"Mathieu\"},\"url\":\"https:\\\/\\\/www.altercampagne.net\\\/?author=214\"}]}<\/script>\n<!-- \/ Yoast SEO plugin. -->","yoast_head_json":{"title":"L'Oasis de Pen an Hoat, la P\u00e9pini\u00e8re du Stivel et la Ferme de Roz ar c\u2019hoel - AlterTour","robots":{"index":"index","follow":"follow","max-snippet":"max-snippet:-1","max-image-preview":"max-image-preview:large","max-video-preview":"max-video-preview:-1"},"canonical":"https:\/\/www.altercampagne.net\/?p=4672","og_locale":"fr_FR","og_type":"article","og_title":"L'Oasis de Pen an Hoat, la P\u00e9pini\u00e8re du Stivel et la Ferme de Roz ar c\u2019hoel - AlterTour","og_description":"Pause \u00e0 l\u2019Oasis de Pen an Hoat \u00e0 Kergrist-Mo\u00eblou qui fait de l\u2019accueil et propose des formations agro-\u00e9cologiques. Visite des toilettes s\u00e8ches r\u00e9alis\u00e9es par l\u2019association Lao. Midi : repas \u00e0 la P\u00e9pini\u00e8re du Stivel \u00e0 Poullaouen. Jean-Marie Le Guenver nous pr\u00e9sente les lieux et nous fait part de sa passion ... Read More","og_url":"https:\/\/www.altercampagne.net\/?p=4672","og_site_name":"AlterTour","article_published_time":"2010-07-21T13:51:22+00:00","article_modified_time":"2020-03-06T13:07:38+00:00","og_image":[{"width":695,"height":363,"url":"https:\/\/www.altercampagne.net\/wp-content\/uploads\/2010\/07\/2010-07-21_23.14.jpg","type":"image\/jpeg"}],"author":"Mathieu","twitter_card":"summary_large_image","twitter_misc":{"\u00c9crit par":"Mathieu","Dur\u00e9e de lecture estim\u00e9e":"1 minute"},"schema":{"@context":"https:\/\/schema.org","@graph":[{"@type":"Article","@id":"https:\/\/www.altercampagne.net\/?p=4672#article","isPartOf":{"@id":"https:\/\/www.altercampagne.net\/?p=4672"},"author":{"name":"Mathieu","@id":"https:\/\/www.altercampagne.net\/#\/schema\/person\/0f261460c09e430caa0f9bcffa319109"},"headline":"L&rsquo;Oasis de Pen an Hoat, la P\u00e9pini\u00e8re du Stivel et la Ferme de Roz ar c\u2019hoel","datePublished":"2010-07-21T13:51:22+00:00","dateModified":"2020-03-06T13:07:38+00:00","mainEntityOfPage":{"@id":"https:\/\/www.altercampagne.net\/?p=4672"},"wordCount":292,"image":{"@id":"https:\/\/www.altercampagne.net\/?p=4672#primaryimage"},"thumbnailUrl":"https:\/\/www.altercampagne.net\/wp-content\/uploads\/2010\/07\/2010-07-21_23.14.jpg","keywords":["bretagne","finist\u00e8re","AlterTour 2010","C\u00f4tes-d'Armor","2010","Oasis de Pen an Hoat","P\u00e9pini\u00e8re du Stivel","Ferme de Roz ar c\u2019hoel","Saint Cadou","Yod","Georges Cadoual","Claude Mehat","Jean-Marie Le Guenver","Kergrist-Mo\u00eblou","Poullaouen"],"articleSection":["Agriculture","Bretagne","Edition 2010"],"inLanguage":"fr-FR"},{"@type":"WebPage","@id":"https:\/\/www.altercampagne.net\/?p=4672","url":"https:\/\/www.altercampagne.net\/?p=4672","name":"L'Oasis de Pen an Hoat, la P\u00e9pini\u00e8re du Stivel et la Ferme de Roz ar c\u2019hoel - AlterTour","isPartOf":{"@id":"https:\/\/www.altercampagne.net\/#website"},"primaryImageOfPage":{"@id":"https:\/\/www.altercampagne.net\/?p=4672#primaryimage"},"image":{"@id":"https:\/\/www.altercampagne.net\/?p=4672#primaryimage"},"thumbnailUrl":"https:\/\/www.altercampagne.net\/wp-content\/uploads\/2010\/07\/2010-07-21_23.14.jpg","datePublished":"2010-07-21T13:51:22+00:00","dateModified":"2020-03-06T13:07:38+00:00","author":{"@id":"https:\/\/www.altercampagne.net\/#\/schema\/person\/0f261460c09e430caa0f9bcffa319109"},"breadcrumb":{"@id":"https:\/\/www.altercampagne.net\/?p=4672#breadcrumb"},"inLanguage":"fr-FR","potentialAction":[{"@type":"ReadAction","target":["https:\/\/www.altercampagne.net\/?p=4672"]}]},{"@type":"ImageObject","inLanguage":"fr-FR","@id":"https:\/\/www.altercampagne.net\/?p=4672#primaryimage","url":"https:\/\/www.altercampagne.net\/wp-content\/uploads\/2010\/07\/2010-07-21_23.14.jpg","contentUrl":"https:\/\/www.altercampagne.net\/wp-content\/uploads\/2010\/07\/2010-07-21_23.14.jpg","width":695,"height":363},{"@type":"BreadcrumbList","@id":"https:\/\/www.altercampagne.net\/?p=4672#breadcrumb","itemListElement":[{"@type":"ListItem","position":1,"name":"Accueil","item":"https:\/\/www.altercampagne.net\/"},{"@type":"ListItem","position":2,"name":"L&rsquo;Oasis de Pen an Hoat, la P\u00e9pini\u00e8re du Stivel et la Ferme de Roz ar c\u2019hoel"}]},{"@type":"WebSite","@id":"https:\/\/www.altercampagne.net\/#website","url":"https:\/\/www.altercampagne.net\/","name":"AlterTour","description":"Reliez les Alternatives \u00e0 v\u00e9lo","potentialAction":[{"@type":"SearchAction","target":{"@type":"EntryPoint","urlTemplate":"https:\/\/www.altercampagne.net\/?s={search_term_string}"},"query-input":{"@type":"PropertyValueSpecification","valueRequired":true,"valueName":"search_term_string"}}],"inLanguage":"fr-FR"},{"@type":"Person","@id":"https:\/\/www.altercampagne.net\/#\/schema\/person\/0f261460c09e430caa0f9bcffa319109","name":"Mathieu","image":{"@type":"ImageObject","inLanguage":"fr-FR","@id":"https:\/\/secure.gravatar.com\/avatar\/aa9d3d24c83f2141e5e2709d0f63d09a99f6be6bb7a50abc4915838d9f54501a?s=96&d=mm&r=g","url":"https:\/\/secure.gravatar.com\/avatar\/aa9d3d24c83f2141e5e2709d0f63d09a99f6be6bb7a50abc4915838d9f54501a?s=96&d=mm&r=g","contentUrl":"https:\/\/secure.gravatar.com\/avatar\/aa9d3d24c83f2141e5e2709d0f63d09a99f6be6bb7a50abc4915838d9f54501a?s=96&d=mm&r=g","caption":"Mathieu"},"url":"https:\/\/www.altercampagne.net\/?author=214"}]}},"_links":{"self":[{"href":"https:\/\/www.altercampagne.net\/index.php?rest_route=\/wp\/v2\/posts\/4672","targetHints":{"allow":["GET"]}}],"collection":[{"href":"https:\/\/www.altercampagne.net\/index.php?rest_route=\/wp\/v2\/posts"}],"about":[{"href":"https:\/\/www.altercampagne.net\/index.php?rest_route=\/wp\/v2\/types\/post"}],"author":[{"embeddable":true,"href":"https:\/\/www.altercampagne.net\/index.php?rest_route=\/wp\/v2\/users\/214"}],"replies":[{"embeddable":true,"href":"https:\/\/www.altercampagne.net\/index.php?rest_route=%2Fwp%2Fv2%2Fcomments&post=4672"}],"version-history":[{"count":2,"href":"https:\/\/www.altercampagne.net\/index.php?rest_route=\/wp\/v2\/posts\/4672\/revisions"}],"predecessor-version":[{"id":17648,"href":"https:\/\/www.altercampagne.net\/index.php?rest_route=\/wp\/v2\/posts\/4672\/revisions\/17648"}],"wp:featuredmedia":[{"embeddable":true,"href":"https:\/\/www.altercampagne.net\/index.php?rest_route=\/wp\/v2\/media\/17647"}],"wp:attachment":[{"href":"https:\/\/www.altercampagne.net\/index.php?rest_route=%2Fwp%2Fv2%2Fmedia&parent=4672"}],"wp:term":[{"taxonomy":"category","embeddable":true,"href":"https:\/\/www.altercampagne.net\/index.php?rest_route=%2Fwp%2Fv2%2Fcategories&post=4672"},{"taxonomy":"post_tag","embeddable":true,"href":"https:\/\/www.altercampagne.net\/index.php?rest_route=%2Fwp%2Fv2%2Ftags&post=4672"}],"curies":[{"name":"wp","href":"https:\/\/api.w.org\/{rel}","templated":true}]}}