{"id":4674,"date":"2010-07-20T16:09:12","date_gmt":"2010-07-20T14:09:12","guid":{"rendered":"http:\/\/www.altercampagne.net\/?p=4674"},"modified":"2020-03-06T14:04:19","modified_gmt":"2020-03-06T13:04:19","slug":"etape-du-20-juillet-andre-pochon-lchanvre-et-la-commune-de-tremarguat","status":"publish","type":"post","link":"https:\/\/www.altercampagne.net\/?p=4674","title":{"rendered":"Andr\u00e9 Pochon, Lchanvre et la commune de Tr\u00e9marguat"},"content":{"rendered":"<p><strong><img loading=\"lazy\" decoding=\"async\" class=\" alignleft\" src=\"https:\/\/lh3.googleusercontent.com\/-p8JVkyxBEns\/T3xqPsedSgI\/AAAAAAAADBw\/qUuOzU9zRcI2nM_7oujiJSLWAMMsoIYxgCCo\/s640\/2010-07-20_14.23.19_6668_G-de-CROP.jpg\" alt=\"\" width=\"203\" height=\"309\" \/>Du tr\u00e8fle pour les vaches&#8230;<\/strong><\/p>\n<p><strong>A midi \u00e0 Saint-Bihy<\/strong>, rencontre avec Andr\u00e9 Pochon, pionnier de l\u2019\u00e9levage durable en Bretagne.<\/p>\n<p>Il nous rappelle les raisons du d\u00e9veloppement des algues vertes qui date de d\u00e9but 1976 pour l\u2019origine du ph\u00e9nom\u00e8ne.<\/p>\n<p>Le d\u00e9veloppement du syst\u00e8me agricole en Bretagne se r\u00e9alise surtout entre 1955 et 1970 avec la \u00ab r\u00e9volution fourrag\u00e8re \u00bb : il s\u2019agit de \u00ab cultiver la prairie \u00bb. Cela permet de sortir la r\u00e9gion de son sous-d\u00e9veloppement mais on bascule par la suite dans la d\u00e9mesure et le productivisme : d\u00e9foncement des prairies permanentes pour en faire des prairies labour\u00e9es et sem\u00e9es de semences achet\u00e9es aux industriels, puis adoption du syst\u00e8me ma\u00efs-soja au d\u00e9triment de l\u2019herbe, surdosage de la fertilisation et \u00e9levage hors-sol d\u00e9bordant de lisier.<\/p>\n<p>Les raisons de cette \u00e9volution sont :<\/p>\n<p>-L\u2019agrobusiness qui sonne la fin du syst\u00e8me \u00ab \u00e9conome-autonome \u00bb avec des coop\u00e9ratives, au d\u00e9part outil d\u2019\u00e9mancipation paysanne, qui recherchent un profit croissant.<\/p>\n<p>-L\u2019influence des \u00e9coles d\u2019agriculture sur les nouvelles g\u00e9n\u00e9rations<\/p>\n<p>-la Politique Agricole Commune (PAC) laissant un boulevard aux importations de soja. Le ma\u00efs \u00e9tant pauvre en prot\u00e9ines, les agriculteurs ont alors int\u00e9r\u00eat \u00e0 compl\u00e9ter la ration de leurs animaux par du soja \u00e0 bas prix.<\/p>\n<p>Face \u00e0 cette impasse, Andr\u00e9 Pochon a cr\u00e9\u00e9 une association : le CEDAPA qui a pour objectif d\u2019informer, convaincre, former les agriculteurs \u00e0 revenir \u00e0 un syst\u00e8me fourrager bas\u00e9 sur la prairie (notamment avec le tr\u00e8fle blanc, l\u00e9gumineuse riche en prot\u00e9ine). Gr\u00e2ce \u00e0 cette m\u00e9thode le revenu par agriculteur augmente d\u2019un tiers !<\/p>\n<p>Andr\u00e9 souligne aussi l\u2019importance du mouvement citoyen et une tendance \u00e0 une meilleure prise en compte du bien \u00eatre animal (certaines enseignes commerciales prennent d\u00e9sormais en compte les attentes des clients).<\/p>\n<p><strong>&#8230; Du chanvre pour les autres<\/strong><\/p>\n<p>L\u2019apr\u00e8s midi, visite de la\u00a0Chanvrerie :\u00a0 <strong><a href=\"http:\/\/lchanvre.com\/\" target=\"_blank\" rel=\"noopener noreferrer\">Lchanvre<\/a><\/strong>, par Christophe Latouche \u00e0 Lanrivain.<br \/>\nLe chanvre, un produit remarquable concernant tous ses produits (ch\u00e8nevotte, graine, huile, alimentation, textile&#8230;). Comme pour le cochon, \u00ab dans le chanvre, tout est bon \u00bb.<\/p>\n<p><strong>Soir\u00e9e Cr\u00eapes \u00e0 Tr\u00e9marguat<\/strong><br \/>\nAccueil par le Maire<\/p>\n","protected":false},"excerpt":{"rendered":"<p>Du tr\u00e8fle pour les vaches&#8230; A midi \u00e0 Saint-Bihy, rencontre avec Andr\u00e9 Pochon, pionnier de l\u2019\u00e9levage durable en Bretagne. Il nous rappelle les raisons du d\u00e9veloppement des algues vertes qui date de d\u00e9but 1976 pour l\u2019origine du ph\u00e9nom\u00e8ne. Le d\u00e9veloppement du syst\u00e8me agricole en Bretagne se r\u00e9alise surtout entre 1955 &#8230; <\/p>\n<div><a href=\"https:\/\/www.altercampagne.net\/?p=4674\" class=\"more-link\">Read More<\/a><\/div>\n","protected":false},"author":214,"featured_media":17644,"comment_status":"closed","ping_status":"closed","sticky":false,"template":"","format":"standard","meta":{"footnotes":""},"categories":[3483,3472,3493],"tags":[20,396,1301,1669,2095,2200,2201,2331,2332,2333],"class_list":["post-4674","post","type-post","status-publish","format-standard","has-post-thumbnail","hentry","category-agriculture","category-bretagne","category-edition-2010","tag-bretagne","tag-tremargat","tag-altertour-2010","tag-cotes-darmor","tag-2095","tag-saint-bihy","tag-andre-pochon","tag-lchanvre","tag-christophe-latouche","tag-lanrivain"],"yoast_head":"<!-- This site is optimized with the Yoast SEO plugin v27.3 - https:\/\/yoast.com\/product\/yoast-seo-wordpress\/ -->\n<title>Andr\u00e9 Pochon, Lchanvre et la commune de Tr\u00e9marguat - AlterTour<\/title>\n<meta name=\"robots\" content=\"index, follow, max-snippet:-1, max-image-preview:large, max-video-preview:-1\" \/>\n<link rel=\"canonical\" href=\"https:\/\/www.altercampagne.net\/?p=4674\" \/>\n<meta property=\"og:locale\" content=\"fr_FR\" \/>\n<meta property=\"og:type\" content=\"article\" \/>\n<meta property=\"og:title\" content=\"Andr\u00e9 Pochon, Lchanvre et la commune de Tr\u00e9marguat - AlterTour\" \/>\n<meta property=\"og:description\" content=\"Du tr\u00e8fle pour les vaches&#8230; A midi \u00e0 Saint-Bihy, rencontre avec Andr\u00e9 Pochon, pionnier de l\u2019\u00e9levage durable en Bretagne. Il nous rappelle les raisons du d\u00e9veloppement des algues vertes qui date de d\u00e9but 1976 pour l\u2019origine du ph\u00e9nom\u00e8ne. Le d\u00e9veloppement du syst\u00e8me agricole en Bretagne se r\u00e9alise surtout entre 1955 ... Read More\" \/>\n<meta property=\"og:url\" content=\"https:\/\/www.altercampagne.net\/?p=4674\" \/>\n<meta property=\"og:site_name\" content=\"AlterTour\" \/>\n<meta property=\"article:published_time\" content=\"2010-07-20T14:09:12+00:00\" \/>\n<meta property=\"article:modified_time\" content=\"2020-03-06T13:04:19+00:00\" \/>\n<meta property=\"og:image\" content=\"https:\/\/www.altercampagne.net\/wp-content\/uploads\/2010\/07\/2010-07-20_14.25.17_0152_G\u00e9rard-LEBIHANIC-g.lebihanic@yahoo.jpg\" \/>\n\t<meta property=\"og:image:width\" content=\"700\" \/>\n\t<meta property=\"og:image:height\" content=\"366\" \/>\n\t<meta property=\"og:image:type\" content=\"image\/jpeg\" \/>\n<meta name=\"author\" content=\"Mathieu\" \/>\n<meta name=\"twitter:card\" content=\"summary_large_image\" \/>\n<meta name=\"twitter:label1\" content=\"\u00c9crit par\" \/>\n\t<meta name=\"twitter:data1\" content=\"Mathieu\" \/>\n\t<meta name=\"twitter:label2\" content=\"Dur\u00e9e de lecture estim\u00e9e\" \/>\n\t<meta name=\"twitter:data2\" content=\"2 minutes\" \/>\n<script type=\"application\/ld+json\" class=\"yoast-schema-graph\">{\"@context\":\"https:\\\/\\\/schema.org\",\"@graph\":[{\"@type\":\"Article\",\"@id\":\"https:\\\/\\\/www.altercampagne.net\\\/?p=4674#article\",\"isPartOf\":{\"@id\":\"https:\\\/\\\/www.altercampagne.net\\\/?p=4674\"},\"author\":{\"name\":\"Mathieu\",\"@id\":\"https:\\\/\\\/www.altercampagne.net\\\/#\\\/schema\\\/person\\\/0f261460c09e430caa0f9bcffa319109\"},\"headline\":\"Andr\u00e9 Pochon, Lchanvre et la commune de Tr\u00e9marguat\",\"datePublished\":\"2010-07-20T14:09:12+00:00\",\"dateModified\":\"2020-03-06T13:04:19+00:00\",\"mainEntityOfPage\":{\"@id\":\"https:\\\/\\\/www.altercampagne.net\\\/?p=4674\"},\"wordCount\":372,\"image\":{\"@id\":\"https:\\\/\\\/www.altercampagne.net\\\/?p=4674#primaryimage\"},\"thumbnailUrl\":\"https:\\\/\\\/www.altercampagne.net\\\/wp-content\\\/uploads\\\/2010\\\/07\\\/2010-07-20_14.25.17_0152_G\u00e9rard-LEBIHANIC-g.lebihanic@yahoo.jpg\",\"keywords\":[\"bretagne\",\"tr\u00e9margat\",\"AlterTour 2010\",\"C\u00f4tes-d'Armor\",\"2010\",\"Saint-Bihy\",\"Andr\u00e9 Pochon\",\"Lchanvre\",\"Christophe Latouche\",\"Lanrivain\"],\"articleSection\":[\"Agriculture\",\"Bretagne\",\"Edition 2010\"],\"inLanguage\":\"fr-FR\"},{\"@type\":\"WebPage\",\"@id\":\"https:\\\/\\\/www.altercampagne.net\\\/?p=4674\",\"url\":\"https:\\\/\\\/www.altercampagne.net\\\/?p=4674\",\"name\":\"Andr\u00e9 Pochon, Lchanvre et la commune de Tr\u00e9marguat - AlterTour\",\"isPartOf\":{\"@id\":\"https:\\\/\\\/www.altercampagne.net\\\/#website\"},\"primaryImageOfPage\":{\"@id\":\"https:\\\/\\\/www.altercampagne.net\\\/?p=4674#primaryimage\"},\"image\":{\"@id\":\"https:\\\/\\\/www.altercampagne.net\\\/?p=4674#primaryimage\"},\"thumbnailUrl\":\"https:\\\/\\\/www.altercampagne.net\\\/wp-content\\\/uploads\\\/2010\\\/07\\\/2010-07-20_14.25.17_0152_G\u00e9rard-LEBIHANIC-g.lebihanic@yahoo.jpg\",\"datePublished\":\"2010-07-20T14:09:12+00:00\",\"dateModified\":\"2020-03-06T13:04:19+00:00\",\"author\":{\"@id\":\"https:\\\/\\\/www.altercampagne.net\\\/#\\\/schema\\\/person\\\/0f261460c09e430caa0f9bcffa319109\"},\"breadcrumb\":{\"@id\":\"https:\\\/\\\/www.altercampagne.net\\\/?p=4674#breadcrumb\"},\"inLanguage\":\"fr-FR\",\"potentialAction\":[{\"@type\":\"ReadAction\",\"target\":[\"https:\\\/\\\/www.altercampagne.net\\\/?p=4674\"]}]},{\"@type\":\"ImageObject\",\"inLanguage\":\"fr-FR\",\"@id\":\"https:\\\/\\\/www.altercampagne.net\\\/?p=4674#primaryimage\",\"url\":\"https:\\\/\\\/www.altercampagne.net\\\/wp-content\\\/uploads\\\/2010\\\/07\\\/2010-07-20_14.25.17_0152_G\u00e9rard-LEBIHANIC-g.lebihanic@yahoo.jpg\",\"contentUrl\":\"https:\\\/\\\/www.altercampagne.net\\\/wp-content\\\/uploads\\\/2010\\\/07\\\/2010-07-20_14.25.17_0152_G\u00e9rard-LEBIHANIC-g.lebihanic@yahoo.jpg\",\"width\":700,\"height\":366},{\"@type\":\"BreadcrumbList\",\"@id\":\"https:\\\/\\\/www.altercampagne.net\\\/?p=4674#breadcrumb\",\"itemListElement\":[{\"@type\":\"ListItem\",\"position\":1,\"name\":\"Accueil\",\"item\":\"https:\\\/\\\/www.altercampagne.net\\\/\"},{\"@type\":\"ListItem\",\"position\":2,\"name\":\"Andr\u00e9 Pochon, Lchanvre et la commune de Tr\u00e9marguat\"}]},{\"@type\":\"WebSite\",\"@id\":\"https:\\\/\\\/www.altercampagne.net\\\/#website\",\"url\":\"https:\\\/\\\/www.altercampagne.net\\\/\",\"name\":\"AlterTour\",\"description\":\"Reliez les Alternatives \u00e0 v\u00e9lo\",\"potentialAction\":[{\"@type\":\"SearchAction\",\"target\":{\"@type\":\"EntryPoint\",\"urlTemplate\":\"https:\\\/\\\/www.altercampagne.net\\\/?s={search_term_string}\"},\"query-input\":{\"@type\":\"PropertyValueSpecification\",\"valueRequired\":true,\"valueName\":\"search_term_string\"}}],\"inLanguage\":\"fr-FR\"},{\"@type\":\"Person\",\"@id\":\"https:\\\/\\\/www.altercampagne.net\\\/#\\\/schema\\\/person\\\/0f261460c09e430caa0f9bcffa319109\",\"name\":\"Mathieu\",\"image\":{\"@type\":\"ImageObject\",\"inLanguage\":\"fr-FR\",\"@id\":\"https:\\\/\\\/secure.gravatar.com\\\/avatar\\\/aa9d3d24c83f2141e5e2709d0f63d09a99f6be6bb7a50abc4915838d9f54501a?s=96&d=mm&r=g\",\"url\":\"https:\\\/\\\/secure.gravatar.com\\\/avatar\\\/aa9d3d24c83f2141e5e2709d0f63d09a99f6be6bb7a50abc4915838d9f54501a?s=96&d=mm&r=g\",\"contentUrl\":\"https:\\\/\\\/secure.gravatar.com\\\/avatar\\\/aa9d3d24c83f2141e5e2709d0f63d09a99f6be6bb7a50abc4915838d9f54501a?s=96&d=mm&r=g\",\"caption\":\"Mathieu\"},\"url\":\"https:\\\/\\\/www.altercampagne.net\\\/?author=214\"}]}<\/script>\n<!-- \/ Yoast SEO plugin. -->","yoast_head_json":{"title":"Andr\u00e9 Pochon, Lchanvre et la commune de Tr\u00e9marguat - AlterTour","robots":{"index":"index","follow":"follow","max-snippet":"max-snippet:-1","max-image-preview":"max-image-preview:large","max-video-preview":"max-video-preview:-1"},"canonical":"https:\/\/www.altercampagne.net\/?p=4674","og_locale":"fr_FR","og_type":"article","og_title":"Andr\u00e9 Pochon, Lchanvre et la commune de Tr\u00e9marguat - AlterTour","og_description":"Du tr\u00e8fle pour les vaches&#8230; A midi \u00e0 Saint-Bihy, rencontre avec Andr\u00e9 Pochon, pionnier de l\u2019\u00e9levage durable en Bretagne. Il nous rappelle les raisons du d\u00e9veloppement des algues vertes qui date de d\u00e9but 1976 pour l\u2019origine du ph\u00e9nom\u00e8ne. Le d\u00e9veloppement du syst\u00e8me agricole en Bretagne se r\u00e9alise surtout entre 1955 ... Read More","og_url":"https:\/\/www.altercampagne.net\/?p=4674","og_site_name":"AlterTour","article_published_time":"2010-07-20T14:09:12+00:00","article_modified_time":"2020-03-06T13:04:19+00:00","og_image":[{"width":700,"height":366,"url":"https:\/\/www.altercampagne.net\/wp-content\/uploads\/2010\/07\/2010-07-20_14.25.17_0152_G\u00e9rard-LEBIHANIC-g.lebihanic@yahoo.jpg","type":"image\/jpeg"}],"author":"Mathieu","twitter_card":"summary_large_image","twitter_misc":{"\u00c9crit par":"Mathieu","Dur\u00e9e de lecture estim\u00e9e":"2 minutes"},"schema":{"@context":"https:\/\/schema.org","@graph":[{"@type":"Article","@id":"https:\/\/www.altercampagne.net\/?p=4674#article","isPartOf":{"@id":"https:\/\/www.altercampagne.net\/?p=4674"},"author":{"name":"Mathieu","@id":"https:\/\/www.altercampagne.net\/#\/schema\/person\/0f261460c09e430caa0f9bcffa319109"},"headline":"Andr\u00e9 Pochon, Lchanvre et la commune de Tr\u00e9marguat","datePublished":"2010-07-20T14:09:12+00:00","dateModified":"2020-03-06T13:04:19+00:00","mainEntityOfPage":{"@id":"https:\/\/www.altercampagne.net\/?p=4674"},"wordCount":372,"image":{"@id":"https:\/\/www.altercampagne.net\/?p=4674#primaryimage"},"thumbnailUrl":"https:\/\/www.altercampagne.net\/wp-content\/uploads\/2010\/07\/2010-07-20_14.25.17_0152_G\u00e9rard-LEBIHANIC-g.lebihanic@yahoo.jpg","keywords":["bretagne","tr\u00e9margat","AlterTour 2010","C\u00f4tes-d'Armor","2010","Saint-Bihy","Andr\u00e9 Pochon","Lchanvre","Christophe Latouche","Lanrivain"],"articleSection":["Agriculture","Bretagne","Edition 2010"],"inLanguage":"fr-FR"},{"@type":"WebPage","@id":"https:\/\/www.altercampagne.net\/?p=4674","url":"https:\/\/www.altercampagne.net\/?p=4674","name":"Andr\u00e9 Pochon, Lchanvre et la commune de Tr\u00e9marguat - AlterTour","isPartOf":{"@id":"https:\/\/www.altercampagne.net\/#website"},"primaryImageOfPage":{"@id":"https:\/\/www.altercampagne.net\/?p=4674#primaryimage"},"image":{"@id":"https:\/\/www.altercampagne.net\/?p=4674#primaryimage"},"thumbnailUrl":"https:\/\/www.altercampagne.net\/wp-content\/uploads\/2010\/07\/2010-07-20_14.25.17_0152_G\u00e9rard-LEBIHANIC-g.lebihanic@yahoo.jpg","datePublished":"2010-07-20T14:09:12+00:00","dateModified":"2020-03-06T13:04:19+00:00","author":{"@id":"https:\/\/www.altercampagne.net\/#\/schema\/person\/0f261460c09e430caa0f9bcffa319109"},"breadcrumb":{"@id":"https:\/\/www.altercampagne.net\/?p=4674#breadcrumb"},"inLanguage":"fr-FR","potentialAction":[{"@type":"ReadAction","target":["https:\/\/www.altercampagne.net\/?p=4674"]}]},{"@type":"ImageObject","inLanguage":"fr-FR","@id":"https:\/\/www.altercampagne.net\/?p=4674#primaryimage","url":"https:\/\/www.altercampagne.net\/wp-content\/uploads\/2010\/07\/2010-07-20_14.25.17_0152_G\u00e9rard-LEBIHANIC-g.lebihanic@yahoo.jpg","contentUrl":"https:\/\/www.altercampagne.net\/wp-content\/uploads\/2010\/07\/2010-07-20_14.25.17_0152_G\u00e9rard-LEBIHANIC-g.lebihanic@yahoo.jpg","width":700,"height":366},{"@type":"BreadcrumbList","@id":"https:\/\/www.altercampagne.net\/?p=4674#breadcrumb","itemListElement":[{"@type":"ListItem","position":1,"name":"Accueil","item":"https:\/\/www.altercampagne.net\/"},{"@type":"ListItem","position":2,"name":"Andr\u00e9 Pochon, Lchanvre et la commune de Tr\u00e9marguat"}]},{"@type":"WebSite","@id":"https:\/\/www.altercampagne.net\/#website","url":"https:\/\/www.altercampagne.net\/","name":"AlterTour","description":"Reliez les Alternatives \u00e0 v\u00e9lo","potentialAction":[{"@type":"SearchAction","target":{"@type":"EntryPoint","urlTemplate":"https:\/\/www.altercampagne.net\/?s={search_term_string}"},"query-input":{"@type":"PropertyValueSpecification","valueRequired":true,"valueName":"search_term_string"}}],"inLanguage":"fr-FR"},{"@type":"Person","@id":"https:\/\/www.altercampagne.net\/#\/schema\/person\/0f261460c09e430caa0f9bcffa319109","name":"Mathieu","image":{"@type":"ImageObject","inLanguage":"fr-FR","@id":"https:\/\/secure.gravatar.com\/avatar\/aa9d3d24c83f2141e5e2709d0f63d09a99f6be6bb7a50abc4915838d9f54501a?s=96&d=mm&r=g","url":"https:\/\/secure.gravatar.com\/avatar\/aa9d3d24c83f2141e5e2709d0f63d09a99f6be6bb7a50abc4915838d9f54501a?s=96&d=mm&r=g","contentUrl":"https:\/\/secure.gravatar.com\/avatar\/aa9d3d24c83f2141e5e2709d0f63d09a99f6be6bb7a50abc4915838d9f54501a?s=96&d=mm&r=g","caption":"Mathieu"},"url":"https:\/\/www.altercampagne.net\/?author=214"}]}},"_links":{"self":[{"href":"https:\/\/www.altercampagne.net\/index.php?rest_route=\/wp\/v2\/posts\/4674","targetHints":{"allow":["GET"]}}],"collection":[{"href":"https:\/\/www.altercampagne.net\/index.php?rest_route=\/wp\/v2\/posts"}],"about":[{"href":"https:\/\/www.altercampagne.net\/index.php?rest_route=\/wp\/v2\/types\/post"}],"author":[{"embeddable":true,"href":"https:\/\/www.altercampagne.net\/index.php?rest_route=\/wp\/v2\/users\/214"}],"replies":[{"embeddable":true,"href":"https:\/\/www.altercampagne.net\/index.php?rest_route=%2Fwp%2Fv2%2Fcomments&post=4674"}],"version-history":[{"count":3,"href":"https:\/\/www.altercampagne.net\/index.php?rest_route=\/wp\/v2\/posts\/4674\/revisions"}],"predecessor-version":[{"id":17646,"href":"https:\/\/www.altercampagne.net\/index.php?rest_route=\/wp\/v2\/posts\/4674\/revisions\/17646"}],"wp:featuredmedia":[{"embeddable":true,"href":"https:\/\/www.altercampagne.net\/index.php?rest_route=\/wp\/v2\/media\/17644"}],"wp:attachment":[{"href":"https:\/\/www.altercampagne.net\/index.php?rest_route=%2Fwp%2Fv2%2Fmedia&parent=4674"}],"wp:term":[{"taxonomy":"category","embeddable":true,"href":"https:\/\/www.altercampagne.net\/index.php?rest_route=%2Fwp%2Fv2%2Fcategories&post=4674"},{"taxonomy":"post_tag","embeddable":true,"href":"https:\/\/www.altercampagne.net\/index.php?rest_route=%2Fwp%2Fv2%2Ftags&post=4674"}],"curies":[{"name":"wp","href":"https:\/\/api.w.org\/{rel}","templated":true}]}}