{"id":4682,"date":"2010-07-16T16:46:47","date_gmt":"2010-07-16T14:46:47","guid":{"rendered":"http:\/\/www.altercampagne.net\/?p=4682"},"modified":"2020-03-06T13:45:58","modified_gmt":"2020-03-06T12:45:58","slug":"etape-du-16-juillet-attac-saint-malo","status":"publish","type":"post","link":"https:\/\/www.altercampagne.net\/?p=4682","title":{"rendered":"L&rsquo;enfer des paradis fiscaux"},"content":{"rendered":"<p><strong>En soir\u00e9e, conf\u00e9rence organis\u00e9e par le groupe ATTAC Jersey-St-Malo<\/strong><\/p>\n<p>Devant 150 personnes, Jacques Harel (professeur en sciences \u00e9conomiques) anime une conf\u00e9rence en pr\u00e9sence de Dominique Plihon (pr\u00e9sident du conseil \u00e9conomique d\u2019ATTAC), John Christersen (sp\u00e9cialiste de l\u2019\u00e9vasion fiscale) et Dominique B\u00e9roule (AlterTour) sur l\u2019\u00e9vasion fiscale sur l\u2019Ile de Jersey.<\/p>\n<p><strong>Compte-rendu de notre passage \u00e0 Jersey par Jacques Harel, notre correspondant d&rsquo;Attac St-Malo<\/strong><\/p>\n<p>L&rsquo;op\u00e9ration pr\u00e9vue \u00e0 Saint Malo et Jersey avec AlterTour s&rsquo;est excellemment d\u00e9roul\u00e9e.<\/p>\n<p>La conf\u00e9rence-d\u00e9bat du vendredi soir avec D.Plihon et <a href=\"http:\/\/altercampagne.free.fr\/pages\/2008\/AlterTour\/doc\/Intervention_John-Christensen_Saint-Servan_Juillet2010.pdf\" target=\"_blank\" rel=\"noopener noreferrer\">J. Christensen<\/a> a permis \u00e0 150 personnes, venues de Rennes, Pontivy, Laval, et de&#8230; l&rsquo;AlterTour, de mieux comprendre le \u00ab\u00a0dopage financier\u00a0\u00bb dont les paradis fiscaux et judiciaires sont embl\u00e9matiques.<\/p>\n<p>Les messages envoy\u00e9s par <a href=\"http:\/\/altercampagne.free.fr\/pages\/2008\/AlterTour\/doc\/Lettre_Eva-Joly_Soiree-debat-St-Malo.pdf\" target=\"_blank\" rel=\"noopener noreferrer\">Eva Joly<\/a> et <a href=\"http:\/\/altercampagne.free.fr\/pages\/2008\/AlterTour\/doc\/Message_Susan-George_Juillet2010.pdf\" target=\"_blank\" rel=\"noopener noreferrer\">Susan George<\/a> ont \u00e9t\u00e9 particuli\u00e8rement appr\u00e9ci\u00e9s.<br \/>\nLe week-end jersiais a permis de mesurer concr\u00e8tement la transformation de cette \u00eele \u00e0 la nature superbe en paradis fiscal mais aussi, ce n&rsquo;est pas un vain slogan, en enfer social.<\/p>\n<p>La pr\u00e9sence de John Christensen avec nous \u00e0 Jersey ainsi que les t\u00e9moignages de syndicalistes, d\u00e9put\u00e9s \u00ab\u00a0dissidents\u00a0\u00bb, paysans, enseignants, retrait\u00e9s, parfois tr\u00e8s \u00e9mouvants, ont confirm\u00e9 notre sentiment, partag\u00e9 depuis quelques ann\u00e9es, que ces centres offshore sont aussi des laboratoires d&rsquo;ing\u00e9nierie politique et sociale pour les Ma\u00eetres du monde qui n&rsquo;ont que faire des aspirations d\u00e9mocratiques et des choix de soci\u00e9t\u00e9 qui nous animent.<br \/>\nMettre en lumi\u00e8re et d\u00e9truire le pouvoir de nuisance de ces entit\u00e9s offshore requiert une union plus forte encore de nos associations et mouvements, \u00e0 l&rsquo;image de cet AlterTour qui a habilement mis la m\u00e9taphore puissante du \u00ab\u00a0dopage\u00a0\u00bb au centre de son projet avec une bonne humeur agr\u00e9ablement contagieuse.<\/p>\n<p>Bon \u00e9t\u00e9 de ressourcement \u00e0 tous et toutes et merci \u00e0 ceux et celles qui ont permis ces belles journ\u00e9e de partage.<br \/>\nLe bureau du Comit\u00e9 local Attac Pays de Saint-Malo\/Jersey<\/p>\n<p>P.S: En liens les textes des messages d&rsquo;E.Joly et S.George, ainsi que l&rsquo;intervention de John Christensen (Tax Justice Network)<\/p>\n","protected":false},"excerpt":{"rendered":"<p>En soir\u00e9e, conf\u00e9rence organis\u00e9e par le groupe ATTAC Jersey-St-Malo Devant 150 personnes, Jacques Harel (professeur en sciences \u00e9conomiques) anime une conf\u00e9rence en pr\u00e9sence de Dominique Plihon (pr\u00e9sident du conseil \u00e9conomique d\u2019ATTAC), John Christersen (sp\u00e9cialiste de l\u2019\u00e9vasion fiscale) et Dominique B\u00e9roule (AlterTour) sur l\u2019\u00e9vasion fiscale sur l\u2019Ile de Jersey. Compte-rendu de &#8230; <\/p>\n<div><a href=\"https:\/\/www.altercampagne.net\/?p=4682\" class=\"more-link\">Read More<\/a><\/div>\n","protected":false},"author":214,"featured_media":17637,"comment_status":"closed","ping_status":"closed","sticky":false,"template":"","format":"standard","meta":{"footnotes":""},"categories":[3472,3484,3493],"tags":[20,413,1301,2095,2193,2336,2339],"class_list":["post-4682","post","type-post","status-publish","format-standard","has-post-thumbnail","hentry","category-bretagne","category-economie","category-edition-2010","tag-bretagne","tag-ille-et-vilaine","tag-altertour-2010","tag-2095","tag-saint-malo","tag-attac-saint-malo","tag-tax-justice-network"],"yoast_head":"<!-- This site is optimized with the Yoast SEO plugin v27.3 - https:\/\/yoast.com\/product\/yoast-seo-wordpress\/ -->\n<title>L&#039;enfer des paradis fiscaux - AlterTour<\/title>\n<meta name=\"robots\" content=\"index, follow, max-snippet:-1, max-image-preview:large, max-video-preview:-1\" \/>\n<link rel=\"canonical\" href=\"https:\/\/www.altercampagne.net\/?p=4682\" \/>\n<meta property=\"og:locale\" content=\"fr_FR\" \/>\n<meta property=\"og:type\" content=\"article\" \/>\n<meta property=\"og:title\" content=\"L&#039;enfer des paradis fiscaux - AlterTour\" \/>\n<meta property=\"og:description\" content=\"En soir\u00e9e, conf\u00e9rence organis\u00e9e par le groupe ATTAC Jersey-St-Malo Devant 150 personnes, Jacques Harel (professeur en sciences \u00e9conomiques) anime une conf\u00e9rence en pr\u00e9sence de Dominique Plihon (pr\u00e9sident du conseil \u00e9conomique d\u2019ATTAC), John Christersen (sp\u00e9cialiste de l\u2019\u00e9vasion fiscale) et Dominique B\u00e9roule (AlterTour) sur l\u2019\u00e9vasion fiscale sur l\u2019Ile de Jersey. Compte-rendu de ... Read More\" \/>\n<meta property=\"og:url\" content=\"https:\/\/www.altercampagne.net\/?p=4682\" \/>\n<meta property=\"og:site_name\" content=\"AlterTour\" \/>\n<meta property=\"article:published_time\" content=\"2010-07-16T14:46:47+00:00\" \/>\n<meta property=\"article:modified_time\" content=\"2020-03-06T12:45:58+00:00\" \/>\n<meta property=\"og:image\" content=\"https:\/\/www.altercampagne.net\/wp-content\/uploads\/2010\/07\/2010-07-16_20.59.jpg\" \/>\n\t<meta property=\"og:image:width\" content=\"695\" \/>\n\t<meta property=\"og:image:height\" content=\"363\" \/>\n\t<meta property=\"og:image:type\" content=\"image\/jpeg\" \/>\n<meta name=\"author\" content=\"Mathieu\" \/>\n<meta name=\"twitter:card\" content=\"summary_large_image\" \/>\n<meta name=\"twitter:label1\" content=\"\u00c9crit par\" \/>\n\t<meta name=\"twitter:data1\" content=\"Mathieu\" \/>\n\t<meta name=\"twitter:label2\" content=\"Dur\u00e9e de lecture estim\u00e9e\" \/>\n\t<meta name=\"twitter:data2\" content=\"2 minutes\" \/>\n<script type=\"application\/ld+json\" class=\"yoast-schema-graph\">{\"@context\":\"https:\\\/\\\/schema.org\",\"@graph\":[{\"@type\":\"Article\",\"@id\":\"https:\\\/\\\/www.altercampagne.net\\\/?p=4682#article\",\"isPartOf\":{\"@id\":\"https:\\\/\\\/www.altercampagne.net\\\/?p=4682\"},\"author\":{\"name\":\"Mathieu\",\"@id\":\"https:\\\/\\\/www.altercampagne.net\\\/#\\\/schema\\\/person\\\/0f261460c09e430caa0f9bcffa319109\"},\"headline\":\"L&rsquo;enfer des paradis fiscaux\",\"datePublished\":\"2010-07-16T14:46:47+00:00\",\"dateModified\":\"2020-03-06T12:45:58+00:00\",\"mainEntityOfPage\":{\"@id\":\"https:\\\/\\\/www.altercampagne.net\\\/?p=4682\"},\"wordCount\":367,\"image\":{\"@id\":\"https:\\\/\\\/www.altercampagne.net\\\/?p=4682#primaryimage\"},\"thumbnailUrl\":\"https:\\\/\\\/www.altercampagne.net\\\/wp-content\\\/uploads\\\/2010\\\/07\\\/2010-07-16_20.59.jpg\",\"keywords\":[\"bretagne\",\"ille et vilaine\",\"AlterTour 2010\",\"2010\",\"Saint Malo\",\"Attac Saint-Malo\",\"Tax Justice Network\"],\"articleSection\":[\"Bretagne\",\"\u00c9conomie\",\"Edition 2010\"],\"inLanguage\":\"fr-FR\"},{\"@type\":\"WebPage\",\"@id\":\"https:\\\/\\\/www.altercampagne.net\\\/?p=4682\",\"url\":\"https:\\\/\\\/www.altercampagne.net\\\/?p=4682\",\"name\":\"L'enfer des paradis fiscaux - AlterTour\",\"isPartOf\":{\"@id\":\"https:\\\/\\\/www.altercampagne.net\\\/#website\"},\"primaryImageOfPage\":{\"@id\":\"https:\\\/\\\/www.altercampagne.net\\\/?p=4682#primaryimage\"},\"image\":{\"@id\":\"https:\\\/\\\/www.altercampagne.net\\\/?p=4682#primaryimage\"},\"thumbnailUrl\":\"https:\\\/\\\/www.altercampagne.net\\\/wp-content\\\/uploads\\\/2010\\\/07\\\/2010-07-16_20.59.jpg\",\"datePublished\":\"2010-07-16T14:46:47+00:00\",\"dateModified\":\"2020-03-06T12:45:58+00:00\",\"author\":{\"@id\":\"https:\\\/\\\/www.altercampagne.net\\\/#\\\/schema\\\/person\\\/0f261460c09e430caa0f9bcffa319109\"},\"breadcrumb\":{\"@id\":\"https:\\\/\\\/www.altercampagne.net\\\/?p=4682#breadcrumb\"},\"inLanguage\":\"fr-FR\",\"potentialAction\":[{\"@type\":\"ReadAction\",\"target\":[\"https:\\\/\\\/www.altercampagne.net\\\/?p=4682\"]}]},{\"@type\":\"ImageObject\",\"inLanguage\":\"fr-FR\",\"@id\":\"https:\\\/\\\/www.altercampagne.net\\\/?p=4682#primaryimage\",\"url\":\"https:\\\/\\\/www.altercampagne.net\\\/wp-content\\\/uploads\\\/2010\\\/07\\\/2010-07-16_20.59.jpg\",\"contentUrl\":\"https:\\\/\\\/www.altercampagne.net\\\/wp-content\\\/uploads\\\/2010\\\/07\\\/2010-07-16_20.59.jpg\",\"width\":695,\"height\":363},{\"@type\":\"BreadcrumbList\",\"@id\":\"https:\\\/\\\/www.altercampagne.net\\\/?p=4682#breadcrumb\",\"itemListElement\":[{\"@type\":\"ListItem\",\"position\":1,\"name\":\"Accueil\",\"item\":\"https:\\\/\\\/www.altercampagne.net\\\/\"},{\"@type\":\"ListItem\",\"position\":2,\"name\":\"L&rsquo;enfer des paradis fiscaux\"}]},{\"@type\":\"WebSite\",\"@id\":\"https:\\\/\\\/www.altercampagne.net\\\/#website\",\"url\":\"https:\\\/\\\/www.altercampagne.net\\\/\",\"name\":\"AlterTour\",\"description\":\"Reliez les Alternatives \u00e0 v\u00e9lo\",\"potentialAction\":[{\"@type\":\"SearchAction\",\"target\":{\"@type\":\"EntryPoint\",\"urlTemplate\":\"https:\\\/\\\/www.altercampagne.net\\\/?s={search_term_string}\"},\"query-input\":{\"@type\":\"PropertyValueSpecification\",\"valueRequired\":true,\"valueName\":\"search_term_string\"}}],\"inLanguage\":\"fr-FR\"},{\"@type\":\"Person\",\"@id\":\"https:\\\/\\\/www.altercampagne.net\\\/#\\\/schema\\\/person\\\/0f261460c09e430caa0f9bcffa319109\",\"name\":\"Mathieu\",\"image\":{\"@type\":\"ImageObject\",\"inLanguage\":\"fr-FR\",\"@id\":\"https:\\\/\\\/secure.gravatar.com\\\/avatar\\\/aa9d3d24c83f2141e5e2709d0f63d09a99f6be6bb7a50abc4915838d9f54501a?s=96&d=mm&r=g\",\"url\":\"https:\\\/\\\/secure.gravatar.com\\\/avatar\\\/aa9d3d24c83f2141e5e2709d0f63d09a99f6be6bb7a50abc4915838d9f54501a?s=96&d=mm&r=g\",\"contentUrl\":\"https:\\\/\\\/secure.gravatar.com\\\/avatar\\\/aa9d3d24c83f2141e5e2709d0f63d09a99f6be6bb7a50abc4915838d9f54501a?s=96&d=mm&r=g\",\"caption\":\"Mathieu\"},\"url\":\"https:\\\/\\\/www.altercampagne.net\\\/?author=214\"}]}<\/script>\n<!-- \/ Yoast SEO plugin. -->","yoast_head_json":{"title":"L'enfer des paradis fiscaux - AlterTour","robots":{"index":"index","follow":"follow","max-snippet":"max-snippet:-1","max-image-preview":"max-image-preview:large","max-video-preview":"max-video-preview:-1"},"canonical":"https:\/\/www.altercampagne.net\/?p=4682","og_locale":"fr_FR","og_type":"article","og_title":"L'enfer des paradis fiscaux - AlterTour","og_description":"En soir\u00e9e, conf\u00e9rence organis\u00e9e par le groupe ATTAC Jersey-St-Malo Devant 150 personnes, Jacques Harel (professeur en sciences \u00e9conomiques) anime une conf\u00e9rence en pr\u00e9sence de Dominique Plihon (pr\u00e9sident du conseil \u00e9conomique d\u2019ATTAC), John Christersen (sp\u00e9cialiste de l\u2019\u00e9vasion fiscale) et Dominique B\u00e9roule (AlterTour) sur l\u2019\u00e9vasion fiscale sur l\u2019Ile de Jersey. Compte-rendu de ... Read More","og_url":"https:\/\/www.altercampagne.net\/?p=4682","og_site_name":"AlterTour","article_published_time":"2010-07-16T14:46:47+00:00","article_modified_time":"2020-03-06T12:45:58+00:00","og_image":[{"width":695,"height":363,"url":"https:\/\/www.altercampagne.net\/wp-content\/uploads\/2010\/07\/2010-07-16_20.59.jpg","type":"image\/jpeg"}],"author":"Mathieu","twitter_card":"summary_large_image","twitter_misc":{"\u00c9crit par":"Mathieu","Dur\u00e9e de lecture estim\u00e9e":"2 minutes"},"schema":{"@context":"https:\/\/schema.org","@graph":[{"@type":"Article","@id":"https:\/\/www.altercampagne.net\/?p=4682#article","isPartOf":{"@id":"https:\/\/www.altercampagne.net\/?p=4682"},"author":{"name":"Mathieu","@id":"https:\/\/www.altercampagne.net\/#\/schema\/person\/0f261460c09e430caa0f9bcffa319109"},"headline":"L&rsquo;enfer des paradis fiscaux","datePublished":"2010-07-16T14:46:47+00:00","dateModified":"2020-03-06T12:45:58+00:00","mainEntityOfPage":{"@id":"https:\/\/www.altercampagne.net\/?p=4682"},"wordCount":367,"image":{"@id":"https:\/\/www.altercampagne.net\/?p=4682#primaryimage"},"thumbnailUrl":"https:\/\/www.altercampagne.net\/wp-content\/uploads\/2010\/07\/2010-07-16_20.59.jpg","keywords":["bretagne","ille et vilaine","AlterTour 2010","2010","Saint Malo","Attac Saint-Malo","Tax Justice Network"],"articleSection":["Bretagne","\u00c9conomie","Edition 2010"],"inLanguage":"fr-FR"},{"@type":"WebPage","@id":"https:\/\/www.altercampagne.net\/?p=4682","url":"https:\/\/www.altercampagne.net\/?p=4682","name":"L'enfer des paradis fiscaux - AlterTour","isPartOf":{"@id":"https:\/\/www.altercampagne.net\/#website"},"primaryImageOfPage":{"@id":"https:\/\/www.altercampagne.net\/?p=4682#primaryimage"},"image":{"@id":"https:\/\/www.altercampagne.net\/?p=4682#primaryimage"},"thumbnailUrl":"https:\/\/www.altercampagne.net\/wp-content\/uploads\/2010\/07\/2010-07-16_20.59.jpg","datePublished":"2010-07-16T14:46:47+00:00","dateModified":"2020-03-06T12:45:58+00:00","author":{"@id":"https:\/\/www.altercampagne.net\/#\/schema\/person\/0f261460c09e430caa0f9bcffa319109"},"breadcrumb":{"@id":"https:\/\/www.altercampagne.net\/?p=4682#breadcrumb"},"inLanguage":"fr-FR","potentialAction":[{"@type":"ReadAction","target":["https:\/\/www.altercampagne.net\/?p=4682"]}]},{"@type":"ImageObject","inLanguage":"fr-FR","@id":"https:\/\/www.altercampagne.net\/?p=4682#primaryimage","url":"https:\/\/www.altercampagne.net\/wp-content\/uploads\/2010\/07\/2010-07-16_20.59.jpg","contentUrl":"https:\/\/www.altercampagne.net\/wp-content\/uploads\/2010\/07\/2010-07-16_20.59.jpg","width":695,"height":363},{"@type":"BreadcrumbList","@id":"https:\/\/www.altercampagne.net\/?p=4682#breadcrumb","itemListElement":[{"@type":"ListItem","position":1,"name":"Accueil","item":"https:\/\/www.altercampagne.net\/"},{"@type":"ListItem","position":2,"name":"L&rsquo;enfer des paradis fiscaux"}]},{"@type":"WebSite","@id":"https:\/\/www.altercampagne.net\/#website","url":"https:\/\/www.altercampagne.net\/","name":"AlterTour","description":"Reliez les Alternatives \u00e0 v\u00e9lo","potentialAction":[{"@type":"SearchAction","target":{"@type":"EntryPoint","urlTemplate":"https:\/\/www.altercampagne.net\/?s={search_term_string}"},"query-input":{"@type":"PropertyValueSpecification","valueRequired":true,"valueName":"search_term_string"}}],"inLanguage":"fr-FR"},{"@type":"Person","@id":"https:\/\/www.altercampagne.net\/#\/schema\/person\/0f261460c09e430caa0f9bcffa319109","name":"Mathieu","image":{"@type":"ImageObject","inLanguage":"fr-FR","@id":"https:\/\/secure.gravatar.com\/avatar\/aa9d3d24c83f2141e5e2709d0f63d09a99f6be6bb7a50abc4915838d9f54501a?s=96&d=mm&r=g","url":"https:\/\/secure.gravatar.com\/avatar\/aa9d3d24c83f2141e5e2709d0f63d09a99f6be6bb7a50abc4915838d9f54501a?s=96&d=mm&r=g","contentUrl":"https:\/\/secure.gravatar.com\/avatar\/aa9d3d24c83f2141e5e2709d0f63d09a99f6be6bb7a50abc4915838d9f54501a?s=96&d=mm&r=g","caption":"Mathieu"},"url":"https:\/\/www.altercampagne.net\/?author=214"}]}},"_links":{"self":[{"href":"https:\/\/www.altercampagne.net\/index.php?rest_route=\/wp\/v2\/posts\/4682","targetHints":{"allow":["GET"]}}],"collection":[{"href":"https:\/\/www.altercampagne.net\/index.php?rest_route=\/wp\/v2\/posts"}],"about":[{"href":"https:\/\/www.altercampagne.net\/index.php?rest_route=\/wp\/v2\/types\/post"}],"author":[{"embeddable":true,"href":"https:\/\/www.altercampagne.net\/index.php?rest_route=\/wp\/v2\/users\/214"}],"replies":[{"embeddable":true,"href":"https:\/\/www.altercampagne.net\/index.php?rest_route=%2Fwp%2Fv2%2Fcomments&post=4682"}],"version-history":[{"count":2,"href":"https:\/\/www.altercampagne.net\/index.php?rest_route=\/wp\/v2\/posts\/4682\/revisions"}],"predecessor-version":[{"id":17639,"href":"https:\/\/www.altercampagne.net\/index.php?rest_route=\/wp\/v2\/posts\/4682\/revisions\/17639"}],"wp:featuredmedia":[{"embeddable":true,"href":"https:\/\/www.altercampagne.net\/index.php?rest_route=\/wp\/v2\/media\/17637"}],"wp:attachment":[{"href":"https:\/\/www.altercampagne.net\/index.php?rest_route=%2Fwp%2Fv2%2Fmedia&parent=4682"}],"wp:term":[{"taxonomy":"category","embeddable":true,"href":"https:\/\/www.altercampagne.net\/index.php?rest_route=%2Fwp%2Fv2%2Fcategories&post=4682"},{"taxonomy":"post_tag","embeddable":true,"href":"https:\/\/www.altercampagne.net\/index.php?rest_route=%2Fwp%2Fv2%2Ftags&post=4682"}],"curies":[{"name":"wp","href":"https:\/\/api.w.org\/{rel}","templated":true}]}}