{"id":4687,"date":"2010-07-11T16:57:57","date_gmt":"2010-07-11T14:57:57","guid":{"rendered":"http:\/\/www.altercampagne.net\/?p=4687"},"modified":"2020-03-06T13:40:13","modified_gmt":"2020-03-06T12:40:13","slug":"etape-du-11-juillet-le-domaine-courtault-tardieux","status":"publish","type":"post","link":"https:\/\/www.altercampagne.net\/?p=4687","title":{"rendered":"L\u2019enivrante ferme viticole du Domaine Courtault Tardieux"},"content":{"rendered":"<p>Nous voil\u00e0 enfin chez notre viticulteur \u00e0 Th\u00e9s\u00e9e, dans le Loiret, producteur de vins de Touraine, avec 15 ha de culture de diff\u00e9rents c\u00e9pages comme le Gamay, le Sauvignon, le Merlot&#8230; Et surtout le C\u00f4t, un c\u00e9page local cultiv\u00e9 autrefois dans la r\u00e9gion et remis \u00e0 l\u2019honneur depuis peu.<\/p>\n<p>A la t\u00eate de la ferme, un couple et un stagiaire devenus depuis associ\u00e9s.<\/p>\n<p>C\u2019est en cet endroit enivrant qu\u2019est \u00e9labor\u00e9 le fameux vin des faucheurs volontaires, dont la vendange est assur\u00e9e par le groupe Tourrangeaux, mais aussi l\u2019\u00e9tiquetage, la mise en cartons et la distribution assur\u00e9e \u00e9galement par le collectif.<\/p>\n<p>La vente de cette cuv\u00e9e sp\u00e9ciale se fait en vente directe, en Biocoop et par des grossistes.<\/p>\n<p>Probl\u00e8me \u00e9galement \u00e9voqu\u00e9 : l\u2019emploi unique de bouteilles qui ne sont pas r\u00e9utilis\u00e9es, contrairement au principe de la consigne.<\/p>\n<p>(Un dernier conseil, qui n\u2019engage que l\u2019auteur de ces quelques lignes : si jamais vous souhaitez ne pas vous endormir, et encore moins \u00eatre photographi\u00e9 dans cette position insolite, n\u2019abusez pas du vin : pas plus d\u2019un verre en cas de soleil, deux verres si le temps est couvert !)<\/p>\n<p style=\"text-align: right;\"><strong>Alain et Herv\u00e9<\/strong><\/p>\n","protected":false},"excerpt":{"rendered":"<p>Nous voil\u00e0 enfin chez notre viticulteur \u00e0 Th\u00e9s\u00e9e, dans le Loiret, producteur de vins de Touraine, avec 15 ha de culture de diff\u00e9rents c\u00e9pages comme le Gamay, le Sauvignon, le Merlot&#8230; Et surtout le C\u00f4t, un c\u00e9page local cultiv\u00e9 autrefois dans la r\u00e9gion et remis \u00e0 l\u2019honneur depuis peu. A &#8230; <\/p>\n<div><a href=\"https:\/\/www.altercampagne.net\/?p=4687\" class=\"more-link\">Read More<\/a><\/div>\n","protected":false},"author":214,"featured_media":17635,"comment_status":"closed","ping_status":"closed","sticky":false,"template":"","format":"standard","meta":{"footnotes":""},"categories":[3483,3473,3493],"tags":[1301,1794,2095,2137,2340,2341],"class_list":["post-4687","post","type-post","status-publish","format-standard","has-post-thumbnail","hentry","category-agriculture","category-centre-val-de-loire","category-edition-2010","tag-altertour-2010","tag-centre-val-de-loire","tag-2095","tag-loir-et-cher","tag-domaine-courtault-tardieux","tag-thesee"],"yoast_head":"<!-- This site is optimized with the Yoast SEO plugin v27.3 - https:\/\/yoast.com\/product\/yoast-seo-wordpress\/ -->\n<title>L\u2019enivrante ferme viticole du Domaine Courtault Tardieux - AlterTour<\/title>\n<meta name=\"robots\" content=\"index, follow, max-snippet:-1, max-image-preview:large, max-video-preview:-1\" \/>\n<link rel=\"canonical\" href=\"https:\/\/www.altercampagne.net\/?p=4687\" \/>\n<meta property=\"og:locale\" content=\"fr_FR\" \/>\n<meta property=\"og:type\" content=\"article\" \/>\n<meta property=\"og:title\" content=\"L\u2019enivrante ferme viticole du Domaine Courtault Tardieux - AlterTour\" \/>\n<meta property=\"og:description\" content=\"Nous voil\u00e0 enfin chez notre viticulteur \u00e0 Th\u00e9s\u00e9e, dans le Loiret, producteur de vins de Touraine, avec 15 ha de culture de diff\u00e9rents c\u00e9pages comme le Gamay, le Sauvignon, le Merlot&#8230; Et surtout le C\u00f4t, un c\u00e9page local cultiv\u00e9 autrefois dans la r\u00e9gion et remis \u00e0 l\u2019honneur depuis peu. A ... Read More\" \/>\n<meta property=\"og:url\" content=\"https:\/\/www.altercampagne.net\/?p=4687\" \/>\n<meta property=\"og:site_name\" content=\"AlterTour\" \/>\n<meta property=\"article:published_time\" content=\"2010-07-11T14:57:57+00:00\" \/>\n<meta property=\"article:modified_time\" content=\"2020-03-06T12:40:13+00:00\" \/>\n<meta property=\"og:image\" content=\"https:\/\/www.altercampagne.net\/wp-content\/uploads\/2010\/07\/2010-07-11_10.54.52_6172_Fabio-fabiobreizh@gmail.jpg\" \/>\n\t<meta property=\"og:image:width\" content=\"900\" \/>\n\t<meta property=\"og:image:height\" content=\"470\" \/>\n\t<meta property=\"og:image:type\" content=\"image\/jpeg\" \/>\n<meta name=\"author\" content=\"Mathieu\" \/>\n<meta name=\"twitter:card\" content=\"summary_large_image\" \/>\n<meta name=\"twitter:label1\" content=\"\u00c9crit par\" \/>\n\t<meta name=\"twitter:data1\" content=\"Mathieu\" \/>\n\t<meta name=\"twitter:label2\" content=\"Dur\u00e9e de lecture estim\u00e9e\" \/>\n\t<meta name=\"twitter:data2\" content=\"1 minute\" \/>\n<script type=\"application\/ld+json\" class=\"yoast-schema-graph\">{\"@context\":\"https:\\\/\\\/schema.org\",\"@graph\":[{\"@type\":\"Article\",\"@id\":\"https:\\\/\\\/www.altercampagne.net\\\/?p=4687#article\",\"isPartOf\":{\"@id\":\"https:\\\/\\\/www.altercampagne.net\\\/?p=4687\"},\"author\":{\"name\":\"Mathieu\",\"@id\":\"https:\\\/\\\/www.altercampagne.net\\\/#\\\/schema\\\/person\\\/0f261460c09e430caa0f9bcffa319109\"},\"headline\":\"L\u2019enivrante ferme viticole du Domaine Courtault Tardieux\",\"datePublished\":\"2010-07-11T14:57:57+00:00\",\"dateModified\":\"2020-03-06T12:40:13+00:00\",\"mainEntityOfPage\":{\"@id\":\"https:\\\/\\\/www.altercampagne.net\\\/?p=4687\"},\"wordCount\":215,\"image\":{\"@id\":\"https:\\\/\\\/www.altercampagne.net\\\/?p=4687#primaryimage\"},\"thumbnailUrl\":\"https:\\\/\\\/www.altercampagne.net\\\/wp-content\\\/uploads\\\/2010\\\/07\\\/2010-07-11_10.54.52_6172_Fabio-fabiobreizh@gmail.jpg\",\"keywords\":[\"AlterTour 2010\",\"Centre-Val de Loire\",\"2010\",\"Loir-et-Cher\",\"Domaine Courtault-Tardieux\",\"Th\u00e9s\u00e9e\"],\"articleSection\":[\"Agriculture\",\"Centre-Val de Loire\",\"Edition 2010\"],\"inLanguage\":\"fr-FR\"},{\"@type\":\"WebPage\",\"@id\":\"https:\\\/\\\/www.altercampagne.net\\\/?p=4687\",\"url\":\"https:\\\/\\\/www.altercampagne.net\\\/?p=4687\",\"name\":\"L\u2019enivrante ferme viticole du Domaine Courtault Tardieux - AlterTour\",\"isPartOf\":{\"@id\":\"https:\\\/\\\/www.altercampagne.net\\\/#website\"},\"primaryImageOfPage\":{\"@id\":\"https:\\\/\\\/www.altercampagne.net\\\/?p=4687#primaryimage\"},\"image\":{\"@id\":\"https:\\\/\\\/www.altercampagne.net\\\/?p=4687#primaryimage\"},\"thumbnailUrl\":\"https:\\\/\\\/www.altercampagne.net\\\/wp-content\\\/uploads\\\/2010\\\/07\\\/2010-07-11_10.54.52_6172_Fabio-fabiobreizh@gmail.jpg\",\"datePublished\":\"2010-07-11T14:57:57+00:00\",\"dateModified\":\"2020-03-06T12:40:13+00:00\",\"author\":{\"@id\":\"https:\\\/\\\/www.altercampagne.net\\\/#\\\/schema\\\/person\\\/0f261460c09e430caa0f9bcffa319109\"},\"breadcrumb\":{\"@id\":\"https:\\\/\\\/www.altercampagne.net\\\/?p=4687#breadcrumb\"},\"inLanguage\":\"fr-FR\",\"potentialAction\":[{\"@type\":\"ReadAction\",\"target\":[\"https:\\\/\\\/www.altercampagne.net\\\/?p=4687\"]}]},{\"@type\":\"ImageObject\",\"inLanguage\":\"fr-FR\",\"@id\":\"https:\\\/\\\/www.altercampagne.net\\\/?p=4687#primaryimage\",\"url\":\"https:\\\/\\\/www.altercampagne.net\\\/wp-content\\\/uploads\\\/2010\\\/07\\\/2010-07-11_10.54.52_6172_Fabio-fabiobreizh@gmail.jpg\",\"contentUrl\":\"https:\\\/\\\/www.altercampagne.net\\\/wp-content\\\/uploads\\\/2010\\\/07\\\/2010-07-11_10.54.52_6172_Fabio-fabiobreizh@gmail.jpg\",\"width\":900,\"height\":470},{\"@type\":\"BreadcrumbList\",\"@id\":\"https:\\\/\\\/www.altercampagne.net\\\/?p=4687#breadcrumb\",\"itemListElement\":[{\"@type\":\"ListItem\",\"position\":1,\"name\":\"Accueil\",\"item\":\"https:\\\/\\\/www.altercampagne.net\\\/\"},{\"@type\":\"ListItem\",\"position\":2,\"name\":\"L\u2019enivrante ferme viticole du Domaine Courtault Tardieux\"}]},{\"@type\":\"WebSite\",\"@id\":\"https:\\\/\\\/www.altercampagne.net\\\/#website\",\"url\":\"https:\\\/\\\/www.altercampagne.net\\\/\",\"name\":\"AlterTour\",\"description\":\"Reliez les Alternatives \u00e0 v\u00e9lo\",\"potentialAction\":[{\"@type\":\"SearchAction\",\"target\":{\"@type\":\"EntryPoint\",\"urlTemplate\":\"https:\\\/\\\/www.altercampagne.net\\\/?s={search_term_string}\"},\"query-input\":{\"@type\":\"PropertyValueSpecification\",\"valueRequired\":true,\"valueName\":\"search_term_string\"}}],\"inLanguage\":\"fr-FR\"},{\"@type\":\"Person\",\"@id\":\"https:\\\/\\\/www.altercampagne.net\\\/#\\\/schema\\\/person\\\/0f261460c09e430caa0f9bcffa319109\",\"name\":\"Mathieu\",\"image\":{\"@type\":\"ImageObject\",\"inLanguage\":\"fr-FR\",\"@id\":\"https:\\\/\\\/secure.gravatar.com\\\/avatar\\\/aa9d3d24c83f2141e5e2709d0f63d09a99f6be6bb7a50abc4915838d9f54501a?s=96&d=mm&r=g\",\"url\":\"https:\\\/\\\/secure.gravatar.com\\\/avatar\\\/aa9d3d24c83f2141e5e2709d0f63d09a99f6be6bb7a50abc4915838d9f54501a?s=96&d=mm&r=g\",\"contentUrl\":\"https:\\\/\\\/secure.gravatar.com\\\/avatar\\\/aa9d3d24c83f2141e5e2709d0f63d09a99f6be6bb7a50abc4915838d9f54501a?s=96&d=mm&r=g\",\"caption\":\"Mathieu\"},\"url\":\"https:\\\/\\\/www.altercampagne.net\\\/?author=214\"}]}<\/script>\n<!-- \/ Yoast SEO plugin. -->","yoast_head_json":{"title":"L\u2019enivrante ferme viticole du Domaine Courtault Tardieux - AlterTour","robots":{"index":"index","follow":"follow","max-snippet":"max-snippet:-1","max-image-preview":"max-image-preview:large","max-video-preview":"max-video-preview:-1"},"canonical":"https:\/\/www.altercampagne.net\/?p=4687","og_locale":"fr_FR","og_type":"article","og_title":"L\u2019enivrante ferme viticole du Domaine Courtault Tardieux - AlterTour","og_description":"Nous voil\u00e0 enfin chez notre viticulteur \u00e0 Th\u00e9s\u00e9e, dans le Loiret, producteur de vins de Touraine, avec 15 ha de culture de diff\u00e9rents c\u00e9pages comme le Gamay, le Sauvignon, le Merlot&#8230; Et surtout le C\u00f4t, un c\u00e9page local cultiv\u00e9 autrefois dans la r\u00e9gion et remis \u00e0 l\u2019honneur depuis peu. A ... Read More","og_url":"https:\/\/www.altercampagne.net\/?p=4687","og_site_name":"AlterTour","article_published_time":"2010-07-11T14:57:57+00:00","article_modified_time":"2020-03-06T12:40:13+00:00","og_image":[{"width":900,"height":470,"url":"https:\/\/www.altercampagne.net\/wp-content\/uploads\/2010\/07\/2010-07-11_10.54.52_6172_Fabio-fabiobreizh@gmail.jpg","type":"image\/jpeg"}],"author":"Mathieu","twitter_card":"summary_large_image","twitter_misc":{"\u00c9crit par":"Mathieu","Dur\u00e9e de lecture estim\u00e9e":"1 minute"},"schema":{"@context":"https:\/\/schema.org","@graph":[{"@type":"Article","@id":"https:\/\/www.altercampagne.net\/?p=4687#article","isPartOf":{"@id":"https:\/\/www.altercampagne.net\/?p=4687"},"author":{"name":"Mathieu","@id":"https:\/\/www.altercampagne.net\/#\/schema\/person\/0f261460c09e430caa0f9bcffa319109"},"headline":"L\u2019enivrante ferme viticole du Domaine Courtault Tardieux","datePublished":"2010-07-11T14:57:57+00:00","dateModified":"2020-03-06T12:40:13+00:00","mainEntityOfPage":{"@id":"https:\/\/www.altercampagne.net\/?p=4687"},"wordCount":215,"image":{"@id":"https:\/\/www.altercampagne.net\/?p=4687#primaryimage"},"thumbnailUrl":"https:\/\/www.altercampagne.net\/wp-content\/uploads\/2010\/07\/2010-07-11_10.54.52_6172_Fabio-fabiobreizh@gmail.jpg","keywords":["AlterTour 2010","Centre-Val de Loire","2010","Loir-et-Cher","Domaine Courtault-Tardieux","Th\u00e9s\u00e9e"],"articleSection":["Agriculture","Centre-Val de Loire","Edition 2010"],"inLanguage":"fr-FR"},{"@type":"WebPage","@id":"https:\/\/www.altercampagne.net\/?p=4687","url":"https:\/\/www.altercampagne.net\/?p=4687","name":"L\u2019enivrante ferme viticole du Domaine Courtault Tardieux - AlterTour","isPartOf":{"@id":"https:\/\/www.altercampagne.net\/#website"},"primaryImageOfPage":{"@id":"https:\/\/www.altercampagne.net\/?p=4687#primaryimage"},"image":{"@id":"https:\/\/www.altercampagne.net\/?p=4687#primaryimage"},"thumbnailUrl":"https:\/\/www.altercampagne.net\/wp-content\/uploads\/2010\/07\/2010-07-11_10.54.52_6172_Fabio-fabiobreizh@gmail.jpg","datePublished":"2010-07-11T14:57:57+00:00","dateModified":"2020-03-06T12:40:13+00:00","author":{"@id":"https:\/\/www.altercampagne.net\/#\/schema\/person\/0f261460c09e430caa0f9bcffa319109"},"breadcrumb":{"@id":"https:\/\/www.altercampagne.net\/?p=4687#breadcrumb"},"inLanguage":"fr-FR","potentialAction":[{"@type":"ReadAction","target":["https:\/\/www.altercampagne.net\/?p=4687"]}]},{"@type":"ImageObject","inLanguage":"fr-FR","@id":"https:\/\/www.altercampagne.net\/?p=4687#primaryimage","url":"https:\/\/www.altercampagne.net\/wp-content\/uploads\/2010\/07\/2010-07-11_10.54.52_6172_Fabio-fabiobreizh@gmail.jpg","contentUrl":"https:\/\/www.altercampagne.net\/wp-content\/uploads\/2010\/07\/2010-07-11_10.54.52_6172_Fabio-fabiobreizh@gmail.jpg","width":900,"height":470},{"@type":"BreadcrumbList","@id":"https:\/\/www.altercampagne.net\/?p=4687#breadcrumb","itemListElement":[{"@type":"ListItem","position":1,"name":"Accueil","item":"https:\/\/www.altercampagne.net\/"},{"@type":"ListItem","position":2,"name":"L\u2019enivrante ferme viticole du Domaine Courtault Tardieux"}]},{"@type":"WebSite","@id":"https:\/\/www.altercampagne.net\/#website","url":"https:\/\/www.altercampagne.net\/","name":"AlterTour","description":"Reliez les Alternatives \u00e0 v\u00e9lo","potentialAction":[{"@type":"SearchAction","target":{"@type":"EntryPoint","urlTemplate":"https:\/\/www.altercampagne.net\/?s={search_term_string}"},"query-input":{"@type":"PropertyValueSpecification","valueRequired":true,"valueName":"search_term_string"}}],"inLanguage":"fr-FR"},{"@type":"Person","@id":"https:\/\/www.altercampagne.net\/#\/schema\/person\/0f261460c09e430caa0f9bcffa319109","name":"Mathieu","image":{"@type":"ImageObject","inLanguage":"fr-FR","@id":"https:\/\/secure.gravatar.com\/avatar\/aa9d3d24c83f2141e5e2709d0f63d09a99f6be6bb7a50abc4915838d9f54501a?s=96&d=mm&r=g","url":"https:\/\/secure.gravatar.com\/avatar\/aa9d3d24c83f2141e5e2709d0f63d09a99f6be6bb7a50abc4915838d9f54501a?s=96&d=mm&r=g","contentUrl":"https:\/\/secure.gravatar.com\/avatar\/aa9d3d24c83f2141e5e2709d0f63d09a99f6be6bb7a50abc4915838d9f54501a?s=96&d=mm&r=g","caption":"Mathieu"},"url":"https:\/\/www.altercampagne.net\/?author=214"}]}},"_links":{"self":[{"href":"https:\/\/www.altercampagne.net\/index.php?rest_route=\/wp\/v2\/posts\/4687","targetHints":{"allow":["GET"]}}],"collection":[{"href":"https:\/\/www.altercampagne.net\/index.php?rest_route=\/wp\/v2\/posts"}],"about":[{"href":"https:\/\/www.altercampagne.net\/index.php?rest_route=\/wp\/v2\/types\/post"}],"author":[{"embeddable":true,"href":"https:\/\/www.altercampagne.net\/index.php?rest_route=\/wp\/v2\/users\/214"}],"replies":[{"embeddable":true,"href":"https:\/\/www.altercampagne.net\/index.php?rest_route=%2Fwp%2Fv2%2Fcomments&post=4687"}],"version-history":[{"count":2,"href":"https:\/\/www.altercampagne.net\/index.php?rest_route=\/wp\/v2\/posts\/4687\/revisions"}],"predecessor-version":[{"id":17636,"href":"https:\/\/www.altercampagne.net\/index.php?rest_route=\/wp\/v2\/posts\/4687\/revisions\/17636"}],"wp:featuredmedia":[{"embeddable":true,"href":"https:\/\/www.altercampagne.net\/index.php?rest_route=\/wp\/v2\/media\/17635"}],"wp:attachment":[{"href":"https:\/\/www.altercampagne.net\/index.php?rest_route=%2Fwp%2Fv2%2Fmedia&parent=4687"}],"wp:term":[{"taxonomy":"category","embeddable":true,"href":"https:\/\/www.altercampagne.net\/index.php?rest_route=%2Fwp%2Fv2%2Fcategories&post=4687"},{"taxonomy":"post_tag","embeddable":true,"href":"https:\/\/www.altercampagne.net\/index.php?rest_route=%2Fwp%2Fv2%2Ftags&post=4687"}],"curies":[{"name":"wp","href":"https:\/\/api.w.org\/{rel}","templated":true}]}}