{"id":4699,"date":"2010-07-09T17:28:27","date_gmt":"2010-07-09T15:28:27","guid":{"rendered":"http:\/\/www.altercampagne.net\/?p=4699"},"modified":"2020-03-06T13:24:26","modified_gmt":"2020-03-06T12:24:26","slug":"etape-du-9-juillet-la-maison-de-la-loire-habitat-et-humanisme-ferme-les-perrieres-et-1-terre-actions","status":"publish","type":"post","link":"https:\/\/www.altercampagne.net\/?p=4699","title":{"rendered":"La Maison de la Loire, Habitat et Humanisme, Ferme les Perri\u00e8res et 1-Terre-Actions"},"content":{"rendered":"<p><strong>Op\u00e9ration \u00ab\u00a00 pesticide\u00a0\u00bb pour les espaces verts &#8211; Article r\u00e9dig\u00e9 par les altercyclistes<\/strong><\/p>\n<p>Pause prolong\u00e9e avec un repr\u00e9sentant de la mairie de Jargeau, adh\u00e9rente de la charte \u201c<a href=\"http:\/\/frapna-zeropesticide.fr\/\" target=\"_blank\" rel=\"noopener noreferrer\"><strong>0 pesticide<\/strong><\/a>\u201d, qui vise \u00e0 terme de supprimer l\u2019utilisation de pesticides dans les espaces verts et sur la voirie.<br \/>\nParticularit\u00e9 pour Jargeau : le produit pulv\u00e9ris\u00e9 dans les espaces verts et sur la voirie est un d\u00e9sherbant \u00e0 base d\u2019amidon de ma\u00efs, destin\u00e9 \u00e0 emp\u00eacher une germination rapide :<br \/>\n&#8211; des adventices, pour celles et ceux qui ont une formation scientifique \u00e0 la base.<br \/>\n&#8211; des herbes sauvages, pour celles et ceux qui sont attach\u00e9s la pr\u00e9servation de la biodiversit\u00e9.<br \/>\n&#8211; des herbes folles, pour celles et ceux qui n\u2019aiment pas se coiffer le matin.<br \/>\n&#8211; des herbes compagnons, pour ceux et celles qui sont en manque de r\u00e9confort.<br \/>\n&#8211; des herbes ind\u00e9sirables, pour celles et ceux qui militent pour la cause des sans papiers,<br \/>\n&#8211; des mauvaises herbes, pour celles et ceux qui n\u2019ont vraiment rien compris \u00e0 rien.<\/p>\n<p>A noter un notable point noir qui fait l\u2019objet d\u2019\u00e2pres discussions, sans compter de houleux d\u00e9bats : l\u2019utilisation des pesticides dans les cimeti\u00e8res : l\u2019apparition d\u2019herbes \u00e0 proximit\u00e9 des tombes serait une marque de non-respect \u00e0 l\u2019\u00e9gard des d\u00e9funts&#8230;<br \/>\n(Je me permets de vous renvoyer \u00e0 la lecture de la th\u00e8se de Cl\u00e9mentine Mentalo (en trois volumes, \u00e9dit\u00e9 par les Editions du Rouergue) :\u201cPsycho-gen\u00e8se des repr\u00e9sentations mentales fun\u00e9raires dans l\u2019imaginaire collectif des soci\u00e9t\u00e9s post-industrielles\u201d<\/p>\n<p><strong>La dynamique Maison de la Loire<\/strong><\/p>\n<p>Parmi les probl\u00e8mes recens\u00e9s par l\u2019un des animateurs de ce lieu d\u2019informations et d\u2019animations ouvert au plus grand nombre, nous avons recens\u00e9 : les berges de plus en plus bois\u00e9es, \u201cce qui fait le bonheur des castors et le malheur des oiseaux migrateurs, ce qui amoindrit la biodiversit\u00e9 des sites en bordure du fleuve\u201d.<\/p>\n<p>Des op\u00e9rations de coupe du bois sur les \u00eelots facilitent le retour et la nidification (cf. le guide pratique d\u2019Arnaud Warrior, aux \u00e9ditions Delachaux et Niestl\u00e9 : \u201cObservations nocturnes par temps clair et en aff\u00fbt des oiseaux lig\u00e9riens\u201d).<\/p>\n<p>Par ailleurs, l\u2019extraction intensive du sable, pour les entreprises du BTP durant des d\u00e9cennies dans le lit de la Loire ne peut plus \u00eatre compens\u00e9e par l\u2019apport de limon en amont (voir la plaquette \u00e9dit\u00e9e par la Maison de la Loire : \u201cR\u00e9percussions \u00e0 court et moyen terme de l\u2019emprise des activit\u00e9s industrielles dans le bassin de la Loire inf\u00e9rieure.\u201d)<\/p>\n<p><strong>L\u2019inalt\u00e9rable Maison-relais \u201cHabitat et Humanisme\u201d<\/strong><\/p>\n<p>Dix-huit studios ou duplex sont actuellement en cours de finition selon des crit\u00e8res HQE (Haute Qualit\u00e9 Environnementale), dont leur mise en application ont suscit\u00e9 bien des questions et commentaires, que tout un chacun-e retrouvera dans le \u201cPetit trait\u00e9 des Maisons Haute Qualit\u00e9 Environnementale \u00e0 la port\u00e9e de toutes les bourses\u201d propos\u00e9 par le Syndicat Coop\u00e9ratif et Autog\u00e9r\u00e9 des Constructeurs HQE).<\/p>\n<p>Cette maison-relais va accueillir en octobre prochain des personnes vivant jusqu\u2019alors dans la rue ou bien encore en fin de droit d\u2019indemnit\u00e9s, bref dans des situations de forte pr\u00e9carit\u00e9.<\/p>\n<p>Pour veiller sur le lieu, un couple de travailleurs sociaux sera pr\u00e9sent dans la journ\u00e9e<\/p>\n<p>Des Associations sont partenaires pour assurer des animations, (sorties en cin\u00e9ma ou au th\u00e9\u00e2tre, par exemple), ou encore des ateliers de bricolage.<\/p>\n<p>Le chantier de cette maison-relais est subventionn\u00e9 par de nombreux partenaires, dont la commune (oblig\u00e9e de construire 20% de logements sociaux), les Conseils G\u00e9n\u00e9raux et R\u00e9gionaux et la Fondation \u201cHabitat &amp; Humanisme\u201d)<\/p>\n<p><strong>La v\u00e9n\u00e9rable ferme&nbsp;les Perri\u00e8res, en bio-dynamie de Saint-Hilaire-Saint-Mesmin le soir<\/strong><\/p>\n<p>Cette ferme bio, fond\u00e9e en 1964, se consacre au mara\u00eechage en biodynamie, sans oublier des vergers dont la majorit\u00e9 des fruits sont revendus en jus de fruits aux parfums capiteux et aux ar\u00f4mes suaves, ce qui a r\u00e9joui les palais des plus petits aux plus grands.<\/p>\n<p>Des Associations locales en ont profit\u00e9 pour nous pr\u00e9senter leurs activit\u00e9s :<\/p>\n<p>La Paquerette, qui g\u00e8re six mille m\u00e8tres carr\u00e9s de jardins partag\u00e9s, \u00e0 raison de trois heures par semaine de jardinage pour les adh\u00e9rents, en \u00e9change de paniers de fruits et l\u00e9gumes. Cette cr\u00e9ation a permis de conserver des espaces de jardins face \u00e0 une pression fonci\u00e8re forte (nombreux lotissements r\u00e9cents dans le voisinage).<\/p>\n<p>Le Coquelicot, forte de quarante adh\u00e9rents, destin\u00e9 entre autre \u00e0 sensibiliser les particuliers \u00e0 ne plus utiliser de pesticides pour leur jardin, ainsi qu\u2019un suivi de l\u2019application de la Charte \u201c0 pesticide\u201d par les employ\u00e9s communaux.<\/p>\n<p>Sans oublier un atelier de maintenance des v\u00e9los par Fran\u00e7ois, R\u00e9my et Richard de l\u2019Association \u201c <a href=\"http:\/\/www.1terreactions.org\/\" target=\"_blank\" rel=\"noopener noreferrer\">1-Terre-actions<\/a>\u201d qui recycle des v\u00e9los : pas moins de deux cent en deux ans ! V\u00e9los revendus de 5 \u00e0 50 euros, \u00e0 des \u00e9tudiants, par exemple.<\/p>\n<p style=\"text-align: right;\"><strong>Alain et Herv\u00e9<\/strong><\/p>\n","protected":false},"excerpt":{"rendered":"<p>Op\u00e9ration \u00ab\u00a00 pesticide\u00a0\u00bb pour les espaces verts &#8211; Article r\u00e9dig\u00e9 par les altercyclistes Pause prolong\u00e9e avec un repr\u00e9sentant de la mairie de Jargeau, adh\u00e9rente de la charte \u201c0 pesticide\u201d, qui vise \u00e0 terme de supprimer l\u2019utilisation de pesticides dans les espaces verts et sur la voirie. Particularit\u00e9 pour Jargeau : &#8230; <\/p>\n<div><a href=\"https:\/\/www.altercampagne.net\/?p=4699\" class=\"more-link\">Read More<\/a><\/div>\n","protected":false},"author":214,"featured_media":17630,"comment_status":"closed","ping_status":"closed","sticky":false,"template":"","format":"standard","meta":{"footnotes":""},"categories":[3483,3473,3493],"tags":[1047,1301,1794,2095,2347,2348,2349,2350,2351,2352],"class_list":["post-4699","post","type-post","status-publish","format-standard","has-post-thumbnail","hentry","category-agriculture","category-centre-val-de-loire","category-edition-2010","tag-loiret","tag-altertour-2010","tag-centre-val-de-loire","tag-2095","tag-jargeau","tag-1-terre-actions","tag-saint-hilaire-saint-mesmin","tag-ferme-les-perrieres","tag-habitat-et-humanisme","tag-maison-de-la-loire"],"yoast_head":"<!-- This site is optimized with the Yoast SEO plugin v27.3 - https:\/\/yoast.com\/product\/yoast-seo-wordpress\/ -->\n<title>La Maison de la Loire, Habitat et Humanisme, Ferme les Perri\u00e8res et 1-Terre-Actions - AlterTour<\/title>\n<meta name=\"robots\" content=\"index, follow, max-snippet:-1, max-image-preview:large, max-video-preview:-1\" \/>\n<link rel=\"canonical\" href=\"https:\/\/www.altercampagne.net\/?p=4699\" \/>\n<meta property=\"og:locale\" content=\"fr_FR\" \/>\n<meta property=\"og:type\" content=\"article\" \/>\n<meta property=\"og:title\" content=\"La Maison de la Loire, Habitat et Humanisme, Ferme les Perri\u00e8res et 1-Terre-Actions - AlterTour\" \/>\n<meta property=\"og:description\" content=\"Op\u00e9ration \u00ab\u00a00 pesticide\u00a0\u00bb pour les espaces verts &#8211; Article r\u00e9dig\u00e9 par les altercyclistes Pause prolong\u00e9e avec un repr\u00e9sentant de la mairie de Jargeau, adh\u00e9rente de la charte \u201c0 pesticide\u201d, qui vise \u00e0 terme de supprimer l\u2019utilisation de pesticides dans les espaces verts et sur la voirie. Particularit\u00e9 pour Jargeau : ... Read More\" \/>\n<meta property=\"og:url\" content=\"https:\/\/www.altercampagne.net\/?p=4699\" \/>\n<meta property=\"og:site_name\" content=\"AlterTour\" \/>\n<meta property=\"article:published_time\" content=\"2010-07-09T15:28:27+00:00\" \/>\n<meta property=\"article:modified_time\" content=\"2020-03-06T12:24:26+00:00\" \/>\n<meta property=\"og:image\" content=\"https:\/\/www.altercampagne.net\/wp-content\/uploads\/2010\/07\/10-07-04-lile-st-denis-22.jpg\" \/>\n\t<meta property=\"og:image:width\" content=\"538\" \/>\n\t<meta property=\"og:image:height\" content=\"281\" \/>\n\t<meta property=\"og:image:type\" content=\"image\/jpeg\" \/>\n<meta name=\"author\" content=\"Mathieu\" \/>\n<meta name=\"twitter:card\" content=\"summary_large_image\" \/>\n<meta name=\"twitter:label1\" content=\"\u00c9crit par\" \/>\n\t<meta name=\"twitter:data1\" content=\"Mathieu\" \/>\n\t<meta name=\"twitter:label2\" content=\"Dur\u00e9e de lecture estim\u00e9e\" \/>\n\t<meta name=\"twitter:data2\" content=\"4 minutes\" \/>\n<script type=\"application\/ld+json\" class=\"yoast-schema-graph\">{\"@context\":\"https:\\\/\\\/schema.org\",\"@graph\":[{\"@type\":\"Article\",\"@id\":\"https:\\\/\\\/www.altercampagne.net\\\/?p=4699#article\",\"isPartOf\":{\"@id\":\"https:\\\/\\\/www.altercampagne.net\\\/?p=4699\"},\"author\":{\"name\":\"Mathieu\",\"@id\":\"https:\\\/\\\/www.altercampagne.net\\\/#\\\/schema\\\/person\\\/0f261460c09e430caa0f9bcffa319109\"},\"headline\":\"La Maison de la Loire, Habitat et Humanisme, Ferme les Perri\u00e8res et 1-Terre-Actions\",\"datePublished\":\"2010-07-09T15:28:27+00:00\",\"dateModified\":\"2020-03-06T12:24:26+00:00\",\"mainEntityOfPage\":{\"@id\":\"https:\\\/\\\/www.altercampagne.net\\\/?p=4699\"},\"wordCount\":846,\"image\":{\"@id\":\"https:\\\/\\\/www.altercampagne.net\\\/?p=4699#primaryimage\"},\"thumbnailUrl\":\"https:\\\/\\\/www.altercampagne.net\\\/wp-content\\\/uploads\\\/2010\\\/07\\\/10-07-04-lile-st-denis-22.jpg\",\"keywords\":[\"Loiret\",\"AlterTour 2010\",\"Centre-Val de Loire\",\"2010\",\"Jargeau\",\"1-Terre-actions\",\"Saint-Hilaire-Saint-Mesmin\",\"ferme les Perri\u00e8res\",\"Habitat et Humanisme\",\"Maison de la Loire\"],\"articleSection\":[\"Agriculture\",\"Centre-Val de Loire\",\"Edition 2010\"],\"inLanguage\":\"fr-FR\"},{\"@type\":\"WebPage\",\"@id\":\"https:\\\/\\\/www.altercampagne.net\\\/?p=4699\",\"url\":\"https:\\\/\\\/www.altercampagne.net\\\/?p=4699\",\"name\":\"La Maison de la Loire, Habitat et Humanisme, Ferme les Perri\u00e8res et 1-Terre-Actions - AlterTour\",\"isPartOf\":{\"@id\":\"https:\\\/\\\/www.altercampagne.net\\\/#website\"},\"primaryImageOfPage\":{\"@id\":\"https:\\\/\\\/www.altercampagne.net\\\/?p=4699#primaryimage\"},\"image\":{\"@id\":\"https:\\\/\\\/www.altercampagne.net\\\/?p=4699#primaryimage\"},\"thumbnailUrl\":\"https:\\\/\\\/www.altercampagne.net\\\/wp-content\\\/uploads\\\/2010\\\/07\\\/10-07-04-lile-st-denis-22.jpg\",\"datePublished\":\"2010-07-09T15:28:27+00:00\",\"dateModified\":\"2020-03-06T12:24:26+00:00\",\"author\":{\"@id\":\"https:\\\/\\\/www.altercampagne.net\\\/#\\\/schema\\\/person\\\/0f261460c09e430caa0f9bcffa319109\"},\"breadcrumb\":{\"@id\":\"https:\\\/\\\/www.altercampagne.net\\\/?p=4699#breadcrumb\"},\"inLanguage\":\"fr-FR\",\"potentialAction\":[{\"@type\":\"ReadAction\",\"target\":[\"https:\\\/\\\/www.altercampagne.net\\\/?p=4699\"]}]},{\"@type\":\"ImageObject\",\"inLanguage\":\"fr-FR\",\"@id\":\"https:\\\/\\\/www.altercampagne.net\\\/?p=4699#primaryimage\",\"url\":\"https:\\\/\\\/www.altercampagne.net\\\/wp-content\\\/uploads\\\/2010\\\/07\\\/10-07-04-lile-st-denis-22.jpg\",\"contentUrl\":\"https:\\\/\\\/www.altercampagne.net\\\/wp-content\\\/uploads\\\/2010\\\/07\\\/10-07-04-lile-st-denis-22.jpg\",\"width\":538,\"height\":281},{\"@type\":\"BreadcrumbList\",\"@id\":\"https:\\\/\\\/www.altercampagne.net\\\/?p=4699#breadcrumb\",\"itemListElement\":[{\"@type\":\"ListItem\",\"position\":1,\"name\":\"Accueil\",\"item\":\"https:\\\/\\\/www.altercampagne.net\\\/\"},{\"@type\":\"ListItem\",\"position\":2,\"name\":\"La Maison de la Loire, Habitat et Humanisme, Ferme les Perri\u00e8res et 1-Terre-Actions\"}]},{\"@type\":\"WebSite\",\"@id\":\"https:\\\/\\\/www.altercampagne.net\\\/#website\",\"url\":\"https:\\\/\\\/www.altercampagne.net\\\/\",\"name\":\"AlterTour\",\"description\":\"Reliez les Alternatives \u00e0 v\u00e9lo\",\"potentialAction\":[{\"@type\":\"SearchAction\",\"target\":{\"@type\":\"EntryPoint\",\"urlTemplate\":\"https:\\\/\\\/www.altercampagne.net\\\/?s={search_term_string}\"},\"query-input\":{\"@type\":\"PropertyValueSpecification\",\"valueRequired\":true,\"valueName\":\"search_term_string\"}}],\"inLanguage\":\"fr-FR\"},{\"@type\":\"Person\",\"@id\":\"https:\\\/\\\/www.altercampagne.net\\\/#\\\/schema\\\/person\\\/0f261460c09e430caa0f9bcffa319109\",\"name\":\"Mathieu\",\"image\":{\"@type\":\"ImageObject\",\"inLanguage\":\"fr-FR\",\"@id\":\"https:\\\/\\\/secure.gravatar.com\\\/avatar\\\/aa9d3d24c83f2141e5e2709d0f63d09a99f6be6bb7a50abc4915838d9f54501a?s=96&d=mm&r=g\",\"url\":\"https:\\\/\\\/secure.gravatar.com\\\/avatar\\\/aa9d3d24c83f2141e5e2709d0f63d09a99f6be6bb7a50abc4915838d9f54501a?s=96&d=mm&r=g\",\"contentUrl\":\"https:\\\/\\\/secure.gravatar.com\\\/avatar\\\/aa9d3d24c83f2141e5e2709d0f63d09a99f6be6bb7a50abc4915838d9f54501a?s=96&d=mm&r=g\",\"caption\":\"Mathieu\"},\"url\":\"https:\\\/\\\/www.altercampagne.net\\\/?author=214\"}]}<\/script>\n<!-- \/ Yoast SEO plugin. -->","yoast_head_json":{"title":"La Maison de la Loire, Habitat et Humanisme, Ferme les Perri\u00e8res et 1-Terre-Actions - AlterTour","robots":{"index":"index","follow":"follow","max-snippet":"max-snippet:-1","max-image-preview":"max-image-preview:large","max-video-preview":"max-video-preview:-1"},"canonical":"https:\/\/www.altercampagne.net\/?p=4699","og_locale":"fr_FR","og_type":"article","og_title":"La Maison de la Loire, Habitat et Humanisme, Ferme les Perri\u00e8res et 1-Terre-Actions - AlterTour","og_description":"Op\u00e9ration \u00ab\u00a00 pesticide\u00a0\u00bb pour les espaces verts &#8211; Article r\u00e9dig\u00e9 par les altercyclistes Pause prolong\u00e9e avec un repr\u00e9sentant de la mairie de Jargeau, adh\u00e9rente de la charte \u201c0 pesticide\u201d, qui vise \u00e0 terme de supprimer l\u2019utilisation de pesticides dans les espaces verts et sur la voirie. Particularit\u00e9 pour Jargeau : ... Read More","og_url":"https:\/\/www.altercampagne.net\/?p=4699","og_site_name":"AlterTour","article_published_time":"2010-07-09T15:28:27+00:00","article_modified_time":"2020-03-06T12:24:26+00:00","og_image":[{"width":538,"height":281,"url":"https:\/\/www.altercampagne.net\/wp-content\/uploads\/2010\/07\/10-07-04-lile-st-denis-22.jpg","type":"image\/jpeg"}],"author":"Mathieu","twitter_card":"summary_large_image","twitter_misc":{"\u00c9crit par":"Mathieu","Dur\u00e9e de lecture estim\u00e9e":"4 minutes"},"schema":{"@context":"https:\/\/schema.org","@graph":[{"@type":"Article","@id":"https:\/\/www.altercampagne.net\/?p=4699#article","isPartOf":{"@id":"https:\/\/www.altercampagne.net\/?p=4699"},"author":{"name":"Mathieu","@id":"https:\/\/www.altercampagne.net\/#\/schema\/person\/0f261460c09e430caa0f9bcffa319109"},"headline":"La Maison de la Loire, Habitat et Humanisme, Ferme les Perri\u00e8res et 1-Terre-Actions","datePublished":"2010-07-09T15:28:27+00:00","dateModified":"2020-03-06T12:24:26+00:00","mainEntityOfPage":{"@id":"https:\/\/www.altercampagne.net\/?p=4699"},"wordCount":846,"image":{"@id":"https:\/\/www.altercampagne.net\/?p=4699#primaryimage"},"thumbnailUrl":"https:\/\/www.altercampagne.net\/wp-content\/uploads\/2010\/07\/10-07-04-lile-st-denis-22.jpg","keywords":["Loiret","AlterTour 2010","Centre-Val de Loire","2010","Jargeau","1-Terre-actions","Saint-Hilaire-Saint-Mesmin","ferme les Perri\u00e8res","Habitat et Humanisme","Maison de la Loire"],"articleSection":["Agriculture","Centre-Val de Loire","Edition 2010"],"inLanguage":"fr-FR"},{"@type":"WebPage","@id":"https:\/\/www.altercampagne.net\/?p=4699","url":"https:\/\/www.altercampagne.net\/?p=4699","name":"La Maison de la Loire, Habitat et Humanisme, Ferme les Perri\u00e8res et 1-Terre-Actions - AlterTour","isPartOf":{"@id":"https:\/\/www.altercampagne.net\/#website"},"primaryImageOfPage":{"@id":"https:\/\/www.altercampagne.net\/?p=4699#primaryimage"},"image":{"@id":"https:\/\/www.altercampagne.net\/?p=4699#primaryimage"},"thumbnailUrl":"https:\/\/www.altercampagne.net\/wp-content\/uploads\/2010\/07\/10-07-04-lile-st-denis-22.jpg","datePublished":"2010-07-09T15:28:27+00:00","dateModified":"2020-03-06T12:24:26+00:00","author":{"@id":"https:\/\/www.altercampagne.net\/#\/schema\/person\/0f261460c09e430caa0f9bcffa319109"},"breadcrumb":{"@id":"https:\/\/www.altercampagne.net\/?p=4699#breadcrumb"},"inLanguage":"fr-FR","potentialAction":[{"@type":"ReadAction","target":["https:\/\/www.altercampagne.net\/?p=4699"]}]},{"@type":"ImageObject","inLanguage":"fr-FR","@id":"https:\/\/www.altercampagne.net\/?p=4699#primaryimage","url":"https:\/\/www.altercampagne.net\/wp-content\/uploads\/2010\/07\/10-07-04-lile-st-denis-22.jpg","contentUrl":"https:\/\/www.altercampagne.net\/wp-content\/uploads\/2010\/07\/10-07-04-lile-st-denis-22.jpg","width":538,"height":281},{"@type":"BreadcrumbList","@id":"https:\/\/www.altercampagne.net\/?p=4699#breadcrumb","itemListElement":[{"@type":"ListItem","position":1,"name":"Accueil","item":"https:\/\/www.altercampagne.net\/"},{"@type":"ListItem","position":2,"name":"La Maison de la Loire, Habitat et Humanisme, Ferme les Perri\u00e8res et 1-Terre-Actions"}]},{"@type":"WebSite","@id":"https:\/\/www.altercampagne.net\/#website","url":"https:\/\/www.altercampagne.net\/","name":"AlterTour","description":"Reliez les Alternatives \u00e0 v\u00e9lo","potentialAction":[{"@type":"SearchAction","target":{"@type":"EntryPoint","urlTemplate":"https:\/\/www.altercampagne.net\/?s={search_term_string}"},"query-input":{"@type":"PropertyValueSpecification","valueRequired":true,"valueName":"search_term_string"}}],"inLanguage":"fr-FR"},{"@type":"Person","@id":"https:\/\/www.altercampagne.net\/#\/schema\/person\/0f261460c09e430caa0f9bcffa319109","name":"Mathieu","image":{"@type":"ImageObject","inLanguage":"fr-FR","@id":"https:\/\/secure.gravatar.com\/avatar\/aa9d3d24c83f2141e5e2709d0f63d09a99f6be6bb7a50abc4915838d9f54501a?s=96&d=mm&r=g","url":"https:\/\/secure.gravatar.com\/avatar\/aa9d3d24c83f2141e5e2709d0f63d09a99f6be6bb7a50abc4915838d9f54501a?s=96&d=mm&r=g","contentUrl":"https:\/\/secure.gravatar.com\/avatar\/aa9d3d24c83f2141e5e2709d0f63d09a99f6be6bb7a50abc4915838d9f54501a?s=96&d=mm&r=g","caption":"Mathieu"},"url":"https:\/\/www.altercampagne.net\/?author=214"}]}},"_links":{"self":[{"href":"https:\/\/www.altercampagne.net\/index.php?rest_route=\/wp\/v2\/posts\/4699","targetHints":{"allow":["GET"]}}],"collection":[{"href":"https:\/\/www.altercampagne.net\/index.php?rest_route=\/wp\/v2\/posts"}],"about":[{"href":"https:\/\/www.altercampagne.net\/index.php?rest_route=\/wp\/v2\/types\/post"}],"author":[{"embeddable":true,"href":"https:\/\/www.altercampagne.net\/index.php?rest_route=\/wp\/v2\/users\/214"}],"replies":[{"embeddable":true,"href":"https:\/\/www.altercampagne.net\/index.php?rest_route=%2Fwp%2Fv2%2Fcomments&post=4699"}],"version-history":[{"count":2,"href":"https:\/\/www.altercampagne.net\/index.php?rest_route=\/wp\/v2\/posts\/4699\/revisions"}],"predecessor-version":[{"id":17631,"href":"https:\/\/www.altercampagne.net\/index.php?rest_route=\/wp\/v2\/posts\/4699\/revisions\/17631"}],"wp:featuredmedia":[{"embeddable":true,"href":"https:\/\/www.altercampagne.net\/index.php?rest_route=\/wp\/v2\/media\/17630"}],"wp:attachment":[{"href":"https:\/\/www.altercampagne.net\/index.php?rest_route=%2Fwp%2Fv2%2Fmedia&parent=4699"}],"wp:term":[{"taxonomy":"category","embeddable":true,"href":"https:\/\/www.altercampagne.net\/index.php?rest_route=%2Fwp%2Fv2%2Fcategories&post=4699"},{"taxonomy":"post_tag","embeddable":true,"href":"https:\/\/www.altercampagne.net\/index.php?rest_route=%2Fwp%2Fv2%2Ftags&post=4699"}],"curies":[{"name":"wp","href":"https:\/\/api.w.org\/{rel}","templated":true}]}}