{"id":4701,"date":"2010-07-08T17:41:14","date_gmt":"2010-07-08T15:41:14","guid":{"rendered":"http:\/\/www.altercampagne.net\/?p=4701"},"modified":"2020-03-06T11:52:29","modified_gmt":"2020-03-06T10:52:29","slug":"etape-du-8-juillet-le-tour-de-france-narretera-pas-laltertour","status":"publish","type":"post","link":"https:\/\/www.altercampagne.net\/?p=4701","title":{"rendered":"Le Tour de France n&rsquo;arr\u00eatera pas l&rsquo;AlterTour !"},"content":{"rendered":"<p><strong>Le circuit de l\u2019AlterTour croise celui du Tour-de-France<\/strong><\/p>\n<p>\u00ab Pourquoi l\u2019AlterTour ne suit-il pas le m\u00eame parcours que l\u2019autre tour ? \u00bb<\/p>\n<p>&#8211; Une raison de fond : Alors que l\u2019AlterTour est un circuit continu, tout le long duquel les participants se transmettent un t\u00e9moin-relais (un sachet de <a href=\"http:\/\/www.semencespaysannes.org\/\" target=\"_blank\" rel=\"noopener noreferrer\"><strong>Semences paysannes<\/strong><\/a>, cette ann\u00e9e), il n\u2019est pas rare que les champions du Tour-de-France prennent le TGV ou m\u00eame l\u2019avion pour aller d\u2019un lieu d\u2019arriv\u00e9e au site de d\u00e9part du lendemain-matin.<\/p>\n<p>&#8211; Une raison de forme : le passage du Tour-de-France est encadr\u00e9 par un service d\u2019ordre qui interdit toute intrusion dans sa caravane, comme exp\u00e9riment\u00e9 par les altercyclistes\u2026<\/p>\n<p>Pour \u00e9viter de se retrouver bloqu\u00e9s par le passage du Tour-de-France, les altercyclistes ont d\u00fb, pour la premi\u00e8re fois, d\u00e9roger \u00e0 la r\u00e8gle du relais cycliste continu : l\u2019AlterBus les a conduit \u00e0 10 h du matin au N-E de Villecerf sur le tron\u00e7on que les champions de la petite reine allaient emprunter quelques heures plus tard. Les \u00ab fan \u00bb du Tour-de-France d\u00e9j\u00e0 pr\u00e9sents sur le bord de la route ont \u00e9t\u00e9 surpris de voir passer des cyclistes en maillot vert, qui les saluaient, venaient \u00e0 leur rencontre, alors qu\u2019ils applaudissent habituellement des motards, les v\u00e9hicules de la caravane, et les champions \u00ab le nez dans le guidon \u00bb. survol\u00e9s par une dizaine d\u2019h\u00e9licopt\u00e8res.<\/p>\n<p>A noter sur le parcours, la visite d\u2019une <a href=\"http:\/\/ecocentre-de-la-foret-d-orleans.over-blog.com\/\" target=\"_blank\" rel=\"noopener noreferrer\"><strong>construction bioclimatique<\/strong><\/a> r\u00e9alis\u00e9e par les \u00e9l\u00e8ves du Coll\u00e8ge de Beaune-la-Rolande : une initiative originale et exemplaire.<\/p>\n<p style=\"text-align: right;\"><strong>Laura de Metz, Math de Besan\u00e7on et Dom de Chevreuse<\/strong><\/p>\n","protected":false},"excerpt":{"rendered":"<p>Le circuit de l\u2019AlterTour croise celui du Tour-de-France \u00ab Pourquoi l\u2019AlterTour ne suit-il pas le m\u00eame parcours que l\u2019autre tour ? \u00bb &#8211; Une raison de fond : Alors que l\u2019AlterTour est un circuit continu, tout le long duquel les participants se transmettent un t\u00e9moin-relais (un sachet de Semences paysannes, &#8230; <\/p>\n<div><a href=\"https:\/\/www.altercampagne.net\/?p=4701\" class=\"more-link\">Read More<\/a><\/div>\n","protected":false},"author":214,"featured_media":17628,"comment_status":"closed","ping_status":"closed","sticky":false,"template":"","format":"standard","meta":{"footnotes":""},"categories":[3473,3932,3493],"tags":[660,1047,1301,1794,2095,2354],"class_list":["post-4701","post","type-post","status-publish","format-standard","has-post-thumbnail","hentry","category-centre-val-de-loire","category-velo","category-edition-2010","tag-tour-de-france","tag-loiret","tag-altertour-2010","tag-centre-val-de-loire","tag-2095","tag-beaune-la-rolande"],"yoast_head":"<!-- This site is optimized with the Yoast SEO plugin v27.3 - https:\/\/yoast.com\/product\/yoast-seo-wordpress\/ -->\n<title>Le Tour de France n&#039;arr\u00eatera pas l&#039;AlterTour ! - AlterTour<\/title>\n<meta name=\"robots\" content=\"index, follow, max-snippet:-1, max-image-preview:large, max-video-preview:-1\" \/>\n<link rel=\"canonical\" href=\"https:\/\/www.altercampagne.net\/?p=4701\" \/>\n<meta property=\"og:locale\" content=\"fr_FR\" \/>\n<meta property=\"og:type\" content=\"article\" \/>\n<meta property=\"og:title\" content=\"Le Tour de France n&#039;arr\u00eatera pas l&#039;AlterTour ! - AlterTour\" \/>\n<meta property=\"og:description\" content=\"Le circuit de l\u2019AlterTour croise celui du Tour-de-France \u00ab Pourquoi l\u2019AlterTour ne suit-il pas le m\u00eame parcours que l\u2019autre tour ? \u00bb &#8211; Une raison de fond : Alors que l\u2019AlterTour est un circuit continu, tout le long duquel les participants se transmettent un t\u00e9moin-relais (un sachet de Semences paysannes, ... Read More\" \/>\n<meta property=\"og:url\" content=\"https:\/\/www.altercampagne.net\/?p=4701\" \/>\n<meta property=\"og:site_name\" content=\"AlterTour\" \/>\n<meta property=\"article:published_time\" content=\"2010-07-08T15:41:14+00:00\" \/>\n<meta property=\"article:modified_time\" content=\"2020-03-06T10:52:29+00:00\" \/>\n<meta property=\"og:image\" content=\"https:\/\/www.altercampagne.net\/wp-content\/uploads\/2010\/07\/Circuit-Tour2France-8juillet2.jpg\" \/>\n\t<meta property=\"og:image:width\" content=\"448\" \/>\n\t<meta property=\"og:image:height\" content=\"235\" \/>\n\t<meta property=\"og:image:type\" content=\"image\/jpeg\" \/>\n<meta name=\"author\" content=\"Mathieu\" \/>\n<meta name=\"twitter:card\" content=\"summary_large_image\" \/>\n<meta name=\"twitter:label1\" content=\"\u00c9crit par\" \/>\n\t<meta name=\"twitter:data1\" content=\"Mathieu\" \/>\n\t<meta name=\"twitter:label2\" content=\"Dur\u00e9e de lecture estim\u00e9e\" \/>\n\t<meta name=\"twitter:data2\" content=\"1 minute\" \/>\n<script type=\"application\/ld+json\" class=\"yoast-schema-graph\">{\"@context\":\"https:\\\/\\\/schema.org\",\"@graph\":[{\"@type\":\"Article\",\"@id\":\"https:\\\/\\\/www.altercampagne.net\\\/?p=4701#article\",\"isPartOf\":{\"@id\":\"https:\\\/\\\/www.altercampagne.net\\\/?p=4701\"},\"author\":{\"name\":\"Mathieu\",\"@id\":\"https:\\\/\\\/www.altercampagne.net\\\/#\\\/schema\\\/person\\\/0f261460c09e430caa0f9bcffa319109\"},\"headline\":\"Le Tour de France n&rsquo;arr\u00eatera pas l&rsquo;AlterTour !\",\"datePublished\":\"2010-07-08T15:41:14+00:00\",\"dateModified\":\"2020-03-06T10:52:29+00:00\",\"mainEntityOfPage\":{\"@id\":\"https:\\\/\\\/www.altercampagne.net\\\/?p=4701\"},\"wordCount\":286,\"image\":{\"@id\":\"https:\\\/\\\/www.altercampagne.net\\\/?p=4701#primaryimage\"},\"thumbnailUrl\":\"https:\\\/\\\/www.altercampagne.net\\\/wp-content\\\/uploads\\\/2010\\\/07\\\/Circuit-Tour2France-8juillet2.jpg\",\"keywords\":[\"Tour de France\",\"Loiret\",\"AlterTour 2010\",\"Centre-Val de Loire\",\"2010\",\"Beaune-la-Rolande\"],\"articleSection\":[\"Centre-Val de Loire\",\"V\u00e9lo\",\"Edition 2010\"],\"inLanguage\":\"fr-FR\"},{\"@type\":\"WebPage\",\"@id\":\"https:\\\/\\\/www.altercampagne.net\\\/?p=4701\",\"url\":\"https:\\\/\\\/www.altercampagne.net\\\/?p=4701\",\"name\":\"Le Tour de France n'arr\u00eatera pas l'AlterTour ! - AlterTour\",\"isPartOf\":{\"@id\":\"https:\\\/\\\/www.altercampagne.net\\\/#website\"},\"primaryImageOfPage\":{\"@id\":\"https:\\\/\\\/www.altercampagne.net\\\/?p=4701#primaryimage\"},\"image\":{\"@id\":\"https:\\\/\\\/www.altercampagne.net\\\/?p=4701#primaryimage\"},\"thumbnailUrl\":\"https:\\\/\\\/www.altercampagne.net\\\/wp-content\\\/uploads\\\/2010\\\/07\\\/Circuit-Tour2France-8juillet2.jpg\",\"datePublished\":\"2010-07-08T15:41:14+00:00\",\"dateModified\":\"2020-03-06T10:52:29+00:00\",\"author\":{\"@id\":\"https:\\\/\\\/www.altercampagne.net\\\/#\\\/schema\\\/person\\\/0f261460c09e430caa0f9bcffa319109\"},\"breadcrumb\":{\"@id\":\"https:\\\/\\\/www.altercampagne.net\\\/?p=4701#breadcrumb\"},\"inLanguage\":\"fr-FR\",\"potentialAction\":[{\"@type\":\"ReadAction\",\"target\":[\"https:\\\/\\\/www.altercampagne.net\\\/?p=4701\"]}]},{\"@type\":\"ImageObject\",\"inLanguage\":\"fr-FR\",\"@id\":\"https:\\\/\\\/www.altercampagne.net\\\/?p=4701#primaryimage\",\"url\":\"https:\\\/\\\/www.altercampagne.net\\\/wp-content\\\/uploads\\\/2010\\\/07\\\/Circuit-Tour2France-8juillet2.jpg\",\"contentUrl\":\"https:\\\/\\\/www.altercampagne.net\\\/wp-content\\\/uploads\\\/2010\\\/07\\\/Circuit-Tour2France-8juillet2.jpg\",\"width\":448,\"height\":235},{\"@type\":\"BreadcrumbList\",\"@id\":\"https:\\\/\\\/www.altercampagne.net\\\/?p=4701#breadcrumb\",\"itemListElement\":[{\"@type\":\"ListItem\",\"position\":1,\"name\":\"Accueil\",\"item\":\"https:\\\/\\\/www.altercampagne.net\\\/\"},{\"@type\":\"ListItem\",\"position\":2,\"name\":\"Le Tour de France n&rsquo;arr\u00eatera pas l&rsquo;AlterTour !\"}]},{\"@type\":\"WebSite\",\"@id\":\"https:\\\/\\\/www.altercampagne.net\\\/#website\",\"url\":\"https:\\\/\\\/www.altercampagne.net\\\/\",\"name\":\"AlterTour\",\"description\":\"Reliez les Alternatives \u00e0 v\u00e9lo\",\"potentialAction\":[{\"@type\":\"SearchAction\",\"target\":{\"@type\":\"EntryPoint\",\"urlTemplate\":\"https:\\\/\\\/www.altercampagne.net\\\/?s={search_term_string}\"},\"query-input\":{\"@type\":\"PropertyValueSpecification\",\"valueRequired\":true,\"valueName\":\"search_term_string\"}}],\"inLanguage\":\"fr-FR\"},{\"@type\":\"Person\",\"@id\":\"https:\\\/\\\/www.altercampagne.net\\\/#\\\/schema\\\/person\\\/0f261460c09e430caa0f9bcffa319109\",\"name\":\"Mathieu\",\"image\":{\"@type\":\"ImageObject\",\"inLanguage\":\"fr-FR\",\"@id\":\"https:\\\/\\\/secure.gravatar.com\\\/avatar\\\/aa9d3d24c83f2141e5e2709d0f63d09a99f6be6bb7a50abc4915838d9f54501a?s=96&d=mm&r=g\",\"url\":\"https:\\\/\\\/secure.gravatar.com\\\/avatar\\\/aa9d3d24c83f2141e5e2709d0f63d09a99f6be6bb7a50abc4915838d9f54501a?s=96&d=mm&r=g\",\"contentUrl\":\"https:\\\/\\\/secure.gravatar.com\\\/avatar\\\/aa9d3d24c83f2141e5e2709d0f63d09a99f6be6bb7a50abc4915838d9f54501a?s=96&d=mm&r=g\",\"caption\":\"Mathieu\"},\"url\":\"https:\\\/\\\/www.altercampagne.net\\\/?author=214\"}]}<\/script>\n<!-- \/ Yoast SEO plugin. -->","yoast_head_json":{"title":"Le Tour de France n'arr\u00eatera pas l'AlterTour ! - AlterTour","robots":{"index":"index","follow":"follow","max-snippet":"max-snippet:-1","max-image-preview":"max-image-preview:large","max-video-preview":"max-video-preview:-1"},"canonical":"https:\/\/www.altercampagne.net\/?p=4701","og_locale":"fr_FR","og_type":"article","og_title":"Le Tour de France n'arr\u00eatera pas l'AlterTour ! - AlterTour","og_description":"Le circuit de l\u2019AlterTour croise celui du Tour-de-France \u00ab Pourquoi l\u2019AlterTour ne suit-il pas le m\u00eame parcours que l\u2019autre tour ? \u00bb &#8211; Une raison de fond : Alors que l\u2019AlterTour est un circuit continu, tout le long duquel les participants se transmettent un t\u00e9moin-relais (un sachet de Semences paysannes, ... Read More","og_url":"https:\/\/www.altercampagne.net\/?p=4701","og_site_name":"AlterTour","article_published_time":"2010-07-08T15:41:14+00:00","article_modified_time":"2020-03-06T10:52:29+00:00","og_image":[{"width":448,"height":235,"url":"https:\/\/www.altercampagne.net\/wp-content\/uploads\/2010\/07\/Circuit-Tour2France-8juillet2.jpg","type":"image\/jpeg"}],"author":"Mathieu","twitter_card":"summary_large_image","twitter_misc":{"\u00c9crit par":"Mathieu","Dur\u00e9e de lecture estim\u00e9e":"1 minute"},"schema":{"@context":"https:\/\/schema.org","@graph":[{"@type":"Article","@id":"https:\/\/www.altercampagne.net\/?p=4701#article","isPartOf":{"@id":"https:\/\/www.altercampagne.net\/?p=4701"},"author":{"name":"Mathieu","@id":"https:\/\/www.altercampagne.net\/#\/schema\/person\/0f261460c09e430caa0f9bcffa319109"},"headline":"Le Tour de France n&rsquo;arr\u00eatera pas l&rsquo;AlterTour !","datePublished":"2010-07-08T15:41:14+00:00","dateModified":"2020-03-06T10:52:29+00:00","mainEntityOfPage":{"@id":"https:\/\/www.altercampagne.net\/?p=4701"},"wordCount":286,"image":{"@id":"https:\/\/www.altercampagne.net\/?p=4701#primaryimage"},"thumbnailUrl":"https:\/\/www.altercampagne.net\/wp-content\/uploads\/2010\/07\/Circuit-Tour2France-8juillet2.jpg","keywords":["Tour de France","Loiret","AlterTour 2010","Centre-Val de Loire","2010","Beaune-la-Rolande"],"articleSection":["Centre-Val de Loire","V\u00e9lo","Edition 2010"],"inLanguage":"fr-FR"},{"@type":"WebPage","@id":"https:\/\/www.altercampagne.net\/?p=4701","url":"https:\/\/www.altercampagne.net\/?p=4701","name":"Le Tour de France n'arr\u00eatera pas l'AlterTour ! - AlterTour","isPartOf":{"@id":"https:\/\/www.altercampagne.net\/#website"},"primaryImageOfPage":{"@id":"https:\/\/www.altercampagne.net\/?p=4701#primaryimage"},"image":{"@id":"https:\/\/www.altercampagne.net\/?p=4701#primaryimage"},"thumbnailUrl":"https:\/\/www.altercampagne.net\/wp-content\/uploads\/2010\/07\/Circuit-Tour2France-8juillet2.jpg","datePublished":"2010-07-08T15:41:14+00:00","dateModified":"2020-03-06T10:52:29+00:00","author":{"@id":"https:\/\/www.altercampagne.net\/#\/schema\/person\/0f261460c09e430caa0f9bcffa319109"},"breadcrumb":{"@id":"https:\/\/www.altercampagne.net\/?p=4701#breadcrumb"},"inLanguage":"fr-FR","potentialAction":[{"@type":"ReadAction","target":["https:\/\/www.altercampagne.net\/?p=4701"]}]},{"@type":"ImageObject","inLanguage":"fr-FR","@id":"https:\/\/www.altercampagne.net\/?p=4701#primaryimage","url":"https:\/\/www.altercampagne.net\/wp-content\/uploads\/2010\/07\/Circuit-Tour2France-8juillet2.jpg","contentUrl":"https:\/\/www.altercampagne.net\/wp-content\/uploads\/2010\/07\/Circuit-Tour2France-8juillet2.jpg","width":448,"height":235},{"@type":"BreadcrumbList","@id":"https:\/\/www.altercampagne.net\/?p=4701#breadcrumb","itemListElement":[{"@type":"ListItem","position":1,"name":"Accueil","item":"https:\/\/www.altercampagne.net\/"},{"@type":"ListItem","position":2,"name":"Le Tour de France n&rsquo;arr\u00eatera pas l&rsquo;AlterTour !"}]},{"@type":"WebSite","@id":"https:\/\/www.altercampagne.net\/#website","url":"https:\/\/www.altercampagne.net\/","name":"AlterTour","description":"Reliez les Alternatives \u00e0 v\u00e9lo","potentialAction":[{"@type":"SearchAction","target":{"@type":"EntryPoint","urlTemplate":"https:\/\/www.altercampagne.net\/?s={search_term_string}"},"query-input":{"@type":"PropertyValueSpecification","valueRequired":true,"valueName":"search_term_string"}}],"inLanguage":"fr-FR"},{"@type":"Person","@id":"https:\/\/www.altercampagne.net\/#\/schema\/person\/0f261460c09e430caa0f9bcffa319109","name":"Mathieu","image":{"@type":"ImageObject","inLanguage":"fr-FR","@id":"https:\/\/secure.gravatar.com\/avatar\/aa9d3d24c83f2141e5e2709d0f63d09a99f6be6bb7a50abc4915838d9f54501a?s=96&d=mm&r=g","url":"https:\/\/secure.gravatar.com\/avatar\/aa9d3d24c83f2141e5e2709d0f63d09a99f6be6bb7a50abc4915838d9f54501a?s=96&d=mm&r=g","contentUrl":"https:\/\/secure.gravatar.com\/avatar\/aa9d3d24c83f2141e5e2709d0f63d09a99f6be6bb7a50abc4915838d9f54501a?s=96&d=mm&r=g","caption":"Mathieu"},"url":"https:\/\/www.altercampagne.net\/?author=214"}]}},"_links":{"self":[{"href":"https:\/\/www.altercampagne.net\/index.php?rest_route=\/wp\/v2\/posts\/4701","targetHints":{"allow":["GET"]}}],"collection":[{"href":"https:\/\/www.altercampagne.net\/index.php?rest_route=\/wp\/v2\/posts"}],"about":[{"href":"https:\/\/www.altercampagne.net\/index.php?rest_route=\/wp\/v2\/types\/post"}],"author":[{"embeddable":true,"href":"https:\/\/www.altercampagne.net\/index.php?rest_route=\/wp\/v2\/users\/214"}],"replies":[{"embeddable":true,"href":"https:\/\/www.altercampagne.net\/index.php?rest_route=%2Fwp%2Fv2%2Fcomments&post=4701"}],"version-history":[{"count":3,"href":"https:\/\/www.altercampagne.net\/index.php?rest_route=\/wp\/v2\/posts\/4701\/revisions"}],"predecessor-version":[{"id":17629,"href":"https:\/\/www.altercampagne.net\/index.php?rest_route=\/wp\/v2\/posts\/4701\/revisions\/17629"}],"wp:featuredmedia":[{"embeddable":true,"href":"https:\/\/www.altercampagne.net\/index.php?rest_route=\/wp\/v2\/media\/17628"}],"wp:attachment":[{"href":"https:\/\/www.altercampagne.net\/index.php?rest_route=%2Fwp%2Fv2%2Fmedia&parent=4701"}],"wp:term":[{"taxonomy":"category","embeddable":true,"href":"https:\/\/www.altercampagne.net\/index.php?rest_route=%2Fwp%2Fv2%2Fcategories&post=4701"},{"taxonomy":"post_tag","embeddable":true,"href":"https:\/\/www.altercampagne.net\/index.php?rest_route=%2Fwp%2Fv2%2Ftags&post=4701"}],"curies":[{"name":"wp","href":"https:\/\/api.w.org\/{rel}","templated":true}]}}