{"id":4702,"date":"2010-07-08T17:45:15","date_gmt":"2010-07-08T15:45:15","guid":{"rendered":"http:\/\/www.altercampagne.net\/?p=4702"},"modified":"2016-04-24T17:46:47","modified_gmt":"2016-04-24T15:46:47","slug":"radio-altertour","status":"publish","type":"post","link":"https:\/\/www.altercampagne.net\/?p=4702","title":{"rendered":"Radio-AlterTour"},"content":{"rendered":"<p><img loading=\"lazy\" decoding=\"async\" class=\" alignleft\" src=\"http:\/\/altercampagne.free.fr\/pages\/2008\/AlterTour\/pic\/DomChristian-RFI_7juil10.jpg\" alt=\"\" width=\"130\" height=\"97\" \/>Ce matin \u00e0 6h sur Radio Monte-Carlo et hier apr\u00e8s-midi sur Radio-France International : l&rsquo;AlterTour se propage sur les ondes&#8230;<\/p>\n<p>Priorit\u00e9 Sant\u00e9, Claire H\u00e9don.<br \/>\nLe dopage, \u00e9mission du 7 juillet 2010<br \/>\nA l\u2019occasion du Tour de France et de la Coupe du Monde de Football, nous faisons le point sur les probl\u00e8mes de dopage dans les sports de comp\u00e9tition. Hormones, EPO, sportifs g\u00e9n\u00e9tiquement modifi\u00e9s \u2026 Quels sont les risques pour la sant\u00e9 ? Cette course pour am\u00e9liorer les performances touche-t-elle aussi le grand public ?<\/p>\n<p>Invit\u00e9s :<br \/>\n\u2022 Christian V\u00e9lot, docteur en G\u00e9n\u00e9tique mol\u00e9culaire, enseignant chercheur \u00e0 l\u2019Universit\u00e9 Paris Sud.<br \/>\n\u2022 Dominique B\u00e9roule, chercheur en Sciences Cognitives au CNRS.<br \/>\n\u2022 Dr Jean-Pierre de Mondenard, m\u00e9decin du sport, grand observateur de la lutte antidopage, auteur de \u00ab Contre-enqu\u00eates sur 36 histoires du Tour de France \u00bb, aux \u00e9ditions Hugo et Cie.<\/p>\n<p style=\"text-align: center;\"><a href=\"http:\/\/altercampagne.free.fr\/pages\/2008\/AlterTour\/doc\/RFI-Dopage-7juil10_1.mp3\" target=\"_blank\">RFI &#8211; Premi\u00e8re partie<\/a> &#8211; <a href=\"http:\/\/altercampagne.free.fr\/pages\/2008\/AlterTour\/doc\/RFI-Dopage-7juil10_2.mp3\" target=\"_blank\">RFI &#8211; Deuxi\u00e8me partie<\/a><\/p>\n","protected":false},"excerpt":{"rendered":"<p>Ce matin \u00e0 6h sur Radio Monte-Carlo et hier apr\u00e8s-midi sur Radio-France International : l&rsquo;AlterTour se propage sur les ondes&#8230; Priorit\u00e9 Sant\u00e9, Claire H\u00e9don. Le dopage, \u00e9mission du 7 juillet 2010 A l\u2019occasion du Tour de France et de la Coupe du Monde de Football, nous faisons le point sur &#8230; <\/p>\n<div><a href=\"https:\/\/www.altercampagne.net\/?p=4702\" class=\"more-link\">Read More<\/a><\/div>\n","protected":false},"author":214,"featured_media":0,"comment_status":"closed","ping_status":"closed","sticky":false,"template":"","format":"standard","meta":{"footnotes":""},"categories":[239],"tags":[1301,2095,2353],"class_list":["post-4702","post","type-post","status-publish","format-standard","hentry","category-revue-de-presse","tag-altertour-2010","tag-2095","tag-rfi","no-post-thumbnail"],"yoast_head":"<!-- This site is optimized with the Yoast SEO plugin v27.3 - https:\/\/yoast.com\/product\/yoast-seo-wordpress\/ -->\n<title>Radio-AlterTour - AlterTour<\/title>\n<meta name=\"robots\" content=\"index, follow, max-snippet:-1, max-image-preview:large, max-video-preview:-1\" \/>\n<link rel=\"canonical\" href=\"https:\/\/www.altercampagne.net\/?p=4702\" \/>\n<meta property=\"og:locale\" content=\"fr_FR\" \/>\n<meta property=\"og:type\" content=\"article\" \/>\n<meta property=\"og:title\" content=\"Radio-AlterTour - AlterTour\" \/>\n<meta property=\"og:description\" content=\"Ce matin \u00e0 6h sur Radio Monte-Carlo et hier apr\u00e8s-midi sur Radio-France International : l&rsquo;AlterTour se propage sur les ondes&#8230; Priorit\u00e9 Sant\u00e9, Claire H\u00e9don. Le dopage, \u00e9mission du 7 juillet 2010 A l\u2019occasion du Tour de France et de la Coupe du Monde de Football, nous faisons le point sur ... Read More\" \/>\n<meta property=\"og:url\" content=\"https:\/\/www.altercampagne.net\/?p=4702\" \/>\n<meta property=\"og:site_name\" content=\"AlterTour\" \/>\n<meta property=\"article:published_time\" content=\"2010-07-08T15:45:15+00:00\" \/>\n<meta property=\"article:modified_time\" content=\"2016-04-24T15:46:47+00:00\" \/>\n<meta property=\"og:image\" content=\"http:\/\/altercampagne.free.fr\/pages\/2008\/AlterTour\/pic\/DomChristian-RFI_7juil10.jpg\" \/>\n<meta name=\"author\" content=\"Mathieu\" \/>\n<meta name=\"twitter:card\" content=\"summary_large_image\" \/>\n<meta name=\"twitter:label1\" content=\"\u00c9crit par\" \/>\n\t<meta name=\"twitter:data1\" content=\"Mathieu\" \/>\n\t<meta name=\"twitter:label2\" content=\"Dur\u00e9e de lecture estim\u00e9e\" \/>\n\t<meta name=\"twitter:data2\" content=\"1 minute\" \/>\n<script type=\"application\/ld+json\" class=\"yoast-schema-graph\">{\"@context\":\"https:\\\/\\\/schema.org\",\"@graph\":[{\"@type\":\"Article\",\"@id\":\"https:\\\/\\\/www.altercampagne.net\\\/?p=4702#article\",\"isPartOf\":{\"@id\":\"https:\\\/\\\/www.altercampagne.net\\\/?p=4702\"},\"author\":{\"name\":\"Mathieu\",\"@id\":\"https:\\\/\\\/www.altercampagne.net\\\/#\\\/schema\\\/person\\\/0f261460c09e430caa0f9bcffa319109\"},\"headline\":\"Radio-AlterTour\",\"datePublished\":\"2010-07-08T15:45:15+00:00\",\"dateModified\":\"2016-04-24T15:46:47+00:00\",\"mainEntityOfPage\":{\"@id\":\"https:\\\/\\\/www.altercampagne.net\\\/?p=4702\"},\"wordCount\":156,\"image\":{\"@id\":\"https:\\\/\\\/www.altercampagne.net\\\/?p=4702#primaryimage\"},\"thumbnailUrl\":\"http:\\\/\\\/altercampagne.free.fr\\\/pages\\\/2008\\\/AlterTour\\\/pic\\\/DomChristian-RFI_7juil10.jpg\",\"keywords\":[\"AlterTour 2010\",\"2010\",\"RFI\"],\"articleSection\":[\"Revue de presse\"],\"inLanguage\":\"fr-FR\"},{\"@type\":\"WebPage\",\"@id\":\"https:\\\/\\\/www.altercampagne.net\\\/?p=4702\",\"url\":\"https:\\\/\\\/www.altercampagne.net\\\/?p=4702\",\"name\":\"Radio-AlterTour - AlterTour\",\"isPartOf\":{\"@id\":\"https:\\\/\\\/www.altercampagne.net\\\/#website\"},\"primaryImageOfPage\":{\"@id\":\"https:\\\/\\\/www.altercampagne.net\\\/?p=4702#primaryimage\"},\"image\":{\"@id\":\"https:\\\/\\\/www.altercampagne.net\\\/?p=4702#primaryimage\"},\"thumbnailUrl\":\"http:\\\/\\\/altercampagne.free.fr\\\/pages\\\/2008\\\/AlterTour\\\/pic\\\/DomChristian-RFI_7juil10.jpg\",\"datePublished\":\"2010-07-08T15:45:15+00:00\",\"dateModified\":\"2016-04-24T15:46:47+00:00\",\"author\":{\"@id\":\"https:\\\/\\\/www.altercampagne.net\\\/#\\\/schema\\\/person\\\/0f261460c09e430caa0f9bcffa319109\"},\"breadcrumb\":{\"@id\":\"https:\\\/\\\/www.altercampagne.net\\\/?p=4702#breadcrumb\"},\"inLanguage\":\"fr-FR\",\"potentialAction\":[{\"@type\":\"ReadAction\",\"target\":[\"https:\\\/\\\/www.altercampagne.net\\\/?p=4702\"]}]},{\"@type\":\"ImageObject\",\"inLanguage\":\"fr-FR\",\"@id\":\"https:\\\/\\\/www.altercampagne.net\\\/?p=4702#primaryimage\",\"url\":\"http:\\\/\\\/altercampagne.free.fr\\\/pages\\\/2008\\\/AlterTour\\\/pic\\\/DomChristian-RFI_7juil10.jpg\",\"contentUrl\":\"http:\\\/\\\/altercampagne.free.fr\\\/pages\\\/2008\\\/AlterTour\\\/pic\\\/DomChristian-RFI_7juil10.jpg\"},{\"@type\":\"BreadcrumbList\",\"@id\":\"https:\\\/\\\/www.altercampagne.net\\\/?p=4702#breadcrumb\",\"itemListElement\":[{\"@type\":\"ListItem\",\"position\":1,\"name\":\"Accueil\",\"item\":\"https:\\\/\\\/www.altercampagne.net\\\/\"},{\"@type\":\"ListItem\",\"position\":2,\"name\":\"Radio-AlterTour\"}]},{\"@type\":\"WebSite\",\"@id\":\"https:\\\/\\\/www.altercampagne.net\\\/#website\",\"url\":\"https:\\\/\\\/www.altercampagne.net\\\/\",\"name\":\"AlterTour\",\"description\":\"Reliez les Alternatives \u00e0 v\u00e9lo\",\"potentialAction\":[{\"@type\":\"SearchAction\",\"target\":{\"@type\":\"EntryPoint\",\"urlTemplate\":\"https:\\\/\\\/www.altercampagne.net\\\/?s={search_term_string}\"},\"query-input\":{\"@type\":\"PropertyValueSpecification\",\"valueRequired\":true,\"valueName\":\"search_term_string\"}}],\"inLanguage\":\"fr-FR\"},{\"@type\":\"Person\",\"@id\":\"https:\\\/\\\/www.altercampagne.net\\\/#\\\/schema\\\/person\\\/0f261460c09e430caa0f9bcffa319109\",\"name\":\"Mathieu\",\"image\":{\"@type\":\"ImageObject\",\"inLanguage\":\"fr-FR\",\"@id\":\"https:\\\/\\\/secure.gravatar.com\\\/avatar\\\/aa9d3d24c83f2141e5e2709d0f63d09a99f6be6bb7a50abc4915838d9f54501a?s=96&d=mm&r=g\",\"url\":\"https:\\\/\\\/secure.gravatar.com\\\/avatar\\\/aa9d3d24c83f2141e5e2709d0f63d09a99f6be6bb7a50abc4915838d9f54501a?s=96&d=mm&r=g\",\"contentUrl\":\"https:\\\/\\\/secure.gravatar.com\\\/avatar\\\/aa9d3d24c83f2141e5e2709d0f63d09a99f6be6bb7a50abc4915838d9f54501a?s=96&d=mm&r=g\",\"caption\":\"Mathieu\"},\"url\":\"https:\\\/\\\/www.altercampagne.net\\\/?author=214\"}]}<\/script>\n<!-- \/ Yoast SEO plugin. -->","yoast_head_json":{"title":"Radio-AlterTour - AlterTour","robots":{"index":"index","follow":"follow","max-snippet":"max-snippet:-1","max-image-preview":"max-image-preview:large","max-video-preview":"max-video-preview:-1"},"canonical":"https:\/\/www.altercampagne.net\/?p=4702","og_locale":"fr_FR","og_type":"article","og_title":"Radio-AlterTour - AlterTour","og_description":"Ce matin \u00e0 6h sur Radio Monte-Carlo et hier apr\u00e8s-midi sur Radio-France International : l&rsquo;AlterTour se propage sur les ondes&#8230; Priorit\u00e9 Sant\u00e9, Claire H\u00e9don. Le dopage, \u00e9mission du 7 juillet 2010 A l\u2019occasion du Tour de France et de la Coupe du Monde de Football, nous faisons le point sur ... Read More","og_url":"https:\/\/www.altercampagne.net\/?p=4702","og_site_name":"AlterTour","article_published_time":"2010-07-08T15:45:15+00:00","article_modified_time":"2016-04-24T15:46:47+00:00","og_image":[{"url":"http:\/\/altercampagne.free.fr\/pages\/2008\/AlterTour\/pic\/DomChristian-RFI_7juil10.jpg","type":"","width":"","height":""}],"author":"Mathieu","twitter_card":"summary_large_image","twitter_misc":{"\u00c9crit par":"Mathieu","Dur\u00e9e de lecture estim\u00e9e":"1 minute"},"schema":{"@context":"https:\/\/schema.org","@graph":[{"@type":"Article","@id":"https:\/\/www.altercampagne.net\/?p=4702#article","isPartOf":{"@id":"https:\/\/www.altercampagne.net\/?p=4702"},"author":{"name":"Mathieu","@id":"https:\/\/www.altercampagne.net\/#\/schema\/person\/0f261460c09e430caa0f9bcffa319109"},"headline":"Radio-AlterTour","datePublished":"2010-07-08T15:45:15+00:00","dateModified":"2016-04-24T15:46:47+00:00","mainEntityOfPage":{"@id":"https:\/\/www.altercampagne.net\/?p=4702"},"wordCount":156,"image":{"@id":"https:\/\/www.altercampagne.net\/?p=4702#primaryimage"},"thumbnailUrl":"http:\/\/altercampagne.free.fr\/pages\/2008\/AlterTour\/pic\/DomChristian-RFI_7juil10.jpg","keywords":["AlterTour 2010","2010","RFI"],"articleSection":["Revue de presse"],"inLanguage":"fr-FR"},{"@type":"WebPage","@id":"https:\/\/www.altercampagne.net\/?p=4702","url":"https:\/\/www.altercampagne.net\/?p=4702","name":"Radio-AlterTour - AlterTour","isPartOf":{"@id":"https:\/\/www.altercampagne.net\/#website"},"primaryImageOfPage":{"@id":"https:\/\/www.altercampagne.net\/?p=4702#primaryimage"},"image":{"@id":"https:\/\/www.altercampagne.net\/?p=4702#primaryimage"},"thumbnailUrl":"http:\/\/altercampagne.free.fr\/pages\/2008\/AlterTour\/pic\/DomChristian-RFI_7juil10.jpg","datePublished":"2010-07-08T15:45:15+00:00","dateModified":"2016-04-24T15:46:47+00:00","author":{"@id":"https:\/\/www.altercampagne.net\/#\/schema\/person\/0f261460c09e430caa0f9bcffa319109"},"breadcrumb":{"@id":"https:\/\/www.altercampagne.net\/?p=4702#breadcrumb"},"inLanguage":"fr-FR","potentialAction":[{"@type":"ReadAction","target":["https:\/\/www.altercampagne.net\/?p=4702"]}]},{"@type":"ImageObject","inLanguage":"fr-FR","@id":"https:\/\/www.altercampagne.net\/?p=4702#primaryimage","url":"http:\/\/altercampagne.free.fr\/pages\/2008\/AlterTour\/pic\/DomChristian-RFI_7juil10.jpg","contentUrl":"http:\/\/altercampagne.free.fr\/pages\/2008\/AlterTour\/pic\/DomChristian-RFI_7juil10.jpg"},{"@type":"BreadcrumbList","@id":"https:\/\/www.altercampagne.net\/?p=4702#breadcrumb","itemListElement":[{"@type":"ListItem","position":1,"name":"Accueil","item":"https:\/\/www.altercampagne.net\/"},{"@type":"ListItem","position":2,"name":"Radio-AlterTour"}]},{"@type":"WebSite","@id":"https:\/\/www.altercampagne.net\/#website","url":"https:\/\/www.altercampagne.net\/","name":"AlterTour","description":"Reliez les Alternatives \u00e0 v\u00e9lo","potentialAction":[{"@type":"SearchAction","target":{"@type":"EntryPoint","urlTemplate":"https:\/\/www.altercampagne.net\/?s={search_term_string}"},"query-input":{"@type":"PropertyValueSpecification","valueRequired":true,"valueName":"search_term_string"}}],"inLanguage":"fr-FR"},{"@type":"Person","@id":"https:\/\/www.altercampagne.net\/#\/schema\/person\/0f261460c09e430caa0f9bcffa319109","name":"Mathieu","image":{"@type":"ImageObject","inLanguage":"fr-FR","@id":"https:\/\/secure.gravatar.com\/avatar\/aa9d3d24c83f2141e5e2709d0f63d09a99f6be6bb7a50abc4915838d9f54501a?s=96&d=mm&r=g","url":"https:\/\/secure.gravatar.com\/avatar\/aa9d3d24c83f2141e5e2709d0f63d09a99f6be6bb7a50abc4915838d9f54501a?s=96&d=mm&r=g","contentUrl":"https:\/\/secure.gravatar.com\/avatar\/aa9d3d24c83f2141e5e2709d0f63d09a99f6be6bb7a50abc4915838d9f54501a?s=96&d=mm&r=g","caption":"Mathieu"},"url":"https:\/\/www.altercampagne.net\/?author=214"}]}},"_links":{"self":[{"href":"https:\/\/www.altercampagne.net\/index.php?rest_route=\/wp\/v2\/posts\/4702","targetHints":{"allow":["GET"]}}],"collection":[{"href":"https:\/\/www.altercampagne.net\/index.php?rest_route=\/wp\/v2\/posts"}],"about":[{"href":"https:\/\/www.altercampagne.net\/index.php?rest_route=\/wp\/v2\/types\/post"}],"author":[{"embeddable":true,"href":"https:\/\/www.altercampagne.net\/index.php?rest_route=\/wp\/v2\/users\/214"}],"replies":[{"embeddable":true,"href":"https:\/\/www.altercampagne.net\/index.php?rest_route=%2Fwp%2Fv2%2Fcomments&post=4702"}],"version-history":[{"count":1,"href":"https:\/\/www.altercampagne.net\/index.php?rest_route=\/wp\/v2\/posts\/4702\/revisions"}],"predecessor-version":[{"id":27325,"href":"https:\/\/www.altercampagne.net\/index.php?rest_route=\/wp\/v2\/posts\/4702\/revisions\/27325"}],"wp:attachment":[{"href":"https:\/\/www.altercampagne.net\/index.php?rest_route=%2Fwp%2Fv2%2Fmedia&parent=4702"}],"wp:term":[{"taxonomy":"category","embeddable":true,"href":"https:\/\/www.altercampagne.net\/index.php?rest_route=%2Fwp%2Fv2%2Fcategories&post=4702"},{"taxonomy":"post_tag","embeddable":true,"href":"https:\/\/www.altercampagne.net\/index.php?rest_route=%2Fwp%2Fv2%2Ftags&post=4702"}],"curies":[{"name":"wp","href":"https:\/\/api.w.org\/{rel}","templated":true}]}}