{"id":4713,"date":"2010-07-06T18:01:20","date_gmt":"2010-07-06T16:01:20","guid":{"rendered":"http:\/\/www.altercampagne.net\/?p=4713"},"modified":"2020-03-06T11:50:35","modified_gmt":"2020-03-06T10:50:35","slug":"etape-du-6-juillet-lassociation-rambouillaine-des-cyclistes-urbains-la-ferme-de-la-noue-et-la-ferme-des-tourelles","status":"publish","type":"post","link":"https:\/\/www.altercampagne.net\/?p=4713","title":{"rendered":"L&rsquo;Association Rambouillaine des Cyclistes urbains, la Ferme de la Noue et la Ferme des Tourelles"},"content":{"rendered":"<p><strong>Le circuit des alternatives, le circuit des fermes et des communes<\/strong><\/p>\n<p>Cette journ\u00e9e r\u00e9sume l&rsquo;AlterTour : soutien aux collectifs locaux qui proposent des alternatives pour un am\u00e9nagement \u00e9cologique du territoire, accueil \u00e0 la ferme ainsi que par des communes.<br \/>\nLa journ\u00e9e a commenc\u00e9 par une manifestation en Centre-Ville de Rambouillet, aux c\u00f4t\u00e9s de l&rsquo;ARC : <strong><a href=\"http:\/\/fubicy.org\/rambouillet\/\" target=\"_blank\" rel=\"noopener noreferrer\">Association Rambouillaine des Cyclistes urbains<\/a><\/strong>. Le relais suivant avait lieu \u00e0 la Ferme de la Noue, pr\u00e8s de La-Celle-les-Bordes, au milieu du Parc Naturel R\u00e9gional de la Vall\u00e9e de Chevreuse : le jus-de-pomme offert \u00e0 cette occasion restera un des grands souvenirs de cet AlterTour 2010 ! Ensuite : pique-nique musical \u00e0 Forges-les-Bains avec chansons des rues et percussionistes, puis soir\u00e9e \u00e0 la ferme des Tourelles de Boissy-sous-St-Yon : plat malien, intervention d&rsquo;Alain Le Vot, maire honoraire de Magny-les-Hameaux, suivi d&rsquo;un concert donn\u00e9 par l&rsquo;auteur-compositeur-interpr\u00e8te militant Guyome Tousseul.<\/p>\n","protected":false},"excerpt":{"rendered":"<p>Le circuit des alternatives, le circuit des fermes et des communes Cette journ\u00e9e r\u00e9sume l&rsquo;AlterTour : soutien aux collectifs locaux qui proposent des alternatives pour un am\u00e9nagement \u00e9cologique du territoire, accueil \u00e0 la ferme ainsi que par des communes. La journ\u00e9e a commenc\u00e9 par une manifestation en Centre-Ville de Rambouillet, &#8230; <\/p>\n<div><a href=\"https:\/\/www.altercampagne.net\/?p=4713\" class=\"more-link\">Read More<\/a><\/div>\n","protected":false},"author":214,"featured_media":17626,"comment_status":"closed","ping_status":"closed","sticky":false,"template":"","format":"standard","meta":{"footnotes":""},"categories":[3483,3477,3932,3493],"tags":[1301,1490,2095,2120,2127,2128,2265,2356,2357,2358,2359,2360,2361],"class_list":["post-4713","post","type-post","status-publish","format-standard","has-post-thumbnail","hentry","category-agriculture","category-ile-de-france","category-velo","category-edition-2010","tag-altertour-2010","tag-ile-de-france","tag-2095","tag-yvelines","tag-essonne","tag-forges-les-bains","tag-alain-le-vot","tag-association-rambouillaine-des-cyclistes-urbains","tag-ferme-de-la-noue","tag-la-ferme-des-tourelles","tag-la-celle-les-bordes","tag-boissy-sous-saint-yon","tag-guyome-tousseul"],"yoast_head":"<!-- This site is optimized with the Yoast SEO plugin v27.3 - https:\/\/yoast.com\/product\/yoast-seo-wordpress\/ -->\n<title>L&#039;Association Rambouillaine des Cyclistes urbains, la Ferme de la Noue et la Ferme des Tourelles - AlterTour<\/title>\n<meta name=\"robots\" content=\"index, follow, max-snippet:-1, max-image-preview:large, max-video-preview:-1\" \/>\n<link rel=\"canonical\" href=\"https:\/\/www.altercampagne.net\/?p=4713\" \/>\n<meta property=\"og:locale\" content=\"fr_FR\" \/>\n<meta property=\"og:type\" content=\"article\" \/>\n<meta property=\"og:title\" content=\"L&#039;Association Rambouillaine des Cyclistes urbains, la Ferme de la Noue et la Ferme des Tourelles - AlterTour\" \/>\n<meta property=\"og:description\" content=\"Le circuit des alternatives, le circuit des fermes et des communes Cette journ\u00e9e r\u00e9sume l&rsquo;AlterTour : soutien aux collectifs locaux qui proposent des alternatives pour un am\u00e9nagement \u00e9cologique du territoire, accueil \u00e0 la ferme ainsi que par des communes. La journ\u00e9e a commenc\u00e9 par une manifestation en Centre-Ville de Rambouillet, ... Read More\" \/>\n<meta property=\"og:url\" content=\"https:\/\/www.altercampagne.net\/?p=4713\" \/>\n<meta property=\"og:site_name\" content=\"AlterTour\" \/>\n<meta property=\"article:published_time\" content=\"2010-07-06T16:01:20+00:00\" \/>\n<meta property=\"article:modified_time\" content=\"2020-03-06T10:50:35+00:00\" \/>\n<meta property=\"og:image\" content=\"https:\/\/www.altercampagne.net\/wp-content\/uploads\/2010\/07\/2010-07-06-10-08-42_VERS2520RAMBOUILLET25202528232529_PM.jpg\" \/>\n\t<meta property=\"og:image:width\" content=\"912\" \/>\n\t<meta property=\"og:image:height\" content=\"606\" \/>\n\t<meta property=\"og:image:type\" content=\"image\/jpeg\" \/>\n<meta name=\"author\" content=\"Mathieu\" \/>\n<meta name=\"twitter:card\" content=\"summary_large_image\" \/>\n<meta name=\"twitter:label1\" content=\"\u00c9crit par\" \/>\n\t<meta name=\"twitter:data1\" content=\"Mathieu\" \/>\n\t<meta name=\"twitter:label2\" content=\"Dur\u00e9e de lecture estim\u00e9e\" \/>\n\t<meta name=\"twitter:data2\" content=\"1 minute\" \/>\n<script type=\"application\/ld+json\" class=\"yoast-schema-graph\">{\"@context\":\"https:\\\/\\\/schema.org\",\"@graph\":[{\"@type\":\"Article\",\"@id\":\"https:\\\/\\\/www.altercampagne.net\\\/?p=4713#article\",\"isPartOf\":{\"@id\":\"https:\\\/\\\/www.altercampagne.net\\\/?p=4713\"},\"author\":{\"name\":\"Mathieu\",\"@id\":\"https:\\\/\\\/www.altercampagne.net\\\/#\\\/schema\\\/person\\\/0f261460c09e430caa0f9bcffa319109\"},\"headline\":\"L&rsquo;Association Rambouillaine des Cyclistes urbains, la Ferme de la Noue et la Ferme des Tourelles\",\"datePublished\":\"2010-07-06T16:01:20+00:00\",\"dateModified\":\"2020-03-06T10:50:35+00:00\",\"mainEntityOfPage\":{\"@id\":\"https:\\\/\\\/www.altercampagne.net\\\/?p=4713\"},\"wordCount\":163,\"image\":{\"@id\":\"https:\\\/\\\/www.altercampagne.net\\\/?p=4713#primaryimage\"},\"thumbnailUrl\":\"https:\\\/\\\/www.altercampagne.net\\\/wp-content\\\/uploads\\\/2010\\\/07\\\/2010-07-06-10-08-42_VERS2520RAMBOUILLET25202528232529_PM.jpg\",\"keywords\":[\"AlterTour 2010\",\"ile-de-france\",\"2010\",\"Yvelines\",\"Essonne\",\"Forges-les-Bains\",\"Alain Le Vot\",\"Association Rambouillaine des Cyclistes urbains\",\"Ferme de la Noue\",\"la Ferme des Tourelles\",\"La-Celle-les-Bordes\",\"Boissy-sous-Saint-Yon\",\"Guyome Tousseul\"],\"articleSection\":[\"Agriculture\",\"\u00cele-de-France\",\"V\u00e9lo\",\"Edition 2010\"],\"inLanguage\":\"fr-FR\"},{\"@type\":\"WebPage\",\"@id\":\"https:\\\/\\\/www.altercampagne.net\\\/?p=4713\",\"url\":\"https:\\\/\\\/www.altercampagne.net\\\/?p=4713\",\"name\":\"L'Association Rambouillaine des Cyclistes urbains, la Ferme de la Noue et la Ferme des Tourelles - AlterTour\",\"isPartOf\":{\"@id\":\"https:\\\/\\\/www.altercampagne.net\\\/#website\"},\"primaryImageOfPage\":{\"@id\":\"https:\\\/\\\/www.altercampagne.net\\\/?p=4713#primaryimage\"},\"image\":{\"@id\":\"https:\\\/\\\/www.altercampagne.net\\\/?p=4713#primaryimage\"},\"thumbnailUrl\":\"https:\\\/\\\/www.altercampagne.net\\\/wp-content\\\/uploads\\\/2010\\\/07\\\/2010-07-06-10-08-42_VERS2520RAMBOUILLET25202528232529_PM.jpg\",\"datePublished\":\"2010-07-06T16:01:20+00:00\",\"dateModified\":\"2020-03-06T10:50:35+00:00\",\"author\":{\"@id\":\"https:\\\/\\\/www.altercampagne.net\\\/#\\\/schema\\\/person\\\/0f261460c09e430caa0f9bcffa319109\"},\"breadcrumb\":{\"@id\":\"https:\\\/\\\/www.altercampagne.net\\\/?p=4713#breadcrumb\"},\"inLanguage\":\"fr-FR\",\"potentialAction\":[{\"@type\":\"ReadAction\",\"target\":[\"https:\\\/\\\/www.altercampagne.net\\\/?p=4713\"]}]},{\"@type\":\"ImageObject\",\"inLanguage\":\"fr-FR\",\"@id\":\"https:\\\/\\\/www.altercampagne.net\\\/?p=4713#primaryimage\",\"url\":\"https:\\\/\\\/www.altercampagne.net\\\/wp-content\\\/uploads\\\/2010\\\/07\\\/2010-07-06-10-08-42_VERS2520RAMBOUILLET25202528232529_PM.jpg\",\"contentUrl\":\"https:\\\/\\\/www.altercampagne.net\\\/wp-content\\\/uploads\\\/2010\\\/07\\\/2010-07-06-10-08-42_VERS2520RAMBOUILLET25202528232529_PM.jpg\",\"width\":912,\"height\":606},{\"@type\":\"BreadcrumbList\",\"@id\":\"https:\\\/\\\/www.altercampagne.net\\\/?p=4713#breadcrumb\",\"itemListElement\":[{\"@type\":\"ListItem\",\"position\":1,\"name\":\"Accueil\",\"item\":\"https:\\\/\\\/www.altercampagne.net\\\/\"},{\"@type\":\"ListItem\",\"position\":2,\"name\":\"L&rsquo;Association Rambouillaine des Cyclistes urbains, la Ferme de la Noue et la Ferme des Tourelles\"}]},{\"@type\":\"WebSite\",\"@id\":\"https:\\\/\\\/www.altercampagne.net\\\/#website\",\"url\":\"https:\\\/\\\/www.altercampagne.net\\\/\",\"name\":\"AlterTour\",\"description\":\"Reliez les Alternatives \u00e0 v\u00e9lo\",\"potentialAction\":[{\"@type\":\"SearchAction\",\"target\":{\"@type\":\"EntryPoint\",\"urlTemplate\":\"https:\\\/\\\/www.altercampagne.net\\\/?s={search_term_string}\"},\"query-input\":{\"@type\":\"PropertyValueSpecification\",\"valueRequired\":true,\"valueName\":\"search_term_string\"}}],\"inLanguage\":\"fr-FR\"},{\"@type\":\"Person\",\"@id\":\"https:\\\/\\\/www.altercampagne.net\\\/#\\\/schema\\\/person\\\/0f261460c09e430caa0f9bcffa319109\",\"name\":\"Mathieu\",\"image\":{\"@type\":\"ImageObject\",\"inLanguage\":\"fr-FR\",\"@id\":\"https:\\\/\\\/secure.gravatar.com\\\/avatar\\\/aa9d3d24c83f2141e5e2709d0f63d09a99f6be6bb7a50abc4915838d9f54501a?s=96&d=mm&r=g\",\"url\":\"https:\\\/\\\/secure.gravatar.com\\\/avatar\\\/aa9d3d24c83f2141e5e2709d0f63d09a99f6be6bb7a50abc4915838d9f54501a?s=96&d=mm&r=g\",\"contentUrl\":\"https:\\\/\\\/secure.gravatar.com\\\/avatar\\\/aa9d3d24c83f2141e5e2709d0f63d09a99f6be6bb7a50abc4915838d9f54501a?s=96&d=mm&r=g\",\"caption\":\"Mathieu\"},\"url\":\"https:\\\/\\\/www.altercampagne.net\\\/?author=214\"}]}<\/script>\n<!-- \/ Yoast SEO plugin. -->","yoast_head_json":{"title":"L'Association Rambouillaine des Cyclistes urbains, la Ferme de la Noue et la Ferme des Tourelles - AlterTour","robots":{"index":"index","follow":"follow","max-snippet":"max-snippet:-1","max-image-preview":"max-image-preview:large","max-video-preview":"max-video-preview:-1"},"canonical":"https:\/\/www.altercampagne.net\/?p=4713","og_locale":"fr_FR","og_type":"article","og_title":"L'Association Rambouillaine des Cyclistes urbains, la Ferme de la Noue et la Ferme des Tourelles - AlterTour","og_description":"Le circuit des alternatives, le circuit des fermes et des communes Cette journ\u00e9e r\u00e9sume l&rsquo;AlterTour : soutien aux collectifs locaux qui proposent des alternatives pour un am\u00e9nagement \u00e9cologique du territoire, accueil \u00e0 la ferme ainsi que par des communes. La journ\u00e9e a commenc\u00e9 par une manifestation en Centre-Ville de Rambouillet, ... Read More","og_url":"https:\/\/www.altercampagne.net\/?p=4713","og_site_name":"AlterTour","article_published_time":"2010-07-06T16:01:20+00:00","article_modified_time":"2020-03-06T10:50:35+00:00","og_image":[{"width":912,"height":606,"url":"https:\/\/www.altercampagne.net\/wp-content\/uploads\/2010\/07\/2010-07-06-10-08-42_VERS2520RAMBOUILLET25202528232529_PM.jpg","type":"image\/jpeg"}],"author":"Mathieu","twitter_card":"summary_large_image","twitter_misc":{"\u00c9crit par":"Mathieu","Dur\u00e9e de lecture estim\u00e9e":"1 minute"},"schema":{"@context":"https:\/\/schema.org","@graph":[{"@type":"Article","@id":"https:\/\/www.altercampagne.net\/?p=4713#article","isPartOf":{"@id":"https:\/\/www.altercampagne.net\/?p=4713"},"author":{"name":"Mathieu","@id":"https:\/\/www.altercampagne.net\/#\/schema\/person\/0f261460c09e430caa0f9bcffa319109"},"headline":"L&rsquo;Association Rambouillaine des Cyclistes urbains, la Ferme de la Noue et la Ferme des Tourelles","datePublished":"2010-07-06T16:01:20+00:00","dateModified":"2020-03-06T10:50:35+00:00","mainEntityOfPage":{"@id":"https:\/\/www.altercampagne.net\/?p=4713"},"wordCount":163,"image":{"@id":"https:\/\/www.altercampagne.net\/?p=4713#primaryimage"},"thumbnailUrl":"https:\/\/www.altercampagne.net\/wp-content\/uploads\/2010\/07\/2010-07-06-10-08-42_VERS2520RAMBOUILLET25202528232529_PM.jpg","keywords":["AlterTour 2010","ile-de-france","2010","Yvelines","Essonne","Forges-les-Bains","Alain Le Vot","Association Rambouillaine des Cyclistes urbains","Ferme de la Noue","la Ferme des Tourelles","La-Celle-les-Bordes","Boissy-sous-Saint-Yon","Guyome Tousseul"],"articleSection":["Agriculture","\u00cele-de-France","V\u00e9lo","Edition 2010"],"inLanguage":"fr-FR"},{"@type":"WebPage","@id":"https:\/\/www.altercampagne.net\/?p=4713","url":"https:\/\/www.altercampagne.net\/?p=4713","name":"L'Association Rambouillaine des Cyclistes urbains, la Ferme de la Noue et la Ferme des Tourelles - AlterTour","isPartOf":{"@id":"https:\/\/www.altercampagne.net\/#website"},"primaryImageOfPage":{"@id":"https:\/\/www.altercampagne.net\/?p=4713#primaryimage"},"image":{"@id":"https:\/\/www.altercampagne.net\/?p=4713#primaryimage"},"thumbnailUrl":"https:\/\/www.altercampagne.net\/wp-content\/uploads\/2010\/07\/2010-07-06-10-08-42_VERS2520RAMBOUILLET25202528232529_PM.jpg","datePublished":"2010-07-06T16:01:20+00:00","dateModified":"2020-03-06T10:50:35+00:00","author":{"@id":"https:\/\/www.altercampagne.net\/#\/schema\/person\/0f261460c09e430caa0f9bcffa319109"},"breadcrumb":{"@id":"https:\/\/www.altercampagne.net\/?p=4713#breadcrumb"},"inLanguage":"fr-FR","potentialAction":[{"@type":"ReadAction","target":["https:\/\/www.altercampagne.net\/?p=4713"]}]},{"@type":"ImageObject","inLanguage":"fr-FR","@id":"https:\/\/www.altercampagne.net\/?p=4713#primaryimage","url":"https:\/\/www.altercampagne.net\/wp-content\/uploads\/2010\/07\/2010-07-06-10-08-42_VERS2520RAMBOUILLET25202528232529_PM.jpg","contentUrl":"https:\/\/www.altercampagne.net\/wp-content\/uploads\/2010\/07\/2010-07-06-10-08-42_VERS2520RAMBOUILLET25202528232529_PM.jpg","width":912,"height":606},{"@type":"BreadcrumbList","@id":"https:\/\/www.altercampagne.net\/?p=4713#breadcrumb","itemListElement":[{"@type":"ListItem","position":1,"name":"Accueil","item":"https:\/\/www.altercampagne.net\/"},{"@type":"ListItem","position":2,"name":"L&rsquo;Association Rambouillaine des Cyclistes urbains, la Ferme de la Noue et la Ferme des Tourelles"}]},{"@type":"WebSite","@id":"https:\/\/www.altercampagne.net\/#website","url":"https:\/\/www.altercampagne.net\/","name":"AlterTour","description":"Reliez les Alternatives \u00e0 v\u00e9lo","potentialAction":[{"@type":"SearchAction","target":{"@type":"EntryPoint","urlTemplate":"https:\/\/www.altercampagne.net\/?s={search_term_string}"},"query-input":{"@type":"PropertyValueSpecification","valueRequired":true,"valueName":"search_term_string"}}],"inLanguage":"fr-FR"},{"@type":"Person","@id":"https:\/\/www.altercampagne.net\/#\/schema\/person\/0f261460c09e430caa0f9bcffa319109","name":"Mathieu","image":{"@type":"ImageObject","inLanguage":"fr-FR","@id":"https:\/\/secure.gravatar.com\/avatar\/aa9d3d24c83f2141e5e2709d0f63d09a99f6be6bb7a50abc4915838d9f54501a?s=96&d=mm&r=g","url":"https:\/\/secure.gravatar.com\/avatar\/aa9d3d24c83f2141e5e2709d0f63d09a99f6be6bb7a50abc4915838d9f54501a?s=96&d=mm&r=g","contentUrl":"https:\/\/secure.gravatar.com\/avatar\/aa9d3d24c83f2141e5e2709d0f63d09a99f6be6bb7a50abc4915838d9f54501a?s=96&d=mm&r=g","caption":"Mathieu"},"url":"https:\/\/www.altercampagne.net\/?author=214"}]}},"_links":{"self":[{"href":"https:\/\/www.altercampagne.net\/index.php?rest_route=\/wp\/v2\/posts\/4713","targetHints":{"allow":["GET"]}}],"collection":[{"href":"https:\/\/www.altercampagne.net\/index.php?rest_route=\/wp\/v2\/posts"}],"about":[{"href":"https:\/\/www.altercampagne.net\/index.php?rest_route=\/wp\/v2\/types\/post"}],"author":[{"embeddable":true,"href":"https:\/\/www.altercampagne.net\/index.php?rest_route=\/wp\/v2\/users\/214"}],"replies":[{"embeddable":true,"href":"https:\/\/www.altercampagne.net\/index.php?rest_route=%2Fwp%2Fv2%2Fcomments&post=4713"}],"version-history":[{"count":2,"href":"https:\/\/www.altercampagne.net\/index.php?rest_route=\/wp\/v2\/posts\/4713\/revisions"}],"predecessor-version":[{"id":17627,"href":"https:\/\/www.altercampagne.net\/index.php?rest_route=\/wp\/v2\/posts\/4713\/revisions\/17627"}],"wp:featuredmedia":[{"embeddable":true,"href":"https:\/\/www.altercampagne.net\/index.php?rest_route=\/wp\/v2\/media\/17626"}],"wp:attachment":[{"href":"https:\/\/www.altercampagne.net\/index.php?rest_route=%2Fwp%2Fv2%2Fmedia&parent=4713"}],"wp:term":[{"taxonomy":"category","embeddable":true,"href":"https:\/\/www.altercampagne.net\/index.php?rest_route=%2Fwp%2Fv2%2Fcategories&post=4713"},{"taxonomy":"post_tag","embeddable":true,"href":"https:\/\/www.altercampagne.net\/index.php?rest_route=%2Fwp%2Fv2%2Ftags&post=4713"}],"curies":[{"name":"wp","href":"https:\/\/api.w.org\/{rel}","templated":true}]}}