{"id":4717,"date":"2010-07-05T18:12:46","date_gmt":"2010-07-05T16:12:46","guid":{"rendered":"http:\/\/www.altercampagne.net\/?p=4717"},"modified":"2020-03-06T11:42:45","modified_gmt":"2020-03-06T10:42:45","slug":"etape-du-5-juillet-flins-sans-f1","status":"publish","type":"post","link":"https:\/\/www.altercampagne.net\/?p=4717","title":{"rendered":"Flins sans F1 !"},"content":{"rendered":"<p><strong><img loading=\"lazy\" decoding=\"async\" class=\" alignleft\" src=\"http:\/\/altercampagne.free.fr\/pages\/2008\/AlterTour\/pic\/JPJaud-JMalet.jpg\" alt=\"\" width=\"300\" height=\"205\">\u00ab\u00a0Je crois que le vrai Tour de France c\u2019est le v\u00f4tre !\u00a0\u00bb<\/strong><\/p>\n<p>Jean-Paul Jaud, r\u00e9alisateur du film \u00ab Nos enfants nous accuseront \u00bb, \u00e9tait pr\u00e9sent au rendez-vous fix\u00e9 \u00e0 la Ferme de la Haye par le collectif \u00ab\u00a0Flins sans F1\u00a0\u00bb, avec l&rsquo;AlterTour.<br \/>\nCommenc\u00e9e \u00e0 Chaussy par la visite de la Ferme de La Bergerie en compagnie d&rsquo;Olivier Ranke, la journ\u00e9e s&rsquo;est termin\u00e9e dans la convivialit\u00e9 et la danse avec l&rsquo;accueil r\u00e9serv\u00e9 aux altercyclistes par le Comit\u00e9 des F\u00eates de la Mairie des Br\u00e9viaires.<\/p>\n<p><img loading=\"lazy\" decoding=\"async\" class=\" alignright\" src=\"http:\/\/altercampagne.free.fr\/pages\/2008\/AlterTour\/pic\/Groupe-5juil2010.jpg\" alt=\"\" width=\"298\" height=\"224\">Jean Mallet, Maire de M\u00e9zy Sur Seine et Conseiller R\u00e9gional d\u2019\u00cele de France et Fabienne Lauret, membre du Collectif \u00ab\u00a0Flins sans F1\u00a0\u00bb, ont rappel\u00e9 le combat des opposants au projet de circuit de Formule 1 entre Flins et les Mureaux. Jean-Paul Jaud a ensuite pris le relais de la parole :<br \/>\n\u00ab Je voulais dire d\u2019abord bravo aux gens du Collectif et au maire de M\u00e9zy sur Seine, le premier que j\u2019ai rencontr\u00e9 pour ce combat de la F1. Parce que c\u2019est un vrai combat, car vous l\u2019avez men\u00e9 jusqu\u2019au bout et puisque vous l\u2019avez gagn\u00e9. Donc, j\u2019en suis ravi et d\u2019autant plus qu\u2019il y a une s\u00e9quence dans le prochain film, la suite de \u00ab Nos enfants nous accuseront \u00bb, qui va s\u2019appeler \u00ab Sever, la voix de nos enfants \u00bb, qui sort au cin\u00e9ma le 10 novembre, qui est consacr\u00e9 bien s\u00fbr \u00e0 ce probl\u00e8me, ici, de circuit. J\u2019\u00e9tais venu faire une interview d\u2019un agriculteur, un jeune agriculteur, qui venait s\u2019installer avant de savoir le r\u00e9sultat. Et je suis ravi que vous ayez gagn\u00e9. Bravo !<br \/>\nAussi, je veux dire combien je suis content, car je suis cycliste aussi. En tant que r\u00e9alisateur de t\u00e9l\u00e9vision, je suis dans l\u2019aventure de Canal + depuis le d\u00e9but et j\u2019ai film\u00e9 tous les sports, m\u00eame le Tour de France y a quelques ann\u00e9es. C\u2019est pourquoi je suis vraiment tr\u00e8s heureux d\u2019\u00eatre l\u00e0 aujourd\u2019hui. Car je crois que le vrai Tour de France c\u2019est le v\u00f4tre ! C\u2019est plus l\u2019autre. Il est d\u00e9pass\u00e9. C\u2019est comme ce que vous venez d\u2019\u00e9voquer \u00e0 propos du circuit de F1, c\u2019est quelque chose de d\u00e9pass\u00e9. Et je pense qu\u2019aujourd\u2019hui, le vrai Tour de France, c\u2019est le v\u00f4tre ! Voil\u00e0 ! <strong>Et je vous soutiendrai dans le mesure du possible et, dans tous les cas, je vous dis : \u00ab Bravo, et continuez ! \u00bb<\/strong><\/p>\n","protected":false},"excerpt":{"rendered":"<p>\u00ab\u00a0Je crois que le vrai Tour de France c\u2019est le v\u00f4tre !\u00a0\u00bb Jean-Paul Jaud, r\u00e9alisateur du film \u00ab Nos enfants nous accuseront \u00bb, \u00e9tait pr\u00e9sent au rendez-vous fix\u00e9 \u00e0 la Ferme de la Haye par le collectif \u00ab\u00a0Flins sans F1\u00a0\u00bb, avec l&rsquo;AlterTour. Commenc\u00e9e \u00e0 Chaussy par la visite de la &#8230; <\/p>\n<div><a href=\"https:\/\/www.altercampagne.net\/?p=4717\" class=\"more-link\">Read More<\/a><\/div>\n","protected":false},"author":214,"featured_media":17620,"comment_status":"closed","ping_status":"closed","sticky":false,"template":"","format":"standard","meta":{"footnotes":""},"categories":[3477,3542,3493],"tags":[1301,1490,2095,2118,2119,2120,2123],"class_list":["post-4717","post","type-post","status-publish","format-standard","has-post-thumbnail","hentry","category-ile-de-france","category-lutte","category-edition-2010","tag-altertour-2010","tag-ile-de-france","tag-2095","tag-flins","tag-flins-sans-f1","tag-yvelines","tag-jean-paul-jaud"],"yoast_head":"<!-- This site is optimized with the Yoast SEO plugin v27.3 - https:\/\/yoast.com\/product\/yoast-seo-wordpress\/ -->\n<title>Flins sans F1 ! - AlterTour<\/title>\n<meta name=\"robots\" content=\"index, follow, max-snippet:-1, max-image-preview:large, max-video-preview:-1\" \/>\n<link rel=\"canonical\" href=\"https:\/\/www.altercampagne.net\/?p=4717\" \/>\n<meta property=\"og:locale\" content=\"fr_FR\" \/>\n<meta property=\"og:type\" content=\"article\" \/>\n<meta property=\"og:title\" content=\"Flins sans F1 ! - AlterTour\" \/>\n<meta property=\"og:description\" content=\"\u00ab\u00a0Je crois que le vrai Tour de France c\u2019est le v\u00f4tre !\u00a0\u00bb Jean-Paul Jaud, r\u00e9alisateur du film \u00ab Nos enfants nous accuseront \u00bb, \u00e9tait pr\u00e9sent au rendez-vous fix\u00e9 \u00e0 la Ferme de la Haye par le collectif \u00ab\u00a0Flins sans F1\u00a0\u00bb, avec l&rsquo;AlterTour. Commenc\u00e9e \u00e0 Chaussy par la visite de la ... Read More\" \/>\n<meta property=\"og:url\" content=\"https:\/\/www.altercampagne.net\/?p=4717\" \/>\n<meta property=\"og:site_name\" content=\"AlterTour\" \/>\n<meta property=\"article:published_time\" content=\"2010-07-05T16:12:46+00:00\" \/>\n<meta property=\"article:modified_time\" content=\"2020-03-06T10:42:45+00:00\" \/>\n<meta property=\"og:image\" content=\"https:\/\/www.altercampagne.net\/wp-content\/uploads\/2010\/07\/DSCN3705.jpg\" \/>\n\t<meta property=\"og:image:width\" content=\"744\" \/>\n\t<meta property=\"og:image:height\" content=\"389\" \/>\n\t<meta property=\"og:image:type\" content=\"image\/jpeg\" \/>\n<meta name=\"author\" content=\"Mathieu\" \/>\n<meta name=\"twitter:card\" content=\"summary_large_image\" \/>\n<meta name=\"twitter:label1\" content=\"\u00c9crit par\" \/>\n\t<meta name=\"twitter:data1\" content=\"Mathieu\" \/>\n\t<meta name=\"twitter:label2\" content=\"Dur\u00e9e de lecture estim\u00e9e\" \/>\n\t<meta name=\"twitter:data2\" content=\"2 minutes\" \/>\n<script type=\"application\/ld+json\" class=\"yoast-schema-graph\">{\"@context\":\"https:\\\/\\\/schema.org\",\"@graph\":[{\"@type\":\"Article\",\"@id\":\"https:\\\/\\\/www.altercampagne.net\\\/?p=4717#article\",\"isPartOf\":{\"@id\":\"https:\\\/\\\/www.altercampagne.net\\\/?p=4717\"},\"author\":{\"name\":\"Mathieu\",\"@id\":\"https:\\\/\\\/www.altercampagne.net\\\/#\\\/schema\\\/person\\\/0f261460c09e430caa0f9bcffa319109\"},\"headline\":\"Flins sans F1 !\",\"datePublished\":\"2010-07-05T16:12:46+00:00\",\"dateModified\":\"2020-03-06T10:42:45+00:00\",\"mainEntityOfPage\":{\"@id\":\"https:\\\/\\\/www.altercampagne.net\\\/?p=4717\"},\"wordCount\":431,\"image\":{\"@id\":\"https:\\\/\\\/www.altercampagne.net\\\/?p=4717#primaryimage\"},\"thumbnailUrl\":\"https:\\\/\\\/www.altercampagne.net\\\/wp-content\\\/uploads\\\/2010\\\/07\\\/DSCN3705.jpg\",\"keywords\":[\"AlterTour 2010\",\"ile-de-france\",\"2010\",\"Flins\",\"Flins sans F1\",\"Yvelines\",\"Jean-Paul Jaud\"],\"articleSection\":[\"\u00cele-de-France\",\"Lutte\",\"Edition 2010\"],\"inLanguage\":\"fr-FR\"},{\"@type\":\"WebPage\",\"@id\":\"https:\\\/\\\/www.altercampagne.net\\\/?p=4717\",\"url\":\"https:\\\/\\\/www.altercampagne.net\\\/?p=4717\",\"name\":\"Flins sans F1 ! - AlterTour\",\"isPartOf\":{\"@id\":\"https:\\\/\\\/www.altercampagne.net\\\/#website\"},\"primaryImageOfPage\":{\"@id\":\"https:\\\/\\\/www.altercampagne.net\\\/?p=4717#primaryimage\"},\"image\":{\"@id\":\"https:\\\/\\\/www.altercampagne.net\\\/?p=4717#primaryimage\"},\"thumbnailUrl\":\"https:\\\/\\\/www.altercampagne.net\\\/wp-content\\\/uploads\\\/2010\\\/07\\\/DSCN3705.jpg\",\"datePublished\":\"2010-07-05T16:12:46+00:00\",\"dateModified\":\"2020-03-06T10:42:45+00:00\",\"author\":{\"@id\":\"https:\\\/\\\/www.altercampagne.net\\\/#\\\/schema\\\/person\\\/0f261460c09e430caa0f9bcffa319109\"},\"breadcrumb\":{\"@id\":\"https:\\\/\\\/www.altercampagne.net\\\/?p=4717#breadcrumb\"},\"inLanguage\":\"fr-FR\",\"potentialAction\":[{\"@type\":\"ReadAction\",\"target\":[\"https:\\\/\\\/www.altercampagne.net\\\/?p=4717\"]}]},{\"@type\":\"ImageObject\",\"inLanguage\":\"fr-FR\",\"@id\":\"https:\\\/\\\/www.altercampagne.net\\\/?p=4717#primaryimage\",\"url\":\"https:\\\/\\\/www.altercampagne.net\\\/wp-content\\\/uploads\\\/2010\\\/07\\\/DSCN3705.jpg\",\"contentUrl\":\"https:\\\/\\\/www.altercampagne.net\\\/wp-content\\\/uploads\\\/2010\\\/07\\\/DSCN3705.jpg\",\"width\":744,\"height\":389},{\"@type\":\"BreadcrumbList\",\"@id\":\"https:\\\/\\\/www.altercampagne.net\\\/?p=4717#breadcrumb\",\"itemListElement\":[{\"@type\":\"ListItem\",\"position\":1,\"name\":\"Accueil\",\"item\":\"https:\\\/\\\/www.altercampagne.net\\\/\"},{\"@type\":\"ListItem\",\"position\":2,\"name\":\"Flins sans F1 !\"}]},{\"@type\":\"WebSite\",\"@id\":\"https:\\\/\\\/www.altercampagne.net\\\/#website\",\"url\":\"https:\\\/\\\/www.altercampagne.net\\\/\",\"name\":\"AlterTour\",\"description\":\"Reliez les Alternatives \u00e0 v\u00e9lo\",\"potentialAction\":[{\"@type\":\"SearchAction\",\"target\":{\"@type\":\"EntryPoint\",\"urlTemplate\":\"https:\\\/\\\/www.altercampagne.net\\\/?s={search_term_string}\"},\"query-input\":{\"@type\":\"PropertyValueSpecification\",\"valueRequired\":true,\"valueName\":\"search_term_string\"}}],\"inLanguage\":\"fr-FR\"},{\"@type\":\"Person\",\"@id\":\"https:\\\/\\\/www.altercampagne.net\\\/#\\\/schema\\\/person\\\/0f261460c09e430caa0f9bcffa319109\",\"name\":\"Mathieu\",\"image\":{\"@type\":\"ImageObject\",\"inLanguage\":\"fr-FR\",\"@id\":\"https:\\\/\\\/secure.gravatar.com\\\/avatar\\\/aa9d3d24c83f2141e5e2709d0f63d09a99f6be6bb7a50abc4915838d9f54501a?s=96&d=mm&r=g\",\"url\":\"https:\\\/\\\/secure.gravatar.com\\\/avatar\\\/aa9d3d24c83f2141e5e2709d0f63d09a99f6be6bb7a50abc4915838d9f54501a?s=96&d=mm&r=g\",\"contentUrl\":\"https:\\\/\\\/secure.gravatar.com\\\/avatar\\\/aa9d3d24c83f2141e5e2709d0f63d09a99f6be6bb7a50abc4915838d9f54501a?s=96&d=mm&r=g\",\"caption\":\"Mathieu\"},\"url\":\"https:\\\/\\\/www.altercampagne.net\\\/?author=214\"}]}<\/script>\n<!-- \/ Yoast SEO plugin. -->","yoast_head_json":{"title":"Flins sans F1 ! - AlterTour","robots":{"index":"index","follow":"follow","max-snippet":"max-snippet:-1","max-image-preview":"max-image-preview:large","max-video-preview":"max-video-preview:-1"},"canonical":"https:\/\/www.altercampagne.net\/?p=4717","og_locale":"fr_FR","og_type":"article","og_title":"Flins sans F1 ! - AlterTour","og_description":"\u00ab\u00a0Je crois que le vrai Tour de France c\u2019est le v\u00f4tre !\u00a0\u00bb Jean-Paul Jaud, r\u00e9alisateur du film \u00ab Nos enfants nous accuseront \u00bb, \u00e9tait pr\u00e9sent au rendez-vous fix\u00e9 \u00e0 la Ferme de la Haye par le collectif \u00ab\u00a0Flins sans F1\u00a0\u00bb, avec l&rsquo;AlterTour. Commenc\u00e9e \u00e0 Chaussy par la visite de la ... Read More","og_url":"https:\/\/www.altercampagne.net\/?p=4717","og_site_name":"AlterTour","article_published_time":"2010-07-05T16:12:46+00:00","article_modified_time":"2020-03-06T10:42:45+00:00","og_image":[{"width":744,"height":389,"url":"https:\/\/www.altercampagne.net\/wp-content\/uploads\/2010\/07\/DSCN3705.jpg","type":"image\/jpeg"}],"author":"Mathieu","twitter_card":"summary_large_image","twitter_misc":{"\u00c9crit par":"Mathieu","Dur\u00e9e de lecture estim\u00e9e":"2 minutes"},"schema":{"@context":"https:\/\/schema.org","@graph":[{"@type":"Article","@id":"https:\/\/www.altercampagne.net\/?p=4717#article","isPartOf":{"@id":"https:\/\/www.altercampagne.net\/?p=4717"},"author":{"name":"Mathieu","@id":"https:\/\/www.altercampagne.net\/#\/schema\/person\/0f261460c09e430caa0f9bcffa319109"},"headline":"Flins sans F1 !","datePublished":"2010-07-05T16:12:46+00:00","dateModified":"2020-03-06T10:42:45+00:00","mainEntityOfPage":{"@id":"https:\/\/www.altercampagne.net\/?p=4717"},"wordCount":431,"image":{"@id":"https:\/\/www.altercampagne.net\/?p=4717#primaryimage"},"thumbnailUrl":"https:\/\/www.altercampagne.net\/wp-content\/uploads\/2010\/07\/DSCN3705.jpg","keywords":["AlterTour 2010","ile-de-france","2010","Flins","Flins sans F1","Yvelines","Jean-Paul Jaud"],"articleSection":["\u00cele-de-France","Lutte","Edition 2010"],"inLanguage":"fr-FR"},{"@type":"WebPage","@id":"https:\/\/www.altercampagne.net\/?p=4717","url":"https:\/\/www.altercampagne.net\/?p=4717","name":"Flins sans F1 ! - AlterTour","isPartOf":{"@id":"https:\/\/www.altercampagne.net\/#website"},"primaryImageOfPage":{"@id":"https:\/\/www.altercampagne.net\/?p=4717#primaryimage"},"image":{"@id":"https:\/\/www.altercampagne.net\/?p=4717#primaryimage"},"thumbnailUrl":"https:\/\/www.altercampagne.net\/wp-content\/uploads\/2010\/07\/DSCN3705.jpg","datePublished":"2010-07-05T16:12:46+00:00","dateModified":"2020-03-06T10:42:45+00:00","author":{"@id":"https:\/\/www.altercampagne.net\/#\/schema\/person\/0f261460c09e430caa0f9bcffa319109"},"breadcrumb":{"@id":"https:\/\/www.altercampagne.net\/?p=4717#breadcrumb"},"inLanguage":"fr-FR","potentialAction":[{"@type":"ReadAction","target":["https:\/\/www.altercampagne.net\/?p=4717"]}]},{"@type":"ImageObject","inLanguage":"fr-FR","@id":"https:\/\/www.altercampagne.net\/?p=4717#primaryimage","url":"https:\/\/www.altercampagne.net\/wp-content\/uploads\/2010\/07\/DSCN3705.jpg","contentUrl":"https:\/\/www.altercampagne.net\/wp-content\/uploads\/2010\/07\/DSCN3705.jpg","width":744,"height":389},{"@type":"BreadcrumbList","@id":"https:\/\/www.altercampagne.net\/?p=4717#breadcrumb","itemListElement":[{"@type":"ListItem","position":1,"name":"Accueil","item":"https:\/\/www.altercampagne.net\/"},{"@type":"ListItem","position":2,"name":"Flins sans F1 !"}]},{"@type":"WebSite","@id":"https:\/\/www.altercampagne.net\/#website","url":"https:\/\/www.altercampagne.net\/","name":"AlterTour","description":"Reliez les Alternatives \u00e0 v\u00e9lo","potentialAction":[{"@type":"SearchAction","target":{"@type":"EntryPoint","urlTemplate":"https:\/\/www.altercampagne.net\/?s={search_term_string}"},"query-input":{"@type":"PropertyValueSpecification","valueRequired":true,"valueName":"search_term_string"}}],"inLanguage":"fr-FR"},{"@type":"Person","@id":"https:\/\/www.altercampagne.net\/#\/schema\/person\/0f261460c09e430caa0f9bcffa319109","name":"Mathieu","image":{"@type":"ImageObject","inLanguage":"fr-FR","@id":"https:\/\/secure.gravatar.com\/avatar\/aa9d3d24c83f2141e5e2709d0f63d09a99f6be6bb7a50abc4915838d9f54501a?s=96&d=mm&r=g","url":"https:\/\/secure.gravatar.com\/avatar\/aa9d3d24c83f2141e5e2709d0f63d09a99f6be6bb7a50abc4915838d9f54501a?s=96&d=mm&r=g","contentUrl":"https:\/\/secure.gravatar.com\/avatar\/aa9d3d24c83f2141e5e2709d0f63d09a99f6be6bb7a50abc4915838d9f54501a?s=96&d=mm&r=g","caption":"Mathieu"},"url":"https:\/\/www.altercampagne.net\/?author=214"}]}},"_links":{"self":[{"href":"https:\/\/www.altercampagne.net\/index.php?rest_route=\/wp\/v2\/posts\/4717","targetHints":{"allow":["GET"]}}],"collection":[{"href":"https:\/\/www.altercampagne.net\/index.php?rest_route=\/wp\/v2\/posts"}],"about":[{"href":"https:\/\/www.altercampagne.net\/index.php?rest_route=\/wp\/v2\/types\/post"}],"author":[{"embeddable":true,"href":"https:\/\/www.altercampagne.net\/index.php?rest_route=\/wp\/v2\/users\/214"}],"replies":[{"embeddable":true,"href":"https:\/\/www.altercampagne.net\/index.php?rest_route=%2Fwp%2Fv2%2Fcomments&post=4717"}],"version-history":[{"count":2,"href":"https:\/\/www.altercampagne.net\/index.php?rest_route=\/wp\/v2\/posts\/4717\/revisions"}],"predecessor-version":[{"id":17622,"href":"https:\/\/www.altercampagne.net\/index.php?rest_route=\/wp\/v2\/posts\/4717\/revisions\/17622"}],"wp:featuredmedia":[{"embeddable":true,"href":"https:\/\/www.altercampagne.net\/index.php?rest_route=\/wp\/v2\/media\/17620"}],"wp:attachment":[{"href":"https:\/\/www.altercampagne.net\/index.php?rest_route=%2Fwp%2Fv2%2Fmedia&parent=4717"}],"wp:term":[{"taxonomy":"category","embeddable":true,"href":"https:\/\/www.altercampagne.net\/index.php?rest_route=%2Fwp%2Fv2%2Fcategories&post=4717"},{"taxonomy":"post_tag","embeddable":true,"href":"https:\/\/www.altercampagne.net\/index.php?rest_route=%2Fwp%2Fv2%2Ftags&post=4717"}],"curies":[{"name":"wp","href":"https:\/\/api.w.org\/{rel}","templated":true}]}}