{"id":4720,"date":"2010-07-04T18:16:41","date_gmt":"2010-07-04T16:16:41","guid":{"rendered":"http:\/\/www.altercampagne.net\/?p=4720"},"modified":"2018-03-02T17:24:59","modified_gmt":"2018-03-02T16:24:59","slug":"etape-du-4-juillet-depart-de-laltertour-2010-et-la-maison-de-vigilance-de-taverny","status":"publish","type":"post","link":"https:\/\/www.altercampagne.net\/?p=4720","title":{"rendered":"\u00c9tape du 4 juillet : D\u00e9part de l&rsquo;AlterTour 2010 et la Maison de vigilance de Taverny"},"content":{"rendered":"<p><strong><img loading=\"lazy\" decoding=\"async\" class=\" alignleft\" src=\"http:\/\/altercampagne.free.fr\/pages\/2008\/AlterTour\/pic\/Depart-Cordon_Officiels-S.JPG\" alt=\"\" width=\"200\" height=\"133\" \/>Un d\u00e9put\u00e9 coupe le cordon tricolore<\/strong><\/p>\n<p>A l&rsquo;occasion du d\u00e9part de l&rsquo;AlterTour, chaque altercycliste a \u00e9t\u00e9 invit\u00e9 par M. le maire de l&rsquo;\u00cele-St-Denis, Michel Bourgain, \u00e0 se pr\u00e9senter et exprimer la raison de sa pr\u00e9sence sur l&rsquo;AlterTour.<\/p>\n<p>Les altercyclistes ont ensuite travers\u00e9 la banlieue nord-ouest, pour y rejoindre des membres de la Maison de Vigilance \u00e0 l&rsquo;entr\u00e9e de la Base militaire de Taverny, bien gard\u00e9e. Le dopage aux amph\u00e9tamines des soldats en temps de guerre y a \u00e9t\u00e9 \u00e9voqu\u00e9, ainsi que la lutte globale pour le d\u00e9sarmement nucl\u00e9aire.<\/p>\n","protected":false},"excerpt":{"rendered":"<p>Un d\u00e9put\u00e9 coupe le cordon tricolore A l&rsquo;occasion du d\u00e9part de l&rsquo;AlterTour, chaque altercycliste a \u00e9t\u00e9 invit\u00e9 par M. le maire de l&rsquo;\u00cele-St-Denis, Michel Bourgain, \u00e0 se pr\u00e9senter et exprimer la raison de sa pr\u00e9sence sur l&rsquo;AlterTour. Les altercyclistes ont ensuite travers\u00e9 la banlieue nord-ouest, pour y rejoindre des membres &#8230; <\/p>\n<div><a href=\"https:\/\/www.altercampagne.net\/?p=4720\" class=\"more-link\">Read More<\/a><\/div>\n","protected":false},"author":214,"featured_media":0,"comment_status":"closed","ping_status":"closed","sticky":false,"template":"","format":"standard","meta":{"footnotes":""},"categories":[3493],"tags":[1301,1490,2095,2110,2114,2362],"class_list":["post-4720","post","type-post","status-publish","format-standard","hentry","category-edition-2010","tag-altertour-2010","tag-ile-de-france","tag-2095","tag-val-doise","tag-taverny","tag-maison-de-vigilance-de-taverny","no-post-thumbnail"],"yoast_head":"<!-- This site is optimized with the Yoast SEO plugin v27.3 - https:\/\/yoast.com\/product\/yoast-seo-wordpress\/ -->\n<title>\u00c9tape du 4 juillet : D\u00e9part de l&#039;AlterTour 2010 et la Maison de vigilance de Taverny - AlterTour<\/title>\n<meta name=\"robots\" content=\"index, follow, max-snippet:-1, max-image-preview:large, max-video-preview:-1\" \/>\n<link rel=\"canonical\" href=\"https:\/\/www.altercampagne.net\/?p=4720\" \/>\n<meta property=\"og:locale\" content=\"fr_FR\" \/>\n<meta property=\"og:type\" content=\"article\" \/>\n<meta property=\"og:title\" content=\"\u00c9tape du 4 juillet : D\u00e9part de l&#039;AlterTour 2010 et la Maison de vigilance de Taverny - AlterTour\" \/>\n<meta property=\"og:description\" content=\"Un d\u00e9put\u00e9 coupe le cordon tricolore A l&rsquo;occasion du d\u00e9part de l&rsquo;AlterTour, chaque altercycliste a \u00e9t\u00e9 invit\u00e9 par M. le maire de l&rsquo;\u00cele-St-Denis, Michel Bourgain, \u00e0 se pr\u00e9senter et exprimer la raison de sa pr\u00e9sence sur l&rsquo;AlterTour. Les altercyclistes ont ensuite travers\u00e9 la banlieue nord-ouest, pour y rejoindre des membres ... Read More\" \/>\n<meta property=\"og:url\" content=\"https:\/\/www.altercampagne.net\/?p=4720\" \/>\n<meta property=\"og:site_name\" content=\"AlterTour\" \/>\n<meta property=\"article:published_time\" content=\"2010-07-04T16:16:41+00:00\" \/>\n<meta property=\"article:modified_time\" content=\"2018-03-02T16:24:59+00:00\" \/>\n<meta property=\"og:image\" content=\"http:\/\/altercampagne.free.fr\/pages\/2008\/AlterTour\/pic\/Depart-Cordon_Officiels-S.JPG\" \/>\n<meta name=\"author\" content=\"Mathieu\" \/>\n<meta name=\"twitter:card\" content=\"summary_large_image\" \/>\n<meta name=\"twitter:label1\" content=\"\u00c9crit par\" \/>\n\t<meta name=\"twitter:data1\" content=\"Mathieu\" \/>\n<script type=\"application\/ld+json\" class=\"yoast-schema-graph\">{\"@context\":\"https:\\\/\\\/schema.org\",\"@graph\":[{\"@type\":\"Article\",\"@id\":\"https:\\\/\\\/www.altercampagne.net\\\/?p=4720#article\",\"isPartOf\":{\"@id\":\"https:\\\/\\\/www.altercampagne.net\\\/?p=4720\"},\"author\":{\"name\":\"Mathieu\",\"@id\":\"https:\\\/\\\/www.altercampagne.net\\\/#\\\/schema\\\/person\\\/0f261460c09e430caa0f9bcffa319109\"},\"headline\":\"\u00c9tape du 4 juillet : D\u00e9part de l&rsquo;AlterTour 2010 et la Maison de vigilance de Taverny\",\"datePublished\":\"2010-07-04T16:16:41+00:00\",\"dateModified\":\"2018-03-02T16:24:59+00:00\",\"mainEntityOfPage\":{\"@id\":\"https:\\\/\\\/www.altercampagne.net\\\/?p=4720\"},\"wordCount\":115,\"image\":{\"@id\":\"https:\\\/\\\/www.altercampagne.net\\\/?p=4720#primaryimage\"},\"thumbnailUrl\":\"http:\\\/\\\/altercampagne.free.fr\\\/pages\\\/2008\\\/AlterTour\\\/pic\\\/Depart-Cordon_Officiels-S.JPG\",\"keywords\":[\"AlterTour 2010\",\"ile-de-france\",\"2010\",\"Val-d\u2019Oise\",\"Taverny\",\"Maison de vigilance de Taverny\"],\"articleSection\":[\"Edition 2010\"],\"inLanguage\":\"fr-FR\"},{\"@type\":\"WebPage\",\"@id\":\"https:\\\/\\\/www.altercampagne.net\\\/?p=4720\",\"url\":\"https:\\\/\\\/www.altercampagne.net\\\/?p=4720\",\"name\":\"\u00c9tape du 4 juillet : D\u00e9part de l'AlterTour 2010 et la Maison de vigilance de Taverny - AlterTour\",\"isPartOf\":{\"@id\":\"https:\\\/\\\/www.altercampagne.net\\\/#website\"},\"primaryImageOfPage\":{\"@id\":\"https:\\\/\\\/www.altercampagne.net\\\/?p=4720#primaryimage\"},\"image\":{\"@id\":\"https:\\\/\\\/www.altercampagne.net\\\/?p=4720#primaryimage\"},\"thumbnailUrl\":\"http:\\\/\\\/altercampagne.free.fr\\\/pages\\\/2008\\\/AlterTour\\\/pic\\\/Depart-Cordon_Officiels-S.JPG\",\"datePublished\":\"2010-07-04T16:16:41+00:00\",\"dateModified\":\"2018-03-02T16:24:59+00:00\",\"author\":{\"@id\":\"https:\\\/\\\/www.altercampagne.net\\\/#\\\/schema\\\/person\\\/0f261460c09e430caa0f9bcffa319109\"},\"breadcrumb\":{\"@id\":\"https:\\\/\\\/www.altercampagne.net\\\/?p=4720#breadcrumb\"},\"inLanguage\":\"fr-FR\",\"potentialAction\":[{\"@type\":\"ReadAction\",\"target\":[\"https:\\\/\\\/www.altercampagne.net\\\/?p=4720\"]}]},{\"@type\":\"ImageObject\",\"inLanguage\":\"fr-FR\",\"@id\":\"https:\\\/\\\/www.altercampagne.net\\\/?p=4720#primaryimage\",\"url\":\"http:\\\/\\\/altercampagne.free.fr\\\/pages\\\/2008\\\/AlterTour\\\/pic\\\/Depart-Cordon_Officiels-S.JPG\",\"contentUrl\":\"http:\\\/\\\/altercampagne.free.fr\\\/pages\\\/2008\\\/AlterTour\\\/pic\\\/Depart-Cordon_Officiels-S.JPG\"},{\"@type\":\"BreadcrumbList\",\"@id\":\"https:\\\/\\\/www.altercampagne.net\\\/?p=4720#breadcrumb\",\"itemListElement\":[{\"@type\":\"ListItem\",\"position\":1,\"name\":\"Accueil\",\"item\":\"https:\\\/\\\/www.altercampagne.net\\\/\"},{\"@type\":\"ListItem\",\"position\":2,\"name\":\"\u00c9tape du 4 juillet : D\u00e9part de l&rsquo;AlterTour 2010 et la Maison de vigilance de Taverny\"}]},{\"@type\":\"WebSite\",\"@id\":\"https:\\\/\\\/www.altercampagne.net\\\/#website\",\"url\":\"https:\\\/\\\/www.altercampagne.net\\\/\",\"name\":\"AlterTour\",\"description\":\"Reliez les Alternatives \u00e0 v\u00e9lo\",\"potentialAction\":[{\"@type\":\"SearchAction\",\"target\":{\"@type\":\"EntryPoint\",\"urlTemplate\":\"https:\\\/\\\/www.altercampagne.net\\\/?s={search_term_string}\"},\"query-input\":{\"@type\":\"PropertyValueSpecification\",\"valueRequired\":true,\"valueName\":\"search_term_string\"}}],\"inLanguage\":\"fr-FR\"},{\"@type\":\"Person\",\"@id\":\"https:\\\/\\\/www.altercampagne.net\\\/#\\\/schema\\\/person\\\/0f261460c09e430caa0f9bcffa319109\",\"name\":\"Mathieu\",\"image\":{\"@type\":\"ImageObject\",\"inLanguage\":\"fr-FR\",\"@id\":\"https:\\\/\\\/secure.gravatar.com\\\/avatar\\\/aa9d3d24c83f2141e5e2709d0f63d09a99f6be6bb7a50abc4915838d9f54501a?s=96&d=mm&r=g\",\"url\":\"https:\\\/\\\/secure.gravatar.com\\\/avatar\\\/aa9d3d24c83f2141e5e2709d0f63d09a99f6be6bb7a50abc4915838d9f54501a?s=96&d=mm&r=g\",\"contentUrl\":\"https:\\\/\\\/secure.gravatar.com\\\/avatar\\\/aa9d3d24c83f2141e5e2709d0f63d09a99f6be6bb7a50abc4915838d9f54501a?s=96&d=mm&r=g\",\"caption\":\"Mathieu\"},\"url\":\"https:\\\/\\\/www.altercampagne.net\\\/?author=214\"}]}<\/script>\n<!-- \/ Yoast SEO plugin. -->","yoast_head_json":{"title":"\u00c9tape du 4 juillet : D\u00e9part de l'AlterTour 2010 et la Maison de vigilance de Taverny - AlterTour","robots":{"index":"index","follow":"follow","max-snippet":"max-snippet:-1","max-image-preview":"max-image-preview:large","max-video-preview":"max-video-preview:-1"},"canonical":"https:\/\/www.altercampagne.net\/?p=4720","og_locale":"fr_FR","og_type":"article","og_title":"\u00c9tape du 4 juillet : D\u00e9part de l'AlterTour 2010 et la Maison de vigilance de Taverny - AlterTour","og_description":"Un d\u00e9put\u00e9 coupe le cordon tricolore A l&rsquo;occasion du d\u00e9part de l&rsquo;AlterTour, chaque altercycliste a \u00e9t\u00e9 invit\u00e9 par M. le maire de l&rsquo;\u00cele-St-Denis, Michel Bourgain, \u00e0 se pr\u00e9senter et exprimer la raison de sa pr\u00e9sence sur l&rsquo;AlterTour. Les altercyclistes ont ensuite travers\u00e9 la banlieue nord-ouest, pour y rejoindre des membres ... Read More","og_url":"https:\/\/www.altercampagne.net\/?p=4720","og_site_name":"AlterTour","article_published_time":"2010-07-04T16:16:41+00:00","article_modified_time":"2018-03-02T16:24:59+00:00","og_image":[{"url":"http:\/\/altercampagne.free.fr\/pages\/2008\/AlterTour\/pic\/Depart-Cordon_Officiels-S.JPG","type":"","width":"","height":""}],"author":"Mathieu","twitter_card":"summary_large_image","twitter_misc":{"\u00c9crit par":"Mathieu"},"schema":{"@context":"https:\/\/schema.org","@graph":[{"@type":"Article","@id":"https:\/\/www.altercampagne.net\/?p=4720#article","isPartOf":{"@id":"https:\/\/www.altercampagne.net\/?p=4720"},"author":{"name":"Mathieu","@id":"https:\/\/www.altercampagne.net\/#\/schema\/person\/0f261460c09e430caa0f9bcffa319109"},"headline":"\u00c9tape du 4 juillet : D\u00e9part de l&rsquo;AlterTour 2010 et la Maison de vigilance de Taverny","datePublished":"2010-07-04T16:16:41+00:00","dateModified":"2018-03-02T16:24:59+00:00","mainEntityOfPage":{"@id":"https:\/\/www.altercampagne.net\/?p=4720"},"wordCount":115,"image":{"@id":"https:\/\/www.altercampagne.net\/?p=4720#primaryimage"},"thumbnailUrl":"http:\/\/altercampagne.free.fr\/pages\/2008\/AlterTour\/pic\/Depart-Cordon_Officiels-S.JPG","keywords":["AlterTour 2010","ile-de-france","2010","Val-d\u2019Oise","Taverny","Maison de vigilance de Taverny"],"articleSection":["Edition 2010"],"inLanguage":"fr-FR"},{"@type":"WebPage","@id":"https:\/\/www.altercampagne.net\/?p=4720","url":"https:\/\/www.altercampagne.net\/?p=4720","name":"\u00c9tape du 4 juillet : D\u00e9part de l'AlterTour 2010 et la Maison de vigilance de Taverny - AlterTour","isPartOf":{"@id":"https:\/\/www.altercampagne.net\/#website"},"primaryImageOfPage":{"@id":"https:\/\/www.altercampagne.net\/?p=4720#primaryimage"},"image":{"@id":"https:\/\/www.altercampagne.net\/?p=4720#primaryimage"},"thumbnailUrl":"http:\/\/altercampagne.free.fr\/pages\/2008\/AlterTour\/pic\/Depart-Cordon_Officiels-S.JPG","datePublished":"2010-07-04T16:16:41+00:00","dateModified":"2018-03-02T16:24:59+00:00","author":{"@id":"https:\/\/www.altercampagne.net\/#\/schema\/person\/0f261460c09e430caa0f9bcffa319109"},"breadcrumb":{"@id":"https:\/\/www.altercampagne.net\/?p=4720#breadcrumb"},"inLanguage":"fr-FR","potentialAction":[{"@type":"ReadAction","target":["https:\/\/www.altercampagne.net\/?p=4720"]}]},{"@type":"ImageObject","inLanguage":"fr-FR","@id":"https:\/\/www.altercampagne.net\/?p=4720#primaryimage","url":"http:\/\/altercampagne.free.fr\/pages\/2008\/AlterTour\/pic\/Depart-Cordon_Officiels-S.JPG","contentUrl":"http:\/\/altercampagne.free.fr\/pages\/2008\/AlterTour\/pic\/Depart-Cordon_Officiels-S.JPG"},{"@type":"BreadcrumbList","@id":"https:\/\/www.altercampagne.net\/?p=4720#breadcrumb","itemListElement":[{"@type":"ListItem","position":1,"name":"Accueil","item":"https:\/\/www.altercampagne.net\/"},{"@type":"ListItem","position":2,"name":"\u00c9tape du 4 juillet : D\u00e9part de l&rsquo;AlterTour 2010 et la Maison de vigilance de Taverny"}]},{"@type":"WebSite","@id":"https:\/\/www.altercampagne.net\/#website","url":"https:\/\/www.altercampagne.net\/","name":"AlterTour","description":"Reliez les Alternatives \u00e0 v\u00e9lo","potentialAction":[{"@type":"SearchAction","target":{"@type":"EntryPoint","urlTemplate":"https:\/\/www.altercampagne.net\/?s={search_term_string}"},"query-input":{"@type":"PropertyValueSpecification","valueRequired":true,"valueName":"search_term_string"}}],"inLanguage":"fr-FR"},{"@type":"Person","@id":"https:\/\/www.altercampagne.net\/#\/schema\/person\/0f261460c09e430caa0f9bcffa319109","name":"Mathieu","image":{"@type":"ImageObject","inLanguage":"fr-FR","@id":"https:\/\/secure.gravatar.com\/avatar\/aa9d3d24c83f2141e5e2709d0f63d09a99f6be6bb7a50abc4915838d9f54501a?s=96&d=mm&r=g","url":"https:\/\/secure.gravatar.com\/avatar\/aa9d3d24c83f2141e5e2709d0f63d09a99f6be6bb7a50abc4915838d9f54501a?s=96&d=mm&r=g","contentUrl":"https:\/\/secure.gravatar.com\/avatar\/aa9d3d24c83f2141e5e2709d0f63d09a99f6be6bb7a50abc4915838d9f54501a?s=96&d=mm&r=g","caption":"Mathieu"},"url":"https:\/\/www.altercampagne.net\/?author=214"}]}},"_links":{"self":[{"href":"https:\/\/www.altercampagne.net\/index.php?rest_route=\/wp\/v2\/posts\/4720","targetHints":{"allow":["GET"]}}],"collection":[{"href":"https:\/\/www.altercampagne.net\/index.php?rest_route=\/wp\/v2\/posts"}],"about":[{"href":"https:\/\/www.altercampagne.net\/index.php?rest_route=\/wp\/v2\/types\/post"}],"author":[{"embeddable":true,"href":"https:\/\/www.altercampagne.net\/index.php?rest_route=\/wp\/v2\/users\/214"}],"replies":[{"embeddable":true,"href":"https:\/\/www.altercampagne.net\/index.php?rest_route=%2Fwp%2Fv2%2Fcomments&post=4720"}],"version-history":[{"count":0,"href":"https:\/\/www.altercampagne.net\/index.php?rest_route=\/wp\/v2\/posts\/4720\/revisions"}],"wp:attachment":[{"href":"https:\/\/www.altercampagne.net\/index.php?rest_route=%2Fwp%2Fv2%2Fmedia&parent=4720"}],"wp:term":[{"taxonomy":"category","embeddable":true,"href":"https:\/\/www.altercampagne.net\/index.php?rest_route=%2Fwp%2Fv2%2Fcategories&post=4720"},{"taxonomy":"post_tag","embeddable":true,"href":"https:\/\/www.altercampagne.net\/index.php?rest_route=%2Fwp%2Fv2%2Ftags&post=4720"}],"curies":[{"name":"wp","href":"https:\/\/api.w.org\/{rel}","templated":true}]}}