{"id":4723,"date":"2010-07-03T18:21:09","date_gmt":"2010-07-03T16:21:09","guid":{"rendered":"http:\/\/www.altercampagne.net\/?p=4723"},"modified":"2019-09-13T11:18:30","modified_gmt":"2019-09-13T09:18:30","slug":"prologue-velorution-universelle-a-travers-paris-puis-soiree-festive-et-informative-a-lile-st-denis","status":"publish","type":"post","link":"https:\/\/www.altercampagne.net\/?p=4723","title":{"rendered":"Prologue de l&rsquo;AlterTour avec la V\u00e9lorution Universelle \u00e0 Paris"},"content":{"rendered":"<p>Le d\u00e9part de l&rsquo;AlterTour 2010 a \u00e9t\u00e9 donn\u00e9 \u00e0 l&rsquo;occasion de la V\u00e9lorution Universelle de Paris. Apr\u00e8s la r\u00e9volution pr\u00e9visible des Semences Paysannes (au Jardin des Plantes), celle du v\u00e9lo \u00e0 travers Paris. Nous avons converg\u00e9 avec plus de 2000 v\u00e9lorutionnaires venant de toute l&rsquo;Europe dans une ambiance festive et conviviale.<\/p>\n<p>A 18h, nous avions rendez-vous \u00e0 l&rsquo;\u00cele-Saint-Denis pour un village des Alternatives r\u00e9unie pour l&rsquo;occasion.<\/p>\n<p>L&rsquo;\u00e9lu Michel Bourgain, le paysan Raymond Leduc et l&rsquo;Agronome Marc Dufumier : d&rsquo;accord pour dire qu&rsquo;une agriculture biologique est accessible pour tous, en lisi\u00e8re des grandes agglom\u00e9rations comme Paris&#8230; \u00e0 condition que les terres agricoles soient pr\u00e9serv\u00e9es, que la juste r\u00e9mun\u00e9ration des maraichers soit aid\u00e9e par la collectivit\u00e9, et qu&rsquo;un nouveau mod\u00e8le agricole soit mis en place : retour \u00e0 des petites exploitations associant \u00e9levage et cultures multiples, abandon du couple ma\u00efs-\u00ab\u00a0soja import\u00e9\u00a0\u00bb remplac\u00e9 par des l\u00e9gumineuses, r\u00e9implantation de haies&#8230; un mod\u00e8le durable et qui offre des emplois !<\/p>\n<p>Il faudrait juste pour le r\u00e9aliser : des d\u00e9cisions politiques<\/p>\n<p>&#8230;Une fin de soir\u00e9e dansante sur la musique et aussi les paroles du groupe \u00ab\u00a0Pourquoi Pas ?\u00a0\u00bb (une agriculture bio locale en \u00cele-de-France)<\/p>\n","protected":false},"excerpt":{"rendered":"<p>Le d\u00e9part de l&rsquo;AlterTour 2010 a \u00e9t\u00e9 donn\u00e9 \u00e0 l&rsquo;occasion de la V\u00e9lorution Universelle de Paris. Apr\u00e8s la r\u00e9volution pr\u00e9visible des Semences Paysannes (au Jardin des Plantes), celle du v\u00e9lo \u00e0 travers Paris. Nous avons converg\u00e9 avec plus de 2000 v\u00e9lorutionnaires venant de toute l&rsquo;Europe dans une ambiance festive et &#8230; <\/p>\n<div><a href=\"https:\/\/www.altercampagne.net\/?p=4723\" class=\"more-link\">Read More<\/a><\/div>\n","protected":false},"author":214,"featured_media":15365,"comment_status":"closed","ping_status":"closed","sticky":false,"template":"","format":"standard","meta":{"footnotes":""},"categories":[3477,3932,3493],"tags":[68,102,333,1000,1003,1271,1301,1490,2095,2108,2109,2363],"class_list":["post-4723","post","type-post","status-publish","format-standard","has-post-thumbnail","hentry","category-ile-de-france","category-velo","category-edition-2010","tag-paris","tag-velorution","tag-masse-critique","tag-velorution-universelle","tag-velorutionnaires","tag-marc-dufumier","tag-altertour-2010","tag-ile-de-france","tag-2095","tag-ile-saint-denis","tag-michel-bourgain","tag-raymond-leduc"],"yoast_head":"<!-- This site is optimized with the Yoast SEO plugin v27.3 - https:\/\/yoast.com\/product\/yoast-seo-wordpress\/ -->\n<title>Prologue de l&#039;AlterTour avec la V\u00e9lorution Universelle \u00e0 Paris - AlterTour<\/title>\n<meta name=\"robots\" content=\"index, follow, max-snippet:-1, max-image-preview:large, max-video-preview:-1\" \/>\n<link rel=\"canonical\" href=\"https:\/\/www.altercampagne.net\/?p=4723\" \/>\n<meta property=\"og:locale\" content=\"fr_FR\" \/>\n<meta property=\"og:type\" content=\"article\" \/>\n<meta property=\"og:title\" content=\"Prologue de l&#039;AlterTour avec la V\u00e9lorution Universelle \u00e0 Paris - AlterTour\" \/>\n<meta property=\"og:description\" content=\"Le d\u00e9part de l&rsquo;AlterTour 2010 a \u00e9t\u00e9 donn\u00e9 \u00e0 l&rsquo;occasion de la V\u00e9lorution Universelle de Paris. Apr\u00e8s la r\u00e9volution pr\u00e9visible des Semences Paysannes (au Jardin des Plantes), celle du v\u00e9lo \u00e0 travers Paris. Nous avons converg\u00e9 avec plus de 2000 v\u00e9lorutionnaires venant de toute l&rsquo;Europe dans une ambiance festive et ... Read More\" \/>\n<meta property=\"og:url\" content=\"https:\/\/www.altercampagne.net\/?p=4723\" \/>\n<meta property=\"og:site_name\" content=\"AlterTour\" \/>\n<meta property=\"article:published_time\" content=\"2010-07-03T16:21:09+00:00\" \/>\n<meta property=\"article:modified_time\" content=\"2019-09-13T09:18:30+00:00\" \/>\n<meta property=\"og:image\" content=\"https:\/\/www.altercampagne.net\/wp-content\/uploads\/2010\/07\/2010-07-03-v\u00e9lorution-paris-28.jpg\" \/>\n\t<meta property=\"og:image:width\" content=\"904\" \/>\n\t<meta property=\"og:image:height\" content=\"472\" \/>\n\t<meta property=\"og:image:type\" content=\"image\/jpeg\" \/>\n<meta name=\"author\" content=\"Mathieu\" \/>\n<meta name=\"twitter:card\" content=\"summary_large_image\" \/>\n<meta name=\"twitter:label1\" content=\"\u00c9crit par\" \/>\n\t<meta name=\"twitter:data1\" content=\"Mathieu\" \/>\n\t<meta name=\"twitter:label2\" content=\"Dur\u00e9e de lecture estim\u00e9e\" \/>\n\t<meta name=\"twitter:data2\" content=\"1 minute\" \/>\n<script type=\"application\/ld+json\" class=\"yoast-schema-graph\">{\"@context\":\"https:\\\/\\\/schema.org\",\"@graph\":[{\"@type\":\"Article\",\"@id\":\"https:\\\/\\\/www.altercampagne.net\\\/?p=4723#article\",\"isPartOf\":{\"@id\":\"https:\\\/\\\/www.altercampagne.net\\\/?p=4723\"},\"author\":{\"name\":\"Mathieu\",\"@id\":\"https:\\\/\\\/www.altercampagne.net\\\/#\\\/schema\\\/person\\\/0f261460c09e430caa0f9bcffa319109\"},\"headline\":\"Prologue de l&rsquo;AlterTour avec la V\u00e9lorution Universelle \u00e0 Paris\",\"datePublished\":\"2010-07-03T16:21:09+00:00\",\"dateModified\":\"2019-09-13T09:18:30+00:00\",\"mainEntityOfPage\":{\"@id\":\"https:\\\/\\\/www.altercampagne.net\\\/?p=4723\"},\"wordCount\":220,\"image\":{\"@id\":\"https:\\\/\\\/www.altercampagne.net\\\/?p=4723#primaryimage\"},\"thumbnailUrl\":\"https:\\\/\\\/www.altercampagne.net\\\/wp-content\\\/uploads\\\/2010\\\/07\\\/2010-07-03-v\u00e9lorution-paris-28.jpg\",\"keywords\":[\"paris\",\"v\u00e9lorution\",\"masse critique\",\"V\u00e9lorution Universelle\",\"v\u00e9lorutionnaires\",\"Marc Dufumier\",\"AlterTour 2010\",\"ile-de-france\",\"2010\",\"Ile-Saint-Denis\",\"Michel Bourgain\",\"Raymond Leduc\"],\"articleSection\":[\"\u00cele-de-France\",\"V\u00e9lo\",\"Edition 2010\"],\"inLanguage\":\"fr-FR\"},{\"@type\":\"WebPage\",\"@id\":\"https:\\\/\\\/www.altercampagne.net\\\/?p=4723\",\"url\":\"https:\\\/\\\/www.altercampagne.net\\\/?p=4723\",\"name\":\"Prologue de l'AlterTour avec la V\u00e9lorution Universelle \u00e0 Paris - AlterTour\",\"isPartOf\":{\"@id\":\"https:\\\/\\\/www.altercampagne.net\\\/#website\"},\"primaryImageOfPage\":{\"@id\":\"https:\\\/\\\/www.altercampagne.net\\\/?p=4723#primaryimage\"},\"image\":{\"@id\":\"https:\\\/\\\/www.altercampagne.net\\\/?p=4723#primaryimage\"},\"thumbnailUrl\":\"https:\\\/\\\/www.altercampagne.net\\\/wp-content\\\/uploads\\\/2010\\\/07\\\/2010-07-03-v\u00e9lorution-paris-28.jpg\",\"datePublished\":\"2010-07-03T16:21:09+00:00\",\"dateModified\":\"2019-09-13T09:18:30+00:00\",\"author\":{\"@id\":\"https:\\\/\\\/www.altercampagne.net\\\/#\\\/schema\\\/person\\\/0f261460c09e430caa0f9bcffa319109\"},\"breadcrumb\":{\"@id\":\"https:\\\/\\\/www.altercampagne.net\\\/?p=4723#breadcrumb\"},\"inLanguage\":\"fr-FR\",\"potentialAction\":[{\"@type\":\"ReadAction\",\"target\":[\"https:\\\/\\\/www.altercampagne.net\\\/?p=4723\"]}]},{\"@type\":\"ImageObject\",\"inLanguage\":\"fr-FR\",\"@id\":\"https:\\\/\\\/www.altercampagne.net\\\/?p=4723#primaryimage\",\"url\":\"https:\\\/\\\/www.altercampagne.net\\\/wp-content\\\/uploads\\\/2010\\\/07\\\/2010-07-03-v\u00e9lorution-paris-28.jpg\",\"contentUrl\":\"https:\\\/\\\/www.altercampagne.net\\\/wp-content\\\/uploads\\\/2010\\\/07\\\/2010-07-03-v\u00e9lorution-paris-28.jpg\",\"width\":904,\"height\":472},{\"@type\":\"BreadcrumbList\",\"@id\":\"https:\\\/\\\/www.altercampagne.net\\\/?p=4723#breadcrumb\",\"itemListElement\":[{\"@type\":\"ListItem\",\"position\":1,\"name\":\"Accueil\",\"item\":\"https:\\\/\\\/www.altercampagne.net\\\/\"},{\"@type\":\"ListItem\",\"position\":2,\"name\":\"Prologue de l&rsquo;AlterTour avec la V\u00e9lorution Universelle \u00e0 Paris\"}]},{\"@type\":\"WebSite\",\"@id\":\"https:\\\/\\\/www.altercampagne.net\\\/#website\",\"url\":\"https:\\\/\\\/www.altercampagne.net\\\/\",\"name\":\"AlterTour\",\"description\":\"Reliez les Alternatives \u00e0 v\u00e9lo\",\"potentialAction\":[{\"@type\":\"SearchAction\",\"target\":{\"@type\":\"EntryPoint\",\"urlTemplate\":\"https:\\\/\\\/www.altercampagne.net\\\/?s={search_term_string}\"},\"query-input\":{\"@type\":\"PropertyValueSpecification\",\"valueRequired\":true,\"valueName\":\"search_term_string\"}}],\"inLanguage\":\"fr-FR\"},{\"@type\":\"Person\",\"@id\":\"https:\\\/\\\/www.altercampagne.net\\\/#\\\/schema\\\/person\\\/0f261460c09e430caa0f9bcffa319109\",\"name\":\"Mathieu\",\"image\":{\"@type\":\"ImageObject\",\"inLanguage\":\"fr-FR\",\"@id\":\"https:\\\/\\\/secure.gravatar.com\\\/avatar\\\/aa9d3d24c83f2141e5e2709d0f63d09a99f6be6bb7a50abc4915838d9f54501a?s=96&d=mm&r=g\",\"url\":\"https:\\\/\\\/secure.gravatar.com\\\/avatar\\\/aa9d3d24c83f2141e5e2709d0f63d09a99f6be6bb7a50abc4915838d9f54501a?s=96&d=mm&r=g\",\"contentUrl\":\"https:\\\/\\\/secure.gravatar.com\\\/avatar\\\/aa9d3d24c83f2141e5e2709d0f63d09a99f6be6bb7a50abc4915838d9f54501a?s=96&d=mm&r=g\",\"caption\":\"Mathieu\"},\"url\":\"https:\\\/\\\/www.altercampagne.net\\\/?author=214\"}]}<\/script>\n<!-- \/ Yoast SEO plugin. -->","yoast_head_json":{"title":"Prologue de l'AlterTour avec la V\u00e9lorution Universelle \u00e0 Paris - AlterTour","robots":{"index":"index","follow":"follow","max-snippet":"max-snippet:-1","max-image-preview":"max-image-preview:large","max-video-preview":"max-video-preview:-1"},"canonical":"https:\/\/www.altercampagne.net\/?p=4723","og_locale":"fr_FR","og_type":"article","og_title":"Prologue de l'AlterTour avec la V\u00e9lorution Universelle \u00e0 Paris - AlterTour","og_description":"Le d\u00e9part de l&rsquo;AlterTour 2010 a \u00e9t\u00e9 donn\u00e9 \u00e0 l&rsquo;occasion de la V\u00e9lorution Universelle de Paris. Apr\u00e8s la r\u00e9volution pr\u00e9visible des Semences Paysannes (au Jardin des Plantes), celle du v\u00e9lo \u00e0 travers Paris. Nous avons converg\u00e9 avec plus de 2000 v\u00e9lorutionnaires venant de toute l&rsquo;Europe dans une ambiance festive et ... Read More","og_url":"https:\/\/www.altercampagne.net\/?p=4723","og_site_name":"AlterTour","article_published_time":"2010-07-03T16:21:09+00:00","article_modified_time":"2019-09-13T09:18:30+00:00","og_image":[{"width":904,"height":472,"url":"https:\/\/www.altercampagne.net\/wp-content\/uploads\/2010\/07\/2010-07-03-v\u00e9lorution-paris-28.jpg","type":"image\/jpeg"}],"author":"Mathieu","twitter_card":"summary_large_image","twitter_misc":{"\u00c9crit par":"Mathieu","Dur\u00e9e de lecture estim\u00e9e":"1 minute"},"schema":{"@context":"https:\/\/schema.org","@graph":[{"@type":"Article","@id":"https:\/\/www.altercampagne.net\/?p=4723#article","isPartOf":{"@id":"https:\/\/www.altercampagne.net\/?p=4723"},"author":{"name":"Mathieu","@id":"https:\/\/www.altercampagne.net\/#\/schema\/person\/0f261460c09e430caa0f9bcffa319109"},"headline":"Prologue de l&rsquo;AlterTour avec la V\u00e9lorution Universelle \u00e0 Paris","datePublished":"2010-07-03T16:21:09+00:00","dateModified":"2019-09-13T09:18:30+00:00","mainEntityOfPage":{"@id":"https:\/\/www.altercampagne.net\/?p=4723"},"wordCount":220,"image":{"@id":"https:\/\/www.altercampagne.net\/?p=4723#primaryimage"},"thumbnailUrl":"https:\/\/www.altercampagne.net\/wp-content\/uploads\/2010\/07\/2010-07-03-v\u00e9lorution-paris-28.jpg","keywords":["paris","v\u00e9lorution","masse critique","V\u00e9lorution Universelle","v\u00e9lorutionnaires","Marc Dufumier","AlterTour 2010","ile-de-france","2010","Ile-Saint-Denis","Michel Bourgain","Raymond Leduc"],"articleSection":["\u00cele-de-France","V\u00e9lo","Edition 2010"],"inLanguage":"fr-FR"},{"@type":"WebPage","@id":"https:\/\/www.altercampagne.net\/?p=4723","url":"https:\/\/www.altercampagne.net\/?p=4723","name":"Prologue de l'AlterTour avec la V\u00e9lorution Universelle \u00e0 Paris - AlterTour","isPartOf":{"@id":"https:\/\/www.altercampagne.net\/#website"},"primaryImageOfPage":{"@id":"https:\/\/www.altercampagne.net\/?p=4723#primaryimage"},"image":{"@id":"https:\/\/www.altercampagne.net\/?p=4723#primaryimage"},"thumbnailUrl":"https:\/\/www.altercampagne.net\/wp-content\/uploads\/2010\/07\/2010-07-03-v\u00e9lorution-paris-28.jpg","datePublished":"2010-07-03T16:21:09+00:00","dateModified":"2019-09-13T09:18:30+00:00","author":{"@id":"https:\/\/www.altercampagne.net\/#\/schema\/person\/0f261460c09e430caa0f9bcffa319109"},"breadcrumb":{"@id":"https:\/\/www.altercampagne.net\/?p=4723#breadcrumb"},"inLanguage":"fr-FR","potentialAction":[{"@type":"ReadAction","target":["https:\/\/www.altercampagne.net\/?p=4723"]}]},{"@type":"ImageObject","inLanguage":"fr-FR","@id":"https:\/\/www.altercampagne.net\/?p=4723#primaryimage","url":"https:\/\/www.altercampagne.net\/wp-content\/uploads\/2010\/07\/2010-07-03-v\u00e9lorution-paris-28.jpg","contentUrl":"https:\/\/www.altercampagne.net\/wp-content\/uploads\/2010\/07\/2010-07-03-v\u00e9lorution-paris-28.jpg","width":904,"height":472},{"@type":"BreadcrumbList","@id":"https:\/\/www.altercampagne.net\/?p=4723#breadcrumb","itemListElement":[{"@type":"ListItem","position":1,"name":"Accueil","item":"https:\/\/www.altercampagne.net\/"},{"@type":"ListItem","position":2,"name":"Prologue de l&rsquo;AlterTour avec la V\u00e9lorution Universelle \u00e0 Paris"}]},{"@type":"WebSite","@id":"https:\/\/www.altercampagne.net\/#website","url":"https:\/\/www.altercampagne.net\/","name":"AlterTour","description":"Reliez les Alternatives \u00e0 v\u00e9lo","potentialAction":[{"@type":"SearchAction","target":{"@type":"EntryPoint","urlTemplate":"https:\/\/www.altercampagne.net\/?s={search_term_string}"},"query-input":{"@type":"PropertyValueSpecification","valueRequired":true,"valueName":"search_term_string"}}],"inLanguage":"fr-FR"},{"@type":"Person","@id":"https:\/\/www.altercampagne.net\/#\/schema\/person\/0f261460c09e430caa0f9bcffa319109","name":"Mathieu","image":{"@type":"ImageObject","inLanguage":"fr-FR","@id":"https:\/\/secure.gravatar.com\/avatar\/aa9d3d24c83f2141e5e2709d0f63d09a99f6be6bb7a50abc4915838d9f54501a?s=96&d=mm&r=g","url":"https:\/\/secure.gravatar.com\/avatar\/aa9d3d24c83f2141e5e2709d0f63d09a99f6be6bb7a50abc4915838d9f54501a?s=96&d=mm&r=g","contentUrl":"https:\/\/secure.gravatar.com\/avatar\/aa9d3d24c83f2141e5e2709d0f63d09a99f6be6bb7a50abc4915838d9f54501a?s=96&d=mm&r=g","caption":"Mathieu"},"url":"https:\/\/www.altercampagne.net\/?author=214"}]}},"_links":{"self":[{"href":"https:\/\/www.altercampagne.net\/index.php?rest_route=\/wp\/v2\/posts\/4723","targetHints":{"allow":["GET"]}}],"collection":[{"href":"https:\/\/www.altercampagne.net\/index.php?rest_route=\/wp\/v2\/posts"}],"about":[{"href":"https:\/\/www.altercampagne.net\/index.php?rest_route=\/wp\/v2\/types\/post"}],"author":[{"embeddable":true,"href":"https:\/\/www.altercampagne.net\/index.php?rest_route=\/wp\/v2\/users\/214"}],"replies":[{"embeddable":true,"href":"https:\/\/www.altercampagne.net\/index.php?rest_route=%2Fwp%2Fv2%2Fcomments&post=4723"}],"version-history":[{"count":0,"href":"https:\/\/www.altercampagne.net\/index.php?rest_route=\/wp\/v2\/posts\/4723\/revisions"}],"wp:featuredmedia":[{"embeddable":true,"href":"https:\/\/www.altercampagne.net\/index.php?rest_route=\/wp\/v2\/media\/15365"}],"wp:attachment":[{"href":"https:\/\/www.altercampagne.net\/index.php?rest_route=%2Fwp%2Fv2%2Fmedia&parent=4723"}],"wp:term":[{"taxonomy":"category","embeddable":true,"href":"https:\/\/www.altercampagne.net\/index.php?rest_route=%2Fwp%2Fv2%2Fcategories&post=4723"},{"taxonomy":"post_tag","embeddable":true,"href":"https:\/\/www.altercampagne.net\/index.php?rest_route=%2Fwp%2Fv2%2Ftags&post=4723"}],"curies":[{"name":"wp","href":"https:\/\/api.w.org\/{rel}","templated":true}]}}