{"id":5023,"date":"2016-05-11T10:35:58","date_gmt":"2016-05-11T08:35:58","guid":{"rendered":"http:\/\/www.altercampagne.net\/?p=5023"},"modified":"2019-09-13T14:34:42","modified_gmt":"2019-09-13T12:34:42","slug":"le-manoir-de-la-gree-a-soulvache","status":"publish","type":"post","link":"https:\/\/www.altercampagne.net\/?p=5023","title":{"rendered":"Le Manoir de la Gr\u00e9e les 11 et 12 juillet \u00e0 Soulvache"},"content":{"rendered":"<p style=\"text-align: justify;\"><a href=\"http:\/\/www.altercampagne.net\/?page_id=172&amp;route=54\"><img loading=\"lazy\" decoding=\"async\" class=\"alignleft wp-image-4901 size-medium\" src=\"http:\/\/www.altercampagne.net\/wp-content\/uploads\/2016\/05\/2016-07-11-la-gree-300x219.jpg\" alt=\"Manoir de la gr\u00e9e\" width=\"300\" height=\"219\" srcset=\"https:\/\/www.altercampagne.net\/wp-content\/uploads\/2016\/05\/2016-07-11-la-gree-300x219.jpg 300w, https:\/\/www.altercampagne.net\/wp-content\/uploads\/2016\/05\/2016-07-11-la-gree.jpg 686w\" sizes=\"auto, (max-width: 300px) 100vw, 300px\" \/><\/a>Il y a dix ans, Mata l\u2019architecte et Christophe le charpentier, ach\u00e8tent en SCI, avec 21 autres personnes, les 5 ha du Manoir de la Gr\u00e9e en ruines, puis sa ferme sur 30 ha. Rejoint par d\u2019autres, ce groupe \u00e9volue au fil des ann\u00e9es. L\u2019objectif est une exp\u00e9rimentation humaine, une forme de collectif, dans une dynamique \u00e9cologique et d\u2019autonomie. Autonomie ne voulant pas dire autarcie mais conscience de sa libert\u00e9 et des choix faits. L\u2019association des <a href=\"http:\/\/lagree.cc\/\" target=\"_blank\" rel=\"noopener noreferrer\">Amis de Plein Gr\u00e9e<\/a> f\u00e9d\u00e8re de nombreuses activit\u00e9s avec des groupes voisins et les habitants locaux : des chantiers participatifs de restauration du manoir laiss\u00e9 30 ans \u00e0 l\u2019abandon ; des formations en taille de pierre, en charpente ; la production d\u2019\u00e9nergie solaire, \u00e9olienne, et pourquoi pas hydraulique ; de l\u2019agriculture c\u00e9r\u00e9ali\u00e8re et\u2026 des f\u00eates bien s\u00fbr ! Aujourd\u2019hui Mata est paysan boulanger et Christophe construit un v\u00e9lo solaire \u00e0 quatre roues.<\/p>\n<p><strong>\u00ab La soci\u00e9t\u00e9 s\u2019est d\u00e9velopp\u00e9e sur le mode de l\u2019Avoir, il y a aussi l\u2019\u00catre. \u00bb<\/strong><\/p>\n<p style=\"text-align: justify;\"><a href=\"http:\/\/www.altercampagne.net\/?page_id=172&amp;route=54\"><img loading=\"lazy\" decoding=\"async\" class=\"alignright wp-image-4900 size-medium\" src=\"http:\/\/www.altercampagne.net\/wp-content\/uploads\/2016\/05\/2016-07-12-la-gree-300x219.jpg\" alt=\"Manoir de la gr\u00e9e\" width=\"300\" height=\"219\" srcset=\"https:\/\/www.altercampagne.net\/wp-content\/uploads\/2016\/05\/2016-07-12-la-gree-300x219.jpg 300w, https:\/\/www.altercampagne.net\/wp-content\/uploads\/2016\/05\/2016-07-12-la-gree.jpg 686w\" sizes=\"auto, (max-width: 300px) 100vw, 300px\" \/><\/a>\u00ab D\u00e9j\u00e0 le b\u00e2timent et le manoir, on a toujours voulu les voir Communs. Le patrimoine ne peut pas \u00eatre vu comme priv\u00e9 parce qu\u2019il s\u2019est construit avec plein de connaissances. Le partage de ces connaissances est important. Tout au long de l\u2019aventure, nous n\u2019avons pas partag\u00e9 les m\u00eames choses. Le groupe a \u00e9t\u00e9 tr\u00e8s mouvant, aujourd\u2019hui chacun exp\u00e9rimente son truc. En ce moment, il y a beaucoup de jeunes, un nouveau groupe. Ils ont envie de quelque chose de beaucoup plus communautaire. Ce n\u2019est plus forc\u00e9ment mon cas, nos besoins \u00e9voluent. Il est important de rester attentif \u00e0 ce qu\u2019on partage et ce qu\u2019on ne partage pas. La soci\u00e9t\u00e9 s\u2019est d\u00e9velopp\u00e9e sur le mode de l\u2019Avoir, il y a aussi l\u2019\u00catre &#8211; savoir \u00eatre, savoir vivre, savoir faire. Les valeurs humaines c\u2019est du bien commun. Et le territoire c\u2019est aussi du bien commun. Les champs, les haies, les bois, les ruisseaux &#8211; un grand tout qu\u2019on partage avec les animaux. \u00bb<\/p>\n<p style=\"text-align: right;\"><strong>Mata, habitant \u00e0 La Gr\u00e9e depuis dix ans, paysan boulanger<\/strong><\/p>\n<p>Extrait du Recueil des Alternatives de l\u2019AlterTour 2016, disponible dans le num\u00e9ro de juin de la <a title=\"Revue Silence\" href=\"http:\/\/www.revuesilence.net\/\" target=\"_blank\" rel=\"noopener noreferrer\">Revue Silence.<\/a><\/p>\n<p>Le Manoir de la Gr\u00e9e accueillera l\u2019AlterTour les 11 et 12 juillet 2016 \u00e0 Soulvache. D\u00e9tail des \u00e9tapes : <a href=\"http:\/\/www.altercampagne.net\/?page_id=172&amp;route=54\">ici<\/a><\/p>\n","protected":false},"excerpt":{"rendered":"<p>Il y a dix ans, Mata l\u2019architecte et Christophe le charpentier, ach\u00e8tent en SCI, avec 21 autres personnes, les 5 ha du Manoir de la Gr\u00e9e en ruines, puis sa ferme sur 30 ha. Rejoint par d\u2019autres, ce groupe \u00e9volue au fil des ann\u00e9es. L\u2019objectif est une exp\u00e9rimentation humaine, une &#8230; <\/p>\n<div><a href=\"https:\/\/www.altercampagne.net\/?p=5023\" class=\"more-link\">Read More<\/a><\/div>\n","protected":false},"author":214,"featured_media":15411,"comment_status":"closed","ping_status":"closed","sticky":false,"template":"","format":"standard","meta":{"footnotes":""},"categories":[3459,3485,3481],"tags":[13,118,383,414,474,485,521,894,1050,1652,2377,2378,2846,2849,2850,2851],"class_list":["post-5023","post","type-post","status-publish","format-standard","has-post-thumbnail","hentry","category-edition-2016","category-habitat","category-pays-de-la-loire","tag-revue-silence","tag-chantiers-participatifs","tag-altertour-2016","tag-loire-atlantique","tag-bien-commun","tag-manoir-de-la-gree","tag-bien-vivre","tag-pays-de-la-loire","tag-paysan-boulanger","tag-1652","tag-soulvache","tag-amis-de-plein-gree","tag-accueillant","tag-accueillant2016","tag-accueillant-2016","tag-altertour2016"],"yoast_head":"<!-- This site is optimized with the Yoast SEO plugin v27.3 - https:\/\/yoast.com\/product\/yoast-seo-wordpress\/ -->\n<title>Le Manoir de la Gr\u00e9e les 11 et 12 juillet \u00e0 Soulvache - AlterTour<\/title>\n<meta name=\"robots\" content=\"index, follow, max-snippet:-1, max-image-preview:large, max-video-preview:-1\" \/>\n<link rel=\"canonical\" href=\"https:\/\/www.altercampagne.net\/?p=5023\" \/>\n<meta property=\"og:locale\" content=\"fr_FR\" \/>\n<meta property=\"og:type\" content=\"article\" \/>\n<meta property=\"og:title\" content=\"Le Manoir de la Gr\u00e9e les 11 et 12 juillet \u00e0 Soulvache - AlterTour\" \/>\n<meta property=\"og:description\" content=\"Il y a dix ans, Mata l\u2019architecte et Christophe le charpentier, ach\u00e8tent en SCI, avec 21 autres personnes, les 5 ha du Manoir de la Gr\u00e9e en ruines, puis sa ferme sur 30 ha. Rejoint par d\u2019autres, ce groupe \u00e9volue au fil des ann\u00e9es. L\u2019objectif est une exp\u00e9rimentation humaine, une ... Read More\" \/>\n<meta property=\"og:url\" content=\"https:\/\/www.altercampagne.net\/?p=5023\" \/>\n<meta property=\"og:site_name\" content=\"AlterTour\" \/>\n<meta property=\"article:published_time\" content=\"2016-05-11T08:35:58+00:00\" \/>\n<meta property=\"article:modified_time\" content=\"2019-09-13T12:34:42+00:00\" \/>\n<meta property=\"og:image\" content=\"https:\/\/www.altercampagne.net\/wp-content\/uploads\/2016\/05\/2016-05-11-la-gree3.jpg\" \/>\n\t<meta property=\"og:image:width\" content=\"900\" \/>\n\t<meta property=\"og:image:height\" content=\"470\" \/>\n\t<meta property=\"og:image:type\" content=\"image\/jpeg\" \/>\n<meta name=\"author\" content=\"Mathieu\" \/>\n<meta name=\"twitter:card\" content=\"summary_large_image\" \/>\n<meta name=\"twitter:label1\" content=\"\u00c9crit par\" \/>\n\t<meta name=\"twitter:data1\" content=\"Mathieu\" \/>\n\t<meta name=\"twitter:label2\" content=\"Dur\u00e9e de lecture estim\u00e9e\" \/>\n\t<meta name=\"twitter:data2\" content=\"2 minutes\" \/>\n<script type=\"application\/ld+json\" class=\"yoast-schema-graph\">{\"@context\":\"https:\\\/\\\/schema.org\",\"@graph\":[{\"@type\":\"Article\",\"@id\":\"https:\\\/\\\/www.altercampagne.net\\\/?p=5023#article\",\"isPartOf\":{\"@id\":\"https:\\\/\\\/www.altercampagne.net\\\/?p=5023\"},\"author\":{\"name\":\"Mathieu\",\"@id\":\"https:\\\/\\\/www.altercampagne.net\\\/#\\\/schema\\\/person\\\/0f261460c09e430caa0f9bcffa319109\"},\"headline\":\"Le Manoir de la Gr\u00e9e les 11 et 12 juillet \u00e0 Soulvache\",\"datePublished\":\"2016-05-11T08:35:58+00:00\",\"dateModified\":\"2019-09-13T12:34:42+00:00\",\"mainEntityOfPage\":{\"@id\":\"https:\\\/\\\/www.altercampagne.net\\\/?p=5023\"},\"wordCount\":419,\"image\":{\"@id\":\"https:\\\/\\\/www.altercampagne.net\\\/?p=5023#primaryimage\"},\"thumbnailUrl\":\"https:\\\/\\\/www.altercampagne.net\\\/wp-content\\\/uploads\\\/2016\\\/05\\\/2016-05-11-la-gree3.jpg\",\"keywords\":[\"revue Silence\",\"chantiers participatifs\",\"AlterTour 2016\",\"loire atlantique\",\"bien commun\",\"manoir de la gr\u00e9e\",\"bien vivre\",\"Pays de la Loire\",\"paysan boulanger\",\"2016\",\"Soulvache\",\"Amis de Plein Gr\u00e9e\",\"accueillant\",\"accueillant2016\",\"accueillant 2016\",\"AlterTour2016\"],\"articleSection\":[\"\u00c9dition 2016\",\"Habitat\",\"Pays de la Loire\"],\"inLanguage\":\"fr-FR\"},{\"@type\":\"WebPage\",\"@id\":\"https:\\\/\\\/www.altercampagne.net\\\/?p=5023\",\"url\":\"https:\\\/\\\/www.altercampagne.net\\\/?p=5023\",\"name\":\"Le Manoir de la Gr\u00e9e les 11 et 12 juillet \u00e0 Soulvache - AlterTour\",\"isPartOf\":{\"@id\":\"https:\\\/\\\/www.altercampagne.net\\\/#website\"},\"primaryImageOfPage\":{\"@id\":\"https:\\\/\\\/www.altercampagne.net\\\/?p=5023#primaryimage\"},\"image\":{\"@id\":\"https:\\\/\\\/www.altercampagne.net\\\/?p=5023#primaryimage\"},\"thumbnailUrl\":\"https:\\\/\\\/www.altercampagne.net\\\/wp-content\\\/uploads\\\/2016\\\/05\\\/2016-05-11-la-gree3.jpg\",\"datePublished\":\"2016-05-11T08:35:58+00:00\",\"dateModified\":\"2019-09-13T12:34:42+00:00\",\"author\":{\"@id\":\"https:\\\/\\\/www.altercampagne.net\\\/#\\\/schema\\\/person\\\/0f261460c09e430caa0f9bcffa319109\"},\"breadcrumb\":{\"@id\":\"https:\\\/\\\/www.altercampagne.net\\\/?p=5023#breadcrumb\"},\"inLanguage\":\"fr-FR\",\"potentialAction\":[{\"@type\":\"ReadAction\",\"target\":[\"https:\\\/\\\/www.altercampagne.net\\\/?p=5023\"]}]},{\"@type\":\"ImageObject\",\"inLanguage\":\"fr-FR\",\"@id\":\"https:\\\/\\\/www.altercampagne.net\\\/?p=5023#primaryimage\",\"url\":\"https:\\\/\\\/www.altercampagne.net\\\/wp-content\\\/uploads\\\/2016\\\/05\\\/2016-05-11-la-gree3.jpg\",\"contentUrl\":\"https:\\\/\\\/www.altercampagne.net\\\/wp-content\\\/uploads\\\/2016\\\/05\\\/2016-05-11-la-gree3.jpg\",\"width\":900,\"height\":470},{\"@type\":\"BreadcrumbList\",\"@id\":\"https:\\\/\\\/www.altercampagne.net\\\/?p=5023#breadcrumb\",\"itemListElement\":[{\"@type\":\"ListItem\",\"position\":1,\"name\":\"Accueil\",\"item\":\"https:\\\/\\\/www.altercampagne.net\\\/\"},{\"@type\":\"ListItem\",\"position\":2,\"name\":\"Le Manoir de la Gr\u00e9e les 11 et 12 juillet \u00e0 Soulvache\"}]},{\"@type\":\"WebSite\",\"@id\":\"https:\\\/\\\/www.altercampagne.net\\\/#website\",\"url\":\"https:\\\/\\\/www.altercampagne.net\\\/\",\"name\":\"AlterTour\",\"description\":\"Reliez les Alternatives \u00e0 v\u00e9lo\",\"potentialAction\":[{\"@type\":\"SearchAction\",\"target\":{\"@type\":\"EntryPoint\",\"urlTemplate\":\"https:\\\/\\\/www.altercampagne.net\\\/?s={search_term_string}\"},\"query-input\":{\"@type\":\"PropertyValueSpecification\",\"valueRequired\":true,\"valueName\":\"search_term_string\"}}],\"inLanguage\":\"fr-FR\"},{\"@type\":\"Person\",\"@id\":\"https:\\\/\\\/www.altercampagne.net\\\/#\\\/schema\\\/person\\\/0f261460c09e430caa0f9bcffa319109\",\"name\":\"Mathieu\",\"image\":{\"@type\":\"ImageObject\",\"inLanguage\":\"fr-FR\",\"@id\":\"https:\\\/\\\/secure.gravatar.com\\\/avatar\\\/aa9d3d24c83f2141e5e2709d0f63d09a99f6be6bb7a50abc4915838d9f54501a?s=96&d=mm&r=g\",\"url\":\"https:\\\/\\\/secure.gravatar.com\\\/avatar\\\/aa9d3d24c83f2141e5e2709d0f63d09a99f6be6bb7a50abc4915838d9f54501a?s=96&d=mm&r=g\",\"contentUrl\":\"https:\\\/\\\/secure.gravatar.com\\\/avatar\\\/aa9d3d24c83f2141e5e2709d0f63d09a99f6be6bb7a50abc4915838d9f54501a?s=96&d=mm&r=g\",\"caption\":\"Mathieu\"},\"url\":\"https:\\\/\\\/www.altercampagne.net\\\/?author=214\"}]}<\/script>\n<!-- \/ Yoast SEO plugin. -->","yoast_head_json":{"title":"Le Manoir de la Gr\u00e9e les 11 et 12 juillet \u00e0 Soulvache - AlterTour","robots":{"index":"index","follow":"follow","max-snippet":"max-snippet:-1","max-image-preview":"max-image-preview:large","max-video-preview":"max-video-preview:-1"},"canonical":"https:\/\/www.altercampagne.net\/?p=5023","og_locale":"fr_FR","og_type":"article","og_title":"Le Manoir de la Gr\u00e9e les 11 et 12 juillet \u00e0 Soulvache - AlterTour","og_description":"Il y a dix ans, Mata l\u2019architecte et Christophe le charpentier, ach\u00e8tent en SCI, avec 21 autres personnes, les 5 ha du Manoir de la Gr\u00e9e en ruines, puis sa ferme sur 30 ha. Rejoint par d\u2019autres, ce groupe \u00e9volue au fil des ann\u00e9es. L\u2019objectif est une exp\u00e9rimentation humaine, une ... Read More","og_url":"https:\/\/www.altercampagne.net\/?p=5023","og_site_name":"AlterTour","article_published_time":"2016-05-11T08:35:58+00:00","article_modified_time":"2019-09-13T12:34:42+00:00","og_image":[{"width":900,"height":470,"url":"https:\/\/www.altercampagne.net\/wp-content\/uploads\/2016\/05\/2016-05-11-la-gree3.jpg","type":"image\/jpeg"}],"author":"Mathieu","twitter_card":"summary_large_image","twitter_misc":{"\u00c9crit par":"Mathieu","Dur\u00e9e de lecture estim\u00e9e":"2 minutes"},"schema":{"@context":"https:\/\/schema.org","@graph":[{"@type":"Article","@id":"https:\/\/www.altercampagne.net\/?p=5023#article","isPartOf":{"@id":"https:\/\/www.altercampagne.net\/?p=5023"},"author":{"name":"Mathieu","@id":"https:\/\/www.altercampagne.net\/#\/schema\/person\/0f261460c09e430caa0f9bcffa319109"},"headline":"Le Manoir de la Gr\u00e9e les 11 et 12 juillet \u00e0 Soulvache","datePublished":"2016-05-11T08:35:58+00:00","dateModified":"2019-09-13T12:34:42+00:00","mainEntityOfPage":{"@id":"https:\/\/www.altercampagne.net\/?p=5023"},"wordCount":419,"image":{"@id":"https:\/\/www.altercampagne.net\/?p=5023#primaryimage"},"thumbnailUrl":"https:\/\/www.altercampagne.net\/wp-content\/uploads\/2016\/05\/2016-05-11-la-gree3.jpg","keywords":["revue Silence","chantiers participatifs","AlterTour 2016","loire atlantique","bien commun","manoir de la gr\u00e9e","bien vivre","Pays de la Loire","paysan boulanger","2016","Soulvache","Amis de Plein Gr\u00e9e","accueillant","accueillant2016","accueillant 2016","AlterTour2016"],"articleSection":["\u00c9dition 2016","Habitat","Pays de la Loire"],"inLanguage":"fr-FR"},{"@type":"WebPage","@id":"https:\/\/www.altercampagne.net\/?p=5023","url":"https:\/\/www.altercampagne.net\/?p=5023","name":"Le Manoir de la Gr\u00e9e les 11 et 12 juillet \u00e0 Soulvache - AlterTour","isPartOf":{"@id":"https:\/\/www.altercampagne.net\/#website"},"primaryImageOfPage":{"@id":"https:\/\/www.altercampagne.net\/?p=5023#primaryimage"},"image":{"@id":"https:\/\/www.altercampagne.net\/?p=5023#primaryimage"},"thumbnailUrl":"https:\/\/www.altercampagne.net\/wp-content\/uploads\/2016\/05\/2016-05-11-la-gree3.jpg","datePublished":"2016-05-11T08:35:58+00:00","dateModified":"2019-09-13T12:34:42+00:00","author":{"@id":"https:\/\/www.altercampagne.net\/#\/schema\/person\/0f261460c09e430caa0f9bcffa319109"},"breadcrumb":{"@id":"https:\/\/www.altercampagne.net\/?p=5023#breadcrumb"},"inLanguage":"fr-FR","potentialAction":[{"@type":"ReadAction","target":["https:\/\/www.altercampagne.net\/?p=5023"]}]},{"@type":"ImageObject","inLanguage":"fr-FR","@id":"https:\/\/www.altercampagne.net\/?p=5023#primaryimage","url":"https:\/\/www.altercampagne.net\/wp-content\/uploads\/2016\/05\/2016-05-11-la-gree3.jpg","contentUrl":"https:\/\/www.altercampagne.net\/wp-content\/uploads\/2016\/05\/2016-05-11-la-gree3.jpg","width":900,"height":470},{"@type":"BreadcrumbList","@id":"https:\/\/www.altercampagne.net\/?p=5023#breadcrumb","itemListElement":[{"@type":"ListItem","position":1,"name":"Accueil","item":"https:\/\/www.altercampagne.net\/"},{"@type":"ListItem","position":2,"name":"Le Manoir de la Gr\u00e9e les 11 et 12 juillet \u00e0 Soulvache"}]},{"@type":"WebSite","@id":"https:\/\/www.altercampagne.net\/#website","url":"https:\/\/www.altercampagne.net\/","name":"AlterTour","description":"Reliez les Alternatives \u00e0 v\u00e9lo","potentialAction":[{"@type":"SearchAction","target":{"@type":"EntryPoint","urlTemplate":"https:\/\/www.altercampagne.net\/?s={search_term_string}"},"query-input":{"@type":"PropertyValueSpecification","valueRequired":true,"valueName":"search_term_string"}}],"inLanguage":"fr-FR"},{"@type":"Person","@id":"https:\/\/www.altercampagne.net\/#\/schema\/person\/0f261460c09e430caa0f9bcffa319109","name":"Mathieu","image":{"@type":"ImageObject","inLanguage":"fr-FR","@id":"https:\/\/secure.gravatar.com\/avatar\/aa9d3d24c83f2141e5e2709d0f63d09a99f6be6bb7a50abc4915838d9f54501a?s=96&d=mm&r=g","url":"https:\/\/secure.gravatar.com\/avatar\/aa9d3d24c83f2141e5e2709d0f63d09a99f6be6bb7a50abc4915838d9f54501a?s=96&d=mm&r=g","contentUrl":"https:\/\/secure.gravatar.com\/avatar\/aa9d3d24c83f2141e5e2709d0f63d09a99f6be6bb7a50abc4915838d9f54501a?s=96&d=mm&r=g","caption":"Mathieu"},"url":"https:\/\/www.altercampagne.net\/?author=214"}]}},"_links":{"self":[{"href":"https:\/\/www.altercampagne.net\/index.php?rest_route=\/wp\/v2\/posts\/5023","targetHints":{"allow":["GET"]}}],"collection":[{"href":"https:\/\/www.altercampagne.net\/index.php?rest_route=\/wp\/v2\/posts"}],"about":[{"href":"https:\/\/www.altercampagne.net\/index.php?rest_route=\/wp\/v2\/types\/post"}],"author":[{"embeddable":true,"href":"https:\/\/www.altercampagne.net\/index.php?rest_route=\/wp\/v2\/users\/214"}],"replies":[{"embeddable":true,"href":"https:\/\/www.altercampagne.net\/index.php?rest_route=%2Fwp%2Fv2%2Fcomments&post=5023"}],"version-history":[{"count":0,"href":"https:\/\/www.altercampagne.net\/index.php?rest_route=\/wp\/v2\/posts\/5023\/revisions"}],"wp:featuredmedia":[{"embeddable":true,"href":"https:\/\/www.altercampagne.net\/index.php?rest_route=\/wp\/v2\/media\/15411"}],"wp:attachment":[{"href":"https:\/\/www.altercampagne.net\/index.php?rest_route=%2Fwp%2Fv2%2Fmedia&parent=5023"}],"wp:term":[{"taxonomy":"category","embeddable":true,"href":"https:\/\/www.altercampagne.net\/index.php?rest_route=%2Fwp%2Fv2%2Fcategories&post=5023"},{"taxonomy":"post_tag","embeddable":true,"href":"https:\/\/www.altercampagne.net\/index.php?rest_route=%2Fwp%2Fv2%2Ftags&post=5023"}],"curies":[{"name":"wp","href":"https:\/\/api.w.org\/{rel}","templated":true}]}}