{"id":5026,"date":"2016-04-20T11:32:07","date_gmt":"2016-04-20T09:32:07","guid":{"rendered":"http:\/\/www.altercampagne.net\/?p=5026"},"modified":"2020-02-24T15:03:28","modified_gmt":"2020-02-24T14:03:28","slug":"numero-de-silence-de-mai-extraction-miniere-ni-ici-ni-ailleurs","status":"publish","type":"post","link":"https:\/\/www.altercampagne.net\/?p=5026","title":{"rendered":"Num\u00e9ro de Silence de mai : Extraction mini\u00e8re &#8211; Ni ici, ni ailleurs"},"content":{"rendered":"<p><strong><a href=\"http:\/\/www.altercampagne.net\/wp-content\/uploads\/2016\/05\/445-BD.jpg\"><img loading=\"lazy\" decoding=\"async\" class=\" size-full wp-image-5027 alignleft\" src=\"http:\/\/www.altercampagne.net\/wp-content\/uploads\/2016\/05\/445-BD.jpg\" alt=\"Revue silence de mai\" width=\"595\" height=\"842\" srcset=\"https:\/\/www.altercampagne.net\/wp-content\/uploads\/2016\/05\/445-BD.jpg 595w, https:\/\/www.altercampagne.net\/wp-content\/uploads\/2016\/05\/445-BD-212x300.jpg 212w\" sizes=\"auto, (max-width: 595px) 100vw, 595px\" \/><\/a>&#8211; Un dossier : Attention, mines !&nbsp;<\/strong><br \/>\nDepuis 2013, les demandes de permis miniers fleurissent en France m\u00e9tropolitaine, pouss\u00e9es par une demande sans cesse accrue de m\u00e9taux rares. Alors que les industriels et Emmanuel Macron vantent le concept hypoth\u00e9tique d&rsquo;une \u00ab\u00a0mine responsable\u00a0\u00bb, les populations se mobilisent sur le terrain pour emp\u00eacher les d\u00e9sastres environnementaux et sociaux que provoquerait ce retour \u00e0 l&rsquo;exploitation mini\u00e8re.<\/p>\n<p><strong> L&rsquo;enfer, c&rsquo;est chez les autres<\/strong><br \/>\nSi l&rsquo;extraction mini\u00e8re en France pose probl\u00e8me, elle g\u00e9n\u00e8re des d\u00e9g\u00e2ts environnementaux gigantesques et est li\u00e9e \u00e0 des violences extr\u00eames dans le reste du monde, et dans les pays du Sud en particulier.<\/p>\n<p><strong> Am\u00e9rique latine : vers un post-extractivisme ?&nbsp;<\/strong><br \/>\nLa politique d&rsquo;extraction qui a \u00e9t\u00e9 mise en place en \u00c9quateur, en Bolivie, au Venezuela, etc., est consid\u00e9r\u00e9e par ces gouvernements comme un moyen d\u2019atteindre la croissance gr\u00e2ce aux exportations. Mais ce mod\u00e8le a fait son temps.<\/p>\n<p><strong> Sortir de l&rsquo;extractivisme&nbsp;: un projet de soci\u00e9t\u00e9<\/strong><br \/>\nDestruction massive de l&rsquo;environnement, \u00e9puisement des ressources, d\u00e9gradation des conditions de vie des populations locales, exploitation des travailleurs\u2026 L&rsquo;extractivisme, base physique de la soci\u00e9t\u00e9 de consommation, a des impacts d\u00e9vastateurs. Voici quelques pistes de r\u00e9flexion pour en sortir.<\/p>\n<p><strong>&#8211; Des Articles<\/strong><br \/>\nNon-violence : Des ateliers pour pr\u00e9venir les violences \u00e0 l&rsquo;\u00e9cole, dans les familles\u2026<br \/>\nQue disent les musulmanes de France ?<br \/>\nTransition \u00e9nerg\u00e9tique &#8211; Comment fait l&rsquo;Allemagne ?<br \/>\nLes mondes ruraux du mouvement pacifiste am\u00e9ricain<br \/>\nCompl\u00e9mentaires sant\u00e9 obligatoires &#8211; Coup de gr\u00e2ce des valeurs mutualistes&nbsp;?<br \/>\nNucl\u00e9aire : Quand le gouvernement ne respecte plus la loi<br \/>\nG\u00e9rard Fromanger, couleurs militantes<\/p>\n<p><strong>&#8211; Des Chroniques et des Br\u00e8ves<\/strong><br \/>\n<em>En direct de nos colonies : <\/em>Centrafrique&nbsp;: la fausse victoire de Fran\u00e7ois Hollande<br \/>\n<em> Bonnes nouvelles de la Terre :<\/em> Femmes agro\u00e9cologistes du Mali<br \/>\n<em> Le Monde en construction(s) :<\/em> Un colloque sur la construction naturelle<br \/>\n<em>Catastrophe de Fukushima : <\/em>Sant\u00e9, s\u00e9curit\u00e9, camouflage et camouflets : Fukushima, bilans apr\u00e8s cinq ans<br \/>\n<em>100 dates f\u00e9ministes pour aujourd&rsquo;hui :<\/em> 10 juin 2008 : \u00ab\u00a0La terre et les femmes<br \/>\nne sont pas des territoires \u00e0 conqu\u00e9rir\u00a0\u00bb<br \/>\n<em>Nucl\u00e9aire \u00e7a boum ! :<\/em> Les Polyn\u00e9siens&nbsp;: \u00ab\u00a0Hollande repars avec ton plutonium\u00a0\u00bb&nbsp;!<\/p>\n<p>Belle journ\u00e9e et bonne lecture !<\/p>\n<p>Retrouvez la Revue Silence en Biocoop et\/ou abonnez-vous directement sur leur site : <a href=\"http:\/\/www.revuesilence.net\/\" target=\"_blank\" rel=\"noopener noreferrer\">http:\/\/www.revuesilence.net\/<\/a><\/p>\n","protected":false},"excerpt":{"rendered":"<p>&#8211; Un dossier : Attention, mines !&nbsp; Depuis 2013, les demandes de permis miniers fleurissent en France m\u00e9tropolitaine, pouss\u00e9es par une demande sans cesse accrue de m\u00e9taux rares. Alors que les industriels et Emmanuel Macron vantent le concept hypoth\u00e9tique d&rsquo;une \u00ab\u00a0mine responsable\u00a0\u00bb, les populations se mobilisent sur le terrain pour &#8230; <\/p>\n<div><a href=\"https:\/\/www.altercampagne.net\/?p=5026\" class=\"more-link\">Read More<\/a><\/div>\n","protected":false},"author":214,"featured_media":0,"comment_status":"closed","ping_status":"closed","sticky":false,"template":"","format":"standard","meta":{"footnotes":""},"categories":[3248],"tags":[13,2379,2380,2381,2382,2724],"class_list":["post-5026","post","type-post","status-publish","format-standard","hentry","category-silence","tag-revue-silence","tag-mai-2016","tag-extraction-miniere","tag-emmanuel-macron","tag-extractivisme","tag-silence","no-post-thumbnail"],"yoast_head":"<!-- This site is optimized with the Yoast SEO plugin v27.3 - https:\/\/yoast.com\/product\/yoast-seo-wordpress\/ -->\n<title>Num\u00e9ro de Silence de mai : Extraction mini\u00e8re - Ni ici, ni ailleurs - AlterTour<\/title>\n<meta name=\"robots\" content=\"index, follow, max-snippet:-1, max-image-preview:large, max-video-preview:-1\" \/>\n<link rel=\"canonical\" href=\"https:\/\/www.altercampagne.net\/?p=5026\" \/>\n<meta property=\"og:locale\" content=\"fr_FR\" \/>\n<meta property=\"og:type\" content=\"article\" \/>\n<meta property=\"og:title\" content=\"Num\u00e9ro de Silence de mai : Extraction mini\u00e8re - Ni ici, ni ailleurs - AlterTour\" \/>\n<meta property=\"og:description\" content=\"&#8211; Un dossier : Attention, mines !&nbsp; Depuis 2013, les demandes de permis miniers fleurissent en France m\u00e9tropolitaine, pouss\u00e9es par une demande sans cesse accrue de m\u00e9taux rares. Alors que les industriels et Emmanuel Macron vantent le concept hypoth\u00e9tique d&rsquo;une \u00ab\u00a0mine responsable\u00a0\u00bb, les populations se mobilisent sur le terrain pour ... Read More\" \/>\n<meta property=\"og:url\" content=\"https:\/\/www.altercampagne.net\/?p=5026\" \/>\n<meta property=\"og:site_name\" content=\"AlterTour\" \/>\n<meta property=\"article:published_time\" content=\"2016-04-20T09:32:07+00:00\" \/>\n<meta property=\"article:modified_time\" content=\"2020-02-24T14:03:28+00:00\" \/>\n<meta property=\"og:image\" content=\"http:\/\/www.altercampagne.net\/wp-content\/uploads\/2016\/05\/445-BD.jpg\" \/>\n<meta name=\"author\" content=\"Mathieu\" \/>\n<meta name=\"twitter:card\" content=\"summary_large_image\" \/>\n<meta name=\"twitter:label1\" content=\"\u00c9crit par\" \/>\n\t<meta name=\"twitter:data1\" content=\"Mathieu\" \/>\n\t<meta name=\"twitter:label2\" content=\"Dur\u00e9e de lecture estim\u00e9e\" \/>\n\t<meta name=\"twitter:data2\" content=\"2 minutes\" \/>\n<script type=\"application\/ld+json\" class=\"yoast-schema-graph\">{\"@context\":\"https:\\\/\\\/schema.org\",\"@graph\":[{\"@type\":\"Article\",\"@id\":\"https:\\\/\\\/www.altercampagne.net\\\/?p=5026#article\",\"isPartOf\":{\"@id\":\"https:\\\/\\\/www.altercampagne.net\\\/?p=5026\"},\"author\":{\"name\":\"Mathieu\",\"@id\":\"https:\\\/\\\/www.altercampagne.net\\\/#\\\/schema\\\/person\\\/0f261460c09e430caa0f9bcffa319109\"},\"headline\":\"Num\u00e9ro de Silence de mai : Extraction mini\u00e8re &#8211; Ni ici, ni ailleurs\",\"datePublished\":\"2016-04-20T09:32:07+00:00\",\"dateModified\":\"2020-02-24T14:03:28+00:00\",\"mainEntityOfPage\":{\"@id\":\"https:\\\/\\\/www.altercampagne.net\\\/?p=5026\"},\"wordCount\":414,\"image\":{\"@id\":\"https:\\\/\\\/www.altercampagne.net\\\/?p=5026#primaryimage\"},\"thumbnailUrl\":\"http:\\\/\\\/www.altercampagne.net\\\/wp-content\\\/uploads\\\/2016\\\/05\\\/445-BD.jpg\",\"keywords\":[\"revue Silence\",\"mai 2016\",\"Extraction mini\u00e8re\",\"Emmanuel Macron\",\"extractivisme\",\"silence\"],\"articleSection\":[\"Silence\"],\"inLanguage\":\"fr-FR\"},{\"@type\":\"WebPage\",\"@id\":\"https:\\\/\\\/www.altercampagne.net\\\/?p=5026\",\"url\":\"https:\\\/\\\/www.altercampagne.net\\\/?p=5026\",\"name\":\"Num\u00e9ro de Silence de mai : Extraction mini\u00e8re - Ni ici, ni ailleurs - AlterTour\",\"isPartOf\":{\"@id\":\"https:\\\/\\\/www.altercampagne.net\\\/#website\"},\"primaryImageOfPage\":{\"@id\":\"https:\\\/\\\/www.altercampagne.net\\\/?p=5026#primaryimage\"},\"image\":{\"@id\":\"https:\\\/\\\/www.altercampagne.net\\\/?p=5026#primaryimage\"},\"thumbnailUrl\":\"http:\\\/\\\/www.altercampagne.net\\\/wp-content\\\/uploads\\\/2016\\\/05\\\/445-BD.jpg\",\"datePublished\":\"2016-04-20T09:32:07+00:00\",\"dateModified\":\"2020-02-24T14:03:28+00:00\",\"author\":{\"@id\":\"https:\\\/\\\/www.altercampagne.net\\\/#\\\/schema\\\/person\\\/0f261460c09e430caa0f9bcffa319109\"},\"breadcrumb\":{\"@id\":\"https:\\\/\\\/www.altercampagne.net\\\/?p=5026#breadcrumb\"},\"inLanguage\":\"fr-FR\",\"potentialAction\":[{\"@type\":\"ReadAction\",\"target\":[\"https:\\\/\\\/www.altercampagne.net\\\/?p=5026\"]}]},{\"@type\":\"ImageObject\",\"inLanguage\":\"fr-FR\",\"@id\":\"https:\\\/\\\/www.altercampagne.net\\\/?p=5026#primaryimage\",\"url\":\"http:\\\/\\\/www.altercampagne.net\\\/wp-content\\\/uploads\\\/2016\\\/05\\\/445-BD.jpg\",\"contentUrl\":\"http:\\\/\\\/www.altercampagne.net\\\/wp-content\\\/uploads\\\/2016\\\/05\\\/445-BD.jpg\"},{\"@type\":\"BreadcrumbList\",\"@id\":\"https:\\\/\\\/www.altercampagne.net\\\/?p=5026#breadcrumb\",\"itemListElement\":[{\"@type\":\"ListItem\",\"position\":1,\"name\":\"Accueil\",\"item\":\"https:\\\/\\\/www.altercampagne.net\\\/\"},{\"@type\":\"ListItem\",\"position\":2,\"name\":\"Num\u00e9ro de Silence de mai : Extraction mini\u00e8re &#8211; Ni ici, ni ailleurs\"}]},{\"@type\":\"WebSite\",\"@id\":\"https:\\\/\\\/www.altercampagne.net\\\/#website\",\"url\":\"https:\\\/\\\/www.altercampagne.net\\\/\",\"name\":\"AlterTour\",\"description\":\"Reliez les Alternatives \u00e0 v\u00e9lo\",\"potentialAction\":[{\"@type\":\"SearchAction\",\"target\":{\"@type\":\"EntryPoint\",\"urlTemplate\":\"https:\\\/\\\/www.altercampagne.net\\\/?s={search_term_string}\"},\"query-input\":{\"@type\":\"PropertyValueSpecification\",\"valueRequired\":true,\"valueName\":\"search_term_string\"}}],\"inLanguage\":\"fr-FR\"},{\"@type\":\"Person\",\"@id\":\"https:\\\/\\\/www.altercampagne.net\\\/#\\\/schema\\\/person\\\/0f261460c09e430caa0f9bcffa319109\",\"name\":\"Mathieu\",\"image\":{\"@type\":\"ImageObject\",\"inLanguage\":\"fr-FR\",\"@id\":\"https:\\\/\\\/secure.gravatar.com\\\/avatar\\\/aa9d3d24c83f2141e5e2709d0f63d09a99f6be6bb7a50abc4915838d9f54501a?s=96&d=mm&r=g\",\"url\":\"https:\\\/\\\/secure.gravatar.com\\\/avatar\\\/aa9d3d24c83f2141e5e2709d0f63d09a99f6be6bb7a50abc4915838d9f54501a?s=96&d=mm&r=g\",\"contentUrl\":\"https:\\\/\\\/secure.gravatar.com\\\/avatar\\\/aa9d3d24c83f2141e5e2709d0f63d09a99f6be6bb7a50abc4915838d9f54501a?s=96&d=mm&r=g\",\"caption\":\"Mathieu\"},\"url\":\"https:\\\/\\\/www.altercampagne.net\\\/?author=214\"}]}<\/script>\n<!-- \/ Yoast SEO plugin. -->","yoast_head_json":{"title":"Num\u00e9ro de Silence de mai : Extraction mini\u00e8re - Ni ici, ni ailleurs - AlterTour","robots":{"index":"index","follow":"follow","max-snippet":"max-snippet:-1","max-image-preview":"max-image-preview:large","max-video-preview":"max-video-preview:-1"},"canonical":"https:\/\/www.altercampagne.net\/?p=5026","og_locale":"fr_FR","og_type":"article","og_title":"Num\u00e9ro de Silence de mai : Extraction mini\u00e8re - Ni ici, ni ailleurs - AlterTour","og_description":"&#8211; Un dossier : Attention, mines !&nbsp; Depuis 2013, les demandes de permis miniers fleurissent en France m\u00e9tropolitaine, pouss\u00e9es par une demande sans cesse accrue de m\u00e9taux rares. Alors que les industriels et Emmanuel Macron vantent le concept hypoth\u00e9tique d&rsquo;une \u00ab\u00a0mine responsable\u00a0\u00bb, les populations se mobilisent sur le terrain pour ... Read More","og_url":"https:\/\/www.altercampagne.net\/?p=5026","og_site_name":"AlterTour","article_published_time":"2016-04-20T09:32:07+00:00","article_modified_time":"2020-02-24T14:03:28+00:00","og_image":[{"url":"http:\/\/www.altercampagne.net\/wp-content\/uploads\/2016\/05\/445-BD.jpg","type":"","width":"","height":""}],"author":"Mathieu","twitter_card":"summary_large_image","twitter_misc":{"\u00c9crit par":"Mathieu","Dur\u00e9e de lecture estim\u00e9e":"2 minutes"},"schema":{"@context":"https:\/\/schema.org","@graph":[{"@type":"Article","@id":"https:\/\/www.altercampagne.net\/?p=5026#article","isPartOf":{"@id":"https:\/\/www.altercampagne.net\/?p=5026"},"author":{"name":"Mathieu","@id":"https:\/\/www.altercampagne.net\/#\/schema\/person\/0f261460c09e430caa0f9bcffa319109"},"headline":"Num\u00e9ro de Silence de mai : Extraction mini\u00e8re &#8211; Ni ici, ni ailleurs","datePublished":"2016-04-20T09:32:07+00:00","dateModified":"2020-02-24T14:03:28+00:00","mainEntityOfPage":{"@id":"https:\/\/www.altercampagne.net\/?p=5026"},"wordCount":414,"image":{"@id":"https:\/\/www.altercampagne.net\/?p=5026#primaryimage"},"thumbnailUrl":"http:\/\/www.altercampagne.net\/wp-content\/uploads\/2016\/05\/445-BD.jpg","keywords":["revue Silence","mai 2016","Extraction mini\u00e8re","Emmanuel Macron","extractivisme","silence"],"articleSection":["Silence"],"inLanguage":"fr-FR"},{"@type":"WebPage","@id":"https:\/\/www.altercampagne.net\/?p=5026","url":"https:\/\/www.altercampagne.net\/?p=5026","name":"Num\u00e9ro de Silence de mai : Extraction mini\u00e8re - Ni ici, ni ailleurs - AlterTour","isPartOf":{"@id":"https:\/\/www.altercampagne.net\/#website"},"primaryImageOfPage":{"@id":"https:\/\/www.altercampagne.net\/?p=5026#primaryimage"},"image":{"@id":"https:\/\/www.altercampagne.net\/?p=5026#primaryimage"},"thumbnailUrl":"http:\/\/www.altercampagne.net\/wp-content\/uploads\/2016\/05\/445-BD.jpg","datePublished":"2016-04-20T09:32:07+00:00","dateModified":"2020-02-24T14:03:28+00:00","author":{"@id":"https:\/\/www.altercampagne.net\/#\/schema\/person\/0f261460c09e430caa0f9bcffa319109"},"breadcrumb":{"@id":"https:\/\/www.altercampagne.net\/?p=5026#breadcrumb"},"inLanguage":"fr-FR","potentialAction":[{"@type":"ReadAction","target":["https:\/\/www.altercampagne.net\/?p=5026"]}]},{"@type":"ImageObject","inLanguage":"fr-FR","@id":"https:\/\/www.altercampagne.net\/?p=5026#primaryimage","url":"http:\/\/www.altercampagne.net\/wp-content\/uploads\/2016\/05\/445-BD.jpg","contentUrl":"http:\/\/www.altercampagne.net\/wp-content\/uploads\/2016\/05\/445-BD.jpg"},{"@type":"BreadcrumbList","@id":"https:\/\/www.altercampagne.net\/?p=5026#breadcrumb","itemListElement":[{"@type":"ListItem","position":1,"name":"Accueil","item":"https:\/\/www.altercampagne.net\/"},{"@type":"ListItem","position":2,"name":"Num\u00e9ro de Silence de mai : Extraction mini\u00e8re &#8211; Ni ici, ni ailleurs"}]},{"@type":"WebSite","@id":"https:\/\/www.altercampagne.net\/#website","url":"https:\/\/www.altercampagne.net\/","name":"AlterTour","description":"Reliez les Alternatives \u00e0 v\u00e9lo","potentialAction":[{"@type":"SearchAction","target":{"@type":"EntryPoint","urlTemplate":"https:\/\/www.altercampagne.net\/?s={search_term_string}"},"query-input":{"@type":"PropertyValueSpecification","valueRequired":true,"valueName":"search_term_string"}}],"inLanguage":"fr-FR"},{"@type":"Person","@id":"https:\/\/www.altercampagne.net\/#\/schema\/person\/0f261460c09e430caa0f9bcffa319109","name":"Mathieu","image":{"@type":"ImageObject","inLanguage":"fr-FR","@id":"https:\/\/secure.gravatar.com\/avatar\/aa9d3d24c83f2141e5e2709d0f63d09a99f6be6bb7a50abc4915838d9f54501a?s=96&d=mm&r=g","url":"https:\/\/secure.gravatar.com\/avatar\/aa9d3d24c83f2141e5e2709d0f63d09a99f6be6bb7a50abc4915838d9f54501a?s=96&d=mm&r=g","contentUrl":"https:\/\/secure.gravatar.com\/avatar\/aa9d3d24c83f2141e5e2709d0f63d09a99f6be6bb7a50abc4915838d9f54501a?s=96&d=mm&r=g","caption":"Mathieu"},"url":"https:\/\/www.altercampagne.net\/?author=214"}]}},"_links":{"self":[{"href":"https:\/\/www.altercampagne.net\/index.php?rest_route=\/wp\/v2\/posts\/5026","targetHints":{"allow":["GET"]}}],"collection":[{"href":"https:\/\/www.altercampagne.net\/index.php?rest_route=\/wp\/v2\/posts"}],"about":[{"href":"https:\/\/www.altercampagne.net\/index.php?rest_route=\/wp\/v2\/types\/post"}],"author":[{"embeddable":true,"href":"https:\/\/www.altercampagne.net\/index.php?rest_route=\/wp\/v2\/users\/214"}],"replies":[{"embeddable":true,"href":"https:\/\/www.altercampagne.net\/index.php?rest_route=%2Fwp%2Fv2%2Fcomments&post=5026"}],"version-history":[{"count":1,"href":"https:\/\/www.altercampagne.net\/index.php?rest_route=\/wp\/v2\/posts\/5026\/revisions"}],"predecessor-version":[{"id":17328,"href":"https:\/\/www.altercampagne.net\/index.php?rest_route=\/wp\/v2\/posts\/5026\/revisions\/17328"}],"wp:attachment":[{"href":"https:\/\/www.altercampagne.net\/index.php?rest_route=%2Fwp%2Fv2%2Fmedia&parent=5026"}],"wp:term":[{"taxonomy":"category","embeddable":true,"href":"https:\/\/www.altercampagne.net\/index.php?rest_route=%2Fwp%2Fv2%2Fcategories&post=5026"},{"taxonomy":"post_tag","embeddable":true,"href":"https:\/\/www.altercampagne.net\/index.php?rest_route=%2Fwp%2Fv2%2Ftags&post=5026"}],"curies":[{"name":"wp","href":"https:\/\/api.w.org\/{rel}","templated":true}]}}