{"id":5034,"date":"2016-05-13T10:00:56","date_gmt":"2016-05-13T08:00:56","guid":{"rendered":"http:\/\/www.altercampagne.net\/?p=5034"},"modified":"2020-04-06T12:32:37","modified_gmt":"2020-04-06T10:32:37","slug":"radis-et-compagnie-les-14-et-15-juillet-a-montflours","status":"publish","type":"post","link":"https:\/\/www.altercampagne.net\/?p=5034","title":{"rendered":"Radis &#038; Co les 14 et 15 juillet \u00e0 Montflours"},"content":{"rendered":"<p style=\"text-align: justify;\"><a href=\"http:\/\/www.altercampagne.net\/wp-content\/uploads\/2016\/05\/2016-07-14-Gaec-Radis-et-Co.jpg\"><img loading=\"lazy\" decoding=\"async\" class=\" size-medium wp-image-4897 alignleft\" src=\"http:\/\/www.altercampagne.net\/wp-content\/uploads\/2016\/05\/2016-07-14-Gaec-Radis-et-Co-300x219.jpg\" alt=\"Gaec Radis et Co\" width=\"300\" height=\"219\" srcset=\"https:\/\/www.altercampagne.net\/wp-content\/uploads\/2016\/05\/2016-07-14-Gaec-Radis-et-Co-300x219.jpg 300w, https:\/\/www.altercampagne.net\/wp-content\/uploads\/2016\/05\/2016-07-14-Gaec-Radis-et-Co.jpg 686w\" sizes=\"auto, (max-width: 300px) 100vw, 300px\" \/><\/a>Ici, la compagnie compte autant que les radis ! En 2006, quatre amis r\u00eavant de d\u00e9croissance et d\u2019autogestion se lancent dans un projet de ferme bio collective. Apr\u00e8s une formation agricole commune, ils d\u00e9nichent une <a href=\"https:\/\/terredeliens.org\/la-gorronniere\" target=\"_blank\" rel=\"noopener noreferrer\">Ferme Terre de liens \u00e0 Montflours<\/a> : c\u2019est parti pour les cultures de c\u00e9r\u00e9ales et la fabrication de pain, le mara\u00eechage, l\u2019\u00e9levage de cochons et de vaches et la transformation du lait. Rejoints par trois salari\u00e9s, l\u2019autogestion r\u00e8gne : une r\u00e9union hebdomadaire offre la parole \u00e0 tous. La pr\u00e9paration quotidienne d\u2019un repas commun ainsi que les astreintes de week-end se font \u00e0 tour de r\u00f4le. 80% des produits s\u2019\u00e9coulent en vente directe, le reste alimentant les cantines locales. Le projet a en partie d\u00e9coll\u00e9 gr\u00e2ce au dynamisme exceptionnel de Montflours. Ses habitants s\u2019impliquent dans des projets alternatifs comme celui de la brasserie coop\u00e9rative qui produit la B.A.M. pour \u00ab <a href=\"http:\/\/www.brasserie-montflours.fr\/\" target=\"_blank\" rel=\"noopener noreferrer\"><strong>Brasserie Associative de Montflours<\/strong><\/a> \u00bb ou la construction d\u2019un b\u00e2timent collaboratif destin\u00e9 \u00e0 diff\u00e9rents artisans locaux. Un village o\u00f9 le \u00abVivre ensemble\u00bb prend tout son sens.<\/p>\n<p><strong>\u00ab Nous sommes de passage et n\u2019avons qu\u2019un droit d\u2019usage \u00bb<\/strong><\/p>\n<p style=\"text-align: justify;\"><a href=\"http:\/\/www.altercampagne.net\/wp-content\/uploads\/2016\/05\/2016-07-15-Gaec-Radis-et-Co.jpg\"><img loading=\"lazy\" decoding=\"async\" class=\" size-medium wp-image-4896 alignright\" src=\"http:\/\/www.altercampagne.net\/wp-content\/uploads\/2016\/05\/2016-07-15-Gaec-Radis-et-Co-300x219.jpg\" alt=\"Gaec Radis et Co\" width=\"300\" height=\"219\" srcset=\"https:\/\/www.altercampagne.net\/wp-content\/uploads\/2016\/05\/2016-07-15-Gaec-Radis-et-Co-300x219.jpg 300w, https:\/\/www.altercampagne.net\/wp-content\/uploads\/2016\/05\/2016-07-15-Gaec-Radis-et-Co.jpg 686w\" sizes=\"auto, (max-width: 300px) 100vw, 300px\" \/><\/a>\u00ab Pour b\u00e9n\u00e9ficier d\u2019un service, il faut participer \u00e0 sa gestion : c\u2019est ma vision du bien commun. \u00c0 Montflours, on est en train de reprendre en main les diff\u00e9rents aspects de la ville dont la gestion a longtemps \u00e9t\u00e9 d\u00e9l\u00e9gu\u00e9e. Ce qui nous tient \u00e0 c\u0153ur, c\u2019est que chacun puisse \u00eatre acteur et responsable d\u2019un projet comme l\u2019\u00e9co-habitat partag\u00e9 pour permettre aux anciens de rester au village, la brasserie, la future \u00e9picerie coop\u00e9rative, les chantiers participatifs, la d\u00e9sacralisation de l\u2019\u00e9glise pour en faire un lieu culturel ou le projet de b\u00e2timent d\u2019activit\u00e9s autog\u00e9r\u00e9s. Pour ce dernier, on va utiliser une m\u00e9thode de fondation canadienne qui permettra au b\u00e2timent d\u2019\u00eatre r\u00e9versible : ainsi on n\u2019impose pas nos choix aux g\u00e9n\u00e9rations futures. De m\u00eame, la ferme ne nous appartient pas : nous avons un droit d\u2019usage et, \u00e9tant de passage, nous essayons de la maintenir en bonne sant\u00e9 pour ceux qui arriveront apr\u00e8s nous.\u00bb<\/p>\n<p style=\"text-align: right;\"><strong>Marc, co-fondateur et associ\u00e9 de <a href=\"http:\/\/radis.et.compagnie.free.fr\/\" target=\"_blank\" rel=\"noopener noreferrer\">Radis et Compagnie<\/a><\/strong><\/p>\n<p>Extrait du Recueil des Alternatives de l\u2019AlterTour 2016, disponible dans le num\u00e9ro de juin de la <a title=\"Revue Silence\" href=\"http:\/\/www.revuesilence.net\/\" target=\"_blank\" rel=\"noopener noreferrer\">Revue Silence.<\/a><\/p>\n<p>Les Radis &amp; Co accueilleront l\u2019AlterTour les 14 et 15 juillet 2016 \u00e0 Montflours. D\u00e9tail des \u00e9tapes : <a href=\"http:\/\/www.altercampagne.net\/?page_id=172&amp;route=57\">ici<\/a><\/p>\n","protected":false},"excerpt":{"rendered":"<p>Ici, la compagnie compte autant que les radis ! En 2006, quatre amis r\u00eavant de d\u00e9croissance et d\u2019autogestion se lancent dans un projet de ferme bio collective. Apr\u00e8s une formation agricole commune, ils d\u00e9nichent une Ferme Terre de liens \u00e0 Montflours : c\u2019est parti pour les cultures de c\u00e9r\u00e9ales et &#8230; <\/p>\n<div><a href=\"https:\/\/www.altercampagne.net\/?p=5034\" class=\"more-link\">Read More<\/a><\/div>\n","protected":false},"author":214,"featured_media":15413,"comment_status":"closed","ping_status":"closed","sticky":false,"template":"","format":"standard","meta":{"footnotes":""},"categories":[3483,3459,3481],"tags":[35,383,416,429,489,490,894,1652,2383,2384,2385,2386,2846,2849,2850,2851],"class_list":["post-5034","post","type-post","status-publish","format-standard","has-post-thumbnail","hentry","category-agriculture","category-edition-2016","category-pays-de-la-loire","tag-autogestion","tag-altertour-2016","tag-mayenne","tag-terre-de-liens","tag-gaec-radis-co","tag-brasserie-associative-de-montflours","tag-pays-de-la-loire","tag-1652","tag-radis-co","tag-radis-et-compagnie","tag-brasserie-artisanale-de-montflours","tag-bam","tag-accueillant","tag-accueillant2016","tag-accueillant-2016","tag-altertour2016"],"yoast_head":"<!-- This site is optimized with the Yoast SEO plugin v27.3 - https:\/\/yoast.com\/product\/yoast-seo-wordpress\/ -->\n<title>Radis &amp; Co les 14 et 15 juillet \u00e0 Montflours - AlterTour<\/title>\n<meta name=\"robots\" content=\"index, follow, max-snippet:-1, max-image-preview:large, max-video-preview:-1\" \/>\n<link rel=\"canonical\" href=\"https:\/\/www.altercampagne.net\/?p=5034\" \/>\n<meta property=\"og:locale\" content=\"fr_FR\" \/>\n<meta property=\"og:type\" content=\"article\" \/>\n<meta property=\"og:title\" content=\"Radis &amp; Co les 14 et 15 juillet \u00e0 Montflours - AlterTour\" \/>\n<meta property=\"og:description\" content=\"Ici, la compagnie compte autant que les radis ! En 2006, quatre amis r\u00eavant de d\u00e9croissance et d\u2019autogestion se lancent dans un projet de ferme bio collective. Apr\u00e8s une formation agricole commune, ils d\u00e9nichent une Ferme Terre de liens \u00e0 Montflours : c\u2019est parti pour les cultures de c\u00e9r\u00e9ales et ... Read More\" \/>\n<meta property=\"og:url\" content=\"https:\/\/www.altercampagne.net\/?p=5034\" \/>\n<meta property=\"og:site_name\" content=\"AlterTour\" \/>\n<meta property=\"article:published_time\" content=\"2016-05-13T08:00:56+00:00\" \/>\n<meta property=\"article:modified_time\" content=\"2020-04-06T10:32:37+00:00\" \/>\n<meta property=\"og:image\" content=\"https:\/\/www.altercampagne.net\/wp-content\/uploads\/2016\/05\/2016-07-14-Les-radis4.jpg\" \/>\n\t<meta property=\"og:image:width\" content=\"900\" \/>\n\t<meta property=\"og:image:height\" content=\"470\" \/>\n\t<meta property=\"og:image:type\" content=\"image\/jpeg\" \/>\n<meta name=\"author\" content=\"Mathieu\" \/>\n<meta name=\"twitter:card\" content=\"summary_large_image\" \/>\n<meta name=\"twitter:label1\" content=\"\u00c9crit par\" \/>\n\t<meta name=\"twitter:data1\" content=\"Mathieu\" \/>\n\t<meta name=\"twitter:label2\" content=\"Dur\u00e9e de lecture estim\u00e9e\" \/>\n\t<meta name=\"twitter:data2\" content=\"2 minutes\" \/>\n<script type=\"application\/ld+json\" class=\"yoast-schema-graph\">{\"@context\":\"https:\\\/\\\/schema.org\",\"@graph\":[{\"@type\":\"Article\",\"@id\":\"https:\\\/\\\/www.altercampagne.net\\\/?p=5034#article\",\"isPartOf\":{\"@id\":\"https:\\\/\\\/www.altercampagne.net\\\/?p=5034\"},\"author\":{\"name\":\"Mathieu\",\"@id\":\"https:\\\/\\\/www.altercampagne.net\\\/#\\\/schema\\\/person\\\/0f261460c09e430caa0f9bcffa319109\"},\"headline\":\"Radis &#038; Co les 14 et 15 juillet \u00e0 Montflours\",\"datePublished\":\"2016-05-13T08:00:56+00:00\",\"dateModified\":\"2020-04-06T10:32:37+00:00\",\"mainEntityOfPage\":{\"@id\":\"https:\\\/\\\/www.altercampagne.net\\\/?p=5034\"},\"wordCount\":423,\"image\":{\"@id\":\"https:\\\/\\\/www.altercampagne.net\\\/?p=5034#primaryimage\"},\"thumbnailUrl\":\"https:\\\/\\\/www.altercampagne.net\\\/wp-content\\\/uploads\\\/2016\\\/05\\\/2016-07-14-Les-radis4.jpg\",\"keywords\":[\"autogestion\",\"AlterTour 2016\",\"mayenne\",\"terre de liens\",\"gaec radis &amp; co\",\"brasserie associative de montflours\",\"Pays de la Loire\",\"2016\",\"Radis &amp; Co\",\"Radis et compagnie\",\"Brasserie Artisanale de Montflours\",\"BAM\",\"accueillant\",\"accueillant2016\",\"accueillant 2016\",\"AlterTour2016\"],\"articleSection\":[\"Agriculture\",\"\u00c9dition 2016\",\"Pays de la Loire\"],\"inLanguage\":\"fr-FR\"},{\"@type\":\"WebPage\",\"@id\":\"https:\\\/\\\/www.altercampagne.net\\\/?p=5034\",\"url\":\"https:\\\/\\\/www.altercampagne.net\\\/?p=5034\",\"name\":\"Radis & Co les 14 et 15 juillet \u00e0 Montflours - AlterTour\",\"isPartOf\":{\"@id\":\"https:\\\/\\\/www.altercampagne.net\\\/#website\"},\"primaryImageOfPage\":{\"@id\":\"https:\\\/\\\/www.altercampagne.net\\\/?p=5034#primaryimage\"},\"image\":{\"@id\":\"https:\\\/\\\/www.altercampagne.net\\\/?p=5034#primaryimage\"},\"thumbnailUrl\":\"https:\\\/\\\/www.altercampagne.net\\\/wp-content\\\/uploads\\\/2016\\\/05\\\/2016-07-14-Les-radis4.jpg\",\"datePublished\":\"2016-05-13T08:00:56+00:00\",\"dateModified\":\"2020-04-06T10:32:37+00:00\",\"author\":{\"@id\":\"https:\\\/\\\/www.altercampagne.net\\\/#\\\/schema\\\/person\\\/0f261460c09e430caa0f9bcffa319109\"},\"breadcrumb\":{\"@id\":\"https:\\\/\\\/www.altercampagne.net\\\/?p=5034#breadcrumb\"},\"inLanguage\":\"fr-FR\",\"potentialAction\":[{\"@type\":\"ReadAction\",\"target\":[\"https:\\\/\\\/www.altercampagne.net\\\/?p=5034\"]}]},{\"@type\":\"ImageObject\",\"inLanguage\":\"fr-FR\",\"@id\":\"https:\\\/\\\/www.altercampagne.net\\\/?p=5034#primaryimage\",\"url\":\"https:\\\/\\\/www.altercampagne.net\\\/wp-content\\\/uploads\\\/2016\\\/05\\\/2016-07-14-Les-radis4.jpg\",\"contentUrl\":\"https:\\\/\\\/www.altercampagne.net\\\/wp-content\\\/uploads\\\/2016\\\/05\\\/2016-07-14-Les-radis4.jpg\",\"width\":900,\"height\":470},{\"@type\":\"BreadcrumbList\",\"@id\":\"https:\\\/\\\/www.altercampagne.net\\\/?p=5034#breadcrumb\",\"itemListElement\":[{\"@type\":\"ListItem\",\"position\":1,\"name\":\"Accueil\",\"item\":\"https:\\\/\\\/www.altercampagne.net\\\/\"},{\"@type\":\"ListItem\",\"position\":2,\"name\":\"Radis &#038; Co les 14 et 15 juillet \u00e0 Montflours\"}]},{\"@type\":\"WebSite\",\"@id\":\"https:\\\/\\\/www.altercampagne.net\\\/#website\",\"url\":\"https:\\\/\\\/www.altercampagne.net\\\/\",\"name\":\"AlterTour\",\"description\":\"Reliez les Alternatives \u00e0 v\u00e9lo\",\"potentialAction\":[{\"@type\":\"SearchAction\",\"target\":{\"@type\":\"EntryPoint\",\"urlTemplate\":\"https:\\\/\\\/www.altercampagne.net\\\/?s={search_term_string}\"},\"query-input\":{\"@type\":\"PropertyValueSpecification\",\"valueRequired\":true,\"valueName\":\"search_term_string\"}}],\"inLanguage\":\"fr-FR\"},{\"@type\":\"Person\",\"@id\":\"https:\\\/\\\/www.altercampagne.net\\\/#\\\/schema\\\/person\\\/0f261460c09e430caa0f9bcffa319109\",\"name\":\"Mathieu\",\"image\":{\"@type\":\"ImageObject\",\"inLanguage\":\"fr-FR\",\"@id\":\"https:\\\/\\\/secure.gravatar.com\\\/avatar\\\/aa9d3d24c83f2141e5e2709d0f63d09a99f6be6bb7a50abc4915838d9f54501a?s=96&d=mm&r=g\",\"url\":\"https:\\\/\\\/secure.gravatar.com\\\/avatar\\\/aa9d3d24c83f2141e5e2709d0f63d09a99f6be6bb7a50abc4915838d9f54501a?s=96&d=mm&r=g\",\"contentUrl\":\"https:\\\/\\\/secure.gravatar.com\\\/avatar\\\/aa9d3d24c83f2141e5e2709d0f63d09a99f6be6bb7a50abc4915838d9f54501a?s=96&d=mm&r=g\",\"caption\":\"Mathieu\"},\"url\":\"https:\\\/\\\/www.altercampagne.net\\\/?author=214\"}]}<\/script>\n<!-- \/ Yoast SEO plugin. -->","yoast_head_json":{"title":"Radis & Co les 14 et 15 juillet \u00e0 Montflours - AlterTour","robots":{"index":"index","follow":"follow","max-snippet":"max-snippet:-1","max-image-preview":"max-image-preview:large","max-video-preview":"max-video-preview:-1"},"canonical":"https:\/\/www.altercampagne.net\/?p=5034","og_locale":"fr_FR","og_type":"article","og_title":"Radis & Co les 14 et 15 juillet \u00e0 Montflours - AlterTour","og_description":"Ici, la compagnie compte autant que les radis ! En 2006, quatre amis r\u00eavant de d\u00e9croissance et d\u2019autogestion se lancent dans un projet de ferme bio collective. Apr\u00e8s une formation agricole commune, ils d\u00e9nichent une Ferme Terre de liens \u00e0 Montflours : c\u2019est parti pour les cultures de c\u00e9r\u00e9ales et ... Read More","og_url":"https:\/\/www.altercampagne.net\/?p=5034","og_site_name":"AlterTour","article_published_time":"2016-05-13T08:00:56+00:00","article_modified_time":"2020-04-06T10:32:37+00:00","og_image":[{"width":900,"height":470,"url":"https:\/\/www.altercampagne.net\/wp-content\/uploads\/2016\/05\/2016-07-14-Les-radis4.jpg","type":"image\/jpeg"}],"author":"Mathieu","twitter_card":"summary_large_image","twitter_misc":{"\u00c9crit par":"Mathieu","Dur\u00e9e de lecture estim\u00e9e":"2 minutes"},"schema":{"@context":"https:\/\/schema.org","@graph":[{"@type":"Article","@id":"https:\/\/www.altercampagne.net\/?p=5034#article","isPartOf":{"@id":"https:\/\/www.altercampagne.net\/?p=5034"},"author":{"name":"Mathieu","@id":"https:\/\/www.altercampagne.net\/#\/schema\/person\/0f261460c09e430caa0f9bcffa319109"},"headline":"Radis &#038; Co les 14 et 15 juillet \u00e0 Montflours","datePublished":"2016-05-13T08:00:56+00:00","dateModified":"2020-04-06T10:32:37+00:00","mainEntityOfPage":{"@id":"https:\/\/www.altercampagne.net\/?p=5034"},"wordCount":423,"image":{"@id":"https:\/\/www.altercampagne.net\/?p=5034#primaryimage"},"thumbnailUrl":"https:\/\/www.altercampagne.net\/wp-content\/uploads\/2016\/05\/2016-07-14-Les-radis4.jpg","keywords":["autogestion","AlterTour 2016","mayenne","terre de liens","gaec radis &amp; co","brasserie associative de montflours","Pays de la Loire","2016","Radis &amp; Co","Radis et compagnie","Brasserie Artisanale de Montflours","BAM","accueillant","accueillant2016","accueillant 2016","AlterTour2016"],"articleSection":["Agriculture","\u00c9dition 2016","Pays de la Loire"],"inLanguage":"fr-FR"},{"@type":"WebPage","@id":"https:\/\/www.altercampagne.net\/?p=5034","url":"https:\/\/www.altercampagne.net\/?p=5034","name":"Radis & Co les 14 et 15 juillet \u00e0 Montflours - AlterTour","isPartOf":{"@id":"https:\/\/www.altercampagne.net\/#website"},"primaryImageOfPage":{"@id":"https:\/\/www.altercampagne.net\/?p=5034#primaryimage"},"image":{"@id":"https:\/\/www.altercampagne.net\/?p=5034#primaryimage"},"thumbnailUrl":"https:\/\/www.altercampagne.net\/wp-content\/uploads\/2016\/05\/2016-07-14-Les-radis4.jpg","datePublished":"2016-05-13T08:00:56+00:00","dateModified":"2020-04-06T10:32:37+00:00","author":{"@id":"https:\/\/www.altercampagne.net\/#\/schema\/person\/0f261460c09e430caa0f9bcffa319109"},"breadcrumb":{"@id":"https:\/\/www.altercampagne.net\/?p=5034#breadcrumb"},"inLanguage":"fr-FR","potentialAction":[{"@type":"ReadAction","target":["https:\/\/www.altercampagne.net\/?p=5034"]}]},{"@type":"ImageObject","inLanguage":"fr-FR","@id":"https:\/\/www.altercampagne.net\/?p=5034#primaryimage","url":"https:\/\/www.altercampagne.net\/wp-content\/uploads\/2016\/05\/2016-07-14-Les-radis4.jpg","contentUrl":"https:\/\/www.altercampagne.net\/wp-content\/uploads\/2016\/05\/2016-07-14-Les-radis4.jpg","width":900,"height":470},{"@type":"BreadcrumbList","@id":"https:\/\/www.altercampagne.net\/?p=5034#breadcrumb","itemListElement":[{"@type":"ListItem","position":1,"name":"Accueil","item":"https:\/\/www.altercampagne.net\/"},{"@type":"ListItem","position":2,"name":"Radis &#038; Co les 14 et 15 juillet \u00e0 Montflours"}]},{"@type":"WebSite","@id":"https:\/\/www.altercampagne.net\/#website","url":"https:\/\/www.altercampagne.net\/","name":"AlterTour","description":"Reliez les Alternatives \u00e0 v\u00e9lo","potentialAction":[{"@type":"SearchAction","target":{"@type":"EntryPoint","urlTemplate":"https:\/\/www.altercampagne.net\/?s={search_term_string}"},"query-input":{"@type":"PropertyValueSpecification","valueRequired":true,"valueName":"search_term_string"}}],"inLanguage":"fr-FR"},{"@type":"Person","@id":"https:\/\/www.altercampagne.net\/#\/schema\/person\/0f261460c09e430caa0f9bcffa319109","name":"Mathieu","image":{"@type":"ImageObject","inLanguage":"fr-FR","@id":"https:\/\/secure.gravatar.com\/avatar\/aa9d3d24c83f2141e5e2709d0f63d09a99f6be6bb7a50abc4915838d9f54501a?s=96&d=mm&r=g","url":"https:\/\/secure.gravatar.com\/avatar\/aa9d3d24c83f2141e5e2709d0f63d09a99f6be6bb7a50abc4915838d9f54501a?s=96&d=mm&r=g","contentUrl":"https:\/\/secure.gravatar.com\/avatar\/aa9d3d24c83f2141e5e2709d0f63d09a99f6be6bb7a50abc4915838d9f54501a?s=96&d=mm&r=g","caption":"Mathieu"},"url":"https:\/\/www.altercampagne.net\/?author=214"}]}},"_links":{"self":[{"href":"https:\/\/www.altercampagne.net\/index.php?rest_route=\/wp\/v2\/posts\/5034","targetHints":{"allow":["GET"]}}],"collection":[{"href":"https:\/\/www.altercampagne.net\/index.php?rest_route=\/wp\/v2\/posts"}],"about":[{"href":"https:\/\/www.altercampagne.net\/index.php?rest_route=\/wp\/v2\/types\/post"}],"author":[{"embeddable":true,"href":"https:\/\/www.altercampagne.net\/index.php?rest_route=\/wp\/v2\/users\/214"}],"replies":[{"embeddable":true,"href":"https:\/\/www.altercampagne.net\/index.php?rest_route=%2Fwp%2Fv2%2Fcomments&post=5034"}],"version-history":[{"count":1,"href":"https:\/\/www.altercampagne.net\/index.php?rest_route=\/wp\/v2\/posts\/5034\/revisions"}],"predecessor-version":[{"id":18001,"href":"https:\/\/www.altercampagne.net\/index.php?rest_route=\/wp\/v2\/posts\/5034\/revisions\/18001"}],"wp:featuredmedia":[{"embeddable":true,"href":"https:\/\/www.altercampagne.net\/index.php?rest_route=\/wp\/v2\/media\/15413"}],"wp:attachment":[{"href":"https:\/\/www.altercampagne.net\/index.php?rest_route=%2Fwp%2Fv2%2Fmedia&parent=5034"}],"wp:term":[{"taxonomy":"category","embeddable":true,"href":"https:\/\/www.altercampagne.net\/index.php?rest_route=%2Fwp%2Fv2%2Fcategories&post=5034"},{"taxonomy":"post_tag","embeddable":true,"href":"https:\/\/www.altercampagne.net\/index.php?rest_route=%2Fwp%2Fv2%2Ftags&post=5034"}],"curies":[{"name":"wp","href":"https:\/\/api.w.org\/{rel}","templated":true}]}}