{"id":5039,"date":"2016-05-16T08:48:59","date_gmt":"2016-05-16T06:48:59","guid":{"rendered":"http:\/\/www.altercampagne.net\/?p=5039"},"modified":"2019-09-13T14:44:50","modified_gmt":"2019-09-13T12:44:50","slug":"lepicerie-cooperative-de-fontaine-daniel-le-16-juillet-a-fontaine-daniel","status":"publish","type":"post","link":"https:\/\/www.altercampagne.net\/?p=5039","title":{"rendered":"L&rsquo;\u00c9picerie Coop\u00e9rative de Fontaine-Daniel le 16 juillet"},"content":{"rendered":"<p style=\"text-align: justify;\"><a href=\"http:\/\/www.altercampagne.net\/wp-content\/uploads\/2016\/05\/2016-07-16_Epicerie-Fontaine-Daniel.jpg\"><img loading=\"lazy\" decoding=\"async\" class=\" size-medium wp-image-4893 alignright\" src=\"http:\/\/www.altercampagne.net\/wp-content\/uploads\/2016\/05\/2016-07-16_Epicerie-Fontaine-Daniel-300x219.jpg\" alt=\"Epicerie de Fontaine-Daniel\" width=\"300\" height=\"219\" srcset=\"https:\/\/www.altercampagne.net\/wp-content\/uploads\/2016\/05\/2016-07-16_Epicerie-Fontaine-Daniel-300x219.jpg 300w, https:\/\/www.altercampagne.net\/wp-content\/uploads\/2016\/05\/2016-07-16_Epicerie-Fontaine-Daniel.jpg 686w\" sizes=\"auto, (max-width: 300px) 100vw, 300px\" \/><\/a>Nich\u00e9e au sein d\u2019un village cistercien, l\u2019<a href=\"http:\/\/www.lepicerie.org\/\" target=\"_blank\" rel=\"noopener noreferrer\">\u00c9picerie sociale de Fontaine-Daniel<\/a> fonctionne depuis mai 2015. Ce lieu p\u00e9rennise la <a href=\"http:\/\/www.fetedelaterre.fr\/\" target=\"_blank\" rel=\"noopener noreferrer\">F\u00eate de la Terre<\/a>, \u00e9v\u00e9nement annuel ax\u00e9 sur la protection de l\u2019environnement. Pour donner vie \u00e0 cette f\u00eate tout au long de l\u2019ann\u00e9e, un d\u00e9sir commun \u00e9merge : doter le village d\u2019une \u00e9picerie, lieu de vie permettant de valoriser les producteurs et les savoirs locaux. \u00c9lise, aujourd\u2019hui g\u00e9rante-salari\u00e9e de cette coop\u00e9rative forte de 40 contributeurEs, a suivi une formation de cr\u00e9atrice d\u2019entreprise. Elle y travaille avec Francis et tous deux b\u00e9n\u00e9ficient du soutien d\u2019une dizaine de b\u00e9n\u00e9voles. Outre la vente de produits locaux majoritairement bio, l\u2019\u00e9choppe propose de nombreuses activit\u00e9s : un bistroquetlibrairie, un salon de th\u00e9, des rencontres litt\u00e9raires et des concerts. ChacunE peut y transmettre son savoir, sa passion au travers d\u2019ateliers. Et depuis mars, une bi\u00e8re artisanale faite maison rafra\u00eechit les gosiers et les moments de partage !<\/p>\n<p><strong>\u00ab Ce commerce appartient \u00e0 tout le monde \u00bb<\/strong><\/p>\n<p style=\"text-align: justify;\">\u00ab Nous, on a con\u00e7u ce lieu comme un espace de vie, pour que les gens se sentent comme \u00e0 la maison. On l\u2019a mont\u00e9 en coop\u00e9rative, en lien avec les collectivit\u00e9s, pour que les habitants s\u2019accaparent le lieu. Ce commerce appartient \u00e0 tout le monde. Toute personne qui souhaite partager un savoir, quelque chose, peut le faire. Un \u00e9crivain peut venir d\u00e9battre de son livre, des gens viennent participer \u00e0 un atelier couture, d\u2019autres apprennent l\u2019art des plantes s\u00e9ch\u00e9es, ou tout simplement passent boire un verre et \u00e9coutent de la musique. C\u2019est avant tout un lieu de vie. \u00c7a se traduit aussi dans les partenariats que l\u2019on met en place, sans \u00e9change financier. \u00bb<\/p>\n<p style=\"text-align: right;\"><strong>\u00c9lise, g\u00e9rante-salari\u00e9e<\/strong><\/p>\n<p>Extrait du Recueil des Alternatives de l\u2019AlterTour 2016, disponible dans le num\u00e9ro de juin de la <a title=\"Revue Silence\" href=\"http:\/\/www.revuesilence.net\/\" target=\"_blank\" rel=\"noopener noreferrer\">Revue Silence<\/a>.<\/p>\n<p>L\u2019\u00c9picerie Coop\u00e9rative accueillera l\u2019AlterTour le 16 juillet 2016 \u00e0 Fontaine-Daniel. D\u00e9tail de l&rsquo;\u00e9tape : <a href=\"http:\/\/www.altercampagne.net\/?page_id=172&amp;route=59\">ici<\/a><\/p>\n","protected":false},"excerpt":{"rendered":"<p>Nich\u00e9e au sein d\u2019un village cistercien, l\u2019\u00c9picerie sociale de Fontaine-Daniel fonctionne depuis mai 2015. Ce lieu p\u00e9rennise la F\u00eate de la Terre, \u00e9v\u00e9nement annuel ax\u00e9 sur la protection de l\u2019environnement. Pour donner vie \u00e0 cette f\u00eate tout au long de l\u2019ann\u00e9e, un d\u00e9sir commun \u00e9merge : doter le village d\u2019une &#8230; <\/p>\n<div><a href=\"https:\/\/www.altercampagne.net\/?p=5039\" class=\"more-link\">Read More<\/a><\/div>\n","protected":false},"author":214,"featured_media":15415,"comment_status":"closed","ping_status":"closed","sticky":false,"template":"","format":"standard","meta":{"footnotes":""},"categories":[3489,3484,3459,3481],"tags":[13,383,416,474,493,521,822,894,1652,2387,2388,2389,2846,2849,2850,2851],"class_list":["post-5039","post","type-post","status-publish","format-standard","has-post-thumbnail","hentry","category-alimentation","category-economie","category-edition-2016","category-pays-de-la-loire","tag-revue-silence","tag-altertour-2016","tag-mayenne","tag-bien-commun","tag-epicerie-cooperative-de-fontaine-daniel","tag-bien-vivre","tag-biens-communs","tag-pays-de-la-loire","tag-1652","tag-fontaine-daniel","tag-fete-de-la-terre","tag-epicerie-sociale","tag-accueillant","tag-accueillant2016","tag-accueillant-2016","tag-altertour2016"],"yoast_head":"<!-- This site is optimized with the Yoast SEO plugin v27.3 - https:\/\/yoast.com\/product\/yoast-seo-wordpress\/ -->\n<title>L&#039;\u00c9picerie Coop\u00e9rative de Fontaine-Daniel le 16 juillet - AlterTour<\/title>\n<meta name=\"robots\" content=\"index, follow, max-snippet:-1, max-image-preview:large, max-video-preview:-1\" \/>\n<link rel=\"canonical\" href=\"https:\/\/www.altercampagne.net\/?p=5039\" \/>\n<meta property=\"og:locale\" content=\"fr_FR\" \/>\n<meta property=\"og:type\" content=\"article\" \/>\n<meta property=\"og:title\" content=\"L&#039;\u00c9picerie Coop\u00e9rative de Fontaine-Daniel le 16 juillet - AlterTour\" \/>\n<meta property=\"og:description\" content=\"Nich\u00e9e au sein d\u2019un village cistercien, l\u2019\u00c9picerie sociale de Fontaine-Daniel fonctionne depuis mai 2015. Ce lieu p\u00e9rennise la F\u00eate de la Terre, \u00e9v\u00e9nement annuel ax\u00e9 sur la protection de l\u2019environnement. Pour donner vie \u00e0 cette f\u00eate tout au long de l\u2019ann\u00e9e, un d\u00e9sir commun \u00e9merge : doter le village d\u2019une ... Read More\" \/>\n<meta property=\"og:url\" content=\"https:\/\/www.altercampagne.net\/?p=5039\" \/>\n<meta property=\"og:site_name\" content=\"AlterTour\" \/>\n<meta property=\"article:published_time\" content=\"2016-05-16T06:48:59+00:00\" \/>\n<meta property=\"article:modified_time\" content=\"2019-09-13T12:44:50+00:00\" \/>\n<meta property=\"og:image\" content=\"https:\/\/www.altercampagne.net\/wp-content\/uploads\/2016\/05\/2016-05-16-56119610_790589827971475_2107986995601997824_n.jpg\" \/>\n\t<meta property=\"og:image:width\" content=\"640\" \/>\n\t<meta property=\"og:image:height\" content=\"334\" \/>\n\t<meta property=\"og:image:type\" content=\"image\/jpeg\" \/>\n<meta name=\"author\" content=\"Mathieu\" \/>\n<meta name=\"twitter:card\" content=\"summary_large_image\" \/>\n<meta name=\"twitter:label1\" content=\"\u00c9crit par\" \/>\n\t<meta name=\"twitter:data1\" content=\"Mathieu\" \/>\n\t<meta name=\"twitter:label2\" content=\"Dur\u00e9e de lecture estim\u00e9e\" \/>\n\t<meta name=\"twitter:data2\" content=\"2 minutes\" \/>\n<script type=\"application\/ld+json\" class=\"yoast-schema-graph\">{\"@context\":\"https:\\\/\\\/schema.org\",\"@graph\":[{\"@type\":\"Article\",\"@id\":\"https:\\\/\\\/www.altercampagne.net\\\/?p=5039#article\",\"isPartOf\":{\"@id\":\"https:\\\/\\\/www.altercampagne.net\\\/?p=5039\"},\"author\":{\"name\":\"Mathieu\",\"@id\":\"https:\\\/\\\/www.altercampagne.net\\\/#\\\/schema\\\/person\\\/0f261460c09e430caa0f9bcffa319109\"},\"headline\":\"L&rsquo;\u00c9picerie Coop\u00e9rative de Fontaine-Daniel le 16 juillet\",\"datePublished\":\"2016-05-16T06:48:59+00:00\",\"dateModified\":\"2019-09-13T12:44:50+00:00\",\"mainEntityOfPage\":{\"@id\":\"https:\\\/\\\/www.altercampagne.net\\\/?p=5039\"},\"wordCount\":347,\"image\":{\"@id\":\"https:\\\/\\\/www.altercampagne.net\\\/?p=5039#primaryimage\"},\"thumbnailUrl\":\"https:\\\/\\\/www.altercampagne.net\\\/wp-content\\\/uploads\\\/2016\\\/05\\\/2016-05-16-56119610_790589827971475_2107986995601997824_n.jpg\",\"keywords\":[\"revue Silence\",\"AlterTour 2016\",\"mayenne\",\"bien commun\",\"\u00e9picerie coop\u00e9rative de fontaine daniel\",\"bien vivre\",\"biens communs\",\"Pays de la Loire\",\"2016\",\"Fontaine-Daniel\",\"F\u00eate de la Terre\",\"Epicerie sociale\",\"accueillant\",\"accueillant2016\",\"accueillant 2016\",\"AlterTour2016\"],\"articleSection\":[\"Alimentation\",\"\u00c9conomie\",\"\u00c9dition 2016\",\"Pays de la Loire\"],\"inLanguage\":\"fr-FR\"},{\"@type\":\"WebPage\",\"@id\":\"https:\\\/\\\/www.altercampagne.net\\\/?p=5039\",\"url\":\"https:\\\/\\\/www.altercampagne.net\\\/?p=5039\",\"name\":\"L'\u00c9picerie Coop\u00e9rative de Fontaine-Daniel le 16 juillet - AlterTour\",\"isPartOf\":{\"@id\":\"https:\\\/\\\/www.altercampagne.net\\\/#website\"},\"primaryImageOfPage\":{\"@id\":\"https:\\\/\\\/www.altercampagne.net\\\/?p=5039#primaryimage\"},\"image\":{\"@id\":\"https:\\\/\\\/www.altercampagne.net\\\/?p=5039#primaryimage\"},\"thumbnailUrl\":\"https:\\\/\\\/www.altercampagne.net\\\/wp-content\\\/uploads\\\/2016\\\/05\\\/2016-05-16-56119610_790589827971475_2107986995601997824_n.jpg\",\"datePublished\":\"2016-05-16T06:48:59+00:00\",\"dateModified\":\"2019-09-13T12:44:50+00:00\",\"author\":{\"@id\":\"https:\\\/\\\/www.altercampagne.net\\\/#\\\/schema\\\/person\\\/0f261460c09e430caa0f9bcffa319109\"},\"breadcrumb\":{\"@id\":\"https:\\\/\\\/www.altercampagne.net\\\/?p=5039#breadcrumb\"},\"inLanguage\":\"fr-FR\",\"potentialAction\":[{\"@type\":\"ReadAction\",\"target\":[\"https:\\\/\\\/www.altercampagne.net\\\/?p=5039\"]}]},{\"@type\":\"ImageObject\",\"inLanguage\":\"fr-FR\",\"@id\":\"https:\\\/\\\/www.altercampagne.net\\\/?p=5039#primaryimage\",\"url\":\"https:\\\/\\\/www.altercampagne.net\\\/wp-content\\\/uploads\\\/2016\\\/05\\\/2016-05-16-56119610_790589827971475_2107986995601997824_n.jpg\",\"contentUrl\":\"https:\\\/\\\/www.altercampagne.net\\\/wp-content\\\/uploads\\\/2016\\\/05\\\/2016-05-16-56119610_790589827971475_2107986995601997824_n.jpg\",\"width\":640,\"height\":334},{\"@type\":\"BreadcrumbList\",\"@id\":\"https:\\\/\\\/www.altercampagne.net\\\/?p=5039#breadcrumb\",\"itemListElement\":[{\"@type\":\"ListItem\",\"position\":1,\"name\":\"Accueil\",\"item\":\"https:\\\/\\\/www.altercampagne.net\\\/\"},{\"@type\":\"ListItem\",\"position\":2,\"name\":\"L&rsquo;\u00c9picerie Coop\u00e9rative de Fontaine-Daniel le 16 juillet\"}]},{\"@type\":\"WebSite\",\"@id\":\"https:\\\/\\\/www.altercampagne.net\\\/#website\",\"url\":\"https:\\\/\\\/www.altercampagne.net\\\/\",\"name\":\"AlterTour\",\"description\":\"Reliez les Alternatives \u00e0 v\u00e9lo\",\"potentialAction\":[{\"@type\":\"SearchAction\",\"target\":{\"@type\":\"EntryPoint\",\"urlTemplate\":\"https:\\\/\\\/www.altercampagne.net\\\/?s={search_term_string}\"},\"query-input\":{\"@type\":\"PropertyValueSpecification\",\"valueRequired\":true,\"valueName\":\"search_term_string\"}}],\"inLanguage\":\"fr-FR\"},{\"@type\":\"Person\",\"@id\":\"https:\\\/\\\/www.altercampagne.net\\\/#\\\/schema\\\/person\\\/0f261460c09e430caa0f9bcffa319109\",\"name\":\"Mathieu\",\"image\":{\"@type\":\"ImageObject\",\"inLanguage\":\"fr-FR\",\"@id\":\"https:\\\/\\\/secure.gravatar.com\\\/avatar\\\/aa9d3d24c83f2141e5e2709d0f63d09a99f6be6bb7a50abc4915838d9f54501a?s=96&d=mm&r=g\",\"url\":\"https:\\\/\\\/secure.gravatar.com\\\/avatar\\\/aa9d3d24c83f2141e5e2709d0f63d09a99f6be6bb7a50abc4915838d9f54501a?s=96&d=mm&r=g\",\"contentUrl\":\"https:\\\/\\\/secure.gravatar.com\\\/avatar\\\/aa9d3d24c83f2141e5e2709d0f63d09a99f6be6bb7a50abc4915838d9f54501a?s=96&d=mm&r=g\",\"caption\":\"Mathieu\"},\"url\":\"https:\\\/\\\/www.altercampagne.net\\\/?author=214\"}]}<\/script>\n<!-- \/ Yoast SEO plugin. -->","yoast_head_json":{"title":"L'\u00c9picerie Coop\u00e9rative de Fontaine-Daniel le 16 juillet - AlterTour","robots":{"index":"index","follow":"follow","max-snippet":"max-snippet:-1","max-image-preview":"max-image-preview:large","max-video-preview":"max-video-preview:-1"},"canonical":"https:\/\/www.altercampagne.net\/?p=5039","og_locale":"fr_FR","og_type":"article","og_title":"L'\u00c9picerie Coop\u00e9rative de Fontaine-Daniel le 16 juillet - AlterTour","og_description":"Nich\u00e9e au sein d\u2019un village cistercien, l\u2019\u00c9picerie sociale de Fontaine-Daniel fonctionne depuis mai 2015. Ce lieu p\u00e9rennise la F\u00eate de la Terre, \u00e9v\u00e9nement annuel ax\u00e9 sur la protection de l\u2019environnement. Pour donner vie \u00e0 cette f\u00eate tout au long de l\u2019ann\u00e9e, un d\u00e9sir commun \u00e9merge : doter le village d\u2019une ... Read More","og_url":"https:\/\/www.altercampagne.net\/?p=5039","og_site_name":"AlterTour","article_published_time":"2016-05-16T06:48:59+00:00","article_modified_time":"2019-09-13T12:44:50+00:00","og_image":[{"width":640,"height":334,"url":"https:\/\/www.altercampagne.net\/wp-content\/uploads\/2016\/05\/2016-05-16-56119610_790589827971475_2107986995601997824_n.jpg","type":"image\/jpeg"}],"author":"Mathieu","twitter_card":"summary_large_image","twitter_misc":{"\u00c9crit par":"Mathieu","Dur\u00e9e de lecture estim\u00e9e":"2 minutes"},"schema":{"@context":"https:\/\/schema.org","@graph":[{"@type":"Article","@id":"https:\/\/www.altercampagne.net\/?p=5039#article","isPartOf":{"@id":"https:\/\/www.altercampagne.net\/?p=5039"},"author":{"name":"Mathieu","@id":"https:\/\/www.altercampagne.net\/#\/schema\/person\/0f261460c09e430caa0f9bcffa319109"},"headline":"L&rsquo;\u00c9picerie Coop\u00e9rative de Fontaine-Daniel le 16 juillet","datePublished":"2016-05-16T06:48:59+00:00","dateModified":"2019-09-13T12:44:50+00:00","mainEntityOfPage":{"@id":"https:\/\/www.altercampagne.net\/?p=5039"},"wordCount":347,"image":{"@id":"https:\/\/www.altercampagne.net\/?p=5039#primaryimage"},"thumbnailUrl":"https:\/\/www.altercampagne.net\/wp-content\/uploads\/2016\/05\/2016-05-16-56119610_790589827971475_2107986995601997824_n.jpg","keywords":["revue Silence","AlterTour 2016","mayenne","bien commun","\u00e9picerie coop\u00e9rative de fontaine daniel","bien vivre","biens communs","Pays de la Loire","2016","Fontaine-Daniel","F\u00eate de la Terre","Epicerie sociale","accueillant","accueillant2016","accueillant 2016","AlterTour2016"],"articleSection":["Alimentation","\u00c9conomie","\u00c9dition 2016","Pays de la Loire"],"inLanguage":"fr-FR"},{"@type":"WebPage","@id":"https:\/\/www.altercampagne.net\/?p=5039","url":"https:\/\/www.altercampagne.net\/?p=5039","name":"L'\u00c9picerie Coop\u00e9rative de Fontaine-Daniel le 16 juillet - AlterTour","isPartOf":{"@id":"https:\/\/www.altercampagne.net\/#website"},"primaryImageOfPage":{"@id":"https:\/\/www.altercampagne.net\/?p=5039#primaryimage"},"image":{"@id":"https:\/\/www.altercampagne.net\/?p=5039#primaryimage"},"thumbnailUrl":"https:\/\/www.altercampagne.net\/wp-content\/uploads\/2016\/05\/2016-05-16-56119610_790589827971475_2107986995601997824_n.jpg","datePublished":"2016-05-16T06:48:59+00:00","dateModified":"2019-09-13T12:44:50+00:00","author":{"@id":"https:\/\/www.altercampagne.net\/#\/schema\/person\/0f261460c09e430caa0f9bcffa319109"},"breadcrumb":{"@id":"https:\/\/www.altercampagne.net\/?p=5039#breadcrumb"},"inLanguage":"fr-FR","potentialAction":[{"@type":"ReadAction","target":["https:\/\/www.altercampagne.net\/?p=5039"]}]},{"@type":"ImageObject","inLanguage":"fr-FR","@id":"https:\/\/www.altercampagne.net\/?p=5039#primaryimage","url":"https:\/\/www.altercampagne.net\/wp-content\/uploads\/2016\/05\/2016-05-16-56119610_790589827971475_2107986995601997824_n.jpg","contentUrl":"https:\/\/www.altercampagne.net\/wp-content\/uploads\/2016\/05\/2016-05-16-56119610_790589827971475_2107986995601997824_n.jpg","width":640,"height":334},{"@type":"BreadcrumbList","@id":"https:\/\/www.altercampagne.net\/?p=5039#breadcrumb","itemListElement":[{"@type":"ListItem","position":1,"name":"Accueil","item":"https:\/\/www.altercampagne.net\/"},{"@type":"ListItem","position":2,"name":"L&rsquo;\u00c9picerie Coop\u00e9rative de Fontaine-Daniel le 16 juillet"}]},{"@type":"WebSite","@id":"https:\/\/www.altercampagne.net\/#website","url":"https:\/\/www.altercampagne.net\/","name":"AlterTour","description":"Reliez les Alternatives \u00e0 v\u00e9lo","potentialAction":[{"@type":"SearchAction","target":{"@type":"EntryPoint","urlTemplate":"https:\/\/www.altercampagne.net\/?s={search_term_string}"},"query-input":{"@type":"PropertyValueSpecification","valueRequired":true,"valueName":"search_term_string"}}],"inLanguage":"fr-FR"},{"@type":"Person","@id":"https:\/\/www.altercampagne.net\/#\/schema\/person\/0f261460c09e430caa0f9bcffa319109","name":"Mathieu","image":{"@type":"ImageObject","inLanguage":"fr-FR","@id":"https:\/\/secure.gravatar.com\/avatar\/aa9d3d24c83f2141e5e2709d0f63d09a99f6be6bb7a50abc4915838d9f54501a?s=96&d=mm&r=g","url":"https:\/\/secure.gravatar.com\/avatar\/aa9d3d24c83f2141e5e2709d0f63d09a99f6be6bb7a50abc4915838d9f54501a?s=96&d=mm&r=g","contentUrl":"https:\/\/secure.gravatar.com\/avatar\/aa9d3d24c83f2141e5e2709d0f63d09a99f6be6bb7a50abc4915838d9f54501a?s=96&d=mm&r=g","caption":"Mathieu"},"url":"https:\/\/www.altercampagne.net\/?author=214"}]}},"_links":{"self":[{"href":"https:\/\/www.altercampagne.net\/index.php?rest_route=\/wp\/v2\/posts\/5039","targetHints":{"allow":["GET"]}}],"collection":[{"href":"https:\/\/www.altercampagne.net\/index.php?rest_route=\/wp\/v2\/posts"}],"about":[{"href":"https:\/\/www.altercampagne.net\/index.php?rest_route=\/wp\/v2\/types\/post"}],"author":[{"embeddable":true,"href":"https:\/\/www.altercampagne.net\/index.php?rest_route=\/wp\/v2\/users\/214"}],"replies":[{"embeddable":true,"href":"https:\/\/www.altercampagne.net\/index.php?rest_route=%2Fwp%2Fv2%2Fcomments&post=5039"}],"version-history":[{"count":0,"href":"https:\/\/www.altercampagne.net\/index.php?rest_route=\/wp\/v2\/posts\/5039\/revisions"}],"wp:featuredmedia":[{"embeddable":true,"href":"https:\/\/www.altercampagne.net\/index.php?rest_route=\/wp\/v2\/media\/15415"}],"wp:attachment":[{"href":"https:\/\/www.altercampagne.net\/index.php?rest_route=%2Fwp%2Fv2%2Fmedia&parent=5039"}],"wp:term":[{"taxonomy":"category","embeddable":true,"href":"https:\/\/www.altercampagne.net\/index.php?rest_route=%2Fwp%2Fv2%2Fcategories&post=5039"},{"taxonomy":"post_tag","embeddable":true,"href":"https:\/\/www.altercampagne.net\/index.php?rest_route=%2Fwp%2Fv2%2Ftags&post=5039"}],"curies":[{"name":"wp","href":"https:\/\/api.w.org\/{rel}","templated":true}]}}