{"id":5044,"date":"2016-05-18T09:10:36","date_gmt":"2016-05-18T07:10:36","guid":{"rendered":"http:\/\/www.altercampagne.net\/?p=5044"},"modified":"2019-09-13T14:48:44","modified_gmt":"2019-09-13T12:48:44","slug":"reepf-le-18-juillet-a-fougeres","status":"publish","type":"post","link":"https:\/\/www.altercampagne.net\/?p=5044","title":{"rendered":"Le REEPF le 18 juillet \u00e0 Foug\u00e8res"},"content":{"rendered":"<p style=\"text-align: justify;\"><a href=\"http:\/\/www.altercampagne.net\/wp-content\/uploads\/2016\/05\/2016-07-18_REEPF.jpg\"><img loading=\"lazy\" decoding=\"async\" class=\" size-medium wp-image-4892 alignleft\" src=\"http:\/\/www.altercampagne.net\/wp-content\/uploads\/2016\/05\/2016-07-18_REEPF-300x219.jpg\" alt=\"REEPF\" width=\"300\" height=\"219\" srcset=\"https:\/\/www.altercampagne.net\/wp-content\/uploads\/2016\/05\/2016-07-18_REEPF-300x219.jpg 300w, https:\/\/www.altercampagne.net\/wp-content\/uploads\/2016\/05\/2016-07-18_REEPF.jpg 686w\" sizes=\"auto, (max-width: 300px) 100vw, 300px\" \/><\/a>Ils avaient envie de f\u00e9d\u00e9rer, de travailler en r\u00e9seau, pour \u00eatre plus lisibles, plus efficients dans leurs investissements. En compl\u00e9mentarit\u00e9 plut\u00f4t qu\u2019en concurrence. Alors ils l\u2019ont fait et en 2007, le <a href=\"http:\/\/www.reeb.asso.fr\/spip.php?page=article&amp;id_article=12\">REEPF<\/a> est n\u00e9. R\u00e9seaux institutionnels ou associatifs, acteurs touristiques, agricoles, sociaux, du patrimoine, de l\u2019enseignement ou de l\u2019\u00e9conomie sociale et solidaire, tous sillonnent le Pays de Foug\u00e8res, par exemple avec la caravane Main Verte. 400 sorties en 6 ans : les d\u00e9chets, l\u2019eau, les pesticides, la biodiversit\u00e9, autant de sujets qui voyagent de quartiers en villages, d\u2019\u00e9coles en lyc\u00e9es, de jardins potagers en parcs publics\u2026 L\u2019\u00e9ducation alimentaire et les circuits courts ne passent pas au travers des mailles du filet de patates bio. Malgr\u00e9 le manque de soutien politique, le REEPF vise aujourd\u2019hui sa p\u00e9rennisation au service du territoire et ses acteurs. Ce serait l\u2019aboutissement d\u2019un travail collectif d\u2019initiatives citoyennes pour le \u00ab Mieux vivre en pays de Foug\u00e8res \u00bb. Autant pour ses habitants que pour ses visiteurs.<\/p>\n<p><strong>\u00ab Pour qu\u2019elles puissent dire : Ils n\u2019ont pas tout saccag\u00e9. \u00bb<\/strong><\/p>\n<p style=\"text-align: justify;\">\u00ab L\u2019action REEPF rend le territoire p\u00e9renne. Quand on travaille sur la qualit\u00e9 de l\u2019eau et des rivi\u00e8res, ou de la sant\u00e9 du bocage au travers de l\u2019agriculture, chacun construit le patrimoine qu\u2019il va laisser. Bien vivre, ce n\u2019est pas chercher une utopie, mais plut\u00f4t construire un territoire qui a du sens. Que l\u2019on soit \u00e9ducateur, b\u00e9n\u00e9vole, technicien ou \u00e9lu, on tente de contribuer \u00e0 le b\u00e2tir vivable et transmissible pour les g\u00e9n\u00e9rations futures pour qu\u2019elles puissent dire : \u00ab Ils n\u2019ont pas tout saccag\u00e9. \u00bb. Pour le passage de l\u2019AlterTour, des membres du REEPF, de Familles Actives, de la Passiflore, de l\u2019AMAP, de Calendula ou de l\u2019Auberge de Chauvign\u00e9\u2026 viendront t\u00e9moigner de leurs exp\u00e9riences ax\u00e9es sur les Biens Communs. Du compostage collectif en pied d\u2019immeuble aux ambassadeurs du climat, en passant par l\u2019\u00e9change de boutures et de savoirs, chacun va venir expliquer sa fa\u00e7on de \u00ab transmettre \u00e0 l\u2019autre \u00bb. Tout comme le fait l\u2019AMAP en c\u00e9dant ses surplus \u00e0 l\u2019\u00e9picerie solidaire locale. \u00bb<\/p>\n<p style=\"text-align: right;\"><strong>Ludo, animateur de Familles Actives, au Centre Social et pour le REEPF<\/strong><\/p>\n<p>Extrait du Recueil des Alternatives de l\u2019AlterTour 2016, disponible dans le num\u00e9ro de juin de la <a title=\"Revue Silence\" href=\"http:\/\/www.revuesilence.net\/\" target=\"_blank\" rel=\"noopener noreferrer\">Revue Silence.<\/a><\/p>\n<p>REEPF accueillera l\u2019AlterTour le 18 juillet 2016 \u00e0 Foug\u00e8res. D\u00e9tail de l&rsquo;\u00e9tape : <a href=\"http:\/\/www.altercampagne.net\/?page_id=172&amp;route=61\">ici<\/a><\/p>\n<p>&nbsp;<\/p>\n","protected":false},"excerpt":{"rendered":"<p>Ils avaient envie de f\u00e9d\u00e9rer, de travailler en r\u00e9seau, pour \u00eatre plus lisibles, plus efficients dans leurs investissements. En compl\u00e9mentarit\u00e9 plut\u00f4t qu\u2019en concurrence. Alors ils l\u2019ont fait et en 2007, le REEPF est n\u00e9. R\u00e9seaux institutionnels ou associatifs, acteurs touristiques, agricoles, sociaux, du patrimoine, de l\u2019enseignement ou de l\u2019\u00e9conomie sociale &#8230; <\/p>\n<div><a href=\"https:\/\/www.altercampagne.net\/?p=5044\" class=\"more-link\">Read More<\/a><\/div>\n","protected":false},"author":214,"featured_media":15417,"comment_status":"closed","ping_status":"closed","sticky":false,"template":"","format":"standard","meta":{"footnotes":""},"categories":[3472,3486,3459,3540],"tags":[13,20,383,413,474,521,822,1652,2390,2391,2392,2846,2849,2850,2851],"class_list":["post-5044","post","type-post","status-publish","format-standard","has-post-thumbnail","hentry","category-bretagne","category-environnement","category-edition-2016","category-transverse","tag-revue-silence","tag-bretagne","tag-altertour-2016","tag-ille-et-vilaine","tag-bien-commun","tag-bien-vivre","tag-biens-communs","tag-1652","tag-reepf","tag-reseau-deducation-a-lenvironnement-du-pays-de-fougeres","tag-fougeres","tag-accueillant","tag-accueillant2016","tag-accueillant-2016","tag-altertour2016"],"yoast_head":"<!-- This site is optimized with the Yoast SEO plugin v27.3 - https:\/\/yoast.com\/product\/yoast-seo-wordpress\/ -->\n<title>Le REEPF le 18 juillet \u00e0 Foug\u00e8res - AlterTour<\/title>\n<meta name=\"robots\" content=\"index, follow, max-snippet:-1, max-image-preview:large, max-video-preview:-1\" \/>\n<link rel=\"canonical\" href=\"https:\/\/www.altercampagne.net\/?p=5044\" \/>\n<meta property=\"og:locale\" content=\"fr_FR\" \/>\n<meta property=\"og:type\" content=\"article\" \/>\n<meta property=\"og:title\" content=\"Le REEPF le 18 juillet \u00e0 Foug\u00e8res - AlterTour\" \/>\n<meta property=\"og:description\" content=\"Ils avaient envie de f\u00e9d\u00e9rer, de travailler en r\u00e9seau, pour \u00eatre plus lisibles, plus efficients dans leurs investissements. En compl\u00e9mentarit\u00e9 plut\u00f4t qu\u2019en concurrence. Alors ils l\u2019ont fait et en 2007, le REEPF est n\u00e9. R\u00e9seaux institutionnels ou associatifs, acteurs touristiques, agricoles, sociaux, du patrimoine, de l\u2019enseignement ou de l\u2019\u00e9conomie sociale ... Read More\" \/>\n<meta property=\"og:url\" content=\"https:\/\/www.altercampagne.net\/?p=5044\" \/>\n<meta property=\"og:site_name\" content=\"AlterTour\" \/>\n<meta property=\"article:published_time\" content=\"2016-05-18T07:10:36+00:00\" \/>\n<meta property=\"article:modified_time\" content=\"2019-09-13T12:48:44+00:00\" \/>\n<meta property=\"og:image\" content=\"https:\/\/www.altercampagne.net\/wp-content\/uploads\/2016\/05\/2016-05-18-Journ\u00e9e-CC-St-Brice-2-25-oct2014.jpg\" \/>\n\t<meta property=\"og:image:width\" content=\"902\" \/>\n\t<meta property=\"og:image:height\" content=\"471\" \/>\n\t<meta property=\"og:image:type\" content=\"image\/jpeg\" \/>\n<meta name=\"author\" content=\"Mathieu\" \/>\n<meta name=\"twitter:card\" content=\"summary_large_image\" \/>\n<meta name=\"twitter:label1\" content=\"\u00c9crit par\" \/>\n\t<meta name=\"twitter:data1\" content=\"Mathieu\" \/>\n\t<meta name=\"twitter:label2\" content=\"Dur\u00e9e de lecture estim\u00e9e\" \/>\n\t<meta name=\"twitter:data2\" content=\"2 minutes\" \/>\n<script type=\"application\/ld+json\" class=\"yoast-schema-graph\">{\"@context\":\"https:\\\/\\\/schema.org\",\"@graph\":[{\"@type\":\"Article\",\"@id\":\"https:\\\/\\\/www.altercampagne.net\\\/?p=5044#article\",\"isPartOf\":{\"@id\":\"https:\\\/\\\/www.altercampagne.net\\\/?p=5044\"},\"author\":{\"name\":\"Mathieu\",\"@id\":\"https:\\\/\\\/www.altercampagne.net\\\/#\\\/schema\\\/person\\\/0f261460c09e430caa0f9bcffa319109\"},\"headline\":\"Le REEPF le 18 juillet \u00e0 Foug\u00e8res\",\"datePublished\":\"2016-05-18T07:10:36+00:00\",\"dateModified\":\"2019-09-13T12:48:44+00:00\",\"mainEntityOfPage\":{\"@id\":\"https:\\\/\\\/www.altercampagne.net\\\/?p=5044\"},\"wordCount\":422,\"image\":{\"@id\":\"https:\\\/\\\/www.altercampagne.net\\\/?p=5044#primaryimage\"},\"thumbnailUrl\":\"https:\\\/\\\/www.altercampagne.net\\\/wp-content\\\/uploads\\\/2016\\\/05\\\/2016-05-18-Journ\u00e9e-CC-St-Brice-2-25-oct2014.jpg\",\"keywords\":[\"revue Silence\",\"bretagne\",\"AlterTour 2016\",\"ille et vilaine\",\"bien commun\",\"bien vivre\",\"biens communs\",\"2016\",\"REEPF\",\"R\u00e9seau d\u2019\u00c9ducation \u00e0 l\u2019Environnement du Pays de Foug\u00e8res\",\"Foug\u00e8res\",\"accueillant\",\"accueillant2016\",\"accueillant 2016\",\"AlterTour2016\"],\"articleSection\":[\"Bretagne\",\"Environnement\",\"\u00c9dition 2016\",\"Transverse\"],\"inLanguage\":\"fr-FR\"},{\"@type\":\"WebPage\",\"@id\":\"https:\\\/\\\/www.altercampagne.net\\\/?p=5044\",\"url\":\"https:\\\/\\\/www.altercampagne.net\\\/?p=5044\",\"name\":\"Le REEPF le 18 juillet \u00e0 Foug\u00e8res - AlterTour\",\"isPartOf\":{\"@id\":\"https:\\\/\\\/www.altercampagne.net\\\/#website\"},\"primaryImageOfPage\":{\"@id\":\"https:\\\/\\\/www.altercampagne.net\\\/?p=5044#primaryimage\"},\"image\":{\"@id\":\"https:\\\/\\\/www.altercampagne.net\\\/?p=5044#primaryimage\"},\"thumbnailUrl\":\"https:\\\/\\\/www.altercampagne.net\\\/wp-content\\\/uploads\\\/2016\\\/05\\\/2016-05-18-Journ\u00e9e-CC-St-Brice-2-25-oct2014.jpg\",\"datePublished\":\"2016-05-18T07:10:36+00:00\",\"dateModified\":\"2019-09-13T12:48:44+00:00\",\"author\":{\"@id\":\"https:\\\/\\\/www.altercampagne.net\\\/#\\\/schema\\\/person\\\/0f261460c09e430caa0f9bcffa319109\"},\"breadcrumb\":{\"@id\":\"https:\\\/\\\/www.altercampagne.net\\\/?p=5044#breadcrumb\"},\"inLanguage\":\"fr-FR\",\"potentialAction\":[{\"@type\":\"ReadAction\",\"target\":[\"https:\\\/\\\/www.altercampagne.net\\\/?p=5044\"]}]},{\"@type\":\"ImageObject\",\"inLanguage\":\"fr-FR\",\"@id\":\"https:\\\/\\\/www.altercampagne.net\\\/?p=5044#primaryimage\",\"url\":\"https:\\\/\\\/www.altercampagne.net\\\/wp-content\\\/uploads\\\/2016\\\/05\\\/2016-05-18-Journ\u00e9e-CC-St-Brice-2-25-oct2014.jpg\",\"contentUrl\":\"https:\\\/\\\/www.altercampagne.net\\\/wp-content\\\/uploads\\\/2016\\\/05\\\/2016-05-18-Journ\u00e9e-CC-St-Brice-2-25-oct2014.jpg\",\"width\":902,\"height\":471},{\"@type\":\"BreadcrumbList\",\"@id\":\"https:\\\/\\\/www.altercampagne.net\\\/?p=5044#breadcrumb\",\"itemListElement\":[{\"@type\":\"ListItem\",\"position\":1,\"name\":\"Accueil\",\"item\":\"https:\\\/\\\/www.altercampagne.net\\\/\"},{\"@type\":\"ListItem\",\"position\":2,\"name\":\"Le REEPF le 18 juillet \u00e0 Foug\u00e8res\"}]},{\"@type\":\"WebSite\",\"@id\":\"https:\\\/\\\/www.altercampagne.net\\\/#website\",\"url\":\"https:\\\/\\\/www.altercampagne.net\\\/\",\"name\":\"AlterTour\",\"description\":\"Reliez les Alternatives \u00e0 v\u00e9lo\",\"potentialAction\":[{\"@type\":\"SearchAction\",\"target\":{\"@type\":\"EntryPoint\",\"urlTemplate\":\"https:\\\/\\\/www.altercampagne.net\\\/?s={search_term_string}\"},\"query-input\":{\"@type\":\"PropertyValueSpecification\",\"valueRequired\":true,\"valueName\":\"search_term_string\"}}],\"inLanguage\":\"fr-FR\"},{\"@type\":\"Person\",\"@id\":\"https:\\\/\\\/www.altercampagne.net\\\/#\\\/schema\\\/person\\\/0f261460c09e430caa0f9bcffa319109\",\"name\":\"Mathieu\",\"image\":{\"@type\":\"ImageObject\",\"inLanguage\":\"fr-FR\",\"@id\":\"https:\\\/\\\/secure.gravatar.com\\\/avatar\\\/aa9d3d24c83f2141e5e2709d0f63d09a99f6be6bb7a50abc4915838d9f54501a?s=96&d=mm&r=g\",\"url\":\"https:\\\/\\\/secure.gravatar.com\\\/avatar\\\/aa9d3d24c83f2141e5e2709d0f63d09a99f6be6bb7a50abc4915838d9f54501a?s=96&d=mm&r=g\",\"contentUrl\":\"https:\\\/\\\/secure.gravatar.com\\\/avatar\\\/aa9d3d24c83f2141e5e2709d0f63d09a99f6be6bb7a50abc4915838d9f54501a?s=96&d=mm&r=g\",\"caption\":\"Mathieu\"},\"url\":\"https:\\\/\\\/www.altercampagne.net\\\/?author=214\"}]}<\/script>\n<!-- \/ Yoast SEO plugin. -->","yoast_head_json":{"title":"Le REEPF le 18 juillet \u00e0 Foug\u00e8res - AlterTour","robots":{"index":"index","follow":"follow","max-snippet":"max-snippet:-1","max-image-preview":"max-image-preview:large","max-video-preview":"max-video-preview:-1"},"canonical":"https:\/\/www.altercampagne.net\/?p=5044","og_locale":"fr_FR","og_type":"article","og_title":"Le REEPF le 18 juillet \u00e0 Foug\u00e8res - AlterTour","og_description":"Ils avaient envie de f\u00e9d\u00e9rer, de travailler en r\u00e9seau, pour \u00eatre plus lisibles, plus efficients dans leurs investissements. En compl\u00e9mentarit\u00e9 plut\u00f4t qu\u2019en concurrence. Alors ils l\u2019ont fait et en 2007, le REEPF est n\u00e9. R\u00e9seaux institutionnels ou associatifs, acteurs touristiques, agricoles, sociaux, du patrimoine, de l\u2019enseignement ou de l\u2019\u00e9conomie sociale ... Read More","og_url":"https:\/\/www.altercampagne.net\/?p=5044","og_site_name":"AlterTour","article_published_time":"2016-05-18T07:10:36+00:00","article_modified_time":"2019-09-13T12:48:44+00:00","og_image":[{"width":902,"height":471,"url":"https:\/\/www.altercampagne.net\/wp-content\/uploads\/2016\/05\/2016-05-18-Journ\u00e9e-CC-St-Brice-2-25-oct2014.jpg","type":"image\/jpeg"}],"author":"Mathieu","twitter_card":"summary_large_image","twitter_misc":{"\u00c9crit par":"Mathieu","Dur\u00e9e de lecture estim\u00e9e":"2 minutes"},"schema":{"@context":"https:\/\/schema.org","@graph":[{"@type":"Article","@id":"https:\/\/www.altercampagne.net\/?p=5044#article","isPartOf":{"@id":"https:\/\/www.altercampagne.net\/?p=5044"},"author":{"name":"Mathieu","@id":"https:\/\/www.altercampagne.net\/#\/schema\/person\/0f261460c09e430caa0f9bcffa319109"},"headline":"Le REEPF le 18 juillet \u00e0 Foug\u00e8res","datePublished":"2016-05-18T07:10:36+00:00","dateModified":"2019-09-13T12:48:44+00:00","mainEntityOfPage":{"@id":"https:\/\/www.altercampagne.net\/?p=5044"},"wordCount":422,"image":{"@id":"https:\/\/www.altercampagne.net\/?p=5044#primaryimage"},"thumbnailUrl":"https:\/\/www.altercampagne.net\/wp-content\/uploads\/2016\/05\/2016-05-18-Journ\u00e9e-CC-St-Brice-2-25-oct2014.jpg","keywords":["revue Silence","bretagne","AlterTour 2016","ille et vilaine","bien commun","bien vivre","biens communs","2016","REEPF","R\u00e9seau d\u2019\u00c9ducation \u00e0 l\u2019Environnement du Pays de Foug\u00e8res","Foug\u00e8res","accueillant","accueillant2016","accueillant 2016","AlterTour2016"],"articleSection":["Bretagne","Environnement","\u00c9dition 2016","Transverse"],"inLanguage":"fr-FR"},{"@type":"WebPage","@id":"https:\/\/www.altercampagne.net\/?p=5044","url":"https:\/\/www.altercampagne.net\/?p=5044","name":"Le REEPF le 18 juillet \u00e0 Foug\u00e8res - AlterTour","isPartOf":{"@id":"https:\/\/www.altercampagne.net\/#website"},"primaryImageOfPage":{"@id":"https:\/\/www.altercampagne.net\/?p=5044#primaryimage"},"image":{"@id":"https:\/\/www.altercampagne.net\/?p=5044#primaryimage"},"thumbnailUrl":"https:\/\/www.altercampagne.net\/wp-content\/uploads\/2016\/05\/2016-05-18-Journ\u00e9e-CC-St-Brice-2-25-oct2014.jpg","datePublished":"2016-05-18T07:10:36+00:00","dateModified":"2019-09-13T12:48:44+00:00","author":{"@id":"https:\/\/www.altercampagne.net\/#\/schema\/person\/0f261460c09e430caa0f9bcffa319109"},"breadcrumb":{"@id":"https:\/\/www.altercampagne.net\/?p=5044#breadcrumb"},"inLanguage":"fr-FR","potentialAction":[{"@type":"ReadAction","target":["https:\/\/www.altercampagne.net\/?p=5044"]}]},{"@type":"ImageObject","inLanguage":"fr-FR","@id":"https:\/\/www.altercampagne.net\/?p=5044#primaryimage","url":"https:\/\/www.altercampagne.net\/wp-content\/uploads\/2016\/05\/2016-05-18-Journ\u00e9e-CC-St-Brice-2-25-oct2014.jpg","contentUrl":"https:\/\/www.altercampagne.net\/wp-content\/uploads\/2016\/05\/2016-05-18-Journ\u00e9e-CC-St-Brice-2-25-oct2014.jpg","width":902,"height":471},{"@type":"BreadcrumbList","@id":"https:\/\/www.altercampagne.net\/?p=5044#breadcrumb","itemListElement":[{"@type":"ListItem","position":1,"name":"Accueil","item":"https:\/\/www.altercampagne.net\/"},{"@type":"ListItem","position":2,"name":"Le REEPF le 18 juillet \u00e0 Foug\u00e8res"}]},{"@type":"WebSite","@id":"https:\/\/www.altercampagne.net\/#website","url":"https:\/\/www.altercampagne.net\/","name":"AlterTour","description":"Reliez les Alternatives \u00e0 v\u00e9lo","potentialAction":[{"@type":"SearchAction","target":{"@type":"EntryPoint","urlTemplate":"https:\/\/www.altercampagne.net\/?s={search_term_string}"},"query-input":{"@type":"PropertyValueSpecification","valueRequired":true,"valueName":"search_term_string"}}],"inLanguage":"fr-FR"},{"@type":"Person","@id":"https:\/\/www.altercampagne.net\/#\/schema\/person\/0f261460c09e430caa0f9bcffa319109","name":"Mathieu","image":{"@type":"ImageObject","inLanguage":"fr-FR","@id":"https:\/\/secure.gravatar.com\/avatar\/aa9d3d24c83f2141e5e2709d0f63d09a99f6be6bb7a50abc4915838d9f54501a?s=96&d=mm&r=g","url":"https:\/\/secure.gravatar.com\/avatar\/aa9d3d24c83f2141e5e2709d0f63d09a99f6be6bb7a50abc4915838d9f54501a?s=96&d=mm&r=g","contentUrl":"https:\/\/secure.gravatar.com\/avatar\/aa9d3d24c83f2141e5e2709d0f63d09a99f6be6bb7a50abc4915838d9f54501a?s=96&d=mm&r=g","caption":"Mathieu"},"url":"https:\/\/www.altercampagne.net\/?author=214"}]}},"_links":{"self":[{"href":"https:\/\/www.altercampagne.net\/index.php?rest_route=\/wp\/v2\/posts\/5044","targetHints":{"allow":["GET"]}}],"collection":[{"href":"https:\/\/www.altercampagne.net\/index.php?rest_route=\/wp\/v2\/posts"}],"about":[{"href":"https:\/\/www.altercampagne.net\/index.php?rest_route=\/wp\/v2\/types\/post"}],"author":[{"embeddable":true,"href":"https:\/\/www.altercampagne.net\/index.php?rest_route=\/wp\/v2\/users\/214"}],"replies":[{"embeddable":true,"href":"https:\/\/www.altercampagne.net\/index.php?rest_route=%2Fwp%2Fv2%2Fcomments&post=5044"}],"version-history":[{"count":0,"href":"https:\/\/www.altercampagne.net\/index.php?rest_route=\/wp\/v2\/posts\/5044\/revisions"}],"wp:featuredmedia":[{"embeddable":true,"href":"https:\/\/www.altercampagne.net\/index.php?rest_route=\/wp\/v2\/media\/15417"}],"wp:attachment":[{"href":"https:\/\/www.altercampagne.net\/index.php?rest_route=%2Fwp%2Fv2%2Fmedia&parent=5044"}],"wp:term":[{"taxonomy":"category","embeddable":true,"href":"https:\/\/www.altercampagne.net\/index.php?rest_route=%2Fwp%2Fv2%2Fcategories&post=5044"},{"taxonomy":"post_tag","embeddable":true,"href":"https:\/\/www.altercampagne.net\/index.php?rest_route=%2Fwp%2Fv2%2Ftags&post=5044"}],"curies":[{"name":"wp","href":"https:\/\/api.w.org\/{rel}","templated":true}]}}