{"id":5048,"date":"2016-05-20T08:20:22","date_gmt":"2016-05-20T06:20:22","guid":{"rendered":"http:\/\/www.altercampagne.net\/?p=5048"},"modified":"2019-09-13T15:03:18","modified_gmt":"2019-09-13T13:03:18","slug":"la-commune-de-languedias-le-22-juillet","status":"publish","type":"post","link":"https:\/\/www.altercampagne.net\/?p=5048","title":{"rendered":"La Commune de Langu\u00e9dias le 22 juillet"},"content":{"rendered":"<p style=\"text-align: justify;\"><a href=\"http:\/\/www.altercampagne.net\/wp-content\/uploads\/2016\/05\/2016-07-22_Languedias.jpg\"><img loading=\"lazy\" decoding=\"async\" class=\" size-medium wp-image-4890 alignleft\" src=\"http:\/\/www.altercampagne.net\/wp-content\/uploads\/2016\/05\/2016-07-22_Languedias-300x219.jpg\" alt=\"2016-07-22_Languedias\" width=\"300\" height=\"219\" srcset=\"https:\/\/www.altercampagne.net\/wp-content\/uploads\/2016\/05\/2016-07-22_Languedias-300x219.jpg 300w, https:\/\/www.altercampagne.net\/wp-content\/uploads\/2016\/05\/2016-07-22_Languedias.jpg 686w\" sizes=\"auto, (max-width: 300px) 100vw, 300px\" \/><\/a>2008 : l\u2019ancien Conseil municipal d\u00e9cide de vendre les chemins communaux \u00e0 un gros industriel, d\u00e9j\u00e0 propri\u00e9taire des carri\u00e8res de granit. Pour l\u2019association <a href=\"http:\/\/www.l2p22.fr\/\" target=\"_blank\" rel=\"noopener noreferrer\">Bien vivre \u00e0 Langu\u00e9dias<\/a>, c\u2019est le d\u00e9but d\u2019un long combat. Cinq ans plus tard, victoire : lors d\u2019un r\u00e9f\u00e9rendum, 81% des villageois disent non \u00e0 la privatisation. La voie est libre pour les d\u00e9fenseurs du bien commun. Quelques mois plus tard, leurs h\u00e9ritiers, rassembl\u00e9s sous la banni\u00e8re Un nouveau chemin pour Langu\u00e9dias, remportent les \u00e9lections municipales. La nouvelle \u00e9quipe veut redonner vie \u00e0 ce bourg qui se morfond entre la D89 et la D61. Elle organise un pique-nique pour P\u00e2ques, une f\u00eate de la musique, et s\u2019att\u00e8le \u00e0 un grand projet : la construction d\u2019un espace interg\u00e9n\u00e9rationnel avec Mini-terrain de foot, city-stade, boulodrome, tables de pique-nique et barbecue. Le <a href=\"http:\/\/lepetitjardin22.canalblog.com\/\" target=\"_blank\" rel=\"noopener noreferrer\">Petit Jardin des \u00c9coliers<\/a> (voir ici) et sa serre p\u00e9dagogique, sortent de terre, ainsi que 2 ruches et un h\u00f4tel \u00e0 insectes. Autant de petits pas sur le chemin du mieux vivre ensemble.<\/p>\n<p><strong>\u00ab Les biens communs sont une richesse, en particulier pour ceux qui n\u2019ont rien \u00bb<\/strong><\/p>\n<p style=\"text-align: justify;\">\u00ab Bien vivre, c\u2019est avant tout bien vivre ensemble. Dans notre village, il n\u2019y a quasiment pas d\u2019activit\u00e9 \u00e9conomique, si ce n\u2019est deux ou trois exploitations agricoles. Mais on est en train de recr\u00e9er du lien social. Les biens communs sont une richesse, en particulier pour ceux qui n\u2019ont rien. Ils nous permettent de nous retrouver \u00e0 \u00e9galit\u00e9 avec les autres, ind\u00e9pendamment de notre situation sociale. Le bien commun, c\u2019est aussi la qualit\u00e9 de l\u2019air qu\u2019on respire, la tranquillit\u00e9. Il y a quelques ann\u00e9es, on avait cr\u00e9\u00e9 une petite association &#8211; Bien vivre \u00e0 Langu\u00e9dias &#8211; pour lutter contre un projet de carri\u00e8re industrielle dans notre commune. On savait que l\u2019implantation de la carri\u00e8re mena\u00e7ait notre qualit\u00e9 de vie et nos biens communs : poussi\u00e8re, bruit, privatisation des chemins communaux&#8230; Depuis deux ans, nous avons rouvert des chemins communaux qu\u2019on ne pouvait plus emprunter ou qui avaient disparu. On les a fait inscrire officiellement \u00e0 la f\u00e9d\u00e9ration fran\u00e7aise de randonn\u00e9e p\u00e9destre. \u00bb<\/p>\n<p style=\"text-align: right;\"><strong>Christian GICQUEL, adjoint au maire, en charge de l\u2019environnement<\/strong><\/p>\n<p>Extrait du Recueil des Alternatives de l\u2019AlterTour 2016, disponible dans le num\u00e9ro de juin de la <a title=\"Revue Silence\" href=\"http:\/\/www.revuesilence.net\/\" target=\"_blank\" rel=\"noopener noreferrer\">Revue Silence.<\/a><\/p>\n<p>La <a href=\"http:\/\/languedias.fr\/\" target=\"_blank\" rel=\"noopener noreferrer\">Commune de Langu\u00e9dias<\/a> accueillera l&rsquo;AlterTour le 22 juillet 2016. D\u00e9tail de l&rsquo;\u00e9tape : <a href=\"http:\/\/www.altercampagne.net\/?page_id=172&amp;route=65\">ici<\/a><\/p>\n","protected":false},"excerpt":{"rendered":"<p>2008 : l\u2019ancien Conseil municipal d\u00e9cide de vendre les chemins communaux \u00e0 un gros industriel, d\u00e9j\u00e0 propri\u00e9taire des carri\u00e8res de granit. Pour l\u2019association Bien vivre \u00e0 Langu\u00e9dias, c\u2019est le d\u00e9but d\u2019un long combat. Cinq ans plus tard, victoire : lors d\u2019un r\u00e9f\u00e9rendum, 81% des villageois disent non \u00e0 la privatisation. &#8230; <\/p>\n<div><a href=\"https:\/\/www.altercampagne.net\/?p=5048\" class=\"more-link\">Read More<\/a><\/div>\n","protected":false},"author":214,"featured_media":15423,"comment_status":"closed","ping_status":"closed","sticky":false,"template":"","format":"standard","meta":{"footnotes":""},"categories":[3472,3938,3486,3459],"tags":[2393,2851,2850,2849,2846,2397,2396,2395,2394,13,1669,1652,822,521,474,383,20],"class_list":["post-5048","post","type-post","status-publish","format-standard","has-post-thumbnail","hentry","category-bretagne","category-education","category-environnement","category-edition-2016","tag-languedias","tag-altertour2016","tag-accueillant-2016","tag-accueillant2016","tag-accueillant","tag-christian-gicquel","tag-petit-jardin-des-ecoliers","tag-bien-vivre-a-languedias","tag-commune-de-languedias","tag-revue-silence","tag-cotes-darmor","tag-1652","tag-biens-communs","tag-bien-vivre","tag-bien-commun","tag-altertour-2016","tag-bretagne"],"yoast_head":"<!-- This site is optimized with the Yoast SEO plugin v27.3 - https:\/\/yoast.com\/product\/yoast-seo-wordpress\/ -->\n<title>La Commune de Langu\u00e9dias le 22 juillet - AlterTour<\/title>\n<meta name=\"robots\" content=\"index, follow, max-snippet:-1, max-image-preview:large, max-video-preview:-1\" \/>\n<link rel=\"canonical\" href=\"https:\/\/www.altercampagne.net\/?p=5048\" \/>\n<meta property=\"og:locale\" content=\"fr_FR\" \/>\n<meta property=\"og:type\" content=\"article\" \/>\n<meta property=\"og:title\" content=\"La Commune de Langu\u00e9dias le 22 juillet - AlterTour\" \/>\n<meta property=\"og:description\" content=\"2008 : l\u2019ancien Conseil municipal d\u00e9cide de vendre les chemins communaux \u00e0 un gros industriel, d\u00e9j\u00e0 propri\u00e9taire des carri\u00e8res de granit. Pour l\u2019association Bien vivre \u00e0 Langu\u00e9dias, c\u2019est le d\u00e9but d\u2019un long combat. Cinq ans plus tard, victoire : lors d\u2019un r\u00e9f\u00e9rendum, 81% des villageois disent non \u00e0 la privatisation. ... Read More\" \/>\n<meta property=\"og:url\" content=\"https:\/\/www.altercampagne.net\/?p=5048\" \/>\n<meta property=\"og:site_name\" content=\"AlterTour\" \/>\n<meta property=\"article:published_time\" content=\"2016-05-20T06:20:22+00:00\" \/>\n<meta property=\"article:modified_time\" content=\"2019-09-13T13:03:18+00:00\" \/>\n<meta property=\"og:image\" content=\"https:\/\/www.altercampagne.net\/wp-content\/uploads\/2016\/05\/2016-05-20-DSCN0600.jpg\" \/>\n\t<meta property=\"og:image:width\" content=\"903\" \/>\n\t<meta property=\"og:image:height\" content=\"472\" \/>\n\t<meta property=\"og:image:type\" content=\"image\/jpeg\" \/>\n<meta name=\"author\" content=\"Mathieu\" \/>\n<meta name=\"twitter:card\" content=\"summary_large_image\" \/>\n<meta name=\"twitter:label1\" content=\"\u00c9crit par\" \/>\n\t<meta name=\"twitter:data1\" content=\"Mathieu\" \/>\n\t<meta name=\"twitter:label2\" content=\"Dur\u00e9e de lecture estim\u00e9e\" \/>\n\t<meta name=\"twitter:data2\" content=\"2 minutes\" \/>\n<script type=\"application\/ld+json\" class=\"yoast-schema-graph\">{\"@context\":\"https:\\\/\\\/schema.org\",\"@graph\":[{\"@type\":\"Article\",\"@id\":\"https:\\\/\\\/www.altercampagne.net\\\/?p=5048#article\",\"isPartOf\":{\"@id\":\"https:\\\/\\\/www.altercampagne.net\\\/?p=5048\"},\"author\":{\"name\":\"Mathieu\",\"@id\":\"https:\\\/\\\/www.altercampagne.net\\\/#\\\/schema\\\/person\\\/0f261460c09e430caa0f9bcffa319109\"},\"headline\":\"La Commune de Langu\u00e9dias le 22 juillet\",\"datePublished\":\"2016-05-20T06:20:22+00:00\",\"dateModified\":\"2019-09-13T13:03:18+00:00\",\"mainEntityOfPage\":{\"@id\":\"https:\\\/\\\/www.altercampagne.net\\\/?p=5048\"},\"wordCount\":425,\"image\":{\"@id\":\"https:\\\/\\\/www.altercampagne.net\\\/?p=5048#primaryimage\"},\"thumbnailUrl\":\"https:\\\/\\\/www.altercampagne.net\\\/wp-content\\\/uploads\\\/2016\\\/05\\\/2016-05-20-DSCN0600.jpg\",\"keywords\":[\"langu\u00e9dias\",\"AlterTour2016\",\"accueillant 2016\",\"accueillant2016\",\"accueillant\",\"Christian GICQUEL\",\"Petit Jardin des \u00c9coliers\",\"Bien vivre \u00e0 Langu\u00e9dias\",\"Commune de Langu\u00e9dias\",\"revue Silence\",\"C\u00f4tes-d'Armor\",\"2016\",\"biens communs\",\"bien vivre\",\"bien commun\",\"AlterTour 2016\",\"bretagne\"],\"articleSection\":[\"Bretagne\",\"Education\",\"Environnement\",\"\u00c9dition 2016\"],\"inLanguage\":\"fr-FR\"},{\"@type\":\"WebPage\",\"@id\":\"https:\\\/\\\/www.altercampagne.net\\\/?p=5048\",\"url\":\"https:\\\/\\\/www.altercampagne.net\\\/?p=5048\",\"name\":\"La Commune de Langu\u00e9dias le 22 juillet - AlterTour\",\"isPartOf\":{\"@id\":\"https:\\\/\\\/www.altercampagne.net\\\/#website\"},\"primaryImageOfPage\":{\"@id\":\"https:\\\/\\\/www.altercampagne.net\\\/?p=5048#primaryimage\"},\"image\":{\"@id\":\"https:\\\/\\\/www.altercampagne.net\\\/?p=5048#primaryimage\"},\"thumbnailUrl\":\"https:\\\/\\\/www.altercampagne.net\\\/wp-content\\\/uploads\\\/2016\\\/05\\\/2016-05-20-DSCN0600.jpg\",\"datePublished\":\"2016-05-20T06:20:22+00:00\",\"dateModified\":\"2019-09-13T13:03:18+00:00\",\"author\":{\"@id\":\"https:\\\/\\\/www.altercampagne.net\\\/#\\\/schema\\\/person\\\/0f261460c09e430caa0f9bcffa319109\"},\"breadcrumb\":{\"@id\":\"https:\\\/\\\/www.altercampagne.net\\\/?p=5048#breadcrumb\"},\"inLanguage\":\"fr-FR\",\"potentialAction\":[{\"@type\":\"ReadAction\",\"target\":[\"https:\\\/\\\/www.altercampagne.net\\\/?p=5048\"]}]},{\"@type\":\"ImageObject\",\"inLanguage\":\"fr-FR\",\"@id\":\"https:\\\/\\\/www.altercampagne.net\\\/?p=5048#primaryimage\",\"url\":\"https:\\\/\\\/www.altercampagne.net\\\/wp-content\\\/uploads\\\/2016\\\/05\\\/2016-05-20-DSCN0600.jpg\",\"contentUrl\":\"https:\\\/\\\/www.altercampagne.net\\\/wp-content\\\/uploads\\\/2016\\\/05\\\/2016-05-20-DSCN0600.jpg\",\"width\":903,\"height\":472},{\"@type\":\"BreadcrumbList\",\"@id\":\"https:\\\/\\\/www.altercampagne.net\\\/?p=5048#breadcrumb\",\"itemListElement\":[{\"@type\":\"ListItem\",\"position\":1,\"name\":\"Accueil\",\"item\":\"https:\\\/\\\/www.altercampagne.net\\\/\"},{\"@type\":\"ListItem\",\"position\":2,\"name\":\"La Commune de Langu\u00e9dias le 22 juillet\"}]},{\"@type\":\"WebSite\",\"@id\":\"https:\\\/\\\/www.altercampagne.net\\\/#website\",\"url\":\"https:\\\/\\\/www.altercampagne.net\\\/\",\"name\":\"AlterTour\",\"description\":\"Reliez les Alternatives \u00e0 v\u00e9lo\",\"potentialAction\":[{\"@type\":\"SearchAction\",\"target\":{\"@type\":\"EntryPoint\",\"urlTemplate\":\"https:\\\/\\\/www.altercampagne.net\\\/?s={search_term_string}\"},\"query-input\":{\"@type\":\"PropertyValueSpecification\",\"valueRequired\":true,\"valueName\":\"search_term_string\"}}],\"inLanguage\":\"fr-FR\"},{\"@type\":\"Person\",\"@id\":\"https:\\\/\\\/www.altercampagne.net\\\/#\\\/schema\\\/person\\\/0f261460c09e430caa0f9bcffa319109\",\"name\":\"Mathieu\",\"image\":{\"@type\":\"ImageObject\",\"inLanguage\":\"fr-FR\",\"@id\":\"https:\\\/\\\/secure.gravatar.com\\\/avatar\\\/aa9d3d24c83f2141e5e2709d0f63d09a99f6be6bb7a50abc4915838d9f54501a?s=96&d=mm&r=g\",\"url\":\"https:\\\/\\\/secure.gravatar.com\\\/avatar\\\/aa9d3d24c83f2141e5e2709d0f63d09a99f6be6bb7a50abc4915838d9f54501a?s=96&d=mm&r=g\",\"contentUrl\":\"https:\\\/\\\/secure.gravatar.com\\\/avatar\\\/aa9d3d24c83f2141e5e2709d0f63d09a99f6be6bb7a50abc4915838d9f54501a?s=96&d=mm&r=g\",\"caption\":\"Mathieu\"},\"url\":\"https:\\\/\\\/www.altercampagne.net\\\/?author=214\"}]}<\/script>\n<!-- \/ Yoast SEO plugin. -->","yoast_head_json":{"title":"La Commune de Langu\u00e9dias le 22 juillet - AlterTour","robots":{"index":"index","follow":"follow","max-snippet":"max-snippet:-1","max-image-preview":"max-image-preview:large","max-video-preview":"max-video-preview:-1"},"canonical":"https:\/\/www.altercampagne.net\/?p=5048","og_locale":"fr_FR","og_type":"article","og_title":"La Commune de Langu\u00e9dias le 22 juillet - AlterTour","og_description":"2008 : l\u2019ancien Conseil municipal d\u00e9cide de vendre les chemins communaux \u00e0 un gros industriel, d\u00e9j\u00e0 propri\u00e9taire des carri\u00e8res de granit. Pour l\u2019association Bien vivre \u00e0 Langu\u00e9dias, c\u2019est le d\u00e9but d\u2019un long combat. Cinq ans plus tard, victoire : lors d\u2019un r\u00e9f\u00e9rendum, 81% des villageois disent non \u00e0 la privatisation. ... Read More","og_url":"https:\/\/www.altercampagne.net\/?p=5048","og_site_name":"AlterTour","article_published_time":"2016-05-20T06:20:22+00:00","article_modified_time":"2019-09-13T13:03:18+00:00","og_image":[{"width":903,"height":472,"url":"https:\/\/www.altercampagne.net\/wp-content\/uploads\/2016\/05\/2016-05-20-DSCN0600.jpg","type":"image\/jpeg"}],"author":"Mathieu","twitter_card":"summary_large_image","twitter_misc":{"\u00c9crit par":"Mathieu","Dur\u00e9e de lecture estim\u00e9e":"2 minutes"},"schema":{"@context":"https:\/\/schema.org","@graph":[{"@type":"Article","@id":"https:\/\/www.altercampagne.net\/?p=5048#article","isPartOf":{"@id":"https:\/\/www.altercampagne.net\/?p=5048"},"author":{"name":"Mathieu","@id":"https:\/\/www.altercampagne.net\/#\/schema\/person\/0f261460c09e430caa0f9bcffa319109"},"headline":"La Commune de Langu\u00e9dias le 22 juillet","datePublished":"2016-05-20T06:20:22+00:00","dateModified":"2019-09-13T13:03:18+00:00","mainEntityOfPage":{"@id":"https:\/\/www.altercampagne.net\/?p=5048"},"wordCount":425,"image":{"@id":"https:\/\/www.altercampagne.net\/?p=5048#primaryimage"},"thumbnailUrl":"https:\/\/www.altercampagne.net\/wp-content\/uploads\/2016\/05\/2016-05-20-DSCN0600.jpg","keywords":["langu\u00e9dias","AlterTour2016","accueillant 2016","accueillant2016","accueillant","Christian GICQUEL","Petit Jardin des \u00c9coliers","Bien vivre \u00e0 Langu\u00e9dias","Commune de Langu\u00e9dias","revue Silence","C\u00f4tes-d'Armor","2016","biens communs","bien vivre","bien commun","AlterTour 2016","bretagne"],"articleSection":["Bretagne","Education","Environnement","\u00c9dition 2016"],"inLanguage":"fr-FR"},{"@type":"WebPage","@id":"https:\/\/www.altercampagne.net\/?p=5048","url":"https:\/\/www.altercampagne.net\/?p=5048","name":"La Commune de Langu\u00e9dias le 22 juillet - AlterTour","isPartOf":{"@id":"https:\/\/www.altercampagne.net\/#website"},"primaryImageOfPage":{"@id":"https:\/\/www.altercampagne.net\/?p=5048#primaryimage"},"image":{"@id":"https:\/\/www.altercampagne.net\/?p=5048#primaryimage"},"thumbnailUrl":"https:\/\/www.altercampagne.net\/wp-content\/uploads\/2016\/05\/2016-05-20-DSCN0600.jpg","datePublished":"2016-05-20T06:20:22+00:00","dateModified":"2019-09-13T13:03:18+00:00","author":{"@id":"https:\/\/www.altercampagne.net\/#\/schema\/person\/0f261460c09e430caa0f9bcffa319109"},"breadcrumb":{"@id":"https:\/\/www.altercampagne.net\/?p=5048#breadcrumb"},"inLanguage":"fr-FR","potentialAction":[{"@type":"ReadAction","target":["https:\/\/www.altercampagne.net\/?p=5048"]}]},{"@type":"ImageObject","inLanguage":"fr-FR","@id":"https:\/\/www.altercampagne.net\/?p=5048#primaryimage","url":"https:\/\/www.altercampagne.net\/wp-content\/uploads\/2016\/05\/2016-05-20-DSCN0600.jpg","contentUrl":"https:\/\/www.altercampagne.net\/wp-content\/uploads\/2016\/05\/2016-05-20-DSCN0600.jpg","width":903,"height":472},{"@type":"BreadcrumbList","@id":"https:\/\/www.altercampagne.net\/?p=5048#breadcrumb","itemListElement":[{"@type":"ListItem","position":1,"name":"Accueil","item":"https:\/\/www.altercampagne.net\/"},{"@type":"ListItem","position":2,"name":"La Commune de Langu\u00e9dias le 22 juillet"}]},{"@type":"WebSite","@id":"https:\/\/www.altercampagne.net\/#website","url":"https:\/\/www.altercampagne.net\/","name":"AlterTour","description":"Reliez les Alternatives \u00e0 v\u00e9lo","potentialAction":[{"@type":"SearchAction","target":{"@type":"EntryPoint","urlTemplate":"https:\/\/www.altercampagne.net\/?s={search_term_string}"},"query-input":{"@type":"PropertyValueSpecification","valueRequired":true,"valueName":"search_term_string"}}],"inLanguage":"fr-FR"},{"@type":"Person","@id":"https:\/\/www.altercampagne.net\/#\/schema\/person\/0f261460c09e430caa0f9bcffa319109","name":"Mathieu","image":{"@type":"ImageObject","inLanguage":"fr-FR","@id":"https:\/\/secure.gravatar.com\/avatar\/aa9d3d24c83f2141e5e2709d0f63d09a99f6be6bb7a50abc4915838d9f54501a?s=96&d=mm&r=g","url":"https:\/\/secure.gravatar.com\/avatar\/aa9d3d24c83f2141e5e2709d0f63d09a99f6be6bb7a50abc4915838d9f54501a?s=96&d=mm&r=g","contentUrl":"https:\/\/secure.gravatar.com\/avatar\/aa9d3d24c83f2141e5e2709d0f63d09a99f6be6bb7a50abc4915838d9f54501a?s=96&d=mm&r=g","caption":"Mathieu"},"url":"https:\/\/www.altercampagne.net\/?author=214"}]}},"_links":{"self":[{"href":"https:\/\/www.altercampagne.net\/index.php?rest_route=\/wp\/v2\/posts\/5048","targetHints":{"allow":["GET"]}}],"collection":[{"href":"https:\/\/www.altercampagne.net\/index.php?rest_route=\/wp\/v2\/posts"}],"about":[{"href":"https:\/\/www.altercampagne.net\/index.php?rest_route=\/wp\/v2\/types\/post"}],"author":[{"embeddable":true,"href":"https:\/\/www.altercampagne.net\/index.php?rest_route=\/wp\/v2\/users\/214"}],"replies":[{"embeddable":true,"href":"https:\/\/www.altercampagne.net\/index.php?rest_route=%2Fwp%2Fv2%2Fcomments&post=5048"}],"version-history":[{"count":0,"href":"https:\/\/www.altercampagne.net\/index.php?rest_route=\/wp\/v2\/posts\/5048\/revisions"}],"wp:featuredmedia":[{"embeddable":true,"href":"https:\/\/www.altercampagne.net\/index.php?rest_route=\/wp\/v2\/media\/15423"}],"wp:attachment":[{"href":"https:\/\/www.altercampagne.net\/index.php?rest_route=%2Fwp%2Fv2%2Fmedia&parent=5048"}],"wp:term":[{"taxonomy":"category","embeddable":true,"href":"https:\/\/www.altercampagne.net\/index.php?rest_route=%2Fwp%2Fv2%2Fcategories&post=5048"},{"taxonomy":"post_tag","embeddable":true,"href":"https:\/\/www.altercampagne.net\/index.php?rest_route=%2Fwp%2Fv2%2Ftags&post=5048"}],"curies":[{"name":"wp","href":"https:\/\/api.w.org\/{rel}","templated":true}]}}