{"id":5050,"date":"2016-05-23T09:01:46","date_gmt":"2016-05-23T07:01:46","guid":{"rendered":"http:\/\/www.altercampagne.net\/?p=5050"},"modified":"2019-09-13T15:06:51","modified_gmt":"2019-09-13T13:06:51","slug":"le-petit-jardin-des-ecoliers-le-22-juillet-a-languedias","status":"publish","type":"post","link":"https:\/\/www.altercampagne.net\/?p=5050","title":{"rendered":"Le Petit Jardin des \u00c9coliers le 22 juillet \u00e0 Langu\u00e9dias"},"content":{"rendered":"<p style=\"text-align: justify;\"><a href=\"http:\/\/www.altercampagne.net\/wp-content\/uploads\/2016\/05\/2016-07-22-Langu\u00e9dias-petit-jardin-des-\u00e9coliers.jpg\"><img loading=\"lazy\" decoding=\"async\" class=\" size-medium wp-image-4889 alignright\" src=\"http:\/\/www.altercampagne.net\/wp-content\/uploads\/2016\/05\/2016-07-22-Langu\u00e9dias-petit-jardin-des-\u00e9coliers-300x219.jpg\" alt=\"Le petit jardin des \u00e9coliers\" width=\"300\" height=\"219\" srcset=\"https:\/\/www.altercampagne.net\/wp-content\/uploads\/2016\/05\/2016-07-22-Langu\u00e9dias-petit-jardin-des-\u00e9coliers-300x219.jpg 300w, https:\/\/www.altercampagne.net\/wp-content\/uploads\/2016\/05\/2016-07-22-Langu\u00e9dias-petit-jardin-des-\u00e9coliers.jpg 686w\" sizes=\"auto, (max-width: 300px) 100vw, 300px\" \/><\/a>\u00ab Afin que les hommes reviennent vers la nature, nous commen\u00e7ons par les enfants. \u00bb Et quoi de mieux que l\u2019exp\u00e9rimentation en jardinage ? Il y a 30 ans, Emmanuel ROLLAND, instituteur, imagine un apprentissage ludique et efficace : son fils voulant un avocatier, il invente un syst\u00e8me simple et ing\u00e9nieux qui acc\u00e9l\u00e8re la croissance des plantes avec de simples bouteilles plastique, d\u2019abord de 1,5 l puis de 5 l. Il collabore \u00e9troitement avec un agrobiologiste, Joseph ARGOUARC\u2019H, qui par la suite a form\u00e9 des mara\u00eechers bio de France. Son invention obtient la m\u00e9daille d\u2019or au concours L\u00e9pine agricole. Pierre RABHI s\u2019int\u00e9resse \u00e9galement \u00e0 ce travail. Aujourd\u2019hui le Petit Jardin essaime dans les \u00e9coles y compris \u00e0 l\u2019\u00e9tranger gr\u00e2ce aux woofers du monde entier. On s\u2019initie au syst\u00e8me jusqu\u2019en Cor\u00e9e du sud. Sur leur site Internet, livrets et fiches p\u00e9dagogiques sont traduits en anglais, chinois, allemand, portugais, espagnol italien et\u2026 esp\u00e9ranto. Plus proche de nous et en pleine gestation, cette initiative du <a href=\"http:\/\/lepetitjardin22.canalblog.com\/\" target=\"_blank\" rel=\"noopener noreferrer\">Petit Jardin des \u00e9coliers<\/a> est en passe de s\u2019\u00e9tendre \u00e0 toutes les \u00e9coles des C\u00f4tes d\u2019Armor.<\/p>\n<p><strong>\u00ab Que tout le monde aille dans les \u00e9coles. L\u2019avenir est en culottes courtes \u00bb<\/strong><\/p>\n<p style=\"text-align: justify;\">\u00ab La terre enti\u00e8re, c\u2019est notre bien commun. Je me suis engag\u00e9 dans ce travail pour le pr\u00e9server. Mobilisation g\u00e9n\u00e9rale : que tout le monde aille dans les \u00e9coles pour l\u2019enseigner ! Y aller, c\u2019est porter l\u2019avenir. Et l\u2019avenir est en culottes courtes. Voila mon message. J\u2019ai toujours foi dans ce que je fais et veux le partager. Le site web est un outil cl\u00e9 en main. Tout est expliqu\u00e9 avec les fiches et les vid\u00e9os d\u2019apprentissage. Je ne sais pas combien il y a de membres \u00e0 l\u2019association, mais nous sommes nombreux. Suna Cho\u00ef, une woofeuse de Cor\u00e9e du sud est rest\u00e9e 3 mois et m\u2019a demand\u00e9 la permission d\u2019utiliser le syst\u00e8me pour la Cor\u00e9e du sud. J\u2019ai dit oui bien s\u00fbr. Il y a de plus en plus de monde et \u00e7a devient de plus en plus int\u00e9ressant. Regardez ce ch\u00e2taignier. Il a pouss\u00e9 de 76 cm en 9 mois ! Et ce p\u00eacher de 1,75m en quelques mois.<br \/>\nCe syst\u00e8me permet de reboiser en toutes saisons. \u00bb<\/p>\n<p style=\"text-align: right;\"><strong>Emmanuel ROLLAND, pr\u00e9sident et fondateur de l\u2019association<\/strong><\/p>\n<p>Extrait du Recueil des Alternatives de l\u2019AlterTour 2016, disponible dans le num\u00e9ro de juin de la <a title=\"Revue Silence\" href=\"http:\/\/www.revuesilence.net\/\" target=\"_blank\" rel=\"noopener noreferrer\">Revue Silence.<\/a><\/p>\n<p>Le Petit Jardin des \u00c9coliers&nbsp;accueillera l\u2019AlterTour le 22 juillet 2016 \u00e0 Langu\u00e9dias. D\u00e9tail des \u00e9tapes : <a href=\"http:\/\/www.altercampagne.net\/?page_id=172&amp;route=65\">ici<\/a><\/p>\n<p>&nbsp;<\/p>\n","protected":false},"excerpt":{"rendered":"<p>\u00ab Afin que les hommes reviennent vers la nature, nous commen\u00e7ons par les enfants. \u00bb Et quoi de mieux que l\u2019exp\u00e9rimentation en jardinage ? Il y a 30 ans, Emmanuel ROLLAND, instituteur, imagine un apprentissage ludique et efficace : son fils voulant un avocatier, il invente un syst\u00e8me simple et &#8230; <\/p>\n<div><a href=\"https:\/\/www.altercampagne.net\/?p=5050\" class=\"more-link\">Read More<\/a><\/div>\n","protected":false},"author":214,"featured_media":15425,"comment_status":"closed","ping_status":"closed","sticky":false,"template":"","format":"standard","meta":{"footnotes":""},"categories":[3472,3938,3486,3459],"tags":[1669,2851,2850,2849,2846,2399,2398,2396,2393,13,1652,835,822,521,474,383,20],"class_list":["post-5050","post","type-post","status-publish","format-standard","has-post-thumbnail","hentry","category-bretagne","category-education","category-environnement","category-edition-2016","tag-cotes-darmor","tag-altertour2016","tag-accueillant-2016","tag-accueillant2016","tag-accueillant","tag-joseph-argouarch","tag-emmanuel-rolland","tag-petit-jardin-des-ecoliers","tag-languedias","tag-revue-silence","tag-1652","tag-pierre-rabhi","tag-biens-communs","tag-bien-vivre","tag-bien-commun","tag-altertour-2016","tag-bretagne"],"yoast_head":"<!-- This site is optimized with the Yoast SEO plugin v27.3 - https:\/\/yoast.com\/product\/yoast-seo-wordpress\/ -->\n<title>Le Petit Jardin des \u00c9coliers le 22 juillet \u00e0 Langu\u00e9dias - AlterTour<\/title>\n<meta name=\"robots\" content=\"index, follow, max-snippet:-1, max-image-preview:large, max-video-preview:-1\" \/>\n<link rel=\"canonical\" href=\"https:\/\/www.altercampagne.net\/?p=5050\" \/>\n<meta property=\"og:locale\" content=\"fr_FR\" \/>\n<meta property=\"og:type\" content=\"article\" \/>\n<meta property=\"og:title\" content=\"Le Petit Jardin des \u00c9coliers le 22 juillet \u00e0 Langu\u00e9dias - AlterTour\" \/>\n<meta property=\"og:description\" content=\"\u00ab Afin que les hommes reviennent vers la nature, nous commen\u00e7ons par les enfants. \u00bb Et quoi de mieux que l\u2019exp\u00e9rimentation en jardinage ? Il y a 30 ans, Emmanuel ROLLAND, instituteur, imagine un apprentissage ludique et efficace : son fils voulant un avocatier, il invente un syst\u00e8me simple et ... Read More\" \/>\n<meta property=\"og:url\" content=\"https:\/\/www.altercampagne.net\/?p=5050\" \/>\n<meta property=\"og:site_name\" content=\"AlterTour\" \/>\n<meta property=\"article:published_time\" content=\"2016-05-23T07:01:46+00:00\" \/>\n<meta property=\"article:modified_time\" content=\"2019-09-13T13:06:51+00:00\" \/>\n<meta property=\"og:image\" content=\"https:\/\/www.altercampagne.net\/wp-content\/uploads\/2016\/05\/2016-05-23-Le-petit-jardin-des-\u00e9coliers-05.jpg\" \/>\n\t<meta property=\"og:image:width\" content=\"905\" \/>\n\t<meta property=\"og:image:height\" content=\"472\" \/>\n\t<meta property=\"og:image:type\" content=\"image\/jpeg\" \/>\n<meta name=\"author\" content=\"Mathieu\" \/>\n<meta name=\"twitter:card\" content=\"summary_large_image\" \/>\n<meta name=\"twitter:label1\" content=\"\u00c9crit par\" \/>\n\t<meta name=\"twitter:data1\" content=\"Mathieu\" \/>\n\t<meta name=\"twitter:label2\" content=\"Dur\u00e9e de lecture estim\u00e9e\" \/>\n\t<meta name=\"twitter:data2\" content=\"2 minutes\" \/>\n<script type=\"application\/ld+json\" class=\"yoast-schema-graph\">{\"@context\":\"https:\\\/\\\/schema.org\",\"@graph\":[{\"@type\":\"Article\",\"@id\":\"https:\\\/\\\/www.altercampagne.net\\\/?p=5050#article\",\"isPartOf\":{\"@id\":\"https:\\\/\\\/www.altercampagne.net\\\/?p=5050\"},\"author\":{\"name\":\"Mathieu\",\"@id\":\"https:\\\/\\\/www.altercampagne.net\\\/#\\\/schema\\\/person\\\/0f261460c09e430caa0f9bcffa319109\"},\"headline\":\"Le Petit Jardin des \u00c9coliers le 22 juillet \u00e0 Langu\u00e9dias\",\"datePublished\":\"2016-05-23T07:01:46+00:00\",\"dateModified\":\"2019-09-13T13:06:51+00:00\",\"mainEntityOfPage\":{\"@id\":\"https:\\\/\\\/www.altercampagne.net\\\/?p=5050\"},\"wordCount\":451,\"image\":{\"@id\":\"https:\\\/\\\/www.altercampagne.net\\\/?p=5050#primaryimage\"},\"thumbnailUrl\":\"https:\\\/\\\/www.altercampagne.net\\\/wp-content\\\/uploads\\\/2016\\\/05\\\/2016-05-23-Le-petit-jardin-des-\u00e9coliers-05.jpg\",\"keywords\":[\"C\u00f4tes-d'Armor\",\"AlterTour2016\",\"accueillant 2016\",\"accueillant2016\",\"accueillant\",\"Joseph ARGOUARC\u2019H\",\"Emmanuel ROLLAND\",\"Petit Jardin des \u00c9coliers\",\"langu\u00e9dias\",\"revue Silence\",\"2016\",\"Pierre Rabhi\",\"biens communs\",\"bien vivre\",\"bien commun\",\"AlterTour 2016\",\"bretagne\"],\"articleSection\":[\"Bretagne\",\"Education\",\"Environnement\",\"\u00c9dition 2016\"],\"inLanguage\":\"fr-FR\"},{\"@type\":\"WebPage\",\"@id\":\"https:\\\/\\\/www.altercampagne.net\\\/?p=5050\",\"url\":\"https:\\\/\\\/www.altercampagne.net\\\/?p=5050\",\"name\":\"Le Petit Jardin des \u00c9coliers le 22 juillet \u00e0 Langu\u00e9dias - AlterTour\",\"isPartOf\":{\"@id\":\"https:\\\/\\\/www.altercampagne.net\\\/#website\"},\"primaryImageOfPage\":{\"@id\":\"https:\\\/\\\/www.altercampagne.net\\\/?p=5050#primaryimage\"},\"image\":{\"@id\":\"https:\\\/\\\/www.altercampagne.net\\\/?p=5050#primaryimage\"},\"thumbnailUrl\":\"https:\\\/\\\/www.altercampagne.net\\\/wp-content\\\/uploads\\\/2016\\\/05\\\/2016-05-23-Le-petit-jardin-des-\u00e9coliers-05.jpg\",\"datePublished\":\"2016-05-23T07:01:46+00:00\",\"dateModified\":\"2019-09-13T13:06:51+00:00\",\"author\":{\"@id\":\"https:\\\/\\\/www.altercampagne.net\\\/#\\\/schema\\\/person\\\/0f261460c09e430caa0f9bcffa319109\"},\"breadcrumb\":{\"@id\":\"https:\\\/\\\/www.altercampagne.net\\\/?p=5050#breadcrumb\"},\"inLanguage\":\"fr-FR\",\"potentialAction\":[{\"@type\":\"ReadAction\",\"target\":[\"https:\\\/\\\/www.altercampagne.net\\\/?p=5050\"]}]},{\"@type\":\"ImageObject\",\"inLanguage\":\"fr-FR\",\"@id\":\"https:\\\/\\\/www.altercampagne.net\\\/?p=5050#primaryimage\",\"url\":\"https:\\\/\\\/www.altercampagne.net\\\/wp-content\\\/uploads\\\/2016\\\/05\\\/2016-05-23-Le-petit-jardin-des-\u00e9coliers-05.jpg\",\"contentUrl\":\"https:\\\/\\\/www.altercampagne.net\\\/wp-content\\\/uploads\\\/2016\\\/05\\\/2016-05-23-Le-petit-jardin-des-\u00e9coliers-05.jpg\",\"width\":905,\"height\":472},{\"@type\":\"BreadcrumbList\",\"@id\":\"https:\\\/\\\/www.altercampagne.net\\\/?p=5050#breadcrumb\",\"itemListElement\":[{\"@type\":\"ListItem\",\"position\":1,\"name\":\"Accueil\",\"item\":\"https:\\\/\\\/www.altercampagne.net\\\/\"},{\"@type\":\"ListItem\",\"position\":2,\"name\":\"Le Petit Jardin des \u00c9coliers le 22 juillet \u00e0 Langu\u00e9dias\"}]},{\"@type\":\"WebSite\",\"@id\":\"https:\\\/\\\/www.altercampagne.net\\\/#website\",\"url\":\"https:\\\/\\\/www.altercampagne.net\\\/\",\"name\":\"AlterTour\",\"description\":\"Reliez les Alternatives \u00e0 v\u00e9lo\",\"potentialAction\":[{\"@type\":\"SearchAction\",\"target\":{\"@type\":\"EntryPoint\",\"urlTemplate\":\"https:\\\/\\\/www.altercampagne.net\\\/?s={search_term_string}\"},\"query-input\":{\"@type\":\"PropertyValueSpecification\",\"valueRequired\":true,\"valueName\":\"search_term_string\"}}],\"inLanguage\":\"fr-FR\"},{\"@type\":\"Person\",\"@id\":\"https:\\\/\\\/www.altercampagne.net\\\/#\\\/schema\\\/person\\\/0f261460c09e430caa0f9bcffa319109\",\"name\":\"Mathieu\",\"image\":{\"@type\":\"ImageObject\",\"inLanguage\":\"fr-FR\",\"@id\":\"https:\\\/\\\/secure.gravatar.com\\\/avatar\\\/aa9d3d24c83f2141e5e2709d0f63d09a99f6be6bb7a50abc4915838d9f54501a?s=96&d=mm&r=g\",\"url\":\"https:\\\/\\\/secure.gravatar.com\\\/avatar\\\/aa9d3d24c83f2141e5e2709d0f63d09a99f6be6bb7a50abc4915838d9f54501a?s=96&d=mm&r=g\",\"contentUrl\":\"https:\\\/\\\/secure.gravatar.com\\\/avatar\\\/aa9d3d24c83f2141e5e2709d0f63d09a99f6be6bb7a50abc4915838d9f54501a?s=96&d=mm&r=g\",\"caption\":\"Mathieu\"},\"url\":\"https:\\\/\\\/www.altercampagne.net\\\/?author=214\"}]}<\/script>\n<!-- \/ Yoast SEO plugin. -->","yoast_head_json":{"title":"Le Petit Jardin des \u00c9coliers le 22 juillet \u00e0 Langu\u00e9dias - AlterTour","robots":{"index":"index","follow":"follow","max-snippet":"max-snippet:-1","max-image-preview":"max-image-preview:large","max-video-preview":"max-video-preview:-1"},"canonical":"https:\/\/www.altercampagne.net\/?p=5050","og_locale":"fr_FR","og_type":"article","og_title":"Le Petit Jardin des \u00c9coliers le 22 juillet \u00e0 Langu\u00e9dias - AlterTour","og_description":"\u00ab Afin que les hommes reviennent vers la nature, nous commen\u00e7ons par les enfants. \u00bb Et quoi de mieux que l\u2019exp\u00e9rimentation en jardinage ? Il y a 30 ans, Emmanuel ROLLAND, instituteur, imagine un apprentissage ludique et efficace : son fils voulant un avocatier, il invente un syst\u00e8me simple et ... Read More","og_url":"https:\/\/www.altercampagne.net\/?p=5050","og_site_name":"AlterTour","article_published_time":"2016-05-23T07:01:46+00:00","article_modified_time":"2019-09-13T13:06:51+00:00","og_image":[{"width":905,"height":472,"url":"https:\/\/www.altercampagne.net\/wp-content\/uploads\/2016\/05\/2016-05-23-Le-petit-jardin-des-\u00e9coliers-05.jpg","type":"image\/jpeg"}],"author":"Mathieu","twitter_card":"summary_large_image","twitter_misc":{"\u00c9crit par":"Mathieu","Dur\u00e9e de lecture estim\u00e9e":"2 minutes"},"schema":{"@context":"https:\/\/schema.org","@graph":[{"@type":"Article","@id":"https:\/\/www.altercampagne.net\/?p=5050#article","isPartOf":{"@id":"https:\/\/www.altercampagne.net\/?p=5050"},"author":{"name":"Mathieu","@id":"https:\/\/www.altercampagne.net\/#\/schema\/person\/0f261460c09e430caa0f9bcffa319109"},"headline":"Le Petit Jardin des \u00c9coliers le 22 juillet \u00e0 Langu\u00e9dias","datePublished":"2016-05-23T07:01:46+00:00","dateModified":"2019-09-13T13:06:51+00:00","mainEntityOfPage":{"@id":"https:\/\/www.altercampagne.net\/?p=5050"},"wordCount":451,"image":{"@id":"https:\/\/www.altercampagne.net\/?p=5050#primaryimage"},"thumbnailUrl":"https:\/\/www.altercampagne.net\/wp-content\/uploads\/2016\/05\/2016-05-23-Le-petit-jardin-des-\u00e9coliers-05.jpg","keywords":["C\u00f4tes-d'Armor","AlterTour2016","accueillant 2016","accueillant2016","accueillant","Joseph ARGOUARC\u2019H","Emmanuel ROLLAND","Petit Jardin des \u00c9coliers","langu\u00e9dias","revue Silence","2016","Pierre Rabhi","biens communs","bien vivre","bien commun","AlterTour 2016","bretagne"],"articleSection":["Bretagne","Education","Environnement","\u00c9dition 2016"],"inLanguage":"fr-FR"},{"@type":"WebPage","@id":"https:\/\/www.altercampagne.net\/?p=5050","url":"https:\/\/www.altercampagne.net\/?p=5050","name":"Le Petit Jardin des \u00c9coliers le 22 juillet \u00e0 Langu\u00e9dias - AlterTour","isPartOf":{"@id":"https:\/\/www.altercampagne.net\/#website"},"primaryImageOfPage":{"@id":"https:\/\/www.altercampagne.net\/?p=5050#primaryimage"},"image":{"@id":"https:\/\/www.altercampagne.net\/?p=5050#primaryimage"},"thumbnailUrl":"https:\/\/www.altercampagne.net\/wp-content\/uploads\/2016\/05\/2016-05-23-Le-petit-jardin-des-\u00e9coliers-05.jpg","datePublished":"2016-05-23T07:01:46+00:00","dateModified":"2019-09-13T13:06:51+00:00","author":{"@id":"https:\/\/www.altercampagne.net\/#\/schema\/person\/0f261460c09e430caa0f9bcffa319109"},"breadcrumb":{"@id":"https:\/\/www.altercampagne.net\/?p=5050#breadcrumb"},"inLanguage":"fr-FR","potentialAction":[{"@type":"ReadAction","target":["https:\/\/www.altercampagne.net\/?p=5050"]}]},{"@type":"ImageObject","inLanguage":"fr-FR","@id":"https:\/\/www.altercampagne.net\/?p=5050#primaryimage","url":"https:\/\/www.altercampagne.net\/wp-content\/uploads\/2016\/05\/2016-05-23-Le-petit-jardin-des-\u00e9coliers-05.jpg","contentUrl":"https:\/\/www.altercampagne.net\/wp-content\/uploads\/2016\/05\/2016-05-23-Le-petit-jardin-des-\u00e9coliers-05.jpg","width":905,"height":472},{"@type":"BreadcrumbList","@id":"https:\/\/www.altercampagne.net\/?p=5050#breadcrumb","itemListElement":[{"@type":"ListItem","position":1,"name":"Accueil","item":"https:\/\/www.altercampagne.net\/"},{"@type":"ListItem","position":2,"name":"Le Petit Jardin des \u00c9coliers le 22 juillet \u00e0 Langu\u00e9dias"}]},{"@type":"WebSite","@id":"https:\/\/www.altercampagne.net\/#website","url":"https:\/\/www.altercampagne.net\/","name":"AlterTour","description":"Reliez les Alternatives \u00e0 v\u00e9lo","potentialAction":[{"@type":"SearchAction","target":{"@type":"EntryPoint","urlTemplate":"https:\/\/www.altercampagne.net\/?s={search_term_string}"},"query-input":{"@type":"PropertyValueSpecification","valueRequired":true,"valueName":"search_term_string"}}],"inLanguage":"fr-FR"},{"@type":"Person","@id":"https:\/\/www.altercampagne.net\/#\/schema\/person\/0f261460c09e430caa0f9bcffa319109","name":"Mathieu","image":{"@type":"ImageObject","inLanguage":"fr-FR","@id":"https:\/\/secure.gravatar.com\/avatar\/aa9d3d24c83f2141e5e2709d0f63d09a99f6be6bb7a50abc4915838d9f54501a?s=96&d=mm&r=g","url":"https:\/\/secure.gravatar.com\/avatar\/aa9d3d24c83f2141e5e2709d0f63d09a99f6be6bb7a50abc4915838d9f54501a?s=96&d=mm&r=g","contentUrl":"https:\/\/secure.gravatar.com\/avatar\/aa9d3d24c83f2141e5e2709d0f63d09a99f6be6bb7a50abc4915838d9f54501a?s=96&d=mm&r=g","caption":"Mathieu"},"url":"https:\/\/www.altercampagne.net\/?author=214"}]}},"_links":{"self":[{"href":"https:\/\/www.altercampagne.net\/index.php?rest_route=\/wp\/v2\/posts\/5050","targetHints":{"allow":["GET"]}}],"collection":[{"href":"https:\/\/www.altercampagne.net\/index.php?rest_route=\/wp\/v2\/posts"}],"about":[{"href":"https:\/\/www.altercampagne.net\/index.php?rest_route=\/wp\/v2\/types\/post"}],"author":[{"embeddable":true,"href":"https:\/\/www.altercampagne.net\/index.php?rest_route=\/wp\/v2\/users\/214"}],"replies":[{"embeddable":true,"href":"https:\/\/www.altercampagne.net\/index.php?rest_route=%2Fwp%2Fv2%2Fcomments&post=5050"}],"version-history":[{"count":0,"href":"https:\/\/www.altercampagne.net\/index.php?rest_route=\/wp\/v2\/posts\/5050\/revisions"}],"wp:featuredmedia":[{"embeddable":true,"href":"https:\/\/www.altercampagne.net\/index.php?rest_route=\/wp\/v2\/media\/15425"}],"wp:attachment":[{"href":"https:\/\/www.altercampagne.net\/index.php?rest_route=%2Fwp%2Fv2%2Fmedia&parent=5050"}],"wp:term":[{"taxonomy":"category","embeddable":true,"href":"https:\/\/www.altercampagne.net\/index.php?rest_route=%2Fwp%2Fv2%2Fcategories&post=5050"},{"taxonomy":"post_tag","embeddable":true,"href":"https:\/\/www.altercampagne.net\/index.php?rest_route=%2Fwp%2Fv2%2Ftags&post=5050"}],"curies":[{"name":"wp","href":"https:\/\/api.w.org\/{rel}","templated":true}]}}