{"id":5054,"date":"2016-05-25T07:35:42","date_gmt":"2016-05-25T05:35:42","guid":{"rendered":"http:\/\/www.altercampagne.net\/?p=5054"},"modified":"2019-09-13T15:09:43","modified_gmt":"2019-09-13T13:09:43","slug":"lecocentre-tregor-les-24-et-25-juillet-a-pleumeur-bodou","status":"publish","type":"post","link":"https:\/\/www.altercampagne.net\/?p=5054","title":{"rendered":"L&rsquo;\u00c9cocentre Tr\u00e9gor les 24 et 25 juillet \u00e0 Pleumeur-Bodou"},"content":{"rendered":"<p style=\"text-align: justify;\"><a href=\"http:\/\/www.altercampagne.net\/wp-content\/uploads\/2016\/05\/2016-07-24-Ecocentre-du-Tregor.jpg\"><img loading=\"lazy\" decoding=\"async\" class=\" size-medium wp-image-4887 alignleft\" src=\"http:\/\/www.altercampagne.net\/wp-content\/uploads\/2016\/05\/2016-07-24-Ecocentre-du-Tregor-300x219.jpg\" alt=\"Ecocentre du Tregor\" width=\"300\" height=\"219\" srcset=\"https:\/\/www.altercampagne.net\/wp-content\/uploads\/2016\/05\/2016-07-24-Ecocentre-du-Tregor-300x219.jpg 300w, https:\/\/www.altercampagne.net\/wp-content\/uploads\/2016\/05\/2016-07-24-Ecocentre-du-Tregor.jpg 686w\" sizes=\"auto, (max-width: 300px) 100vw, 300px\" \/><\/a>Fait de soci\u00e9t\u00e9, l\u2019\u00e9cologie est maintenant un v\u00e9ritable mode de vie. Deux instituteurs sont \u00e0 l\u2019origine de la cr\u00e9ation, en 2010, d\u2019un lieu de d\u00e9couverte et d\u2019exp\u00e9rimentation autour de l\u2019\u00e9cologie pratique : l\u2019<a href=\"http:\/\/www.ecocentre-tregor.fr\/\" target=\"_blank\" rel=\"noopener noreferrer\">\u00c9cocentre Tr\u00e9gor<\/a>. Population locale et municipalit\u00e9 ont favorablement accueilli l\u2019id\u00e9e. L\u2019association loue un terrain communal de trois hectares sur lequel \u00e9voluent 2 entit\u00e9s : une long\u00e8re r\u00e9nov\u00e9e, espace de vie associative d\u00e9di\u00e9e au faire ensemble et \u00e0 la convivialit\u00e9. Une centaine d\u2019adh\u00e9rents s\u2019y retrouvent. Et depuis 2015, un parc ludique et p\u00e9dagogique sur le jardinage et la transition \u00e9nerg\u00e9tique ouvert au grand public d\u2019avril \u00e0 septembre. L\u2019\u00e9cocentre est un lieu d\u2019\u00e9changes et de partage des connaissances. La position touristique de la r\u00e9gion du Tr\u00e9gor devrait assurer les recettes n\u00e9cessaires \u00e0 l\u2019autofinancement du projet.<\/p>\n<p><strong>\u00abTravail en commun et d\u00e9cisions coll\u00e9giales\u00bb<\/strong><\/p>\n<p style=\"text-align: justify;\">\u00ab Le c\u0153ur de l\u2019Ecocentre est cette long\u00e8re, dont la r\u00e9novation a \u00e9t\u00e9 assur\u00e9e par des chantiers participatifs de b\u00e9n\u00e9voles : travail commun et convivialit\u00e9 ont guid\u00e9 cette entreprise, o\u00f9 les d\u00e9cisions se prennent de mani\u00e8re coll\u00e9giale. Divers stages sont propos\u00e9s toute l\u2019ann\u00e9e : techniques artisanales, \u00e9coconstruction&#8230; Sur le parc, par les activit\u00e9s ludiques du sentier \u00ab Quelles \u00e9nergies pour demain ? \u00bb, les enfants s\u2019initient aux pratiques \u00e9cologiques de la vie quotidienne. Le jardin p\u00e9dagogique inspir\u00e9 de l\u2019agro\u00e9cologie et de la permaculture s\u2019\u00e9tend sur 2000 m2 dans un cadre magnifique. Plantes m\u00e9dicinales et aromatiques, production de semences, les visiteurs repartent avec une foule d\u2019id\u00e9es pour am\u00e9nager leur potager ou leur balcon&#8230; L\u2019objectif est de contribuer \u00e0 faire \u00e9voluer les mentalit\u00e9s dans le sens du respect du vivant. Un vrai clin d\u2019\u0153il bienveillant pour notre bonne vieille Terre. Des visites guid\u00e9es et animations sur les espaces th\u00e9matiques sont propos\u00e9es au public. \u00bb<\/p>\n<p style=\"text-align: right;\"><strong>Aur\u00e9lien, animateur b\u00e9n\u00e9vole de l\u2019Ecocentre<\/strong><\/p>\n<p>Extrait du Recueil des Alternatives de l\u2019AlterTour 2016, disponible dans le num\u00e9ro de juin de la <a title=\"Revue Silence\" href=\"http:\/\/www.revuesilence.net\/\" target=\"_blank\" rel=\"noopener noreferrer\">Revue Silence.<\/a><\/p>\n<p>L&rsquo;\u00c9cocentre Tr\u00e9gor accueillera l&rsquo;AlterTour les 24 et 25 juillet \u00e0 Pleumeur-Bodou. D\u00e9tail des \u00e9tapes : <a href=\"http:\/\/www.altercampagne.net\/?page_id=172&amp;route=67\">ici<\/a><\/p>\n","protected":false},"excerpt":{"rendered":"<p>Fait de soci\u00e9t\u00e9, l\u2019\u00e9cologie est maintenant un v\u00e9ritable mode de vie. Deux instituteurs sont \u00e0 l\u2019origine de la cr\u00e9ation, en 2010, d\u2019un lieu de d\u00e9couverte et d\u2019exp\u00e9rimentation autour de l\u2019\u00e9cologie pratique : l\u2019\u00c9cocentre Tr\u00e9gor. Population locale et municipalit\u00e9 ont favorablement accueilli l\u2019id\u00e9e. L\u2019association loue un terrain communal de trois hectares &#8230; <\/p>\n<div><a href=\"https:\/\/www.altercampagne.net\/?p=5054\" class=\"more-link\">Read More<\/a><\/div>\n","protected":false},"author":214,"featured_media":15427,"comment_status":"closed","ping_status":"closed","sticky":false,"template":"","format":"standard","meta":{"footnotes":""},"categories":[3472,3486,3459],"tags":[13,20,294,383,405,474,521,822,1652,1669,2400,2401,2846,2849,2850,2851],"class_list":["post-5054","post","type-post","status-publish","format-standard","has-post-thumbnail","hentry","category-bretagne","category-environnement","category-edition-2016","tag-revue-silence","tag-bretagne","tag-permaculture","tag-altertour-2016","tag-agroecologie","tag-bien-commun","tag-bien-vivre","tag-biens-communs","tag-1652","tag-cotes-darmor","tag-ecocentre-tregor","tag-pleumeur-bodou","tag-accueillant","tag-accueillant2016","tag-accueillant-2016","tag-altertour2016"],"yoast_head":"<!-- This site is optimized with the Yoast SEO plugin v27.3 - https:\/\/yoast.com\/product\/yoast-seo-wordpress\/ -->\n<title>L&#039;\u00c9cocentre Tr\u00e9gor les 24 et 25 juillet \u00e0 Pleumeur-Bodou - AlterTour<\/title>\n<meta name=\"robots\" content=\"index, follow, max-snippet:-1, max-image-preview:large, max-video-preview:-1\" \/>\n<link rel=\"canonical\" href=\"https:\/\/www.altercampagne.net\/?p=5054\" \/>\n<meta property=\"og:locale\" content=\"fr_FR\" \/>\n<meta property=\"og:type\" content=\"article\" \/>\n<meta property=\"og:title\" content=\"L&#039;\u00c9cocentre Tr\u00e9gor les 24 et 25 juillet \u00e0 Pleumeur-Bodou - AlterTour\" \/>\n<meta property=\"og:description\" content=\"Fait de soci\u00e9t\u00e9, l\u2019\u00e9cologie est maintenant un v\u00e9ritable mode de vie. Deux instituteurs sont \u00e0 l\u2019origine de la cr\u00e9ation, en 2010, d\u2019un lieu de d\u00e9couverte et d\u2019exp\u00e9rimentation autour de l\u2019\u00e9cologie pratique : l\u2019\u00c9cocentre Tr\u00e9gor. Population locale et municipalit\u00e9 ont favorablement accueilli l\u2019id\u00e9e. L\u2019association loue un terrain communal de trois hectares ... Read More\" \/>\n<meta property=\"og:url\" content=\"https:\/\/www.altercampagne.net\/?p=5054\" \/>\n<meta property=\"og:site_name\" content=\"AlterTour\" \/>\n<meta property=\"article:published_time\" content=\"2016-05-25T05:35:42+00:00\" \/>\n<meta property=\"article:modified_time\" content=\"2019-09-13T13:09:43+00:00\" \/>\n<meta property=\"og:image\" content=\"https:\/\/www.altercampagne.net\/wp-content\/uploads\/2016\/05\/2016-05-25-DSC032642.jpg\" \/>\n\t<meta property=\"og:image:width\" content=\"900\" \/>\n\t<meta property=\"og:image:height\" content=\"470\" \/>\n\t<meta property=\"og:image:type\" content=\"image\/jpeg\" \/>\n<meta name=\"author\" content=\"Mathieu\" \/>\n<meta name=\"twitter:card\" content=\"summary_large_image\" \/>\n<meta name=\"twitter:label1\" content=\"\u00c9crit par\" \/>\n\t<meta name=\"twitter:data1\" content=\"Mathieu\" \/>\n\t<meta name=\"twitter:label2\" content=\"Dur\u00e9e de lecture estim\u00e9e\" \/>\n\t<meta name=\"twitter:data2\" content=\"2 minutes\" \/>\n<script type=\"application\/ld+json\" class=\"yoast-schema-graph\">{\"@context\":\"https:\\\/\\\/schema.org\",\"@graph\":[{\"@type\":\"Article\",\"@id\":\"https:\\\/\\\/www.altercampagne.net\\\/?p=5054#article\",\"isPartOf\":{\"@id\":\"https:\\\/\\\/www.altercampagne.net\\\/?p=5054\"},\"author\":{\"name\":\"Mathieu\",\"@id\":\"https:\\\/\\\/www.altercampagne.net\\\/#\\\/schema\\\/person\\\/0f261460c09e430caa0f9bcffa319109\"},\"headline\":\"L&rsquo;\u00c9cocentre Tr\u00e9gor les 24 et 25 juillet \u00e0 Pleumeur-Bodou\",\"datePublished\":\"2016-05-25T05:35:42+00:00\",\"dateModified\":\"2019-09-13T13:09:43+00:00\",\"mainEntityOfPage\":{\"@id\":\"https:\\\/\\\/www.altercampagne.net\\\/?p=5054\"},\"wordCount\":381,\"image\":{\"@id\":\"https:\\\/\\\/www.altercampagne.net\\\/?p=5054#primaryimage\"},\"thumbnailUrl\":\"https:\\\/\\\/www.altercampagne.net\\\/wp-content\\\/uploads\\\/2016\\\/05\\\/2016-05-25-DSC032642.jpg\",\"keywords\":[\"revue Silence\",\"bretagne\",\"permaculture\",\"AlterTour 2016\",\"agro\u00e9cologie\",\"bien commun\",\"bien vivre\",\"biens communs\",\"2016\",\"C\u00f4tes-d'Armor\",\"\u00c9cocentre Tr\u00e9gor\",\"Pleumeur-Bodou\",\"accueillant\",\"accueillant2016\",\"accueillant 2016\",\"AlterTour2016\"],\"articleSection\":[\"Bretagne\",\"Environnement\",\"\u00c9dition 2016\"],\"inLanguage\":\"fr-FR\"},{\"@type\":\"WebPage\",\"@id\":\"https:\\\/\\\/www.altercampagne.net\\\/?p=5054\",\"url\":\"https:\\\/\\\/www.altercampagne.net\\\/?p=5054\",\"name\":\"L'\u00c9cocentre Tr\u00e9gor les 24 et 25 juillet \u00e0 Pleumeur-Bodou - AlterTour\",\"isPartOf\":{\"@id\":\"https:\\\/\\\/www.altercampagne.net\\\/#website\"},\"primaryImageOfPage\":{\"@id\":\"https:\\\/\\\/www.altercampagne.net\\\/?p=5054#primaryimage\"},\"image\":{\"@id\":\"https:\\\/\\\/www.altercampagne.net\\\/?p=5054#primaryimage\"},\"thumbnailUrl\":\"https:\\\/\\\/www.altercampagne.net\\\/wp-content\\\/uploads\\\/2016\\\/05\\\/2016-05-25-DSC032642.jpg\",\"datePublished\":\"2016-05-25T05:35:42+00:00\",\"dateModified\":\"2019-09-13T13:09:43+00:00\",\"author\":{\"@id\":\"https:\\\/\\\/www.altercampagne.net\\\/#\\\/schema\\\/person\\\/0f261460c09e430caa0f9bcffa319109\"},\"breadcrumb\":{\"@id\":\"https:\\\/\\\/www.altercampagne.net\\\/?p=5054#breadcrumb\"},\"inLanguage\":\"fr-FR\",\"potentialAction\":[{\"@type\":\"ReadAction\",\"target\":[\"https:\\\/\\\/www.altercampagne.net\\\/?p=5054\"]}]},{\"@type\":\"ImageObject\",\"inLanguage\":\"fr-FR\",\"@id\":\"https:\\\/\\\/www.altercampagne.net\\\/?p=5054#primaryimage\",\"url\":\"https:\\\/\\\/www.altercampagne.net\\\/wp-content\\\/uploads\\\/2016\\\/05\\\/2016-05-25-DSC032642.jpg\",\"contentUrl\":\"https:\\\/\\\/www.altercampagne.net\\\/wp-content\\\/uploads\\\/2016\\\/05\\\/2016-05-25-DSC032642.jpg\",\"width\":900,\"height\":470},{\"@type\":\"BreadcrumbList\",\"@id\":\"https:\\\/\\\/www.altercampagne.net\\\/?p=5054#breadcrumb\",\"itemListElement\":[{\"@type\":\"ListItem\",\"position\":1,\"name\":\"Accueil\",\"item\":\"https:\\\/\\\/www.altercampagne.net\\\/\"},{\"@type\":\"ListItem\",\"position\":2,\"name\":\"L&rsquo;\u00c9cocentre Tr\u00e9gor les 24 et 25 juillet \u00e0 Pleumeur-Bodou\"}]},{\"@type\":\"WebSite\",\"@id\":\"https:\\\/\\\/www.altercampagne.net\\\/#website\",\"url\":\"https:\\\/\\\/www.altercampagne.net\\\/\",\"name\":\"AlterTour\",\"description\":\"Reliez les Alternatives \u00e0 v\u00e9lo\",\"potentialAction\":[{\"@type\":\"SearchAction\",\"target\":{\"@type\":\"EntryPoint\",\"urlTemplate\":\"https:\\\/\\\/www.altercampagne.net\\\/?s={search_term_string}\"},\"query-input\":{\"@type\":\"PropertyValueSpecification\",\"valueRequired\":true,\"valueName\":\"search_term_string\"}}],\"inLanguage\":\"fr-FR\"},{\"@type\":\"Person\",\"@id\":\"https:\\\/\\\/www.altercampagne.net\\\/#\\\/schema\\\/person\\\/0f261460c09e430caa0f9bcffa319109\",\"name\":\"Mathieu\",\"image\":{\"@type\":\"ImageObject\",\"inLanguage\":\"fr-FR\",\"@id\":\"https:\\\/\\\/secure.gravatar.com\\\/avatar\\\/aa9d3d24c83f2141e5e2709d0f63d09a99f6be6bb7a50abc4915838d9f54501a?s=96&d=mm&r=g\",\"url\":\"https:\\\/\\\/secure.gravatar.com\\\/avatar\\\/aa9d3d24c83f2141e5e2709d0f63d09a99f6be6bb7a50abc4915838d9f54501a?s=96&d=mm&r=g\",\"contentUrl\":\"https:\\\/\\\/secure.gravatar.com\\\/avatar\\\/aa9d3d24c83f2141e5e2709d0f63d09a99f6be6bb7a50abc4915838d9f54501a?s=96&d=mm&r=g\",\"caption\":\"Mathieu\"},\"url\":\"https:\\\/\\\/www.altercampagne.net\\\/?author=214\"}]}<\/script>\n<!-- \/ Yoast SEO plugin. -->","yoast_head_json":{"title":"L'\u00c9cocentre Tr\u00e9gor les 24 et 25 juillet \u00e0 Pleumeur-Bodou - AlterTour","robots":{"index":"index","follow":"follow","max-snippet":"max-snippet:-1","max-image-preview":"max-image-preview:large","max-video-preview":"max-video-preview:-1"},"canonical":"https:\/\/www.altercampagne.net\/?p=5054","og_locale":"fr_FR","og_type":"article","og_title":"L'\u00c9cocentre Tr\u00e9gor les 24 et 25 juillet \u00e0 Pleumeur-Bodou - AlterTour","og_description":"Fait de soci\u00e9t\u00e9, l\u2019\u00e9cologie est maintenant un v\u00e9ritable mode de vie. Deux instituteurs sont \u00e0 l\u2019origine de la cr\u00e9ation, en 2010, d\u2019un lieu de d\u00e9couverte et d\u2019exp\u00e9rimentation autour de l\u2019\u00e9cologie pratique : l\u2019\u00c9cocentre Tr\u00e9gor. Population locale et municipalit\u00e9 ont favorablement accueilli l\u2019id\u00e9e. L\u2019association loue un terrain communal de trois hectares ... Read More","og_url":"https:\/\/www.altercampagne.net\/?p=5054","og_site_name":"AlterTour","article_published_time":"2016-05-25T05:35:42+00:00","article_modified_time":"2019-09-13T13:09:43+00:00","og_image":[{"width":900,"height":470,"url":"https:\/\/www.altercampagne.net\/wp-content\/uploads\/2016\/05\/2016-05-25-DSC032642.jpg","type":"image\/jpeg"}],"author":"Mathieu","twitter_card":"summary_large_image","twitter_misc":{"\u00c9crit par":"Mathieu","Dur\u00e9e de lecture estim\u00e9e":"2 minutes"},"schema":{"@context":"https:\/\/schema.org","@graph":[{"@type":"Article","@id":"https:\/\/www.altercampagne.net\/?p=5054#article","isPartOf":{"@id":"https:\/\/www.altercampagne.net\/?p=5054"},"author":{"name":"Mathieu","@id":"https:\/\/www.altercampagne.net\/#\/schema\/person\/0f261460c09e430caa0f9bcffa319109"},"headline":"L&rsquo;\u00c9cocentre Tr\u00e9gor les 24 et 25 juillet \u00e0 Pleumeur-Bodou","datePublished":"2016-05-25T05:35:42+00:00","dateModified":"2019-09-13T13:09:43+00:00","mainEntityOfPage":{"@id":"https:\/\/www.altercampagne.net\/?p=5054"},"wordCount":381,"image":{"@id":"https:\/\/www.altercampagne.net\/?p=5054#primaryimage"},"thumbnailUrl":"https:\/\/www.altercampagne.net\/wp-content\/uploads\/2016\/05\/2016-05-25-DSC032642.jpg","keywords":["revue Silence","bretagne","permaculture","AlterTour 2016","agro\u00e9cologie","bien commun","bien vivre","biens communs","2016","C\u00f4tes-d'Armor","\u00c9cocentre Tr\u00e9gor","Pleumeur-Bodou","accueillant","accueillant2016","accueillant 2016","AlterTour2016"],"articleSection":["Bretagne","Environnement","\u00c9dition 2016"],"inLanguage":"fr-FR"},{"@type":"WebPage","@id":"https:\/\/www.altercampagne.net\/?p=5054","url":"https:\/\/www.altercampagne.net\/?p=5054","name":"L'\u00c9cocentre Tr\u00e9gor les 24 et 25 juillet \u00e0 Pleumeur-Bodou - AlterTour","isPartOf":{"@id":"https:\/\/www.altercampagne.net\/#website"},"primaryImageOfPage":{"@id":"https:\/\/www.altercampagne.net\/?p=5054#primaryimage"},"image":{"@id":"https:\/\/www.altercampagne.net\/?p=5054#primaryimage"},"thumbnailUrl":"https:\/\/www.altercampagne.net\/wp-content\/uploads\/2016\/05\/2016-05-25-DSC032642.jpg","datePublished":"2016-05-25T05:35:42+00:00","dateModified":"2019-09-13T13:09:43+00:00","author":{"@id":"https:\/\/www.altercampagne.net\/#\/schema\/person\/0f261460c09e430caa0f9bcffa319109"},"breadcrumb":{"@id":"https:\/\/www.altercampagne.net\/?p=5054#breadcrumb"},"inLanguage":"fr-FR","potentialAction":[{"@type":"ReadAction","target":["https:\/\/www.altercampagne.net\/?p=5054"]}]},{"@type":"ImageObject","inLanguage":"fr-FR","@id":"https:\/\/www.altercampagne.net\/?p=5054#primaryimage","url":"https:\/\/www.altercampagne.net\/wp-content\/uploads\/2016\/05\/2016-05-25-DSC032642.jpg","contentUrl":"https:\/\/www.altercampagne.net\/wp-content\/uploads\/2016\/05\/2016-05-25-DSC032642.jpg","width":900,"height":470},{"@type":"BreadcrumbList","@id":"https:\/\/www.altercampagne.net\/?p=5054#breadcrumb","itemListElement":[{"@type":"ListItem","position":1,"name":"Accueil","item":"https:\/\/www.altercampagne.net\/"},{"@type":"ListItem","position":2,"name":"L&rsquo;\u00c9cocentre Tr\u00e9gor les 24 et 25 juillet \u00e0 Pleumeur-Bodou"}]},{"@type":"WebSite","@id":"https:\/\/www.altercampagne.net\/#website","url":"https:\/\/www.altercampagne.net\/","name":"AlterTour","description":"Reliez les Alternatives \u00e0 v\u00e9lo","potentialAction":[{"@type":"SearchAction","target":{"@type":"EntryPoint","urlTemplate":"https:\/\/www.altercampagne.net\/?s={search_term_string}"},"query-input":{"@type":"PropertyValueSpecification","valueRequired":true,"valueName":"search_term_string"}}],"inLanguage":"fr-FR"},{"@type":"Person","@id":"https:\/\/www.altercampagne.net\/#\/schema\/person\/0f261460c09e430caa0f9bcffa319109","name":"Mathieu","image":{"@type":"ImageObject","inLanguage":"fr-FR","@id":"https:\/\/secure.gravatar.com\/avatar\/aa9d3d24c83f2141e5e2709d0f63d09a99f6be6bb7a50abc4915838d9f54501a?s=96&d=mm&r=g","url":"https:\/\/secure.gravatar.com\/avatar\/aa9d3d24c83f2141e5e2709d0f63d09a99f6be6bb7a50abc4915838d9f54501a?s=96&d=mm&r=g","contentUrl":"https:\/\/secure.gravatar.com\/avatar\/aa9d3d24c83f2141e5e2709d0f63d09a99f6be6bb7a50abc4915838d9f54501a?s=96&d=mm&r=g","caption":"Mathieu"},"url":"https:\/\/www.altercampagne.net\/?author=214"}]}},"_links":{"self":[{"href":"https:\/\/www.altercampagne.net\/index.php?rest_route=\/wp\/v2\/posts\/5054","targetHints":{"allow":["GET"]}}],"collection":[{"href":"https:\/\/www.altercampagne.net\/index.php?rest_route=\/wp\/v2\/posts"}],"about":[{"href":"https:\/\/www.altercampagne.net\/index.php?rest_route=\/wp\/v2\/types\/post"}],"author":[{"embeddable":true,"href":"https:\/\/www.altercampagne.net\/index.php?rest_route=\/wp\/v2\/users\/214"}],"replies":[{"embeddable":true,"href":"https:\/\/www.altercampagne.net\/index.php?rest_route=%2Fwp%2Fv2%2Fcomments&post=5054"}],"version-history":[{"count":0,"href":"https:\/\/www.altercampagne.net\/index.php?rest_route=\/wp\/v2\/posts\/5054\/revisions"}],"wp:featuredmedia":[{"embeddable":true,"href":"https:\/\/www.altercampagne.net\/index.php?rest_route=\/wp\/v2\/media\/15427"}],"wp:attachment":[{"href":"https:\/\/www.altercampagne.net\/index.php?rest_route=%2Fwp%2Fv2%2Fmedia&parent=5054"}],"wp:term":[{"taxonomy":"category","embeddable":true,"href":"https:\/\/www.altercampagne.net\/index.php?rest_route=%2Fwp%2Fv2%2Fcategories&post=5054"},{"taxonomy":"post_tag","embeddable":true,"href":"https:\/\/www.altercampagne.net\/index.php?rest_route=%2Fwp%2Fv2%2Ftags&post=5054"}],"curies":[{"name":"wp","href":"https:\/\/api.w.org\/{rel}","templated":true}]}}