{"id":5056,"date":"2016-05-27T08:24:30","date_gmt":"2016-05-27T06:24:30","guid":{"rendered":"http:\/\/www.altercampagne.net\/?p=5056"},"modified":"2019-09-13T15:13:55","modified_gmt":"2019-09-13T13:13:55","slug":"la-pature-es-chenes-le-24-juillet-a-henon","status":"publish","type":"post","link":"https:\/\/www.altercampagne.net\/?p=5056","title":{"rendered":"La P\u00e2ture Es Ch\u00eanes le 24 juillet \u00e0 Henon"},"content":{"rendered":"<p style=\"text-align: justify;\"><a href=\"http:\/\/www.altercampagne.net\/wp-content\/uploads\/2016\/05\/2016-07-24-Pature-es-chenes.jpg\"><img loading=\"lazy\" decoding=\"async\" class=\" size-medium wp-image-4930 alignright\" src=\"http:\/\/www.altercampagne.net\/wp-content\/uploads\/2016\/05\/2016-07-24-Pature-es-chenes-300x219.jpg\" alt=\"2016-07-24-Pature-es-chenes\" width=\"300\" height=\"219\" srcset=\"https:\/\/www.altercampagne.net\/wp-content\/uploads\/2016\/05\/2016-07-24-Pature-es-chenes-300x219.jpg 300w, https:\/\/www.altercampagne.net\/wp-content\/uploads\/2016\/05\/2016-07-24-Pature-es-chenes.jpg 686w\" sizes=\"auto, (max-width: 300px) 100vw, 300px\" \/><\/a>C\u2019\u00e9tait un bout de terre, tout ce qu\u2019il y a de plus ordinaire. 4000 m\u00e8tres carr\u00e9s laiss\u00e9s \u00e0 l\u2019abandon au bord d\u2019une petite route. C\u2019est devenu un incroyable jardin d\u2019abondance qui fait vivre un couple et ses trois enfants. Une famille en transition depuis cinq ou six ans. D\u2019abord, ils quittent la ville, leur appartement et leurs boulots bien pay\u00e9s. Il \u00e9tait chef d\u2019entreprise, elle cr\u00e9ait des sites Internet. Sylvaine et Gr\u00e9gory se mettent en chemin. Portugal, Espagne, ils croisent des adeptes de la permaculture. De retour en Bretagne, ils investissent la P\u00e2ture aux Ch\u00eanes, <a href=\"http:\/\/www.lapatureeschenes.fr\/\" target=\"_blank\" rel=\"noopener noreferrer\">P\u00e2ture Es Ch\u00eanes<\/a> en vieux fran\u00e7ais. Au bord de cette petite route, sur ce lopin familial, ils fondent un lieu d\u2019exp\u00e9rimentation de l\u2019abondance vivri\u00e8re et y d\u00e9veloppent l\u2019art de tirer le meilleur de la terre, en travaillant avec elle plut\u00f4t que contre elle. Pour assurer leur autosuffisance financi\u00e8re, ils proposent des visites guid\u00e9es, des formations sur le \u00ab jardinage sol-vivant \u00bb, des ateliers p\u00e9dagogiques pour les enfants, etc. Les demandes affluent et ce n\u2019est qu\u2019un d\u00e9but !<\/p>\n<p><strong>\u00ab Les tensions autour de la terre nourrici\u00e8re sont encr\u00e9es en nous. \u00bb<\/strong><\/p>\n<p style=\"text-align: justify;\">\u00ab L\u2019id\u00e9e, c\u2019est de pouvoir montrer que m\u00eame \u00e0 partir d\u2019un d\u00e9sert on peut cr\u00e9er une oasis. De montrer \u00e0 tout le monde que toute la terre est bonne et nourrici\u00e8re. C\u2019est en \u00e7a qu\u2019on se rapproche d\u2019une r\u00e9flexion en permaculture. Bien vivre, c\u2019est avoir acc\u00e8s \u00e0 une nourriture saine et pas ch\u00e8re. On soutient les Incroyables Comestibles de Saint-Brieuc avec des dons de semences, de plants et par le partage des savoirs. Si chacun se rendait compte que sur la moindre petite parcelle de terre pr\u00e8s de sa maison, il pouvait produire en abondance, la dimension de lutte pour l\u2019acc\u00e8s \u00e0 la nourriture ou au territoire pourrait dispara\u00eetre. Et il en r\u00e9sulterait chez chacun une plus grande ouverture d\u2019esprit. Les tensions autour de la terre nourrici\u00e8re sont vraiment ancr\u00e9es en nous. Et pourtant, l\u2019abondance est l\u00e0, sous nos pieds ! Apprenons \u00e0 cultiver cette richesse que la terre nous donne et il y aura moins de conflits entre nous. \u00bb<\/p>\n<p style=\"text-align: right;\"><strong>Sylvaine et Gr\u00e9gory, cr\u00e9ateurs du jardin p\u00e9dagogique et mara\u00eechers de La P\u00e2ture es Ch\u00eanes<\/strong><\/p>\n<p>Extrait du Recueil des Alternatives de l\u2019AlterTour 2016, disponible dans le num\u00e9ro de juin de la <a title=\"Revue Silence\" href=\"http:\/\/www.revuesilence.net\/\" target=\"_blank\" rel=\"noopener noreferrer\">Revue Silence.<\/a><\/p>\n<p>La P\u00e2ture Es Ch\u00eanes accueillera l\u2019\u00c9chapp\u00e9e Belle de l\u2019AlterTour le 24 juillet 2016 \u00e0 Henon. D\u00e9tail de l&rsquo;\u00e9tape : <a href=\"http:\/\/www.altercampagne.net\/?page_id=4917&amp;route=97\">ici<\/a><\/p>\n","protected":false},"excerpt":{"rendered":"<p>C\u2019\u00e9tait un bout de terre, tout ce qu\u2019il y a de plus ordinaire. 4000 m\u00e8tres carr\u00e9s laiss\u00e9s \u00e0 l\u2019abandon au bord d\u2019une petite route. C\u2019est devenu un incroyable jardin d\u2019abondance qui fait vivre un couple et ses trois enfants. Une famille en transition depuis cinq ou six ans. D\u2019abord, ils &#8230; <\/p>\n<div><a href=\"https:\/\/www.altercampagne.net\/?p=5056\" class=\"more-link\">Read More<\/a><\/div>\n","protected":false},"author":214,"featured_media":15429,"comment_status":"closed","ping_status":"closed","sticky":false,"template":"","format":"standard","meta":{"footnotes":""},"categories":[3483,3472,3459],"tags":[1669,2851,2850,2849,2846,2405,2404,2403,2402,13,1652,822,521,474,383,294,223,20],"class_list":["post-5056","post","type-post","status-publish","format-standard","has-post-thumbnail","hentry","category-agriculture","category-bretagne","category-edition-2016","tag-cotes-darmor","tag-altertour2016","tag-accueillant-2016","tag-accueillant2016","tag-accueillant","tag-saint-brieuc","tag-echappee-belle-2016","tag-henon","tag-pature-es-chenes","tag-revue-silence","tag-1652","tag-biens-communs","tag-bien-vivre","tag-bien-commun","tag-altertour-2016","tag-permaculture","tag-incroyables-comestibles","tag-bretagne"],"yoast_head":"<!-- This site is optimized with the Yoast SEO plugin v27.3 - https:\/\/yoast.com\/product\/yoast-seo-wordpress\/ -->\n<title>La P\u00e2ture Es Ch\u00eanes le 24 juillet \u00e0 Henon - AlterTour<\/title>\n<meta name=\"robots\" content=\"index, follow, max-snippet:-1, max-image-preview:large, max-video-preview:-1\" \/>\n<link rel=\"canonical\" href=\"https:\/\/www.altercampagne.net\/?p=5056\" \/>\n<meta property=\"og:locale\" content=\"fr_FR\" \/>\n<meta property=\"og:type\" content=\"article\" \/>\n<meta property=\"og:title\" content=\"La P\u00e2ture Es Ch\u00eanes le 24 juillet \u00e0 Henon - AlterTour\" \/>\n<meta property=\"og:description\" content=\"C\u2019\u00e9tait un bout de terre, tout ce qu\u2019il y a de plus ordinaire. 4000 m\u00e8tres carr\u00e9s laiss\u00e9s \u00e0 l\u2019abandon au bord d\u2019une petite route. C\u2019est devenu un incroyable jardin d\u2019abondance qui fait vivre un couple et ses trois enfants. Une famille en transition depuis cinq ou six ans. D\u2019abord, ils ... Read More\" \/>\n<meta property=\"og:url\" content=\"https:\/\/www.altercampagne.net\/?p=5056\" \/>\n<meta property=\"og:site_name\" content=\"AlterTour\" \/>\n<meta property=\"article:published_time\" content=\"2016-05-27T06:24:30+00:00\" \/>\n<meta property=\"article:modified_time\" content=\"2019-09-13T13:13:55+00:00\" \/>\n<meta property=\"og:image\" content=\"https:\/\/www.altercampagne.net\/wp-content\/uploads\/2016\/05\/2016-05-27-4-VISI1.jpg\" \/>\n\t<meta property=\"og:image:width\" content=\"900\" \/>\n\t<meta property=\"og:image:height\" content=\"470\" \/>\n\t<meta property=\"og:image:type\" content=\"image\/jpeg\" \/>\n<meta name=\"author\" content=\"Mathieu\" \/>\n<meta name=\"twitter:card\" content=\"summary_large_image\" \/>\n<meta name=\"twitter:label1\" content=\"\u00c9crit par\" \/>\n\t<meta name=\"twitter:data1\" content=\"Mathieu\" \/>\n\t<meta name=\"twitter:label2\" content=\"Dur\u00e9e de lecture estim\u00e9e\" \/>\n\t<meta name=\"twitter:data2\" content=\"2 minutes\" \/>\n<script type=\"application\/ld+json\" class=\"yoast-schema-graph\">{\"@context\":\"https:\\\/\\\/schema.org\",\"@graph\":[{\"@type\":\"Article\",\"@id\":\"https:\\\/\\\/www.altercampagne.net\\\/?p=5056#article\",\"isPartOf\":{\"@id\":\"https:\\\/\\\/www.altercampagne.net\\\/?p=5056\"},\"author\":{\"name\":\"Mathieu\",\"@id\":\"https:\\\/\\\/www.altercampagne.net\\\/#\\\/schema\\\/person\\\/0f261460c09e430caa0f9bcffa319109\"},\"headline\":\"La P\u00e2ture Es Ch\u00eanes le 24 juillet \u00e0 Henon\",\"datePublished\":\"2016-05-27T06:24:30+00:00\",\"dateModified\":\"2019-09-13T13:13:55+00:00\",\"mainEntityOfPage\":{\"@id\":\"https:\\\/\\\/www.altercampagne.net\\\/?p=5056\"},\"wordCount\":460,\"image\":{\"@id\":\"https:\\\/\\\/www.altercampagne.net\\\/?p=5056#primaryimage\"},\"thumbnailUrl\":\"https:\\\/\\\/www.altercampagne.net\\\/wp-content\\\/uploads\\\/2016\\\/05\\\/2016-05-27-4-VISI1.jpg\",\"keywords\":[\"C\u00f4tes-d'Armor\",\"AlterTour2016\",\"accueillant 2016\",\"accueillant2016\",\"accueillant\",\"Saint-Brieuc\",\"\u00c9chapp\u00e9e Belle 2016\",\"Henon\",\"P\u00e2ture Es Ch\u00eanes\",\"revue Silence\",\"2016\",\"biens communs\",\"bien vivre\",\"bien commun\",\"AlterTour 2016\",\"permaculture\",\"Incroyables comestibles\",\"bretagne\"],\"articleSection\":[\"Agriculture\",\"Bretagne\",\"\u00c9dition 2016\"],\"inLanguage\":\"fr-FR\"},{\"@type\":\"WebPage\",\"@id\":\"https:\\\/\\\/www.altercampagne.net\\\/?p=5056\",\"url\":\"https:\\\/\\\/www.altercampagne.net\\\/?p=5056\",\"name\":\"La P\u00e2ture Es Ch\u00eanes le 24 juillet \u00e0 Henon - AlterTour\",\"isPartOf\":{\"@id\":\"https:\\\/\\\/www.altercampagne.net\\\/#website\"},\"primaryImageOfPage\":{\"@id\":\"https:\\\/\\\/www.altercampagne.net\\\/?p=5056#primaryimage\"},\"image\":{\"@id\":\"https:\\\/\\\/www.altercampagne.net\\\/?p=5056#primaryimage\"},\"thumbnailUrl\":\"https:\\\/\\\/www.altercampagne.net\\\/wp-content\\\/uploads\\\/2016\\\/05\\\/2016-05-27-4-VISI1.jpg\",\"datePublished\":\"2016-05-27T06:24:30+00:00\",\"dateModified\":\"2019-09-13T13:13:55+00:00\",\"author\":{\"@id\":\"https:\\\/\\\/www.altercampagne.net\\\/#\\\/schema\\\/person\\\/0f261460c09e430caa0f9bcffa319109\"},\"breadcrumb\":{\"@id\":\"https:\\\/\\\/www.altercampagne.net\\\/?p=5056#breadcrumb\"},\"inLanguage\":\"fr-FR\",\"potentialAction\":[{\"@type\":\"ReadAction\",\"target\":[\"https:\\\/\\\/www.altercampagne.net\\\/?p=5056\"]}]},{\"@type\":\"ImageObject\",\"inLanguage\":\"fr-FR\",\"@id\":\"https:\\\/\\\/www.altercampagne.net\\\/?p=5056#primaryimage\",\"url\":\"https:\\\/\\\/www.altercampagne.net\\\/wp-content\\\/uploads\\\/2016\\\/05\\\/2016-05-27-4-VISI1.jpg\",\"contentUrl\":\"https:\\\/\\\/www.altercampagne.net\\\/wp-content\\\/uploads\\\/2016\\\/05\\\/2016-05-27-4-VISI1.jpg\",\"width\":900,\"height\":470},{\"@type\":\"BreadcrumbList\",\"@id\":\"https:\\\/\\\/www.altercampagne.net\\\/?p=5056#breadcrumb\",\"itemListElement\":[{\"@type\":\"ListItem\",\"position\":1,\"name\":\"Accueil\",\"item\":\"https:\\\/\\\/www.altercampagne.net\\\/\"},{\"@type\":\"ListItem\",\"position\":2,\"name\":\"La P\u00e2ture Es Ch\u00eanes le 24 juillet \u00e0 Henon\"}]},{\"@type\":\"WebSite\",\"@id\":\"https:\\\/\\\/www.altercampagne.net\\\/#website\",\"url\":\"https:\\\/\\\/www.altercampagne.net\\\/\",\"name\":\"AlterTour\",\"description\":\"Reliez les Alternatives \u00e0 v\u00e9lo\",\"potentialAction\":[{\"@type\":\"SearchAction\",\"target\":{\"@type\":\"EntryPoint\",\"urlTemplate\":\"https:\\\/\\\/www.altercampagne.net\\\/?s={search_term_string}\"},\"query-input\":{\"@type\":\"PropertyValueSpecification\",\"valueRequired\":true,\"valueName\":\"search_term_string\"}}],\"inLanguage\":\"fr-FR\"},{\"@type\":\"Person\",\"@id\":\"https:\\\/\\\/www.altercampagne.net\\\/#\\\/schema\\\/person\\\/0f261460c09e430caa0f9bcffa319109\",\"name\":\"Mathieu\",\"image\":{\"@type\":\"ImageObject\",\"inLanguage\":\"fr-FR\",\"@id\":\"https:\\\/\\\/secure.gravatar.com\\\/avatar\\\/aa9d3d24c83f2141e5e2709d0f63d09a99f6be6bb7a50abc4915838d9f54501a?s=96&d=mm&r=g\",\"url\":\"https:\\\/\\\/secure.gravatar.com\\\/avatar\\\/aa9d3d24c83f2141e5e2709d0f63d09a99f6be6bb7a50abc4915838d9f54501a?s=96&d=mm&r=g\",\"contentUrl\":\"https:\\\/\\\/secure.gravatar.com\\\/avatar\\\/aa9d3d24c83f2141e5e2709d0f63d09a99f6be6bb7a50abc4915838d9f54501a?s=96&d=mm&r=g\",\"caption\":\"Mathieu\"},\"url\":\"https:\\\/\\\/www.altercampagne.net\\\/?author=214\"}]}<\/script>\n<!-- \/ Yoast SEO plugin. -->","yoast_head_json":{"title":"La P\u00e2ture Es Ch\u00eanes le 24 juillet \u00e0 Henon - AlterTour","robots":{"index":"index","follow":"follow","max-snippet":"max-snippet:-1","max-image-preview":"max-image-preview:large","max-video-preview":"max-video-preview:-1"},"canonical":"https:\/\/www.altercampagne.net\/?p=5056","og_locale":"fr_FR","og_type":"article","og_title":"La P\u00e2ture Es Ch\u00eanes le 24 juillet \u00e0 Henon - AlterTour","og_description":"C\u2019\u00e9tait un bout de terre, tout ce qu\u2019il y a de plus ordinaire. 4000 m\u00e8tres carr\u00e9s laiss\u00e9s \u00e0 l\u2019abandon au bord d\u2019une petite route. C\u2019est devenu un incroyable jardin d\u2019abondance qui fait vivre un couple et ses trois enfants. Une famille en transition depuis cinq ou six ans. D\u2019abord, ils ... Read More","og_url":"https:\/\/www.altercampagne.net\/?p=5056","og_site_name":"AlterTour","article_published_time":"2016-05-27T06:24:30+00:00","article_modified_time":"2019-09-13T13:13:55+00:00","og_image":[{"width":900,"height":470,"url":"https:\/\/www.altercampagne.net\/wp-content\/uploads\/2016\/05\/2016-05-27-4-VISI1.jpg","type":"image\/jpeg"}],"author":"Mathieu","twitter_card":"summary_large_image","twitter_misc":{"\u00c9crit par":"Mathieu","Dur\u00e9e de lecture estim\u00e9e":"2 minutes"},"schema":{"@context":"https:\/\/schema.org","@graph":[{"@type":"Article","@id":"https:\/\/www.altercampagne.net\/?p=5056#article","isPartOf":{"@id":"https:\/\/www.altercampagne.net\/?p=5056"},"author":{"name":"Mathieu","@id":"https:\/\/www.altercampagne.net\/#\/schema\/person\/0f261460c09e430caa0f9bcffa319109"},"headline":"La P\u00e2ture Es Ch\u00eanes le 24 juillet \u00e0 Henon","datePublished":"2016-05-27T06:24:30+00:00","dateModified":"2019-09-13T13:13:55+00:00","mainEntityOfPage":{"@id":"https:\/\/www.altercampagne.net\/?p=5056"},"wordCount":460,"image":{"@id":"https:\/\/www.altercampagne.net\/?p=5056#primaryimage"},"thumbnailUrl":"https:\/\/www.altercampagne.net\/wp-content\/uploads\/2016\/05\/2016-05-27-4-VISI1.jpg","keywords":["C\u00f4tes-d'Armor","AlterTour2016","accueillant 2016","accueillant2016","accueillant","Saint-Brieuc","\u00c9chapp\u00e9e Belle 2016","Henon","P\u00e2ture Es Ch\u00eanes","revue Silence","2016","biens communs","bien vivre","bien commun","AlterTour 2016","permaculture","Incroyables comestibles","bretagne"],"articleSection":["Agriculture","Bretagne","\u00c9dition 2016"],"inLanguage":"fr-FR"},{"@type":"WebPage","@id":"https:\/\/www.altercampagne.net\/?p=5056","url":"https:\/\/www.altercampagne.net\/?p=5056","name":"La P\u00e2ture Es Ch\u00eanes le 24 juillet \u00e0 Henon - AlterTour","isPartOf":{"@id":"https:\/\/www.altercampagne.net\/#website"},"primaryImageOfPage":{"@id":"https:\/\/www.altercampagne.net\/?p=5056#primaryimage"},"image":{"@id":"https:\/\/www.altercampagne.net\/?p=5056#primaryimage"},"thumbnailUrl":"https:\/\/www.altercampagne.net\/wp-content\/uploads\/2016\/05\/2016-05-27-4-VISI1.jpg","datePublished":"2016-05-27T06:24:30+00:00","dateModified":"2019-09-13T13:13:55+00:00","author":{"@id":"https:\/\/www.altercampagne.net\/#\/schema\/person\/0f261460c09e430caa0f9bcffa319109"},"breadcrumb":{"@id":"https:\/\/www.altercampagne.net\/?p=5056#breadcrumb"},"inLanguage":"fr-FR","potentialAction":[{"@type":"ReadAction","target":["https:\/\/www.altercampagne.net\/?p=5056"]}]},{"@type":"ImageObject","inLanguage":"fr-FR","@id":"https:\/\/www.altercampagne.net\/?p=5056#primaryimage","url":"https:\/\/www.altercampagne.net\/wp-content\/uploads\/2016\/05\/2016-05-27-4-VISI1.jpg","contentUrl":"https:\/\/www.altercampagne.net\/wp-content\/uploads\/2016\/05\/2016-05-27-4-VISI1.jpg","width":900,"height":470},{"@type":"BreadcrumbList","@id":"https:\/\/www.altercampagne.net\/?p=5056#breadcrumb","itemListElement":[{"@type":"ListItem","position":1,"name":"Accueil","item":"https:\/\/www.altercampagne.net\/"},{"@type":"ListItem","position":2,"name":"La P\u00e2ture Es Ch\u00eanes le 24 juillet \u00e0 Henon"}]},{"@type":"WebSite","@id":"https:\/\/www.altercampagne.net\/#website","url":"https:\/\/www.altercampagne.net\/","name":"AlterTour","description":"Reliez les Alternatives \u00e0 v\u00e9lo","potentialAction":[{"@type":"SearchAction","target":{"@type":"EntryPoint","urlTemplate":"https:\/\/www.altercampagne.net\/?s={search_term_string}"},"query-input":{"@type":"PropertyValueSpecification","valueRequired":true,"valueName":"search_term_string"}}],"inLanguage":"fr-FR"},{"@type":"Person","@id":"https:\/\/www.altercampagne.net\/#\/schema\/person\/0f261460c09e430caa0f9bcffa319109","name":"Mathieu","image":{"@type":"ImageObject","inLanguage":"fr-FR","@id":"https:\/\/secure.gravatar.com\/avatar\/aa9d3d24c83f2141e5e2709d0f63d09a99f6be6bb7a50abc4915838d9f54501a?s=96&d=mm&r=g","url":"https:\/\/secure.gravatar.com\/avatar\/aa9d3d24c83f2141e5e2709d0f63d09a99f6be6bb7a50abc4915838d9f54501a?s=96&d=mm&r=g","contentUrl":"https:\/\/secure.gravatar.com\/avatar\/aa9d3d24c83f2141e5e2709d0f63d09a99f6be6bb7a50abc4915838d9f54501a?s=96&d=mm&r=g","caption":"Mathieu"},"url":"https:\/\/www.altercampagne.net\/?author=214"}]}},"_links":{"self":[{"href":"https:\/\/www.altercampagne.net\/index.php?rest_route=\/wp\/v2\/posts\/5056","targetHints":{"allow":["GET"]}}],"collection":[{"href":"https:\/\/www.altercampagne.net\/index.php?rest_route=\/wp\/v2\/posts"}],"about":[{"href":"https:\/\/www.altercampagne.net\/index.php?rest_route=\/wp\/v2\/types\/post"}],"author":[{"embeddable":true,"href":"https:\/\/www.altercampagne.net\/index.php?rest_route=\/wp\/v2\/users\/214"}],"replies":[{"embeddable":true,"href":"https:\/\/www.altercampagne.net\/index.php?rest_route=%2Fwp%2Fv2%2Fcomments&post=5056"}],"version-history":[{"count":0,"href":"https:\/\/www.altercampagne.net\/index.php?rest_route=\/wp\/v2\/posts\/5056\/revisions"}],"wp:featuredmedia":[{"embeddable":true,"href":"https:\/\/www.altercampagne.net\/index.php?rest_route=\/wp\/v2\/media\/15429"}],"wp:attachment":[{"href":"https:\/\/www.altercampagne.net\/index.php?rest_route=%2Fwp%2Fv2%2Fmedia&parent=5056"}],"wp:term":[{"taxonomy":"category","embeddable":true,"href":"https:\/\/www.altercampagne.net\/index.php?rest_route=%2Fwp%2Fv2%2Fcategories&post=5056"},{"taxonomy":"post_tag","embeddable":true,"href":"https:\/\/www.altercampagne.net\/index.php?rest_route=%2Fwp%2Fv2%2Ftags&post=5056"}],"curies":[{"name":"wp","href":"https:\/\/api.w.org\/{rel}","templated":true}]}}