{"id":5058,"date":"2016-05-30T08:34:07","date_gmt":"2016-05-30T06:34:07","guid":{"rendered":"http:\/\/www.altercampagne.net\/?p=5058"},"modified":"2019-09-13T15:17:23","modified_gmt":"2019-09-13T13:17:23","slug":"les-dessinacteurs-le-26-juillet-a-loc-envel","status":"publish","type":"post","link":"https:\/\/www.altercampagne.net\/?p=5058","title":{"rendered":"Les Dessin&rsquo;Acteurs le 26 juillet \u00e0 Loc Envel"},"content":{"rendered":"<p style=\"text-align: justify;\"><a href=\"http:\/\/www.altercampagne.net\/wp-content\/uploads\/2016\/05\/2016-07-26-dessinacteurs.jpg\"><img loading=\"lazy\" decoding=\"async\" class=\" size-medium wp-image-4886 alignleft\" src=\"http:\/\/www.altercampagne.net\/wp-content\/uploads\/2016\/05\/2016-07-26-dessinacteurs-300x219.jpg\" alt=\"dessin'acteurs\" width=\"300\" height=\"219\" srcset=\"https:\/\/www.altercampagne.net\/wp-content\/uploads\/2016\/05\/2016-07-26-dessinacteurs-300x219.jpg 300w, https:\/\/www.altercampagne.net\/wp-content\/uploads\/2016\/05\/2016-07-26-dessinacteurs.jpg 686w\" sizes=\"auto, (max-width: 300px) 100vw, 300px\" \/><\/a>Tchernobyl, les toilettes s\u00e8ches, l\u2019environnement ou la d\u00e9sob\u00e9issance civile en BD ? C\u2019est possible et les <a href=\"http:\/\/dessinacteurs.org\/\" target=\"_blank\" rel=\"noopener noreferrer\">Dessin\u2019Acteurs<\/a> le d\u00e9montrent depuis plus de dix ans \u00e0 coups de crayons et tablettes graphiques. Ils traitent de sujets de soci\u00e9t\u00e9 en inversant la logique : plut\u00f4t que \u00ab subir \u00bb des sc\u00e9narios convenus, ce collectif s\u2019empare d\u2019un sujet, se d\u00e9place sur le terrain. Puis, par la magie du dessin, nous conscientise, petits ou grands, au travers d\u2019albums complets ou de s\u00e9ries de cartes postales. Depuis plus de 2 ans, c\u2019est le th\u00e8me de la non-violence teint\u00e9e d\u2019\u00e9cologie qui est sur la table \u00e0 dessin. D\u00e9cortiqu\u00e9e, elle constitue le fil conducteur d\u2019un roman graphique, Ahims\u00e2, \u00ab non-violence \u00bb en sanskrit. En 2 tomes, dont le premier est pr\u00e9vu pour 2017, leurs auteurs \u2013 Dom\u2019, sc\u00e9nariste-dessinateur, et Etienne, co-sc\u00e9nariste \u2013 nous emm\u00e8neront parcourir le monde. Gabon, Palestine Serbie, France, ils suivront les chemins de la violence du pass\u00e9 pour mieux nous montrer ceux de la non-violence, comme alternative d\u2019avenir\u2026<\/p>\n<p><strong>\u00abSe dire \u00ab Bonjour \u00bb, la main ouverte, c\u2019est montrer que l\u2019on n\u2019a pas d\u2019arme \u00bb<\/strong><\/p>\n<p style=\"text-align: justify;\">\u00ab \u00ab Bien vivre, bien(s) commun(s) \u00bb, \u00e7a devrait \u00eatre une \u00e9vidence ! Et le but de cette BD est de se demander pourquoi ce n\u2019en est pas une pour tout le monde ? \u00ab Ahims\u00e2, l\u2019instant neige \u00bb sera un livre grand public qui fera de la non-violence un bien commun. Dans le premier tome, nous inviterons les lecteurs, au travers de personnages de fiction dans lesquels chacun pourra se reconna\u00eetre, \u00e0 d\u00e9couvrir les outils de la non-violence au fil de diverses trames du quotidien. Que ce soit \u00e0 l\u2019\u00e9chelle individuelle comme collective. Depuis les attentats de 2015, on s\u2019entend dire : \u00ab Vous auriez fait quoi avec votre non-violence ? \u00bb. Que pouvons-nous r\u00e9pondre sinon que jamais en amont n\u2019a \u00e9t\u00e9 tent\u00e9e une culture non-violente commune et active ! Peut-\u00eatre devons-nous nous rappeler que le premier acte de la non-violence est de tendre la main, ouverte, pour se dire \u00ab Bonjour \u00bb, qu\u2019\u00e0 l\u2019origine il s\u2019agissait de montrer qu\u2019on n\u2019avait pas d\u2019arme dans la main ! Tout le monde conna\u00eet ce geste que les Hommes ont su inventer. C\u2019\u00e9tait un bon d\u00e9but, nous devons continuer ! \u00bb<\/p>\n<p style=\"text-align: right;\"><strong>Dom\u2019, initiateur des Dessin\u2019Acteurs<\/strong><\/p>\n<p>Extrait du Recueil des Alternatives de l\u2019AlterTour 2016, disponible dans le num\u00e9ro de juin de la <a title=\"Revue Silence\" href=\"http:\/\/www.revuesilence.net\/\" target=\"_blank\" rel=\"noopener noreferrer\">Revue Silence.<\/a><\/p>\n<p>Les Dessin&rsquo;Acteurs accueilleront l\u2019AlterTour le 26 juillet 2016 \u00e0 Loc Envel. D\u00e9tail de l&rsquo;\u00e9tape : <a href=\"http:\/\/www.altercampagne.net\/?page_id=172&amp;route=69\">ici<\/a><\/p>\n","protected":false},"excerpt":{"rendered":"<p>Tchernobyl, les toilettes s\u00e8ches, l\u2019environnement ou la d\u00e9sob\u00e9issance civile en BD ? C\u2019est possible et les Dessin\u2019Acteurs le d\u00e9montrent depuis plus de dix ans \u00e0 coups de crayons et tablettes graphiques. Ils traitent de sujets de soci\u00e9t\u00e9 en inversant la logique : plut\u00f4t que \u00ab subir \u00bb des sc\u00e9narios convenus, &#8230; <\/p>\n<div><a href=\"https:\/\/www.altercampagne.net\/?p=5058\" class=\"more-link\">Read More<\/a><\/div>\n","protected":false},"author":214,"featured_media":15431,"comment_status":"closed","ping_status":"closed","sticky":false,"template":"","format":"standard","meta":{"footnotes":""},"categories":[3472,3490,3459,3542],"tags":[13,20,383,506,1652,1669,2406,2846,2849,2850,2851],"class_list":["post-5058","post","type-post","status-publish","format-standard","has-post-thumbnail","hentry","category-bretagne","category-culture","category-edition-2016","category-lutte","tag-revue-silence","tag-bretagne","tag-altertour-2016","tag-dessinacteurs","tag-1652","tag-cotes-darmor","tag-loc-envel","tag-accueillant","tag-accueillant2016","tag-accueillant-2016","tag-altertour2016"],"yoast_head":"<!-- This site is optimized with the Yoast SEO plugin v27.3 - https:\/\/yoast.com\/product\/yoast-seo-wordpress\/ -->\n<title>Les Dessin&#039;Acteurs le 26 juillet \u00e0 Loc Envel - AlterTour<\/title>\n<meta name=\"robots\" content=\"index, follow, max-snippet:-1, max-image-preview:large, max-video-preview:-1\" \/>\n<link rel=\"canonical\" href=\"https:\/\/www.altercampagne.net\/?p=5058\" \/>\n<meta property=\"og:locale\" content=\"fr_FR\" \/>\n<meta property=\"og:type\" content=\"article\" \/>\n<meta property=\"og:title\" content=\"Les Dessin&#039;Acteurs le 26 juillet \u00e0 Loc Envel - AlterTour\" \/>\n<meta property=\"og:description\" content=\"Tchernobyl, les toilettes s\u00e8ches, l\u2019environnement ou la d\u00e9sob\u00e9issance civile en BD ? C\u2019est possible et les Dessin\u2019Acteurs le d\u00e9montrent depuis plus de dix ans \u00e0 coups de crayons et tablettes graphiques. Ils traitent de sujets de soci\u00e9t\u00e9 en inversant la logique : plut\u00f4t que \u00ab subir \u00bb des sc\u00e9narios convenus, ... Read More\" \/>\n<meta property=\"og:url\" content=\"https:\/\/www.altercampagne.net\/?p=5058\" \/>\n<meta property=\"og:site_name\" content=\"AlterTour\" \/>\n<meta property=\"article:published_time\" content=\"2016-05-30T06:34:07+00:00\" \/>\n<meta property=\"article:modified_time\" content=\"2019-09-13T13:17:23+00:00\" \/>\n<meta property=\"og:image\" content=\"https:\/\/www.altercampagne.net\/wp-content\/uploads\/2016\/05\/2016-05-30-03.jpg\" \/>\n\t<meta property=\"og:image:width\" content=\"903\" \/>\n\t<meta property=\"og:image:height\" content=\"472\" \/>\n\t<meta property=\"og:image:type\" content=\"image\/jpeg\" \/>\n<meta name=\"author\" content=\"Mathieu\" \/>\n<meta name=\"twitter:card\" content=\"summary_large_image\" \/>\n<meta name=\"twitter:label1\" content=\"\u00c9crit par\" \/>\n\t<meta name=\"twitter:data1\" content=\"Mathieu\" \/>\n\t<meta name=\"twitter:label2\" content=\"Dur\u00e9e de lecture estim\u00e9e\" \/>\n\t<meta name=\"twitter:data2\" content=\"2 minutes\" \/>\n<script type=\"application\/ld+json\" class=\"yoast-schema-graph\">{\"@context\":\"https:\\\/\\\/schema.org\",\"@graph\":[{\"@type\":\"Article\",\"@id\":\"https:\\\/\\\/www.altercampagne.net\\\/?p=5058#article\",\"isPartOf\":{\"@id\":\"https:\\\/\\\/www.altercampagne.net\\\/?p=5058\"},\"author\":{\"name\":\"Mathieu\",\"@id\":\"https:\\\/\\\/www.altercampagne.net\\\/#\\\/schema\\\/person\\\/0f261460c09e430caa0f9bcffa319109\"},\"headline\":\"Les Dessin&rsquo;Acteurs le 26 juillet \u00e0 Loc Envel\",\"datePublished\":\"2016-05-30T06:34:07+00:00\",\"dateModified\":\"2019-09-13T13:17:23+00:00\",\"mainEntityOfPage\":{\"@id\":\"https:\\\/\\\/www.altercampagne.net\\\/?p=5058\"},\"wordCount\":431,\"image\":{\"@id\":\"https:\\\/\\\/www.altercampagne.net\\\/?p=5058#primaryimage\"},\"thumbnailUrl\":\"https:\\\/\\\/www.altercampagne.net\\\/wp-content\\\/uploads\\\/2016\\\/05\\\/2016-05-30-03.jpg\",\"keywords\":[\"revue Silence\",\"bretagne\",\"AlterTour 2016\",\"dessin'acteurs\",\"2016\",\"C\u00f4tes-d'Armor\",\"Loc Envel\",\"accueillant\",\"accueillant2016\",\"accueillant 2016\",\"AlterTour2016\"],\"articleSection\":[\"Bretagne\",\"Culture\",\"\u00c9dition 2016\",\"Lutte\"],\"inLanguage\":\"fr-FR\"},{\"@type\":\"WebPage\",\"@id\":\"https:\\\/\\\/www.altercampagne.net\\\/?p=5058\",\"url\":\"https:\\\/\\\/www.altercampagne.net\\\/?p=5058\",\"name\":\"Les Dessin'Acteurs le 26 juillet \u00e0 Loc Envel - AlterTour\",\"isPartOf\":{\"@id\":\"https:\\\/\\\/www.altercampagne.net\\\/#website\"},\"primaryImageOfPage\":{\"@id\":\"https:\\\/\\\/www.altercampagne.net\\\/?p=5058#primaryimage\"},\"image\":{\"@id\":\"https:\\\/\\\/www.altercampagne.net\\\/?p=5058#primaryimage\"},\"thumbnailUrl\":\"https:\\\/\\\/www.altercampagne.net\\\/wp-content\\\/uploads\\\/2016\\\/05\\\/2016-05-30-03.jpg\",\"datePublished\":\"2016-05-30T06:34:07+00:00\",\"dateModified\":\"2019-09-13T13:17:23+00:00\",\"author\":{\"@id\":\"https:\\\/\\\/www.altercampagne.net\\\/#\\\/schema\\\/person\\\/0f261460c09e430caa0f9bcffa319109\"},\"breadcrumb\":{\"@id\":\"https:\\\/\\\/www.altercampagne.net\\\/?p=5058#breadcrumb\"},\"inLanguage\":\"fr-FR\",\"potentialAction\":[{\"@type\":\"ReadAction\",\"target\":[\"https:\\\/\\\/www.altercampagne.net\\\/?p=5058\"]}]},{\"@type\":\"ImageObject\",\"inLanguage\":\"fr-FR\",\"@id\":\"https:\\\/\\\/www.altercampagne.net\\\/?p=5058#primaryimage\",\"url\":\"https:\\\/\\\/www.altercampagne.net\\\/wp-content\\\/uploads\\\/2016\\\/05\\\/2016-05-30-03.jpg\",\"contentUrl\":\"https:\\\/\\\/www.altercampagne.net\\\/wp-content\\\/uploads\\\/2016\\\/05\\\/2016-05-30-03.jpg\",\"width\":903,\"height\":472},{\"@type\":\"BreadcrumbList\",\"@id\":\"https:\\\/\\\/www.altercampagne.net\\\/?p=5058#breadcrumb\",\"itemListElement\":[{\"@type\":\"ListItem\",\"position\":1,\"name\":\"Accueil\",\"item\":\"https:\\\/\\\/www.altercampagne.net\\\/\"},{\"@type\":\"ListItem\",\"position\":2,\"name\":\"Les Dessin&rsquo;Acteurs le 26 juillet \u00e0 Loc Envel\"}]},{\"@type\":\"WebSite\",\"@id\":\"https:\\\/\\\/www.altercampagne.net\\\/#website\",\"url\":\"https:\\\/\\\/www.altercampagne.net\\\/\",\"name\":\"AlterTour\",\"description\":\"Reliez les Alternatives \u00e0 v\u00e9lo\",\"potentialAction\":[{\"@type\":\"SearchAction\",\"target\":{\"@type\":\"EntryPoint\",\"urlTemplate\":\"https:\\\/\\\/www.altercampagne.net\\\/?s={search_term_string}\"},\"query-input\":{\"@type\":\"PropertyValueSpecification\",\"valueRequired\":true,\"valueName\":\"search_term_string\"}}],\"inLanguage\":\"fr-FR\"},{\"@type\":\"Person\",\"@id\":\"https:\\\/\\\/www.altercampagne.net\\\/#\\\/schema\\\/person\\\/0f261460c09e430caa0f9bcffa319109\",\"name\":\"Mathieu\",\"image\":{\"@type\":\"ImageObject\",\"inLanguage\":\"fr-FR\",\"@id\":\"https:\\\/\\\/secure.gravatar.com\\\/avatar\\\/aa9d3d24c83f2141e5e2709d0f63d09a99f6be6bb7a50abc4915838d9f54501a?s=96&d=mm&r=g\",\"url\":\"https:\\\/\\\/secure.gravatar.com\\\/avatar\\\/aa9d3d24c83f2141e5e2709d0f63d09a99f6be6bb7a50abc4915838d9f54501a?s=96&d=mm&r=g\",\"contentUrl\":\"https:\\\/\\\/secure.gravatar.com\\\/avatar\\\/aa9d3d24c83f2141e5e2709d0f63d09a99f6be6bb7a50abc4915838d9f54501a?s=96&d=mm&r=g\",\"caption\":\"Mathieu\"},\"url\":\"https:\\\/\\\/www.altercampagne.net\\\/?author=214\"}]}<\/script>\n<!-- \/ Yoast SEO plugin. -->","yoast_head_json":{"title":"Les Dessin'Acteurs le 26 juillet \u00e0 Loc Envel - AlterTour","robots":{"index":"index","follow":"follow","max-snippet":"max-snippet:-1","max-image-preview":"max-image-preview:large","max-video-preview":"max-video-preview:-1"},"canonical":"https:\/\/www.altercampagne.net\/?p=5058","og_locale":"fr_FR","og_type":"article","og_title":"Les Dessin'Acteurs le 26 juillet \u00e0 Loc Envel - AlterTour","og_description":"Tchernobyl, les toilettes s\u00e8ches, l\u2019environnement ou la d\u00e9sob\u00e9issance civile en BD ? C\u2019est possible et les Dessin\u2019Acteurs le d\u00e9montrent depuis plus de dix ans \u00e0 coups de crayons et tablettes graphiques. Ils traitent de sujets de soci\u00e9t\u00e9 en inversant la logique : plut\u00f4t que \u00ab subir \u00bb des sc\u00e9narios convenus, ... Read More","og_url":"https:\/\/www.altercampagne.net\/?p=5058","og_site_name":"AlterTour","article_published_time":"2016-05-30T06:34:07+00:00","article_modified_time":"2019-09-13T13:17:23+00:00","og_image":[{"width":903,"height":472,"url":"https:\/\/www.altercampagne.net\/wp-content\/uploads\/2016\/05\/2016-05-30-03.jpg","type":"image\/jpeg"}],"author":"Mathieu","twitter_card":"summary_large_image","twitter_misc":{"\u00c9crit par":"Mathieu","Dur\u00e9e de lecture estim\u00e9e":"2 minutes"},"schema":{"@context":"https:\/\/schema.org","@graph":[{"@type":"Article","@id":"https:\/\/www.altercampagne.net\/?p=5058#article","isPartOf":{"@id":"https:\/\/www.altercampagne.net\/?p=5058"},"author":{"name":"Mathieu","@id":"https:\/\/www.altercampagne.net\/#\/schema\/person\/0f261460c09e430caa0f9bcffa319109"},"headline":"Les Dessin&rsquo;Acteurs le 26 juillet \u00e0 Loc Envel","datePublished":"2016-05-30T06:34:07+00:00","dateModified":"2019-09-13T13:17:23+00:00","mainEntityOfPage":{"@id":"https:\/\/www.altercampagne.net\/?p=5058"},"wordCount":431,"image":{"@id":"https:\/\/www.altercampagne.net\/?p=5058#primaryimage"},"thumbnailUrl":"https:\/\/www.altercampagne.net\/wp-content\/uploads\/2016\/05\/2016-05-30-03.jpg","keywords":["revue Silence","bretagne","AlterTour 2016","dessin'acteurs","2016","C\u00f4tes-d'Armor","Loc Envel","accueillant","accueillant2016","accueillant 2016","AlterTour2016"],"articleSection":["Bretagne","Culture","\u00c9dition 2016","Lutte"],"inLanguage":"fr-FR"},{"@type":"WebPage","@id":"https:\/\/www.altercampagne.net\/?p=5058","url":"https:\/\/www.altercampagne.net\/?p=5058","name":"Les Dessin'Acteurs le 26 juillet \u00e0 Loc Envel - AlterTour","isPartOf":{"@id":"https:\/\/www.altercampagne.net\/#website"},"primaryImageOfPage":{"@id":"https:\/\/www.altercampagne.net\/?p=5058#primaryimage"},"image":{"@id":"https:\/\/www.altercampagne.net\/?p=5058#primaryimage"},"thumbnailUrl":"https:\/\/www.altercampagne.net\/wp-content\/uploads\/2016\/05\/2016-05-30-03.jpg","datePublished":"2016-05-30T06:34:07+00:00","dateModified":"2019-09-13T13:17:23+00:00","author":{"@id":"https:\/\/www.altercampagne.net\/#\/schema\/person\/0f261460c09e430caa0f9bcffa319109"},"breadcrumb":{"@id":"https:\/\/www.altercampagne.net\/?p=5058#breadcrumb"},"inLanguage":"fr-FR","potentialAction":[{"@type":"ReadAction","target":["https:\/\/www.altercampagne.net\/?p=5058"]}]},{"@type":"ImageObject","inLanguage":"fr-FR","@id":"https:\/\/www.altercampagne.net\/?p=5058#primaryimage","url":"https:\/\/www.altercampagne.net\/wp-content\/uploads\/2016\/05\/2016-05-30-03.jpg","contentUrl":"https:\/\/www.altercampagne.net\/wp-content\/uploads\/2016\/05\/2016-05-30-03.jpg","width":903,"height":472},{"@type":"BreadcrumbList","@id":"https:\/\/www.altercampagne.net\/?p=5058#breadcrumb","itemListElement":[{"@type":"ListItem","position":1,"name":"Accueil","item":"https:\/\/www.altercampagne.net\/"},{"@type":"ListItem","position":2,"name":"Les Dessin&rsquo;Acteurs le 26 juillet \u00e0 Loc Envel"}]},{"@type":"WebSite","@id":"https:\/\/www.altercampagne.net\/#website","url":"https:\/\/www.altercampagne.net\/","name":"AlterTour","description":"Reliez les Alternatives \u00e0 v\u00e9lo","potentialAction":[{"@type":"SearchAction","target":{"@type":"EntryPoint","urlTemplate":"https:\/\/www.altercampagne.net\/?s={search_term_string}"},"query-input":{"@type":"PropertyValueSpecification","valueRequired":true,"valueName":"search_term_string"}}],"inLanguage":"fr-FR"},{"@type":"Person","@id":"https:\/\/www.altercampagne.net\/#\/schema\/person\/0f261460c09e430caa0f9bcffa319109","name":"Mathieu","image":{"@type":"ImageObject","inLanguage":"fr-FR","@id":"https:\/\/secure.gravatar.com\/avatar\/aa9d3d24c83f2141e5e2709d0f63d09a99f6be6bb7a50abc4915838d9f54501a?s=96&d=mm&r=g","url":"https:\/\/secure.gravatar.com\/avatar\/aa9d3d24c83f2141e5e2709d0f63d09a99f6be6bb7a50abc4915838d9f54501a?s=96&d=mm&r=g","contentUrl":"https:\/\/secure.gravatar.com\/avatar\/aa9d3d24c83f2141e5e2709d0f63d09a99f6be6bb7a50abc4915838d9f54501a?s=96&d=mm&r=g","caption":"Mathieu"},"url":"https:\/\/www.altercampagne.net\/?author=214"}]}},"_links":{"self":[{"href":"https:\/\/www.altercampagne.net\/index.php?rest_route=\/wp\/v2\/posts\/5058","targetHints":{"allow":["GET"]}}],"collection":[{"href":"https:\/\/www.altercampagne.net\/index.php?rest_route=\/wp\/v2\/posts"}],"about":[{"href":"https:\/\/www.altercampagne.net\/index.php?rest_route=\/wp\/v2\/types\/post"}],"author":[{"embeddable":true,"href":"https:\/\/www.altercampagne.net\/index.php?rest_route=\/wp\/v2\/users\/214"}],"replies":[{"embeddable":true,"href":"https:\/\/www.altercampagne.net\/index.php?rest_route=%2Fwp%2Fv2%2Fcomments&post=5058"}],"version-history":[{"count":0,"href":"https:\/\/www.altercampagne.net\/index.php?rest_route=\/wp\/v2\/posts\/5058\/revisions"}],"wp:featuredmedia":[{"embeddable":true,"href":"https:\/\/www.altercampagne.net\/index.php?rest_route=\/wp\/v2\/media\/15431"}],"wp:attachment":[{"href":"https:\/\/www.altercampagne.net\/index.php?rest_route=%2Fwp%2Fv2%2Fmedia&parent=5058"}],"wp:term":[{"taxonomy":"category","embeddable":true,"href":"https:\/\/www.altercampagne.net\/index.php?rest_route=%2Fwp%2Fv2%2Fcategories&post=5058"},{"taxonomy":"post_tag","embeddable":true,"href":"https:\/\/www.altercampagne.net\/index.php?rest_route=%2Fwp%2Fv2%2Ftags&post=5058"}],"curies":[{"name":"wp","href":"https:\/\/api.w.org\/{rel}","templated":true}]}}