{"id":5066,"date":"2016-06-01T08:49:38","date_gmt":"2016-06-01T06:49:38","guid":{"rendered":"http:\/\/www.altercampagne.net\/?p=5066"},"modified":"2019-09-13T15:20:09","modified_gmt":"2019-09-13T13:20:09","slug":"loasis-pen-an-hoat-les-26-et-27-juillet-a-kergrist-moelou","status":"publish","type":"post","link":"https:\/\/www.altercampagne.net\/?p=5066","title":{"rendered":"L&rsquo;Oasis Pen An Hoat les 26 et 27 juillet \u00e0 Kergrist-Mo\u00eblou"},"content":{"rendered":"<p style=\"text-align: justify;\"><a href=\"http:\/\/www.altercampagne.net\/wp-content\/uploads\/2016\/05\/2016-07-26-oasis-pen-an-hoat.jpg\"><img loading=\"lazy\" decoding=\"async\" class=\" size-medium wp-image-4928 alignleft\" src=\"http:\/\/www.altercampagne.net\/wp-content\/uploads\/2016\/05\/2016-07-26-oasis-pen-an-hoat-300x219.jpg\" alt=\"2016-07-26-oasis-pen-an-hoat\" width=\"300\" height=\"219\" srcset=\"https:\/\/www.altercampagne.net\/wp-content\/uploads\/2016\/05\/2016-07-26-oasis-pen-an-hoat-300x219.jpg 300w, https:\/\/www.altercampagne.net\/wp-content\/uploads\/2016\/05\/2016-07-26-oasis-pen-an-hoat.jpg 686w\" sizes=\"auto, (max-width: 300px) 100vw, 300px\" \/><\/a>\u00ab L\u2019agro\u00e9cologie est li\u00e9e \u00e0 une dimension profonde du respect de la vie et replace l\u2019\u00eatre humain dans sa responsabilit\u00e9 \u00e0 l\u2019\u00e9gard du vivant. \u00bb Phrase de Pierre RABHI r\u00e9sumant bien son concept d\u2019Oasis en tous lieux, l\u2019Oasis de Pen An Hoat en fait pleinement partie. Proche du village de Kergrist-Mo\u00eblou, c\u2019est un lieu de transmissions. Apr\u00e8s l\u2019Ard\u00e8che, et pour r\u00e9pondre \u00e0 un accroissement des stagiaires agro\u00e9cologistes, c\u2019est le second oasis que Brigitte porte en partenariat avec Terre et Humanisme. Elle y vit et y coordonne une \u00e9quipe de cinq salari\u00e9es : Johanna, habitante d\u2019une roulotte, s\u2019occupe du secr\u00e9tariat et de l\u2019h\u00e9bergement ; Madeline, pour l\u2019agro\u00e9cologie paysanne et l\u2019ing\u00e9nierie de formation ; Val\u00e9rie, sp\u00e9cialiste de la cuisine saine et bio ; Marie-Jos\u00e9, mara\u00eech\u00e8re bio et Marion qui s\u2019occupe des projets p\u00e9dagogiques adultes et enfants. Dans une ambiance bienveillante, toutes accueillent b\u00e9n\u00e9voles et stagiaires pour transmettre savoir-faire et savoir-vivre.<\/p>\n<p><strong>\u00ab Nos biens communs sont aussi nos comp\u00e9tences \u00bb<\/strong><\/p>\n<p style=\"text-align: justify;\"><a href=\"http:\/\/www.altercampagne.net\/wp-content\/uploads\/2016\/05\/2016-07-27-oasis-de-Pen-an-hoat.jpg\"><img loading=\"lazy\" decoding=\"async\" class=\" size-medium wp-image-4885 alignright\" src=\"http:\/\/www.altercampagne.net\/wp-content\/uploads\/2016\/05\/2016-07-27-oasis-de-Pen-an-hoat-300x219.jpg\" alt=\"Oasis de Pen an hoat\" width=\"300\" height=\"219\" srcset=\"https:\/\/www.altercampagne.net\/wp-content\/uploads\/2016\/05\/2016-07-27-oasis-de-Pen-an-hoat-300x219.jpg 300w, https:\/\/www.altercampagne.net\/wp-content\/uploads\/2016\/05\/2016-07-27-oasis-de-Pen-an-hoat.jpg 686w\" sizes=\"auto, (max-width: 300px) 100vw, 300px\" \/><\/a>\u00ab Nos biens communs sont la terre, l\u2019air et l\u2019eau. Notre base d\u2019\u00e9change est le jardin, un coup de c\u0153ur. C\u2019est une propri\u00e9t\u00e9 priv\u00e9e ouverte, mise \u00e0 disposition de tous. Un lieu pour d\u00e9couvrir, exp\u00e9rimenter et transmettre l\u2019agro\u00e9cologie. L\u2019int\u00e9r\u00eat de cette antenne bretonne apr\u00e8s celle d\u2019Ard\u00e8che, est aussi de pouvoir comparer, s\u2019adapter et apprendre sur un nouvel \u00e9cosyst\u00e8me plus humide ! Nos biens communs sont aussi les comp\u00e9tences que nous partageons, nos projets qui interagissent. Bien vivre, c\u2019est\u2026 sourire, s\u2019\u00e9merveiller, partager, \u00eatre solidaire, vivre en harmonie avec nous-m\u00eames et la nature, rechercher la simplicit\u00e9, \u00eatre conscients que notre action sur la terre \u00e0 l\u2019instant pr\u00e9sent est source de joie. Le d\u00e9part \u00e0 la retraite de Brigitte ouvre un nouveau cycle : soit la possibilit\u00e9 de reprise de l\u2019Oasis autour de projets agro\u00e9cologiques, soit une cr\u00e9ation avec de nouveaux investisseurs et acteurs qui sauront prolonger avec leur propre projet ce qui a \u00e9t\u00e9 ensemenc\u00e9. \u00bb<\/p>\n<p style=\"text-align: right;\"><strong>Marion, animatrice en agroecologie<\/strong><\/p>\n<p>Extrait du Recueil des Alternatives de l\u2019AlterTour 2016, disponible dans le num\u00e9ro de juin de la <a title=\"Revue Silence\" href=\"http:\/\/www.revuesilence.net\/\" target=\"_blank\" rel=\"noopener noreferrer\">Revue Silence.<\/a><\/p>\n<p>L&rsquo;Oasis Pen An Hoat accueillera l&rsquo;Echapp\u00e9e Belle de l&rsquo;AlterTour le 26 et l&rsquo;AlterTour le 27 juillet \u00e0 Kergrist-Mo\u00eblou. D\u00e9tail des \u00e9tapes : <a href=\"http:\/\/www.altercampagne.net\/?page_id=4917&amp;route=99\">ici<\/a><\/p>\n","protected":false},"excerpt":{"rendered":"<p>\u00ab L\u2019agro\u00e9cologie est li\u00e9e \u00e0 une dimension profonde du respect de la vie et replace l\u2019\u00eatre humain dans sa responsabilit\u00e9 \u00e0 l\u2019\u00e9gard du vivant. \u00bb Phrase de Pierre RABHI r\u00e9sumant bien son concept d\u2019Oasis en tous lieux, l\u2019Oasis de Pen An Hoat en fait pleinement partie. Proche du village de &#8230; <\/p>\n<div><a href=\"https:\/\/www.altercampagne.net\/?p=5066\" class=\"more-link\">Read More<\/a><\/div>\n","protected":false},"author":214,"featured_media":15433,"comment_status":"closed","ping_status":"closed","sticky":false,"template":"","format":"standard","meta":{"footnotes":""},"categories":[3472,3459,3485,3540],"tags":[20,383,474,507,521,822,835,1652,1669,2321,2329,2407,2846,2849,2850,2851],"class_list":["post-5066","post","type-post","status-publish","format-standard","has-post-thumbnail","hentry","category-bretagne","category-edition-2016","category-habitat","category-transverse","tag-bretagne","tag-altertour-2016","tag-bien-commun","tag-oasis-pen-an-hoat","tag-bien-vivre","tag-biens-communs","tag-pierre-rabhi","tag-1652","tag-cotes-darmor","tag-oasis-de-pen-an-hoat","tag-kergrist-moelou","tag-oasis","tag-accueillant","tag-accueillant2016","tag-accueillant-2016","tag-altertour2016"],"yoast_head":"<!-- This site is optimized with the Yoast SEO plugin v27.3 - https:\/\/yoast.com\/product\/yoast-seo-wordpress\/ -->\n<title>L&#039;Oasis Pen An Hoat les 26 et 27 juillet \u00e0 Kergrist-Mo\u00eblou - AlterTour<\/title>\n<meta name=\"robots\" content=\"index, follow, max-snippet:-1, max-image-preview:large, max-video-preview:-1\" \/>\n<link rel=\"canonical\" href=\"https:\/\/www.altercampagne.net\/?p=5066\" \/>\n<meta property=\"og:locale\" content=\"fr_FR\" \/>\n<meta property=\"og:type\" content=\"article\" \/>\n<meta property=\"og:title\" content=\"L&#039;Oasis Pen An Hoat les 26 et 27 juillet \u00e0 Kergrist-Mo\u00eblou - AlterTour\" \/>\n<meta property=\"og:description\" content=\"\u00ab L\u2019agro\u00e9cologie est li\u00e9e \u00e0 une dimension profonde du respect de la vie et replace l\u2019\u00eatre humain dans sa responsabilit\u00e9 \u00e0 l\u2019\u00e9gard du vivant. \u00bb Phrase de Pierre RABHI r\u00e9sumant bien son concept d\u2019Oasis en tous lieux, l\u2019Oasis de Pen An Hoat en fait pleinement partie. Proche du village de ... Read More\" \/>\n<meta property=\"og:url\" content=\"https:\/\/www.altercampagne.net\/?p=5066\" \/>\n<meta property=\"og:site_name\" content=\"AlterTour\" \/>\n<meta property=\"article:published_time\" content=\"2016-06-01T06:49:38+00:00\" \/>\n<meta property=\"article:modified_time\" content=\"2019-09-13T13:20:09+00:00\" \/>\n<meta property=\"og:image\" content=\"https:\/\/www.altercampagne.net\/wp-content\/uploads\/2016\/06\/2016-06-01-P1040135.jpg\" \/>\n\t<meta property=\"og:image:width\" content=\"900\" \/>\n\t<meta property=\"og:image:height\" content=\"470\" \/>\n\t<meta property=\"og:image:type\" content=\"image\/jpeg\" \/>\n<meta name=\"author\" content=\"Mathieu\" \/>\n<meta name=\"twitter:card\" content=\"summary_large_image\" \/>\n<meta name=\"twitter:label1\" content=\"\u00c9crit par\" \/>\n\t<meta name=\"twitter:data1\" content=\"Mathieu\" \/>\n\t<meta name=\"twitter:label2\" content=\"Dur\u00e9e de lecture estim\u00e9e\" \/>\n\t<meta name=\"twitter:data2\" content=\"2 minutes\" \/>\n<script type=\"application\/ld+json\" class=\"yoast-schema-graph\">{\"@context\":\"https:\\\/\\\/schema.org\",\"@graph\":[{\"@type\":\"Article\",\"@id\":\"https:\\\/\\\/www.altercampagne.net\\\/?p=5066#article\",\"isPartOf\":{\"@id\":\"https:\\\/\\\/www.altercampagne.net\\\/?p=5066\"},\"author\":{\"name\":\"Mathieu\",\"@id\":\"https:\\\/\\\/www.altercampagne.net\\\/#\\\/schema\\\/person\\\/0f261460c09e430caa0f9bcffa319109\"},\"headline\":\"L&rsquo;Oasis Pen An Hoat les 26 et 27 juillet \u00e0 Kergrist-Mo\u00eblou\",\"datePublished\":\"2016-06-01T06:49:38+00:00\",\"dateModified\":\"2019-09-13T13:20:09+00:00\",\"mainEntityOfPage\":{\"@id\":\"https:\\\/\\\/www.altercampagne.net\\\/?p=5066\"},\"wordCount\":416,\"image\":{\"@id\":\"https:\\\/\\\/www.altercampagne.net\\\/?p=5066#primaryimage\"},\"thumbnailUrl\":\"https:\\\/\\\/www.altercampagne.net\\\/wp-content\\\/uploads\\\/2016\\\/06\\\/2016-06-01-P1040135.jpg\",\"keywords\":[\"bretagne\",\"AlterTour 2016\",\"bien commun\",\"oasis pen an hoat\",\"bien vivre\",\"biens communs\",\"Pierre Rabhi\",\"2016\",\"C\u00f4tes-d'Armor\",\"Oasis de Pen an Hoat\",\"Kergrist-Mo\u00eblou\",\"oasis\",\"accueillant\",\"accueillant2016\",\"accueillant 2016\",\"AlterTour2016\"],\"articleSection\":[\"Bretagne\",\"\u00c9dition 2016\",\"Habitat\",\"Transverse\"],\"inLanguage\":\"fr-FR\"},{\"@type\":\"WebPage\",\"@id\":\"https:\\\/\\\/www.altercampagne.net\\\/?p=5066\",\"url\":\"https:\\\/\\\/www.altercampagne.net\\\/?p=5066\",\"name\":\"L'Oasis Pen An Hoat les 26 et 27 juillet \u00e0 Kergrist-Mo\u00eblou - AlterTour\",\"isPartOf\":{\"@id\":\"https:\\\/\\\/www.altercampagne.net\\\/#website\"},\"primaryImageOfPage\":{\"@id\":\"https:\\\/\\\/www.altercampagne.net\\\/?p=5066#primaryimage\"},\"image\":{\"@id\":\"https:\\\/\\\/www.altercampagne.net\\\/?p=5066#primaryimage\"},\"thumbnailUrl\":\"https:\\\/\\\/www.altercampagne.net\\\/wp-content\\\/uploads\\\/2016\\\/06\\\/2016-06-01-P1040135.jpg\",\"datePublished\":\"2016-06-01T06:49:38+00:00\",\"dateModified\":\"2019-09-13T13:20:09+00:00\",\"author\":{\"@id\":\"https:\\\/\\\/www.altercampagne.net\\\/#\\\/schema\\\/person\\\/0f261460c09e430caa0f9bcffa319109\"},\"breadcrumb\":{\"@id\":\"https:\\\/\\\/www.altercampagne.net\\\/?p=5066#breadcrumb\"},\"inLanguage\":\"fr-FR\",\"potentialAction\":[{\"@type\":\"ReadAction\",\"target\":[\"https:\\\/\\\/www.altercampagne.net\\\/?p=5066\"]}]},{\"@type\":\"ImageObject\",\"inLanguage\":\"fr-FR\",\"@id\":\"https:\\\/\\\/www.altercampagne.net\\\/?p=5066#primaryimage\",\"url\":\"https:\\\/\\\/www.altercampagne.net\\\/wp-content\\\/uploads\\\/2016\\\/06\\\/2016-06-01-P1040135.jpg\",\"contentUrl\":\"https:\\\/\\\/www.altercampagne.net\\\/wp-content\\\/uploads\\\/2016\\\/06\\\/2016-06-01-P1040135.jpg\",\"width\":900,\"height\":470},{\"@type\":\"BreadcrumbList\",\"@id\":\"https:\\\/\\\/www.altercampagne.net\\\/?p=5066#breadcrumb\",\"itemListElement\":[{\"@type\":\"ListItem\",\"position\":1,\"name\":\"Accueil\",\"item\":\"https:\\\/\\\/www.altercampagne.net\\\/\"},{\"@type\":\"ListItem\",\"position\":2,\"name\":\"L&rsquo;Oasis Pen An Hoat les 26 et 27 juillet \u00e0 Kergrist-Mo\u00eblou\"}]},{\"@type\":\"WebSite\",\"@id\":\"https:\\\/\\\/www.altercampagne.net\\\/#website\",\"url\":\"https:\\\/\\\/www.altercampagne.net\\\/\",\"name\":\"AlterTour\",\"description\":\"Reliez les Alternatives \u00e0 v\u00e9lo\",\"potentialAction\":[{\"@type\":\"SearchAction\",\"target\":{\"@type\":\"EntryPoint\",\"urlTemplate\":\"https:\\\/\\\/www.altercampagne.net\\\/?s={search_term_string}\"},\"query-input\":{\"@type\":\"PropertyValueSpecification\",\"valueRequired\":true,\"valueName\":\"search_term_string\"}}],\"inLanguage\":\"fr-FR\"},{\"@type\":\"Person\",\"@id\":\"https:\\\/\\\/www.altercampagne.net\\\/#\\\/schema\\\/person\\\/0f261460c09e430caa0f9bcffa319109\",\"name\":\"Mathieu\",\"image\":{\"@type\":\"ImageObject\",\"inLanguage\":\"fr-FR\",\"@id\":\"https:\\\/\\\/secure.gravatar.com\\\/avatar\\\/aa9d3d24c83f2141e5e2709d0f63d09a99f6be6bb7a50abc4915838d9f54501a?s=96&d=mm&r=g\",\"url\":\"https:\\\/\\\/secure.gravatar.com\\\/avatar\\\/aa9d3d24c83f2141e5e2709d0f63d09a99f6be6bb7a50abc4915838d9f54501a?s=96&d=mm&r=g\",\"contentUrl\":\"https:\\\/\\\/secure.gravatar.com\\\/avatar\\\/aa9d3d24c83f2141e5e2709d0f63d09a99f6be6bb7a50abc4915838d9f54501a?s=96&d=mm&r=g\",\"caption\":\"Mathieu\"},\"url\":\"https:\\\/\\\/www.altercampagne.net\\\/?author=214\"}]}<\/script>\n<!-- \/ Yoast SEO plugin. -->","yoast_head_json":{"title":"L'Oasis Pen An Hoat les 26 et 27 juillet \u00e0 Kergrist-Mo\u00eblou - AlterTour","robots":{"index":"index","follow":"follow","max-snippet":"max-snippet:-1","max-image-preview":"max-image-preview:large","max-video-preview":"max-video-preview:-1"},"canonical":"https:\/\/www.altercampagne.net\/?p=5066","og_locale":"fr_FR","og_type":"article","og_title":"L'Oasis Pen An Hoat les 26 et 27 juillet \u00e0 Kergrist-Mo\u00eblou - AlterTour","og_description":"\u00ab L\u2019agro\u00e9cologie est li\u00e9e \u00e0 une dimension profonde du respect de la vie et replace l\u2019\u00eatre humain dans sa responsabilit\u00e9 \u00e0 l\u2019\u00e9gard du vivant. \u00bb Phrase de Pierre RABHI r\u00e9sumant bien son concept d\u2019Oasis en tous lieux, l\u2019Oasis de Pen An Hoat en fait pleinement partie. Proche du village de ... Read More","og_url":"https:\/\/www.altercampagne.net\/?p=5066","og_site_name":"AlterTour","article_published_time":"2016-06-01T06:49:38+00:00","article_modified_time":"2019-09-13T13:20:09+00:00","og_image":[{"width":900,"height":470,"url":"https:\/\/www.altercampagne.net\/wp-content\/uploads\/2016\/06\/2016-06-01-P1040135.jpg","type":"image\/jpeg"}],"author":"Mathieu","twitter_card":"summary_large_image","twitter_misc":{"\u00c9crit par":"Mathieu","Dur\u00e9e de lecture estim\u00e9e":"2 minutes"},"schema":{"@context":"https:\/\/schema.org","@graph":[{"@type":"Article","@id":"https:\/\/www.altercampagne.net\/?p=5066#article","isPartOf":{"@id":"https:\/\/www.altercampagne.net\/?p=5066"},"author":{"name":"Mathieu","@id":"https:\/\/www.altercampagne.net\/#\/schema\/person\/0f261460c09e430caa0f9bcffa319109"},"headline":"L&rsquo;Oasis Pen An Hoat les 26 et 27 juillet \u00e0 Kergrist-Mo\u00eblou","datePublished":"2016-06-01T06:49:38+00:00","dateModified":"2019-09-13T13:20:09+00:00","mainEntityOfPage":{"@id":"https:\/\/www.altercampagne.net\/?p=5066"},"wordCount":416,"image":{"@id":"https:\/\/www.altercampagne.net\/?p=5066#primaryimage"},"thumbnailUrl":"https:\/\/www.altercampagne.net\/wp-content\/uploads\/2016\/06\/2016-06-01-P1040135.jpg","keywords":["bretagne","AlterTour 2016","bien commun","oasis pen an hoat","bien vivre","biens communs","Pierre Rabhi","2016","C\u00f4tes-d'Armor","Oasis de Pen an Hoat","Kergrist-Mo\u00eblou","oasis","accueillant","accueillant2016","accueillant 2016","AlterTour2016"],"articleSection":["Bretagne","\u00c9dition 2016","Habitat","Transverse"],"inLanguage":"fr-FR"},{"@type":"WebPage","@id":"https:\/\/www.altercampagne.net\/?p=5066","url":"https:\/\/www.altercampagne.net\/?p=5066","name":"L'Oasis Pen An Hoat les 26 et 27 juillet \u00e0 Kergrist-Mo\u00eblou - AlterTour","isPartOf":{"@id":"https:\/\/www.altercampagne.net\/#website"},"primaryImageOfPage":{"@id":"https:\/\/www.altercampagne.net\/?p=5066#primaryimage"},"image":{"@id":"https:\/\/www.altercampagne.net\/?p=5066#primaryimage"},"thumbnailUrl":"https:\/\/www.altercampagne.net\/wp-content\/uploads\/2016\/06\/2016-06-01-P1040135.jpg","datePublished":"2016-06-01T06:49:38+00:00","dateModified":"2019-09-13T13:20:09+00:00","author":{"@id":"https:\/\/www.altercampagne.net\/#\/schema\/person\/0f261460c09e430caa0f9bcffa319109"},"breadcrumb":{"@id":"https:\/\/www.altercampagne.net\/?p=5066#breadcrumb"},"inLanguage":"fr-FR","potentialAction":[{"@type":"ReadAction","target":["https:\/\/www.altercampagne.net\/?p=5066"]}]},{"@type":"ImageObject","inLanguage":"fr-FR","@id":"https:\/\/www.altercampagne.net\/?p=5066#primaryimage","url":"https:\/\/www.altercampagne.net\/wp-content\/uploads\/2016\/06\/2016-06-01-P1040135.jpg","contentUrl":"https:\/\/www.altercampagne.net\/wp-content\/uploads\/2016\/06\/2016-06-01-P1040135.jpg","width":900,"height":470},{"@type":"BreadcrumbList","@id":"https:\/\/www.altercampagne.net\/?p=5066#breadcrumb","itemListElement":[{"@type":"ListItem","position":1,"name":"Accueil","item":"https:\/\/www.altercampagne.net\/"},{"@type":"ListItem","position":2,"name":"L&rsquo;Oasis Pen An Hoat les 26 et 27 juillet \u00e0 Kergrist-Mo\u00eblou"}]},{"@type":"WebSite","@id":"https:\/\/www.altercampagne.net\/#website","url":"https:\/\/www.altercampagne.net\/","name":"AlterTour","description":"Reliez les Alternatives \u00e0 v\u00e9lo","potentialAction":[{"@type":"SearchAction","target":{"@type":"EntryPoint","urlTemplate":"https:\/\/www.altercampagne.net\/?s={search_term_string}"},"query-input":{"@type":"PropertyValueSpecification","valueRequired":true,"valueName":"search_term_string"}}],"inLanguage":"fr-FR"},{"@type":"Person","@id":"https:\/\/www.altercampagne.net\/#\/schema\/person\/0f261460c09e430caa0f9bcffa319109","name":"Mathieu","image":{"@type":"ImageObject","inLanguage":"fr-FR","@id":"https:\/\/secure.gravatar.com\/avatar\/aa9d3d24c83f2141e5e2709d0f63d09a99f6be6bb7a50abc4915838d9f54501a?s=96&d=mm&r=g","url":"https:\/\/secure.gravatar.com\/avatar\/aa9d3d24c83f2141e5e2709d0f63d09a99f6be6bb7a50abc4915838d9f54501a?s=96&d=mm&r=g","contentUrl":"https:\/\/secure.gravatar.com\/avatar\/aa9d3d24c83f2141e5e2709d0f63d09a99f6be6bb7a50abc4915838d9f54501a?s=96&d=mm&r=g","caption":"Mathieu"},"url":"https:\/\/www.altercampagne.net\/?author=214"}]}},"_links":{"self":[{"href":"https:\/\/www.altercampagne.net\/index.php?rest_route=\/wp\/v2\/posts\/5066","targetHints":{"allow":["GET"]}}],"collection":[{"href":"https:\/\/www.altercampagne.net\/index.php?rest_route=\/wp\/v2\/posts"}],"about":[{"href":"https:\/\/www.altercampagne.net\/index.php?rest_route=\/wp\/v2\/types\/post"}],"author":[{"embeddable":true,"href":"https:\/\/www.altercampagne.net\/index.php?rest_route=\/wp\/v2\/users\/214"}],"replies":[{"embeddable":true,"href":"https:\/\/www.altercampagne.net\/index.php?rest_route=%2Fwp%2Fv2%2Fcomments&post=5066"}],"version-history":[{"count":0,"href":"https:\/\/www.altercampagne.net\/index.php?rest_route=\/wp\/v2\/posts\/5066\/revisions"}],"wp:featuredmedia":[{"embeddable":true,"href":"https:\/\/www.altercampagne.net\/index.php?rest_route=\/wp\/v2\/media\/15433"}],"wp:attachment":[{"href":"https:\/\/www.altercampagne.net\/index.php?rest_route=%2Fwp%2Fv2%2Fmedia&parent=5066"}],"wp:term":[{"taxonomy":"category","embeddable":true,"href":"https:\/\/www.altercampagne.net\/index.php?rest_route=%2Fwp%2Fv2%2Fcategories&post=5066"},{"taxonomy":"post_tag","embeddable":true,"href":"https:\/\/www.altercampagne.net\/index.php?rest_route=%2Fwp%2Fv2%2Ftags&post=5066"}],"curies":[{"name":"wp","href":"https:\/\/api.w.org\/{rel}","templated":true}]}}