{"id":5068,"date":"2016-06-03T08:08:55","date_gmt":"2016-06-03T06:08:55","guid":{"rendered":"http:\/\/www.altercampagne.net\/?p=5068"},"modified":"2019-09-13T15:22:08","modified_gmt":"2019-09-13T13:22:08","slug":"les-temps-forts-tomahawk-les-28-et-29-juillet-a-querrien","status":"publish","type":"post","link":"https:\/\/www.altercampagne.net\/?p=5068","title":{"rendered":"Les Temps Forts \/ Tomahawk les 28 et 29 juillet \u00e0 Querrien"},"content":{"rendered":"<p style=\"text-align: justify;\"><a href=\"http:\/\/www.altercampagne.net\/wp-content\/uploads\/2016\/05\/2016-07-28-Querrien.jpg\"><img loading=\"lazy\" decoding=\"async\" class=\" size-medium wp-image-4884 alignright\" src=\"http:\/\/www.altercampagne.net\/wp-content\/uploads\/2016\/05\/2016-07-28-Querrien-300x219.jpg\" alt=\"Querrien\" width=\"300\" height=\"219\" srcset=\"https:\/\/www.altercampagne.net\/wp-content\/uploads\/2016\/05\/2016-07-28-Querrien-300x219.jpg 300w, https:\/\/www.altercampagne.net\/wp-content\/uploads\/2016\/05\/2016-07-28-Querrien.jpg 686w\" sizes=\"auto, (max-width: 300px) 100vw, 300px\" \/><\/a>L\u2019association Les Temps Forts, c\u2019est un r\u00eave commun : cr\u00e9er un carrefour solidaire de comp\u00e9tences et de diversit\u00e9 culturelle au service de l\u2019\u00e9conomie locale. Qu\u2019\u00e0 cela ne tienne : en 2009, c\u2019est l\u2019achat des 22 hectares de la ferme du Boudiguen, dans le Finist\u00e8re Sud. Christian, jardinier bio, et Reine y vivent. C\u00e9cile, chevri\u00e8re, s\u2019occupe de la fromagerie. Vincent brasse l\u2019orge cultiv\u00e9 sur place pour sa bi\u00e8re, la Couille de loup. Tout un programme ! JC coordonne Tomahawk, \u00ab un collectif menant une gu\u00e9rilla culturelle contre le Music Business de masse \u00bb. Il mutualise les ressources, autant mat\u00e9rielles qu\u2019humaines : sono, micro, ampli, instruments, m\u00e9canos, guide pratique, base de donn\u00e9es, logistique, communication, rencontres\u2026 Cette ann\u00e9e s\u2019ach\u00e8ve le tipi de bois. Auto-financ\u00e9 et auto-construit, ses 750 m2 \u00e0 toit v\u00e9g\u00e9talis\u00e9 logeront les sioux-musiciens, les siouxplasticiens, les sioux-acteurs, abriteront bureaux et brasserie. Enfin, point fort de l\u2019ann\u00e9e, LE Tomahawk Festival : musiciens et art-tisans de tous poils s\u2019y retrouvent. Avec 9000 sioux-visiteurs en 2015, combien en 2016 ? \u00c0 vous d\u2019y \u00eatre !<\/p>\n<p style=\"text-align: justify;\"><strong>\u00ab Parce que cr\u00e9er, c\u2019est r\u00e9sister&#8230; \u00bb<\/strong><\/p>\n<p style=\"text-align: justify;\"><a href=\"http:\/\/www.altercampagne.net\/wp-content\/uploads\/2016\/05\/2016-07-29-Tomahawk.jpg\"><img loading=\"lazy\" decoding=\"async\" class=\" size-medium wp-image-4883 alignleft\" src=\"http:\/\/www.altercampagne.net\/wp-content\/uploads\/2016\/05\/2016-07-29-Tomahawk-300x219.jpg\" alt=\"Collectif Tomahawk\" width=\"300\" height=\"219\" srcset=\"https:\/\/www.altercampagne.net\/wp-content\/uploads\/2016\/05\/2016-07-29-Tomahawk-300x219.jpg 300w, https:\/\/www.altercampagne.net\/wp-content\/uploads\/2016\/05\/2016-07-29-Tomahawk.jpg 686w\" sizes=\"auto, (max-width: 300px) 100vw, 300px\" \/><\/a>\u00ab D\u2019un constat de mal-\u00eatre des musiciens, confront\u00e9s aux frais de production, \u00e0 la SACEM, aux fermetures des lieux de spectacles, aux soucis de r\u00e9mun\u00e9rations, \u00e0 la d\u00e9mat\u00e9rialisation des supports musicaux, JC a sorti la hache de guerre et rassembl\u00e9 une tribu. L\u2019objectif est de sortir de l\u2019isolement et de la comp\u00e9tition ambiante pour se recentrer sur notre bien commun : l\u2019amour de la musique. Il a fallu recueillir la parole des musiciens, du public, des programmateurs, puis cr\u00e9er les outils adapt\u00e9s pour mutualiser les comp\u00e9tences, partager les bons plans, apprendre \u00e0 d\u00e9cloisonner, faire ensemble\u2026 Mettre en place tous les moyens humains et mat\u00e9riels qui facilitent et permettent la cr\u00e9ation musicale et plus largement artistique. Bien vivre, c\u2019est pouvoir vivre de sa passion, qu\u2019on soit Breton ou d\u2019ailleurs ! Parce que cr\u00e9er, c\u2019est r\u00e9sister\u2026 \u00bb<\/p>\n<p style=\"text-align: right;\"><strong>Le crew qui en veut !<\/strong><\/p>\n<p>Extrait du Recueil des Alternatives de l\u2019AlterTour 2016, disponible dans le num\u00e9ro de juin de la <a title=\"Revue Silence\" href=\"http:\/\/www.revuesilence.net\/\" target=\"_blank\" rel=\"noopener noreferrer\">Revue Silence.<\/a><\/p>\n<p>Les Temps Forts \/ Tomahawk accueilleront l&rsquo;AlterTour les 28 et 29 juillet 2016 \u00e0 Querrien. D\u00e9tail des \u00e9tapes : <a href=\"http:\/\/www.altercampagne.net\/?page_id=172&amp;route=71\">ici<\/a><\/p>\n","protected":false},"excerpt":{"rendered":"<p>L\u2019association Les Temps Forts, c\u2019est un r\u00eave commun : cr\u00e9er un carrefour solidaire de comp\u00e9tences et de diversit\u00e9 culturelle au service de l\u2019\u00e9conomie locale. Qu\u2019\u00e0 cela ne tienne : en 2009, c\u2019est l\u2019achat des 22 hectares de la ferme du Boudiguen, dans le Finist\u00e8re Sud. Christian, jardinier bio, et Reine &#8230; <\/p>\n<div><a href=\"https:\/\/www.altercampagne.net\/?p=5068\" class=\"more-link\">Read More<\/a><\/div>\n","protected":false},"author":214,"featured_media":15435,"comment_status":"closed","ping_status":"closed","sticky":false,"template":"","format":"standard","meta":{"footnotes":""},"categories":[3472,3490,3459],"tags":[13,20,383,410,474,521,822,1573,1574,1652,2408,2409,2846,2849,2850,2851],"class_list":["post-5068","post","type-post","status-publish","format-standard","has-post-thumbnail","hentry","category-bretagne","category-culture","category-edition-2016","tag-revue-silence","tag-bretagne","tag-altertour-2016","tag-finistere","tag-bien-commun","tag-bien-vivre","tag-biens-communs","tag-tomahawk","tag-querrien","tag-1652","tag-les-temps-forts","tag-ferme-du-boudiguen","tag-accueillant","tag-accueillant2016","tag-accueillant-2016","tag-altertour2016"],"yoast_head":"<!-- This site is optimized with the Yoast SEO plugin v27.3 - https:\/\/yoast.com\/product\/yoast-seo-wordpress\/ -->\n<title>Les Temps Forts \/ Tomahawk les 28 et 29 juillet \u00e0 Querrien - AlterTour<\/title>\n<meta name=\"robots\" content=\"index, follow, max-snippet:-1, max-image-preview:large, max-video-preview:-1\" \/>\n<link rel=\"canonical\" href=\"https:\/\/www.altercampagne.net\/?p=5068\" \/>\n<meta property=\"og:locale\" content=\"fr_FR\" \/>\n<meta property=\"og:type\" content=\"article\" \/>\n<meta property=\"og:title\" content=\"Les Temps Forts \/ Tomahawk les 28 et 29 juillet \u00e0 Querrien - AlterTour\" \/>\n<meta property=\"og:description\" content=\"L\u2019association Les Temps Forts, c\u2019est un r\u00eave commun : cr\u00e9er un carrefour solidaire de comp\u00e9tences et de diversit\u00e9 culturelle au service de l\u2019\u00e9conomie locale. Qu\u2019\u00e0 cela ne tienne : en 2009, c\u2019est l\u2019achat des 22 hectares de la ferme du Boudiguen, dans le Finist\u00e8re Sud. Christian, jardinier bio, et Reine ... Read More\" \/>\n<meta property=\"og:url\" content=\"https:\/\/www.altercampagne.net\/?p=5068\" \/>\n<meta property=\"og:site_name\" content=\"AlterTour\" \/>\n<meta property=\"article:published_time\" content=\"2016-06-03T06:08:55+00:00\" \/>\n<meta property=\"article:modified_time\" content=\"2019-09-13T13:22:08+00:00\" \/>\n<meta property=\"og:image\" content=\"https:\/\/www.altercampagne.net\/wp-content\/uploads\/2016\/06\/2016-06-03-Tomahawk.jpg\" \/>\n\t<meta property=\"og:image:width\" content=\"800\" \/>\n\t<meta property=\"og:image:height\" content=\"418\" \/>\n\t<meta property=\"og:image:type\" content=\"image\/jpeg\" \/>\n<meta name=\"author\" content=\"Mathieu\" \/>\n<meta name=\"twitter:card\" content=\"summary_large_image\" \/>\n<meta name=\"twitter:label1\" content=\"\u00c9crit par\" \/>\n\t<meta name=\"twitter:data1\" content=\"Mathieu\" \/>\n\t<meta name=\"twitter:label2\" content=\"Dur\u00e9e de lecture estim\u00e9e\" \/>\n\t<meta name=\"twitter:data2\" content=\"2 minutes\" \/>\n<script type=\"application\/ld+json\" class=\"yoast-schema-graph\">{\"@context\":\"https:\\\/\\\/schema.org\",\"@graph\":[{\"@type\":\"Article\",\"@id\":\"https:\\\/\\\/www.altercampagne.net\\\/?p=5068#article\",\"isPartOf\":{\"@id\":\"https:\\\/\\\/www.altercampagne.net\\\/?p=5068\"},\"author\":{\"name\":\"Mathieu\",\"@id\":\"https:\\\/\\\/www.altercampagne.net\\\/#\\\/schema\\\/person\\\/0f261460c09e430caa0f9bcffa319109\"},\"headline\":\"Les Temps Forts \\\/ Tomahawk les 28 et 29 juillet \u00e0 Querrien\",\"datePublished\":\"2016-06-03T06:08:55+00:00\",\"dateModified\":\"2019-09-13T13:22:08+00:00\",\"mainEntityOfPage\":{\"@id\":\"https:\\\/\\\/www.altercampagne.net\\\/?p=5068\"},\"wordCount\":389,\"image\":{\"@id\":\"https:\\\/\\\/www.altercampagne.net\\\/?p=5068#primaryimage\"},\"thumbnailUrl\":\"https:\\\/\\\/www.altercampagne.net\\\/wp-content\\\/uploads\\\/2016\\\/06\\\/2016-06-03-Tomahawk.jpg\",\"keywords\":[\"revue Silence\",\"bretagne\",\"AlterTour 2016\",\"finist\u00e8re\",\"bien commun\",\"bien vivre\",\"biens communs\",\"Tomahawk\",\"Querrien\",\"2016\",\"Les Temps Forts\",\"ferme du Boudiguen\",\"accueillant\",\"accueillant2016\",\"accueillant 2016\",\"AlterTour2016\"],\"articleSection\":[\"Bretagne\",\"Culture\",\"\u00c9dition 2016\"],\"inLanguage\":\"fr-FR\"},{\"@type\":\"WebPage\",\"@id\":\"https:\\\/\\\/www.altercampagne.net\\\/?p=5068\",\"url\":\"https:\\\/\\\/www.altercampagne.net\\\/?p=5068\",\"name\":\"Les Temps Forts \\\/ Tomahawk les 28 et 29 juillet \u00e0 Querrien - AlterTour\",\"isPartOf\":{\"@id\":\"https:\\\/\\\/www.altercampagne.net\\\/#website\"},\"primaryImageOfPage\":{\"@id\":\"https:\\\/\\\/www.altercampagne.net\\\/?p=5068#primaryimage\"},\"image\":{\"@id\":\"https:\\\/\\\/www.altercampagne.net\\\/?p=5068#primaryimage\"},\"thumbnailUrl\":\"https:\\\/\\\/www.altercampagne.net\\\/wp-content\\\/uploads\\\/2016\\\/06\\\/2016-06-03-Tomahawk.jpg\",\"datePublished\":\"2016-06-03T06:08:55+00:00\",\"dateModified\":\"2019-09-13T13:22:08+00:00\",\"author\":{\"@id\":\"https:\\\/\\\/www.altercampagne.net\\\/#\\\/schema\\\/person\\\/0f261460c09e430caa0f9bcffa319109\"},\"breadcrumb\":{\"@id\":\"https:\\\/\\\/www.altercampagne.net\\\/?p=5068#breadcrumb\"},\"inLanguage\":\"fr-FR\",\"potentialAction\":[{\"@type\":\"ReadAction\",\"target\":[\"https:\\\/\\\/www.altercampagne.net\\\/?p=5068\"]}]},{\"@type\":\"ImageObject\",\"inLanguage\":\"fr-FR\",\"@id\":\"https:\\\/\\\/www.altercampagne.net\\\/?p=5068#primaryimage\",\"url\":\"https:\\\/\\\/www.altercampagne.net\\\/wp-content\\\/uploads\\\/2016\\\/06\\\/2016-06-03-Tomahawk.jpg\",\"contentUrl\":\"https:\\\/\\\/www.altercampagne.net\\\/wp-content\\\/uploads\\\/2016\\\/06\\\/2016-06-03-Tomahawk.jpg\",\"width\":800,\"height\":418},{\"@type\":\"BreadcrumbList\",\"@id\":\"https:\\\/\\\/www.altercampagne.net\\\/?p=5068#breadcrumb\",\"itemListElement\":[{\"@type\":\"ListItem\",\"position\":1,\"name\":\"Accueil\",\"item\":\"https:\\\/\\\/www.altercampagne.net\\\/\"},{\"@type\":\"ListItem\",\"position\":2,\"name\":\"Les Temps Forts \\\/ Tomahawk les 28 et 29 juillet \u00e0 Querrien\"}]},{\"@type\":\"WebSite\",\"@id\":\"https:\\\/\\\/www.altercampagne.net\\\/#website\",\"url\":\"https:\\\/\\\/www.altercampagne.net\\\/\",\"name\":\"AlterTour\",\"description\":\"Reliez les Alternatives \u00e0 v\u00e9lo\",\"potentialAction\":[{\"@type\":\"SearchAction\",\"target\":{\"@type\":\"EntryPoint\",\"urlTemplate\":\"https:\\\/\\\/www.altercampagne.net\\\/?s={search_term_string}\"},\"query-input\":{\"@type\":\"PropertyValueSpecification\",\"valueRequired\":true,\"valueName\":\"search_term_string\"}}],\"inLanguage\":\"fr-FR\"},{\"@type\":\"Person\",\"@id\":\"https:\\\/\\\/www.altercampagne.net\\\/#\\\/schema\\\/person\\\/0f261460c09e430caa0f9bcffa319109\",\"name\":\"Mathieu\",\"image\":{\"@type\":\"ImageObject\",\"inLanguage\":\"fr-FR\",\"@id\":\"https:\\\/\\\/secure.gravatar.com\\\/avatar\\\/aa9d3d24c83f2141e5e2709d0f63d09a99f6be6bb7a50abc4915838d9f54501a?s=96&d=mm&r=g\",\"url\":\"https:\\\/\\\/secure.gravatar.com\\\/avatar\\\/aa9d3d24c83f2141e5e2709d0f63d09a99f6be6bb7a50abc4915838d9f54501a?s=96&d=mm&r=g\",\"contentUrl\":\"https:\\\/\\\/secure.gravatar.com\\\/avatar\\\/aa9d3d24c83f2141e5e2709d0f63d09a99f6be6bb7a50abc4915838d9f54501a?s=96&d=mm&r=g\",\"caption\":\"Mathieu\"},\"url\":\"https:\\\/\\\/www.altercampagne.net\\\/?author=214\"}]}<\/script>\n<!-- \/ Yoast SEO plugin. -->","yoast_head_json":{"title":"Les Temps Forts \/ Tomahawk les 28 et 29 juillet \u00e0 Querrien - AlterTour","robots":{"index":"index","follow":"follow","max-snippet":"max-snippet:-1","max-image-preview":"max-image-preview:large","max-video-preview":"max-video-preview:-1"},"canonical":"https:\/\/www.altercampagne.net\/?p=5068","og_locale":"fr_FR","og_type":"article","og_title":"Les Temps Forts \/ Tomahawk les 28 et 29 juillet \u00e0 Querrien - AlterTour","og_description":"L\u2019association Les Temps Forts, c\u2019est un r\u00eave commun : cr\u00e9er un carrefour solidaire de comp\u00e9tences et de diversit\u00e9 culturelle au service de l\u2019\u00e9conomie locale. Qu\u2019\u00e0 cela ne tienne : en 2009, c\u2019est l\u2019achat des 22 hectares de la ferme du Boudiguen, dans le Finist\u00e8re Sud. Christian, jardinier bio, et Reine ... Read More","og_url":"https:\/\/www.altercampagne.net\/?p=5068","og_site_name":"AlterTour","article_published_time":"2016-06-03T06:08:55+00:00","article_modified_time":"2019-09-13T13:22:08+00:00","og_image":[{"width":800,"height":418,"url":"https:\/\/www.altercampagne.net\/wp-content\/uploads\/2016\/06\/2016-06-03-Tomahawk.jpg","type":"image\/jpeg"}],"author":"Mathieu","twitter_card":"summary_large_image","twitter_misc":{"\u00c9crit par":"Mathieu","Dur\u00e9e de lecture estim\u00e9e":"2 minutes"},"schema":{"@context":"https:\/\/schema.org","@graph":[{"@type":"Article","@id":"https:\/\/www.altercampagne.net\/?p=5068#article","isPartOf":{"@id":"https:\/\/www.altercampagne.net\/?p=5068"},"author":{"name":"Mathieu","@id":"https:\/\/www.altercampagne.net\/#\/schema\/person\/0f261460c09e430caa0f9bcffa319109"},"headline":"Les Temps Forts \/ Tomahawk les 28 et 29 juillet \u00e0 Querrien","datePublished":"2016-06-03T06:08:55+00:00","dateModified":"2019-09-13T13:22:08+00:00","mainEntityOfPage":{"@id":"https:\/\/www.altercampagne.net\/?p=5068"},"wordCount":389,"image":{"@id":"https:\/\/www.altercampagne.net\/?p=5068#primaryimage"},"thumbnailUrl":"https:\/\/www.altercampagne.net\/wp-content\/uploads\/2016\/06\/2016-06-03-Tomahawk.jpg","keywords":["revue Silence","bretagne","AlterTour 2016","finist\u00e8re","bien commun","bien vivre","biens communs","Tomahawk","Querrien","2016","Les Temps Forts","ferme du Boudiguen","accueillant","accueillant2016","accueillant 2016","AlterTour2016"],"articleSection":["Bretagne","Culture","\u00c9dition 2016"],"inLanguage":"fr-FR"},{"@type":"WebPage","@id":"https:\/\/www.altercampagne.net\/?p=5068","url":"https:\/\/www.altercampagne.net\/?p=5068","name":"Les Temps Forts \/ Tomahawk les 28 et 29 juillet \u00e0 Querrien - AlterTour","isPartOf":{"@id":"https:\/\/www.altercampagne.net\/#website"},"primaryImageOfPage":{"@id":"https:\/\/www.altercampagne.net\/?p=5068#primaryimage"},"image":{"@id":"https:\/\/www.altercampagne.net\/?p=5068#primaryimage"},"thumbnailUrl":"https:\/\/www.altercampagne.net\/wp-content\/uploads\/2016\/06\/2016-06-03-Tomahawk.jpg","datePublished":"2016-06-03T06:08:55+00:00","dateModified":"2019-09-13T13:22:08+00:00","author":{"@id":"https:\/\/www.altercampagne.net\/#\/schema\/person\/0f261460c09e430caa0f9bcffa319109"},"breadcrumb":{"@id":"https:\/\/www.altercampagne.net\/?p=5068#breadcrumb"},"inLanguage":"fr-FR","potentialAction":[{"@type":"ReadAction","target":["https:\/\/www.altercampagne.net\/?p=5068"]}]},{"@type":"ImageObject","inLanguage":"fr-FR","@id":"https:\/\/www.altercampagne.net\/?p=5068#primaryimage","url":"https:\/\/www.altercampagne.net\/wp-content\/uploads\/2016\/06\/2016-06-03-Tomahawk.jpg","contentUrl":"https:\/\/www.altercampagne.net\/wp-content\/uploads\/2016\/06\/2016-06-03-Tomahawk.jpg","width":800,"height":418},{"@type":"BreadcrumbList","@id":"https:\/\/www.altercampagne.net\/?p=5068#breadcrumb","itemListElement":[{"@type":"ListItem","position":1,"name":"Accueil","item":"https:\/\/www.altercampagne.net\/"},{"@type":"ListItem","position":2,"name":"Les Temps Forts \/ Tomahawk les 28 et 29 juillet \u00e0 Querrien"}]},{"@type":"WebSite","@id":"https:\/\/www.altercampagne.net\/#website","url":"https:\/\/www.altercampagne.net\/","name":"AlterTour","description":"Reliez les Alternatives \u00e0 v\u00e9lo","potentialAction":[{"@type":"SearchAction","target":{"@type":"EntryPoint","urlTemplate":"https:\/\/www.altercampagne.net\/?s={search_term_string}"},"query-input":{"@type":"PropertyValueSpecification","valueRequired":true,"valueName":"search_term_string"}}],"inLanguage":"fr-FR"},{"@type":"Person","@id":"https:\/\/www.altercampagne.net\/#\/schema\/person\/0f261460c09e430caa0f9bcffa319109","name":"Mathieu","image":{"@type":"ImageObject","inLanguage":"fr-FR","@id":"https:\/\/secure.gravatar.com\/avatar\/aa9d3d24c83f2141e5e2709d0f63d09a99f6be6bb7a50abc4915838d9f54501a?s=96&d=mm&r=g","url":"https:\/\/secure.gravatar.com\/avatar\/aa9d3d24c83f2141e5e2709d0f63d09a99f6be6bb7a50abc4915838d9f54501a?s=96&d=mm&r=g","contentUrl":"https:\/\/secure.gravatar.com\/avatar\/aa9d3d24c83f2141e5e2709d0f63d09a99f6be6bb7a50abc4915838d9f54501a?s=96&d=mm&r=g","caption":"Mathieu"},"url":"https:\/\/www.altercampagne.net\/?author=214"}]}},"_links":{"self":[{"href":"https:\/\/www.altercampagne.net\/index.php?rest_route=\/wp\/v2\/posts\/5068","targetHints":{"allow":["GET"]}}],"collection":[{"href":"https:\/\/www.altercampagne.net\/index.php?rest_route=\/wp\/v2\/posts"}],"about":[{"href":"https:\/\/www.altercampagne.net\/index.php?rest_route=\/wp\/v2\/types\/post"}],"author":[{"embeddable":true,"href":"https:\/\/www.altercampagne.net\/index.php?rest_route=\/wp\/v2\/users\/214"}],"replies":[{"embeddable":true,"href":"https:\/\/www.altercampagne.net\/index.php?rest_route=%2Fwp%2Fv2%2Fcomments&post=5068"}],"version-history":[{"count":0,"href":"https:\/\/www.altercampagne.net\/index.php?rest_route=\/wp\/v2\/posts\/5068\/revisions"}],"wp:featuredmedia":[{"embeddable":true,"href":"https:\/\/www.altercampagne.net\/index.php?rest_route=\/wp\/v2\/media\/15435"}],"wp:attachment":[{"href":"https:\/\/www.altercampagne.net\/index.php?rest_route=%2Fwp%2Fv2%2Fmedia&parent=5068"}],"wp:term":[{"taxonomy":"category","embeddable":true,"href":"https:\/\/www.altercampagne.net\/index.php?rest_route=%2Fwp%2Fv2%2Fcategories&post=5068"},{"taxonomy":"post_tag","embeddable":true,"href":"https:\/\/www.altercampagne.net\/index.php?rest_route=%2Fwp%2Fv2%2Ftags&post=5068"}],"curies":[{"name":"wp","href":"https:\/\/api.w.org\/{rel}","templated":true}]}}