{"id":5078,"date":"2016-05-12T09:19:13","date_gmt":"2016-05-12T07:19:13","guid":{"rendered":"http:\/\/www.altercampagne.net\/?p=5078"},"modified":"2024-10-28T14:20:19","modified_gmt":"2024-10-28T13:20:19","slug":"la-ferme-brasserie-de-loudon-le-13-juillet-a-meral","status":"publish","type":"post","link":"https:\/\/www.altercampagne.net\/?p=5078","title":{"rendered":"La Ferme Brasserie de l&rsquo;Oudon le 13 juillet \u00e0 M\u00e9ral"},"content":{"rendered":"<p style=\"text-align: justify;\"><a href=\"http:\/\/www.altercampagne.net\/wp-content\/uploads\/2016\/05\/2016-07-13-Ferme-Brasserie-de-l-oudon.jpg\"><img loading=\"lazy\" decoding=\"async\" class=\"alignright wp-image-5084 size-medium\" src=\"http:\/\/www.altercampagne.net\/wp-content\/uploads\/2016\/05\/2016-07-13-Ferme-Brasserie-de-l-oudon-300x219.jpg\" alt=\"Ferme Brasserie de l'Oudon\" width=\"300\" height=\"219\" \/><\/a>St\u00e9phane Gauthier s&rsquo;est install\u00e9 \u00e0 M\u00e9ral en 1998. Il a d\u00e9velopp\u00e9 une production laiti\u00e8re bio avec un troupeau de 30 vaches. Avec son cheptel de taille raisonnable, ses 38 hectares de p\u00e2turage et le maintient des haies, il s&rsquo;inscrit pleinement dans la charte de l&rsquo;Agriculture Paysanne. Son objectif est de produire du lait avec un minimum d&rsquo;achats ext\u00e9rieurs, un minimum d&rsquo;interventions m\u00e9caniques&#8230; et un maximum d&rsquo;autonomie.<\/p>\n<p style=\"text-align: justify;\">Il a \u00e9t\u00e9 rejoint en janvier 2014 par Bernadette Dumas. Elle a d\u00e9velopp\u00e9 une Brasserie biologique artisanale et paysanne. L&rsquo;orge de la brasserie est produite sur place et participe \u00e0 la rotation des surfaces. Apr\u00e8s r\u00e9colte, elle est envoy\u00e9e dans une malterie locale. Elle revient torr\u00e9fi\u00e9e \u00e0 la ferme pour \u00eatre \u00e9cras\u00e9e et brass\u00e9e par Bernadette qui produit 300 litres de bi\u00e8re par brassin. Apr\u00e8s le brassage, les dr\u00eaches (r\u00e9sidus de malt non alcoolis\u00e9s), sont consomm\u00e9es par les vaches. La boucle est boucl\u00e9e !<\/p>\n<p style=\"text-align: justify;\">La <a href=\"https:\/\/www.facebook.com\/brasseriedeloudon\/timeline\" target=\"_blank\" rel=\"noopener noreferrer\">Brasserie de l&rsquo;Oudon<\/a> propose 5 bi\u00e8res diff\u00e9rentes : La Free Mousse Blonde, la Free Mousse Dor\u00e9e, la Carte Blanche, l&rsquo;Ambrass\u00e9e et l\u2019\u00c9pic\u00e9e Tout. En vente directe \u00e0 la ferme elles sont disponibles en f\u00fbts et en bouteilles de 75 cl. Un test de recyclage des bouteilles est en cours. Elles sont d\u00e9pos\u00e9es \u00e0 la brasserie ou sur les points de retrait, lav\u00e9es et r\u00e9-utilis\u00e9es. L&rsquo;activit\u00e9 de Bernadette a permis la r\u00e9novation de la long\u00e8re et la cr\u00e9ation d&rsquo;un espace pour des groupes de musique et de th\u00e9\u00e2tre.<\/p>\n<p style=\"text-align: justify;\">Un petit camping est am\u00e9nag\u00e9 dans le verg\u00e9, naturellement estampill\u00e9 <a href=\"http:\/\/www.accueil-paysan.com\/fr\/catalog\/structure\/540\/\" target=\"_blank\" rel=\"noopener noreferrer\">Accueil Paysan<\/a>, il dispose de 6 emplacements ombrag\u00e9s.\u00a0 La production d&rsquo;eau chaude et d&rsquo;\u00e9lectricit\u00e9 est assur\u00e9e par des panneaux solaires thermique et photovolta\u00efques.<\/p>\n<p style=\"text-align: justify;\">La Ferme Brasserie de l&rsquo;Oudon accueillera l&rsquo;AlterTour le 13 juillet 2016 \u00e0 M\u00e9ral. D\u00e9tails de l&rsquo;\u00e9tape : <a href=\"http:\/\/www.altercampagne.net\/?page_id=172&amp;route=56\">ici<\/a>.<\/p>\n<p><iframe loading=\"lazy\" src=\"https:\/\/www.youtube.com\/embed\/L8EemyRRaDg\" width=\"420\" height=\"315\" frameborder=\"0\" allowfullscreen=\"allowfullscreen\"><\/iframe><\/p>\n<p class=\"has-text-align-right\"><strong>Mathieu<br \/>\n<\/strong><\/p>\n<p style=\"text-align: right;\"><span style=\"color: #ffffff;\"><strong>Mathieu Fromont<\/strong><\/span><\/p>\n<p class=\"has-text-align-right\"><strong> <span style=\"color: #ffffff;\"><a style=\"color: #ffffff;\" href=\"https:\/\/www.facebook.com\/BrasseriePlumeJurassienne\" target=\"_blank\" rel=\"noopener\">Brasserie Plume Jurassienne<\/a><\/span><br \/>\n<\/strong><\/p>\n<p><span class=\"visually-hidden\">Mathieu Fromont <a href=\"https:\/\/www.facebook.com\/BrasseriePlumeJurassienne\">Brasserie Plume Jurassienne<\/a> (Cramans, Jura)<\/span><\/p>\n","protected":false},"excerpt":{"rendered":"<p>Bernadette Dumas a d\u00e9velopp\u00e9 une Brasserie biologique artisanale et paysanne. L&rsquo;orge de la brasserie est produite sur place et participe \u00e0 la rotation des surfaces. Apr\u00e8s r\u00e9colte, elle est envoy\u00e9e dans une malterie locale. Elle revient torr\u00e9fi\u00e9e \u00e0 la ferme pour \u00eatre \u00e9cras\u00e9e et brass\u00e9e par Bernadette qui produit 300 litres de bi\u00e8re par brassin. Apr\u00e8s le brassage, les dr\u00eaches (r\u00e9sidus de malt non alcoolis\u00e9s), sont consomm\u00e9es par les vaches. La boucle est boucl\u00e9e !<\/p>\n","protected":false},"author":214,"featured_media":15388,"comment_status":"closed","ping_status":"closed","sticky":false,"template":"","format":"standard","meta":{"footnotes":""},"categories":[3483,4037,3459,3481],"tags":[2412,4478,4477,4466,4454,4450,2851,2850,2849,2846,2415,2414,2413,383,2411,2410,1652,950,894,822,552,521,474,431,416],"class_list":["post-5078","post","type-post","status-publish","format-standard","has-post-thumbnail","hentry","category-agriculture","category-biere","category-edition-2016","category-pays-de-la-loire","tag-meral","tag-bernadette-dumas","tag-stephane-gauthier","tag-brasserie-artisanale","tag-brasserie-plume","tag-brasserie-plume-jurassienne","tag-altertour2016","tag-accueillant-2016","tag-accueillant2016","tag-accueillant","tag-agriculture-paysanne","tag-micro-brasserie","tag-brasserie","tag-altertour-2016","tag-ferme-brasserie-de-loudon","tag-brasserie-de-loudon","tag-1652","tag-biere","tag-pays-de-la-loire","tag-biens-communs","tag-mathieu-fromont","tag-bien-vivre","tag-bien-commun","tag-accueil-paysan","tag-mayenne"],"yoast_head":"<!-- This site is optimized with the Yoast SEO plugin v27.3 - https:\/\/yoast.com\/product\/yoast-seo-wordpress\/ -->\n<title>La Ferme Brasserie de l&#039;Oudon le 13 juillet \u00e0 M\u00e9ral - AlterTour<\/title>\n<meta name=\"robots\" content=\"index, follow, max-snippet:-1, max-image-preview:large, max-video-preview:-1\" \/>\n<link rel=\"canonical\" href=\"https:\/\/www.altercampagne.net\/?p=5078\" \/>\n<meta property=\"og:locale\" content=\"fr_FR\" \/>\n<meta property=\"og:type\" content=\"article\" \/>\n<meta property=\"og:title\" content=\"La Ferme Brasserie de l&#039;Oudon le 13 juillet \u00e0 M\u00e9ral - AlterTour\" \/>\n<meta property=\"og:description\" content=\"Bernadette Dumas a d\u00e9velopp\u00e9 une Brasserie biologique artisanale et paysanne. L&#039;orge de la brasserie est produite sur place et participe \u00e0 la rotation des surfaces. Apr\u00e8s r\u00e9colte, elle est envoy\u00e9e dans une malterie locale. Elle revient torr\u00e9fi\u00e9e \u00e0 la ferme pour \u00eatre \u00e9cras\u00e9e et brass\u00e9e par Bernadette qui produit 300 litres de bi\u00e8re par brassin. Apr\u00e8s le brassage, les dr\u00eaches (r\u00e9sidus de malt non alcoolis\u00e9s), sont consomm\u00e9es par les vaches. La boucle est boucl\u00e9e !\" \/>\n<meta property=\"og:url\" content=\"https:\/\/www.altercampagne.net\/?p=5078\" \/>\n<meta property=\"og:site_name\" content=\"AlterTour\" \/>\n<meta property=\"article:published_time\" content=\"2016-05-12T07:19:13+00:00\" \/>\n<meta property=\"article:modified_time\" content=\"2024-10-28T13:20:19+00:00\" \/>\n<meta property=\"og:image\" content=\"https:\/\/www.altercampagne.net\/wp-content\/uploads\/2016\/05\/2016-07-13-carte-microbrasseries-la-mayenne-est-une-terre-de-bieres_1.jpg\" \/>\n\t<meta property=\"og:image:width\" content=\"640\" \/>\n\t<meta property=\"og:image:height\" content=\"335\" \/>\n\t<meta property=\"og:image:type\" content=\"image\/jpeg\" \/>\n<meta name=\"author\" content=\"Mathieu\" \/>\n<meta name=\"twitter:card\" content=\"summary_large_image\" \/>\n<meta name=\"twitter:label1\" content=\"\u00c9crit par\" \/>\n\t<meta name=\"twitter:data1\" content=\"Mathieu\" \/>\n\t<meta name=\"twitter:label2\" content=\"Dur\u00e9e de lecture estim\u00e9e\" \/>\n\t<meta name=\"twitter:data2\" content=\"2 minutes\" \/>\n<script type=\"application\/ld+json\" class=\"yoast-schema-graph\">{\"@context\":\"https:\\\/\\\/schema.org\",\"@graph\":[{\"@type\":\"Article\",\"@id\":\"https:\\\/\\\/www.altercampagne.net\\\/?p=5078#article\",\"isPartOf\":{\"@id\":\"https:\\\/\\\/www.altercampagne.net\\\/?p=5078\"},\"author\":{\"name\":\"Mathieu\",\"@id\":\"https:\\\/\\\/www.altercampagne.net\\\/#\\\/schema\\\/person\\\/0f261460c09e430caa0f9bcffa319109\"},\"headline\":\"La Ferme Brasserie de l&rsquo;Oudon le 13 juillet \u00e0 M\u00e9ral\",\"datePublished\":\"2016-05-12T07:19:13+00:00\",\"dateModified\":\"2024-10-28T13:20:19+00:00\",\"mainEntityOfPage\":{\"@id\":\"https:\\\/\\\/www.altercampagne.net\\\/?p=5078\"},\"wordCount\":353,\"image\":{\"@id\":\"https:\\\/\\\/www.altercampagne.net\\\/?p=5078#primaryimage\"},\"thumbnailUrl\":\"https:\\\/\\\/www.altercampagne.net\\\/wp-content\\\/uploads\\\/2016\\\/05\\\/2016-07-13-carte-microbrasseries-la-mayenne-est-une-terre-de-bieres_1.jpg\",\"keywords\":[\"M\u00e9ral\",\"Bernadette dumas\",\"St\u00e9phane Gauthier\",\"Brasserie Artisanale\",\"brasserie plume\",\"Brasserie Plume Jurassienne\",\"AlterTour2016\",\"accueillant 2016\",\"accueillant2016\",\"accueillant\",\"agriculture paysanne\",\"micro-brasserie\",\"brasserie\",\"AlterTour 2016\",\"ferme brasserie de l'oudon\",\"Brasserie de l'oudon\",\"2016\",\"bi\u00e8re\",\"Pays de la Loire\",\"biens communs\",\"Mathieu Fromont\",\"bien vivre\",\"bien commun\",\"accueil paysan\",\"mayenne\"],\"articleSection\":[\"Agriculture\",\"Bi\u00e8re\",\"\u00c9dition 2016\",\"Pays de la Loire\"],\"inLanguage\":\"fr-FR\"},{\"@type\":\"WebPage\",\"@id\":\"https:\\\/\\\/www.altercampagne.net\\\/?p=5078\",\"url\":\"https:\\\/\\\/www.altercampagne.net\\\/?p=5078\",\"name\":\"La Ferme Brasserie de l'Oudon le 13 juillet \u00e0 M\u00e9ral - AlterTour\",\"isPartOf\":{\"@id\":\"https:\\\/\\\/www.altercampagne.net\\\/#website\"},\"primaryImageOfPage\":{\"@id\":\"https:\\\/\\\/www.altercampagne.net\\\/?p=5078#primaryimage\"},\"image\":{\"@id\":\"https:\\\/\\\/www.altercampagne.net\\\/?p=5078#primaryimage\"},\"thumbnailUrl\":\"https:\\\/\\\/www.altercampagne.net\\\/wp-content\\\/uploads\\\/2016\\\/05\\\/2016-07-13-carte-microbrasseries-la-mayenne-est-une-terre-de-bieres_1.jpg\",\"datePublished\":\"2016-05-12T07:19:13+00:00\",\"dateModified\":\"2024-10-28T13:20:19+00:00\",\"author\":{\"@id\":\"https:\\\/\\\/www.altercampagne.net\\\/#\\\/schema\\\/person\\\/0f261460c09e430caa0f9bcffa319109\"},\"breadcrumb\":{\"@id\":\"https:\\\/\\\/www.altercampagne.net\\\/?p=5078#breadcrumb\"},\"inLanguage\":\"fr-FR\",\"potentialAction\":[{\"@type\":\"ReadAction\",\"target\":[\"https:\\\/\\\/www.altercampagne.net\\\/?p=5078\"]}]},{\"@type\":\"ImageObject\",\"inLanguage\":\"fr-FR\",\"@id\":\"https:\\\/\\\/www.altercampagne.net\\\/?p=5078#primaryimage\",\"url\":\"https:\\\/\\\/www.altercampagne.net\\\/wp-content\\\/uploads\\\/2016\\\/05\\\/2016-07-13-carte-microbrasseries-la-mayenne-est-une-terre-de-bieres_1.jpg\",\"contentUrl\":\"https:\\\/\\\/www.altercampagne.net\\\/wp-content\\\/uploads\\\/2016\\\/05\\\/2016-07-13-carte-microbrasseries-la-mayenne-est-une-terre-de-bieres_1.jpg\",\"width\":640,\"height\":335},{\"@type\":\"BreadcrumbList\",\"@id\":\"https:\\\/\\\/www.altercampagne.net\\\/?p=5078#breadcrumb\",\"itemListElement\":[{\"@type\":\"ListItem\",\"position\":1,\"name\":\"Accueil\",\"item\":\"https:\\\/\\\/www.altercampagne.net\\\/\"},{\"@type\":\"ListItem\",\"position\":2,\"name\":\"La Ferme Brasserie de l&rsquo;Oudon le 13 juillet \u00e0 M\u00e9ral\"}]},{\"@type\":\"WebSite\",\"@id\":\"https:\\\/\\\/www.altercampagne.net\\\/#website\",\"url\":\"https:\\\/\\\/www.altercampagne.net\\\/\",\"name\":\"AlterTour\",\"description\":\"Reliez les Alternatives \u00e0 v\u00e9lo\",\"potentialAction\":[{\"@type\":\"SearchAction\",\"target\":{\"@type\":\"EntryPoint\",\"urlTemplate\":\"https:\\\/\\\/www.altercampagne.net\\\/?s={search_term_string}\"},\"query-input\":{\"@type\":\"PropertyValueSpecification\",\"valueRequired\":true,\"valueName\":\"search_term_string\"}}],\"inLanguage\":\"fr-FR\"},{\"@type\":\"Person\",\"@id\":\"https:\\\/\\\/www.altercampagne.net\\\/#\\\/schema\\\/person\\\/0f261460c09e430caa0f9bcffa319109\",\"name\":\"Mathieu\",\"image\":{\"@type\":\"ImageObject\",\"inLanguage\":\"fr-FR\",\"@id\":\"https:\\\/\\\/secure.gravatar.com\\\/avatar\\\/aa9d3d24c83f2141e5e2709d0f63d09a99f6be6bb7a50abc4915838d9f54501a?s=96&d=mm&r=g\",\"url\":\"https:\\\/\\\/secure.gravatar.com\\\/avatar\\\/aa9d3d24c83f2141e5e2709d0f63d09a99f6be6bb7a50abc4915838d9f54501a?s=96&d=mm&r=g\",\"contentUrl\":\"https:\\\/\\\/secure.gravatar.com\\\/avatar\\\/aa9d3d24c83f2141e5e2709d0f63d09a99f6be6bb7a50abc4915838d9f54501a?s=96&d=mm&r=g\",\"caption\":\"Mathieu\"},\"url\":\"https:\\\/\\\/www.altercampagne.net\\\/?author=214\"}]}<\/script>\n<!-- \/ Yoast SEO plugin. -->","yoast_head_json":{"title":"La Ferme Brasserie de l'Oudon le 13 juillet \u00e0 M\u00e9ral - AlterTour","robots":{"index":"index","follow":"follow","max-snippet":"max-snippet:-1","max-image-preview":"max-image-preview:large","max-video-preview":"max-video-preview:-1"},"canonical":"https:\/\/www.altercampagne.net\/?p=5078","og_locale":"fr_FR","og_type":"article","og_title":"La Ferme Brasserie de l'Oudon le 13 juillet \u00e0 M\u00e9ral - AlterTour","og_description":"Bernadette Dumas a d\u00e9velopp\u00e9 une Brasserie biologique artisanale et paysanne. L'orge de la brasserie est produite sur place et participe \u00e0 la rotation des surfaces. Apr\u00e8s r\u00e9colte, elle est envoy\u00e9e dans une malterie locale. Elle revient torr\u00e9fi\u00e9e \u00e0 la ferme pour \u00eatre \u00e9cras\u00e9e et brass\u00e9e par Bernadette qui produit 300 litres de bi\u00e8re par brassin. Apr\u00e8s le brassage, les dr\u00eaches (r\u00e9sidus de malt non alcoolis\u00e9s), sont consomm\u00e9es par les vaches. La boucle est boucl\u00e9e !","og_url":"https:\/\/www.altercampagne.net\/?p=5078","og_site_name":"AlterTour","article_published_time":"2016-05-12T07:19:13+00:00","article_modified_time":"2024-10-28T13:20:19+00:00","og_image":[{"width":640,"height":335,"url":"https:\/\/www.altercampagne.net\/wp-content\/uploads\/2016\/05\/2016-07-13-carte-microbrasseries-la-mayenne-est-une-terre-de-bieres_1.jpg","type":"image\/jpeg"}],"author":"Mathieu","twitter_card":"summary_large_image","twitter_misc":{"\u00c9crit par":"Mathieu","Dur\u00e9e de lecture estim\u00e9e":"2 minutes"},"schema":{"@context":"https:\/\/schema.org","@graph":[{"@type":"Article","@id":"https:\/\/www.altercampagne.net\/?p=5078#article","isPartOf":{"@id":"https:\/\/www.altercampagne.net\/?p=5078"},"author":{"name":"Mathieu","@id":"https:\/\/www.altercampagne.net\/#\/schema\/person\/0f261460c09e430caa0f9bcffa319109"},"headline":"La Ferme Brasserie de l&rsquo;Oudon le 13 juillet \u00e0 M\u00e9ral","datePublished":"2016-05-12T07:19:13+00:00","dateModified":"2024-10-28T13:20:19+00:00","mainEntityOfPage":{"@id":"https:\/\/www.altercampagne.net\/?p=5078"},"wordCount":353,"image":{"@id":"https:\/\/www.altercampagne.net\/?p=5078#primaryimage"},"thumbnailUrl":"https:\/\/www.altercampagne.net\/wp-content\/uploads\/2016\/05\/2016-07-13-carte-microbrasseries-la-mayenne-est-une-terre-de-bieres_1.jpg","keywords":["M\u00e9ral","Bernadette dumas","St\u00e9phane Gauthier","Brasserie Artisanale","brasserie plume","Brasserie Plume Jurassienne","AlterTour2016","accueillant 2016","accueillant2016","accueillant","agriculture paysanne","micro-brasserie","brasserie","AlterTour 2016","ferme brasserie de l'oudon","Brasserie de l'oudon","2016","bi\u00e8re","Pays de la Loire","biens communs","Mathieu Fromont","bien vivre","bien commun","accueil paysan","mayenne"],"articleSection":["Agriculture","Bi\u00e8re","\u00c9dition 2016","Pays de la Loire"],"inLanguage":"fr-FR"},{"@type":"WebPage","@id":"https:\/\/www.altercampagne.net\/?p=5078","url":"https:\/\/www.altercampagne.net\/?p=5078","name":"La Ferme Brasserie de l'Oudon le 13 juillet \u00e0 M\u00e9ral - AlterTour","isPartOf":{"@id":"https:\/\/www.altercampagne.net\/#website"},"primaryImageOfPage":{"@id":"https:\/\/www.altercampagne.net\/?p=5078#primaryimage"},"image":{"@id":"https:\/\/www.altercampagne.net\/?p=5078#primaryimage"},"thumbnailUrl":"https:\/\/www.altercampagne.net\/wp-content\/uploads\/2016\/05\/2016-07-13-carte-microbrasseries-la-mayenne-est-une-terre-de-bieres_1.jpg","datePublished":"2016-05-12T07:19:13+00:00","dateModified":"2024-10-28T13:20:19+00:00","author":{"@id":"https:\/\/www.altercampagne.net\/#\/schema\/person\/0f261460c09e430caa0f9bcffa319109"},"breadcrumb":{"@id":"https:\/\/www.altercampagne.net\/?p=5078#breadcrumb"},"inLanguage":"fr-FR","potentialAction":[{"@type":"ReadAction","target":["https:\/\/www.altercampagne.net\/?p=5078"]}]},{"@type":"ImageObject","inLanguage":"fr-FR","@id":"https:\/\/www.altercampagne.net\/?p=5078#primaryimage","url":"https:\/\/www.altercampagne.net\/wp-content\/uploads\/2016\/05\/2016-07-13-carte-microbrasseries-la-mayenne-est-une-terre-de-bieres_1.jpg","contentUrl":"https:\/\/www.altercampagne.net\/wp-content\/uploads\/2016\/05\/2016-07-13-carte-microbrasseries-la-mayenne-est-une-terre-de-bieres_1.jpg","width":640,"height":335},{"@type":"BreadcrumbList","@id":"https:\/\/www.altercampagne.net\/?p=5078#breadcrumb","itemListElement":[{"@type":"ListItem","position":1,"name":"Accueil","item":"https:\/\/www.altercampagne.net\/"},{"@type":"ListItem","position":2,"name":"La Ferme Brasserie de l&rsquo;Oudon le 13 juillet \u00e0 M\u00e9ral"}]},{"@type":"WebSite","@id":"https:\/\/www.altercampagne.net\/#website","url":"https:\/\/www.altercampagne.net\/","name":"AlterTour","description":"Reliez les Alternatives \u00e0 v\u00e9lo","potentialAction":[{"@type":"SearchAction","target":{"@type":"EntryPoint","urlTemplate":"https:\/\/www.altercampagne.net\/?s={search_term_string}"},"query-input":{"@type":"PropertyValueSpecification","valueRequired":true,"valueName":"search_term_string"}}],"inLanguage":"fr-FR"},{"@type":"Person","@id":"https:\/\/www.altercampagne.net\/#\/schema\/person\/0f261460c09e430caa0f9bcffa319109","name":"Mathieu","image":{"@type":"ImageObject","inLanguage":"fr-FR","@id":"https:\/\/secure.gravatar.com\/avatar\/aa9d3d24c83f2141e5e2709d0f63d09a99f6be6bb7a50abc4915838d9f54501a?s=96&d=mm&r=g","url":"https:\/\/secure.gravatar.com\/avatar\/aa9d3d24c83f2141e5e2709d0f63d09a99f6be6bb7a50abc4915838d9f54501a?s=96&d=mm&r=g","contentUrl":"https:\/\/secure.gravatar.com\/avatar\/aa9d3d24c83f2141e5e2709d0f63d09a99f6be6bb7a50abc4915838d9f54501a?s=96&d=mm&r=g","caption":"Mathieu"},"url":"https:\/\/www.altercampagne.net\/?author=214"}]}},"_links":{"self":[{"href":"https:\/\/www.altercampagne.net\/index.php?rest_route=\/wp\/v2\/posts\/5078","targetHints":{"allow":["GET"]}}],"collection":[{"href":"https:\/\/www.altercampagne.net\/index.php?rest_route=\/wp\/v2\/posts"}],"about":[{"href":"https:\/\/www.altercampagne.net\/index.php?rest_route=\/wp\/v2\/types\/post"}],"author":[{"embeddable":true,"href":"https:\/\/www.altercampagne.net\/index.php?rest_route=\/wp\/v2\/users\/214"}],"replies":[{"embeddable":true,"href":"https:\/\/www.altercampagne.net\/index.php?rest_route=%2Fwp%2Fv2%2Fcomments&post=5078"}],"version-history":[{"count":7,"href":"https:\/\/www.altercampagne.net\/index.php?rest_route=\/wp\/v2\/posts\/5078\/revisions"}],"predecessor-version":[{"id":28826,"href":"https:\/\/www.altercampagne.net\/index.php?rest_route=\/wp\/v2\/posts\/5078\/revisions\/28826"}],"wp:featuredmedia":[{"embeddable":true,"href":"https:\/\/www.altercampagne.net\/index.php?rest_route=\/wp\/v2\/media\/15388"}],"wp:attachment":[{"href":"https:\/\/www.altercampagne.net\/index.php?rest_route=%2Fwp%2Fv2%2Fmedia&parent=5078"}],"wp:term":[{"taxonomy":"category","embeddable":true,"href":"https:\/\/www.altercampagne.net\/index.php?rest_route=%2Fwp%2Fv2%2Fcategories&post=5078"},{"taxonomy":"post_tag","embeddable":true,"href":"https:\/\/www.altercampagne.net\/index.php?rest_route=%2Fwp%2Fv2%2Ftags&post=5078"}],"curies":[{"name":"wp","href":"https:\/\/api.w.org\/{rel}","templated":true}]}}